{"id":12770,"date":"2022-05-05T14:38:32","date_gmt":"2022-05-05T20:38:32","guid":{"rendered":"http:\/\/volcanes.net\/?p=12770"},"modified":"2022-05-05T14:38:32","modified_gmt":"2022-05-05T20:38:32","slug":"festejan-a-ninos-de-tlalmanalco-con-sorpresas-y-regalos","status":"publish","type":"post","link":"https:\/\/volcanes.net\/?p=12770","title":{"rendered":"Festejan a ni\u00f1os de Tlalmanalco con sorpresas y regalos"},"content":{"rendered":"<div style=\"margin-top: 0px; margin-bottom: 0px;\" class=\"sharethis-inline-share-buttons\" ><\/div><p>Tlalmanalco, Estado de M\u00e9xico.- La administraci\u00f3n de Tlalmanalco 2022-2024, quien es encabezada por Luis Enrique S\u00e1nchez Reyes y en coordinaci\u00f3n con el Sistema Municipal DIF, celebraron el d\u00eda del ni\u00f1o con una feria de dos d\u00edas de duraci\u00f3n, el pasado 30 de abril y 01 de mayo, donde se cont\u00f3 con diversas actividades que promueven la convivencia familiar.<\/p>\n<p>Esta festividad arranc\u00f3 con una batucada que cont\u00f3 con una gran participaci\u00f3n por parte de los menores y padres de familia, siguiendo con un desfile de disfraces en la Explanada Municipal.<\/p>\n<p>Con gran emoci\u00f3n, los ni\u00f1os no solo disfrutaron de juegos inflables, sino que se cont\u00f3 con la repartici\u00f3n de helados, juguetes, botanas, show de payasos y fiesta de espuma.<\/p>\n<p>Cabe destacar que el transporte p\u00fablico estuvo a disposici\u00f3n de los ciudadanos de delegaciones cercanas para trasladarlos de forma gratuita hasta Tlalmanalco y contar con su participaci\u00f3n.<\/p>\n<p>Se repartieron cuatro mil quinientos juguetes entre ni\u00f1os y ni\u00f1as de Tlalmanalco y sus dem\u00e1s delegaciones.<\/p>\n<p>&#8220;Agradezco al DIF Edom\u00e9x por contribuir en este d\u00eda con nosotros, agradezco a mi equipo de trabajo que nos ayud\u00f3 disfraz\u00e1ndose. Disfruten de esto que es para ustedes y se quedar\u00e1 toda la tarde&#8221;, finaliz\u00f3 S\u00e1nchez Reyes.<\/p>\n","protected":false},"excerpt":{"rendered":"<p>Tlalmanalco, Estado de M\u00e9xico.- La administraci\u00f3n de Tlalmanalco 2022-2024, quien es encabezada por Luis Enrique<\/p>\n","protected":false},"author":1,"featured_media":12771,"comment_status":"open","ping_status":"open","sticky":false,"template":"","format":"standard","meta":{"footnotes":""},"categories":[1],"tags":[81],"class_list":["post-12770","post","type-post","status-publish","format-standard","has-post-thumbnail","hentry","category-municipales","tag-tlalmanalco"],"yoast_head":"<!-- This site is optimized with the Yoast SEO plugin v25.3 - https:\/\/yoast.com\/wordpress\/plugins\/seo\/ -->\n<title>Festejan a ni\u00f1os de Tlalmanalco con sorpresas y regalos - Volcanes<\/title>\n<meta name=\"robots\" content=\"index, follow, max-snippet:-1, max-image-preview:large, max-video-preview:-1\" \/>\n<link rel=\"canonical\" href=\"https:\/\/volcanes.net\/?p=12770\" \/>\n<meta property=\"og:locale\" content=\"es_MX\" \/>\n<meta property=\"og:type\" content=\"article\" \/>\n<meta property=\"og:title\" content=\"Festejan a ni\u00f1os de Tlalmanalco con sorpresas y regalos - Volcanes\" \/>\n<meta property=\"og:description\" content=\"Tlalmanalco, Estado de M\u00e9xico.- La administraci\u00f3n de Tlalmanalco 2022-2024, quien es encabezada por Luis Enrique\" \/>\n<meta property=\"og:url\" content=\"https:\/\/volcanes.net\/?p=12770\" \/>\n<meta property=\"og:site_name\" content=\"Volcanes\" \/>\n<meta property=\"article:publisher\" content=\"https:\/\/www.facebook.com\/volcanes.net\/\" \/>\n<meta property=\"article:published_time\" content=\"2022-05-05T20:38:32+00:00\" \/>\n<meta property=\"og:image\" content=\"https:\/\/volcanes.net\/wp-content\/uploads\/2022\/05\/Screenshot_20220505-152612_Chrome.jpg\" \/>\n\t<meta property=\"og:image:width\" content=\"1080\" \/>\n\t<meta property=\"og:image:height\" content=\"605\" \/>\n\t<meta property=\"og:image:type\" content=\"image\/jpeg\" \/>\n<meta name=\"author\" content=\"admin\" \/>\n<meta name=\"twitter:card\" content=\"summary_large_image\" \/>\n<meta name=\"twitter:label1\" content=\"Escrito por\" \/>\n\t<meta name=\"twitter:data1\" content=\"admin\" \/>\n\t<meta name=\"twitter:label2\" content=\"Tiempo de lectura\" \/>\n\t<meta name=\"twitter:data2\" content=\"1 minuto\" \/>\n<script type=\"application\/ld+json\" class=\"yoast-schema-graph\">{\"@context\":\"https:\/\/schema.org\",\"@graph\":[{\"@type\":\"Article\",\"@id\":\"https:\/\/volcanes.net\/?p=12770#article\",\"isPartOf\":{\"@id\":\"https:\/\/volcanes.net\/?p=12770\"},\"author\":{\"name\":\"admin\",\"@id\":\"https:\/\/volcanes.net\/#\/schema\/person\/4bf0f383940966a4abd53f5048c0e6b9\"},\"headline\":\"Festejan a ni\u00f1os de Tlalmanalco con sorpresas y regalos\",\"datePublished\":\"2022-05-05T20:38:32+00:00\",\"mainEntityOfPage\":{\"@id\":\"https:\/\/volcanes.net\/?p=12770\"},\"wordCount\":229,\"commentCount\":0,\"publisher\":{\"@id\":\"https:\/\/volcanes.net\/#organization\"},\"image\":{\"@id\":\"https:\/\/volcanes.net\/?p=12770#primaryimage\"},\"thumbnailUrl\":\"https:\/\/volcanes.net\/wp-content\/uploads\/2022\/05\/Screenshot_20220505-152612_Chrome.jpg\",\"keywords\":[\"Tlalmanalco\"],\"articleSection\":[\"Municipales\"],\"inLanguage\":\"es\",\"potentialAction\":[{\"@type\":\"CommentAction\",\"name\":\"Comment\",\"target\":[\"https:\/\/volcanes.net\/?p=12770#respond\"]}]},{\"@type\":\"WebPage\",\"@id\":\"https:\/\/volcanes.net\/?p=12770\",\"url\":\"https:\/\/volcanes.net\/?p=12770\",\"name\":\"Festejan a ni\u00f1os de Tlalmanalco con sorpresas y regalos - Volcanes\",\"isPartOf\":{\"@id\":\"https:\/\/volcanes.net\/#website\"},\"primaryImageOfPage\":{\"@id\":\"https:\/\/volcanes.net\/?p=12770#primaryimage\"},\"image\":{\"@id\":\"https:\/\/volcanes.net\/?p=12770#primaryimage\"},\"thumbnailUrl\":\"https:\/\/volcanes.net\/wp-content\/uploads\/2022\/05\/Screenshot_20220505-152612_Chrome.jpg\",\"datePublished\":\"2022-05-05T20:38:32+00:00\",\"breadcrumb\":{\"@id\":\"https:\/\/volcanes.net\/?p=12770#breadcrumb\"},\"inLanguage\":\"es\",\"potentialAction\":[{\"@type\":\"ReadAction\",\"target\":[\"https:\/\/volcanes.net\/?p=12770\"]}]},{\"@type\":\"ImageObject\",\"inLanguage\":\"es\",\"@id\":\"https:\/\/volcanes.net\/?p=12770#primaryimage\",\"url\":\"https:\/\/volcanes.net\/wp-content\/uploads\/2022\/05\/Screenshot_20220505-152612_Chrome.jpg\",\"contentUrl\":\"https:\/\/volcanes.net\/wp-content\/uploads\/2022\/05\/Screenshot_20220505-152612_Chrome.jpg\",\"width\":1080,\"height\":605},{\"@type\":\"BreadcrumbList\",\"@id\":\"https:\/\/volcanes.net\/?p=12770#breadcrumb\",\"itemListElement\":[{\"@type\":\"ListItem\",\"position\":1,\"name\":\"Portada\",\"item\":\"https:\/\/volcanes.net\/\"},{\"@type\":\"ListItem\",\"position\":2,\"name\":\"Festejan a ni\u00f1os de Tlalmanalco con sorpresas y regalos\"}]},{\"@type\":\"WebSite\",\"@id\":\"https:\/\/volcanes.net\/#website\",\"url\":\"https:\/\/volcanes.net\/\",\"name\":\"Volcanes.Net\",\"description\":\"Periodismo Profesional\",\"publisher\":{\"@id\":\"https:\/\/volcanes.net\/#organization\"},\"potentialAction\":[{\"@type\":\"SearchAction\",\"target\":{\"@type\":\"EntryPoint\",\"urlTemplate\":\"https:\/\/volcanes.net\/?s={search_term_string}\"},\"query-input\":{\"@type\":\"PropertyValueSpecification\",\"valueRequired\":true,\"valueName\":\"search_term_string\"}}],\"inLanguage\":\"es\"},{\"@type\":\"Organization\",\"@id\":\"https:\/\/volcanes.net\/#organization\",\"name\":\"Grupo Volcanes\",\"url\":\"https:\/\/volcanes.net\/\",\"logo\":{\"@type\":\"ImageObject\",\"inLanguage\":\"es\",\"@id\":\"https:\/\/volcanes.net\/#\/schema\/logo\/image\/\",\"url\":\"http:\/\/volcanes.net\/wp-content\/uploads\/2017\/12\/Avatar2.jpg\",\"contentUrl\":\"http:\/\/volcanes.net\/wp-content\/uploads\/2017\/12\/Avatar2.jpg\",\"width\":378,\"height\":378,\"caption\":\"Grupo Volcanes\"},\"image\":{\"@id\":\"https:\/\/volcanes.net\/#\/schema\/logo\/image\/\"},\"sameAs\":[\"https:\/\/www.facebook.com\/volcanes.net\/\"]},{\"@type\":\"Person\",\"@id\":\"https:\/\/volcanes.net\/#\/schema\/person\/4bf0f383940966a4abd53f5048c0e6b9\",\"name\":\"admin\",\"image\":{\"@type\":\"ImageObject\",\"inLanguage\":\"es\",\"@id\":\"https:\/\/volcanes.net\/#\/schema\/person\/image\/\",\"url\":\"https:\/\/secure.gravatar.com\/avatar\/ca004e6cba8462b8cb7abc86e382930c?s=96&d=mm&r=g\",\"contentUrl\":\"https:\/\/secure.gravatar.com\/avatar\/ca004e6cba8462b8cb7abc86e382930c?s=96&d=mm&r=g\",\"caption\":\"admin\"}}]}<\/script>\n<!-- \/ Yoast SEO plugin. -->","yoast_head_json":{"title":"Festejan a ni\u00f1os de Tlalmanalco con sorpresas y regalos - Volcanes","robots":{"index":"index","follow":"follow","max-snippet":"max-snippet:-1","max-image-preview":"max-image-preview:large","max-video-preview":"max-video-preview:-1"},"canonical":"https:\/\/volcanes.net\/?p=12770","og_locale":"es_MX","og_type":"article","og_title":"Festejan a ni\u00f1os de Tlalmanalco con sorpresas y regalos - Volcanes","og_description":"Tlalmanalco, Estado de M\u00e9xico.- La administraci\u00f3n de Tlalmanalco 2022-2024, quien es encabezada por Luis Enrique","og_url":"https:\/\/volcanes.net\/?p=12770","og_site_name":"Volcanes","article_publisher":"https:\/\/www.facebook.com\/volcanes.net\/","article_published_time":"2022-05-05T20:38:32+00:00","og_image":[{"width":1080,"height":605,"url":"https:\/\/volcanes.net\/wp-content\/uploads\/2022\/05\/Screenshot_20220505-152612_Chrome.jpg","type":"image\/jpeg"}],"author":"admin","twitter_card":"summary_large_image","twitter_misc":{"Escrito por":"admin","Tiempo de lectura":"1 minuto"},"schema":{"@context":"https:\/\/schema.org","@graph":[{"@type":"Article","@id":"https:\/\/volcanes.net\/?p=12770#article","isPartOf":{"@id":"https:\/\/volcanes.net\/?p=12770"},"author":{"name":"admin","@id":"https:\/\/volcanes.net\/#\/schema\/person\/4bf0f383940966a4abd53f5048c0e6b9"},"headline":"Festejan a ni\u00f1os de Tlalmanalco con sorpresas y regalos","datePublished":"2022-05-05T20:38:32+00:00","mainEntityOfPage":{"@id":"https:\/\/volcanes.net\/?p=12770"},"wordCount":229,"commentCount":0,"publisher":{"@id":"https:\/\/volcanes.net\/#organization"},"image":{"@id":"https:\/\/volcanes.net\/?p=12770#primaryimage"},"thumbnailUrl":"https:\/\/volcanes.net\/wp-content\/uploads\/2022\/05\/Screenshot_20220505-152612_Chrome.jpg","keywords":["Tlalmanalco"],"articleSection":["Municipales"],"inLanguage":"es","potentialAction":[{"@type":"CommentAction","name":"Comment","target":["https:\/\/volcanes.net\/?p=12770#respond"]}]},{"@type":"WebPage","@id":"https:\/\/volcanes.net\/?p=12770","url":"https:\/\/volcanes.net\/?p=12770","name":"Festejan a ni\u00f1os de Tlalmanalco con sorpresas y regalos - Volcanes","isPartOf":{"@id":"https:\/\/volcanes.net\/#website"},"primaryImageOfPage":{"@id":"https:\/\/volcanes.net\/?p=12770#primaryimage"},"image":{"@id":"https:\/\/volcanes.net\/?p=12770#primaryimage"},"thumbnailUrl":"https:\/\/volcanes.net\/wp-content\/uploads\/2022\/05\/Screenshot_20220505-152612_Chrome.jpg","datePublished":"2022-05-05T20:38:32+00:00","breadcrumb":{"@id":"https:\/\/volcanes.net\/?p=12770#breadcrumb"},"inLanguage":"es","potentialAction":[{"@type":"ReadAction","target":["https:\/\/volcanes.net\/?p=12770"]}]},{"@type":"ImageObject","inLanguage":"es","@id":"https:\/\/volcanes.net\/?p=12770#primaryimage","url":"https:\/\/volcanes.net\/wp-content\/uploads\/2022\/05\/Screenshot_20220505-152612_Chrome.jpg","contentUrl":"https:\/\/volcanes.net\/wp-content\/uploads\/2022\/05\/Screenshot_20220505-152612_Chrome.jpg","width":1080,"height":605},{"@type":"BreadcrumbList","@id":"https:\/\/volcanes.net\/?p=12770#breadcrumb","itemListElement":[{"@type":"ListItem","position":1,"name":"Portada","item":"https:\/\/volcanes.net\/"},{"@type":"ListItem","position":2,"name":"Festejan a ni\u00f1os de Tlalmanalco con sorpresas y regalos"}]},{"@type":"WebSite","@id":"https:\/\/volcanes.net\/#website","url":"https:\/\/volcanes.net\/","name":"Volcanes.Net","description":"Periodismo Profesional","publisher":{"@id":"https:\/\/volcanes.net\/#organization"},"potentialAction":[{"@type":"SearchAction","target":{"@type":"EntryPoint","urlTemplate":"https:\/\/volcanes.net\/?s={search_term_string}"},"query-input":{"@type":"PropertyValueSpecification","valueRequired":true,"valueName":"search_term_string"}}],"inLanguage":"es"},{"@type":"Organization","@id":"https:\/\/volcanes.net\/#organization","name":"Grupo Volcanes","url":"https:\/\/volcanes.net\/","logo":{"@type":"ImageObject","inLanguage":"es","@id":"https:\/\/volcanes.net\/#\/schema\/logo\/image\/","url":"http:\/\/volcanes.net\/wp-content\/uploads\/2017\/12\/Avatar2.jpg","contentUrl":"http:\/\/volcanes.net\/wp-content\/uploads\/2017\/12\/Avatar2.jpg","width":378,"height":378,"caption":"Grupo Volcanes"},"image":{"@id":"https:\/\/volcanes.net\/#\/schema\/logo\/image\/"},"sameAs":["https:\/\/www.facebook.com\/volcanes.net\/"]},{"@type":"Person","@id":"https:\/\/volcanes.net\/#\/schema\/person\/4bf0f383940966a4abd53f5048c0e6b9","name":"admin","image":{"@type":"ImageObject","inLanguage":"es","@id":"https:\/\/volcanes.net\/#\/schema\/person\/image\/","url":"https:\/\/secure.gravatar.com\/avatar\/ca004e6cba8462b8cb7abc86e382930c?s=96&d=mm&r=g","contentUrl":"https:\/\/secure.gravatar.com\/avatar\/ca004e6cba8462b8cb7abc86e382930c?s=96&d=mm&r=g","caption":"admin"}}]}},"_links":{"self":[{"href":"https:\/\/volcanes.net\/index.php?rest_route=\/wp\/v2\/posts\/12770"}],"collection":[{"href":"https:\/\/volcanes.net\/index.php?rest_route=\/wp\/v2\/posts"}],"about":[{"href":"https:\/\/volcanes.net\/index.php?rest_route=\/wp\/v2\/types\/post"}],"author":[{"embeddable":true,"href":"https:\/\/volcanes.net\/index.php?rest_route=\/wp\/v2\/users\/1"}],"replies":[{"embeddable":true,"href":"https:\/\/volcanes.net\/index.php?rest_route=%2Fwp%2Fv2%2Fcomments&post=12770"}],"version-history":[{"count":1,"href":"https:\/\/volcanes.net\/index.php?rest_route=\/wp\/v2\/posts\/12770\/revisions"}],"predecessor-version":[{"id":12772,"href":"https:\/\/volcanes.net\/index.php?rest_route=\/wp\/v2\/posts\/12770\/revisions\/12772"}],"wp:featuredmedia":[{"embeddable":true,"href":"https:\/\/volcanes.net\/index.php?rest_route=\/wp\/v2\/media\/12771"}],"wp:attachment":[{"href":"https:\/\/volcanes.net\/index.php?rest_route=%2Fwp%2Fv2%2Fmedia&parent=12770"}],"wp:term":[{"taxonomy":"category","embeddable":true,"href":"https:\/\/volcanes.net\/index.php?rest_route=%2Fwp%2Fv2%2Fcategories&post=12770"},{"taxonomy":"post_tag","embeddable":true,"href":"https:\/\/volcanes.net\/index.php?rest_route=%2Fwp%2Fv2%2Ftags&post=12770"}],"curies":[{"name":"wp","href":"https:\/\/api.w.org\/{rel}","templated":true}]}}