{"id":12786,"date":"2022-05-07T13:36:32","date_gmt":"2022-05-07T19:36:32","guid":{"rendered":"http:\/\/volcanes.net\/?p=12786"},"modified":"2022-05-07T13:36:32","modified_gmt":"2022-05-07T19:36:32","slug":"inicia-la-feria-de-tlalmanalco","status":"publish","type":"post","link":"https:\/\/volcanes.net\/?p=12786","title":{"rendered":"Inicia la feria de Tlalmanalco"},"content":{"rendered":"<div style=\"margin-top: 0px; margin-bottom: 0px;\" class=\"sharethis-inline-share-buttons\" ><\/div><p>Tlalmanalco estado de M\u00e9xico.-Como parte de la conmemoraci\u00f3n del 5 de mayo, el Ayuntamiento de Tlalmanalco administraci\u00f3n 2022-2024 llev\u00f3 a cabo el acto c\u00edvico y la \u201cFeria de Tlalmanalco 2022\u201d con motivo de la Batalla de Puebla, por lo cual tambi\u00e9n se realiz\u00f3 desfile que parti\u00f3 de la explanada municipal.<br \/>\nDurante el acto c\u00edvico se dio la bienvenida y presentaci\u00f3n del pres\u00eddium, conformado por el presidente municipal Luis Enrique S\u00e1nchez Reyes y Cabildo, la Profesora Ang\u00e9lica Mendoza Campos expres\u00f3 una breve rese\u00f1a sobre la Batalla de Puebla.<br \/>\nEl personal del Ayuntamiento de Tlalmanalco y del DIF municipal de Tlalmanalco se hizo presente durante todo el evento.<br \/>\nDesfilaron elementos de Seguridad P\u00fablica, elementos de la Guardia Nacional, los miembros de Cabildo, directores, subdirectores, coordinadores, el personal administrativo y sindicalizado, adem\u00e1s se cont\u00f3 con la participaci\u00f3n de la Banda F\u00e9nix, Frecuencia Payaso, la Prepa 102, Prepa Ricardo Flores Mag\u00f3n, CBT, COBAEM, la Secundaria J. Encarnaci\u00f3n F C\u00f3rdoba y los delegados de las delegaciones del municipio.<br \/>\nUna vez que se cort\u00f3 el list\u00f3n por el Cabildo, qued\u00f3 inaugurada la \u201cFeria de Tlalmanalco 2022\u201d, la \u201cFeria De La Gente, La Feria De Todos Los Tlalmanalquenses\u201d.<br \/>\nEn el mensaje inaugural el Presidente Municipal C. Luis Enrique S\u00e1nchez Reyes expres\u00f3 &#8220;Vecinos de Tlalmanalco, personas que nos hacen el honor de visitar nuestro bello municipio, vamos a realizar el corte oficial para dar inicio a esta feria que hemos preparado con much\u00edsimo gusto, mucho esfuerzo para los Tlalmanalquenses. Para la gente que nos visita sean bienvenidos todos ustedes\u201d. A\u00f1adi\u00f3, \u201cQuiero decirles que est\u00e1 organizaci\u00f3n la hicimos de todo coraz\u00f3n principalmente para todos los habitantes de Tlalmanalco, quiero aprovechar para pedirles de favor principalmente a los j\u00f3venes qu\u00e9 mantengamos nuestra festividad en calma hemos hecho un esfuerzo enorme para que Tlalmanalco el d\u00eda de hoy se encuentre de manteles largos, j\u00f3venes todo esto depende de ustedes ay\u00fadenme por favor a que Tlalmanalco y sus festividades de 5 de mayo las mantengamos en saldo blanco\u201d.<br \/>\nDurante el d\u00eda los asistentes lograron presenciar y disfrutar de la representaci\u00f3n de la Batalla de Puebla, de la participaci\u00f3n del Ballet Cultural de Danza Contempor\u00e1nea del Centro Regional Cultura Nepantla (J\u00f3venes Talentos), de la m\u00fasica de Patricia Pi\u00f1\u00f3n y Francisco Natera (Canto Florido), de la Orquesta Sinf\u00f3nica Huejotzingo y de las participaciones m\u00e1s esperadas por los asistentes El Show de la Guerra de Chistes, y el baile por la Banda Rancho Viejo y Adolescentes Orquesta.<br \/>\nEl presidente se comprometi\u00f3 a festejar un mejor \u201c5 de mayo\u201d el siguiente a\u00f1o, siempre y cuando se mantuviera el orden en este festejo.<br \/>\nCulminado el evento con el baile, se apagaron las luces para proceder con la revisi\u00f3n y desalojo por parte de la polic\u00eda estatal, municipal y Guardia Nacional.<\/p>\n","protected":false},"excerpt":{"rendered":"<p>Tlalmanalco estado de M\u00e9xico.-Como parte de la conmemoraci\u00f3n del 5 de mayo, el Ayuntamiento de<\/p>\n","protected":false},"author":1,"featured_media":12787,"comment_status":"open","ping_status":"open","sticky":false,"template":"","format":"standard","meta":{"footnotes":""},"categories":[1],"tags":[81],"class_list":["post-12786","post","type-post","status-publish","format-standard","has-post-thumbnail","hentry","category-municipales","tag-tlalmanalco"],"yoast_head":"<!-- This site is optimized with the Yoast SEO plugin v25.3 - https:\/\/yoast.com\/wordpress\/plugins\/seo\/ -->\n<title>Inicia la feria de Tlalmanalco - Volcanes<\/title>\n<meta name=\"description\" content=\"&quot;Vecinos de Tlalmanalco, personas que nos hacen el honor de visitar nuestro bello municipio, vamos a realizar el corte oficial para dar inicio a esta feria&quot;, Expres\u00f3 el alcalde\" \/>\n<meta name=\"robots\" content=\"index, follow, max-snippet:-1, max-image-preview:large, max-video-preview:-1\" \/>\n<link rel=\"canonical\" href=\"https:\/\/volcanes.net\/?p=12786\" \/>\n<meta property=\"og:locale\" content=\"es_MX\" \/>\n<meta property=\"og:type\" content=\"article\" \/>\n<meta property=\"og:title\" content=\"Inicia la feria de Tlalmanalco - Volcanes\" \/>\n<meta property=\"og:description\" content=\"&quot;Vecinos de Tlalmanalco, personas que nos hacen el honor de visitar nuestro bello municipio, vamos a realizar el corte oficial para dar inicio a esta feria&quot;, Expres\u00f3 el alcalde\" \/>\n<meta property=\"og:url\" content=\"https:\/\/volcanes.net\/?p=12786\" \/>\n<meta property=\"og:site_name\" content=\"Volcanes\" \/>\n<meta property=\"article:publisher\" content=\"https:\/\/www.facebook.com\/volcanes.net\/\" \/>\n<meta property=\"article:published_time\" content=\"2022-05-07T19:36:32+00:00\" \/>\n<meta property=\"og:image\" content=\"https:\/\/volcanes.net\/wp-content\/uploads\/2022\/05\/IMG-20220507-WA0112.jpg\" \/>\n\t<meta property=\"og:image:width\" content=\"1600\" \/>\n\t<meta property=\"og:image:height\" content=\"1201\" \/>\n\t<meta property=\"og:image:type\" content=\"image\/jpeg\" \/>\n<meta name=\"author\" content=\"admin\" \/>\n<meta name=\"twitter:card\" content=\"summary_large_image\" \/>\n<meta name=\"twitter:label1\" content=\"Escrito por\" \/>\n\t<meta name=\"twitter:data1\" content=\"admin\" \/>\n\t<meta name=\"twitter:label2\" content=\"Tiempo de lectura\" \/>\n\t<meta name=\"twitter:data2\" content=\"3 minutos\" \/>\n<script type=\"application\/ld+json\" class=\"yoast-schema-graph\">{\"@context\":\"https:\/\/schema.org\",\"@graph\":[{\"@type\":\"Article\",\"@id\":\"https:\/\/volcanes.net\/?p=12786#article\",\"isPartOf\":{\"@id\":\"https:\/\/volcanes.net\/?p=12786\"},\"author\":{\"name\":\"admin\",\"@id\":\"https:\/\/volcanes.net\/#\/schema\/person\/4bf0f383940966a4abd53f5048c0e6b9\"},\"headline\":\"Inicia la feria de Tlalmanalco\",\"datePublished\":\"2022-05-07T19:36:32+00:00\",\"mainEntityOfPage\":{\"@id\":\"https:\/\/volcanes.net\/?p=12786\"},\"wordCount\":493,\"commentCount\":0,\"publisher\":{\"@id\":\"https:\/\/volcanes.net\/#organization\"},\"image\":{\"@id\":\"https:\/\/volcanes.net\/?p=12786#primaryimage\"},\"thumbnailUrl\":\"https:\/\/volcanes.net\/wp-content\/uploads\/2022\/05\/IMG-20220507-WA0112.jpg\",\"keywords\":[\"Tlalmanalco\"],\"articleSection\":[\"Municipales\"],\"inLanguage\":\"es\",\"potentialAction\":[{\"@type\":\"CommentAction\",\"name\":\"Comment\",\"target\":[\"https:\/\/volcanes.net\/?p=12786#respond\"]}]},{\"@type\":\"WebPage\",\"@id\":\"https:\/\/volcanes.net\/?p=12786\",\"url\":\"https:\/\/volcanes.net\/?p=12786\",\"name\":\"Inicia la feria de Tlalmanalco - Volcanes\",\"isPartOf\":{\"@id\":\"https:\/\/volcanes.net\/#website\"},\"primaryImageOfPage\":{\"@id\":\"https:\/\/volcanes.net\/?p=12786#primaryimage\"},\"image\":{\"@id\":\"https:\/\/volcanes.net\/?p=12786#primaryimage\"},\"thumbnailUrl\":\"https:\/\/volcanes.net\/wp-content\/uploads\/2022\/05\/IMG-20220507-WA0112.jpg\",\"datePublished\":\"2022-05-07T19:36:32+00:00\",\"description\":\"\\\"Vecinos de Tlalmanalco, personas que nos hacen el honor de visitar nuestro bello municipio, vamos a realizar el corte oficial para dar inicio a esta feria\\\", Expres\u00f3 el alcalde\",\"breadcrumb\":{\"@id\":\"https:\/\/volcanes.net\/?p=12786#breadcrumb\"},\"inLanguage\":\"es\",\"potentialAction\":[{\"@type\":\"ReadAction\",\"target\":[\"https:\/\/volcanes.net\/?p=12786\"]}]},{\"@type\":\"ImageObject\",\"inLanguage\":\"es\",\"@id\":\"https:\/\/volcanes.net\/?p=12786#primaryimage\",\"url\":\"https:\/\/volcanes.net\/wp-content\/uploads\/2022\/05\/IMG-20220507-WA0112.jpg\",\"contentUrl\":\"https:\/\/volcanes.net\/wp-content\/uploads\/2022\/05\/IMG-20220507-WA0112.jpg\",\"width\":1600,\"height\":1201},{\"@type\":\"BreadcrumbList\",\"@id\":\"https:\/\/volcanes.net\/?p=12786#breadcrumb\",\"itemListElement\":[{\"@type\":\"ListItem\",\"position\":1,\"name\":\"Portada\",\"item\":\"https:\/\/volcanes.net\/\"},{\"@type\":\"ListItem\",\"position\":2,\"name\":\"Inicia la feria de Tlalmanalco\"}]},{\"@type\":\"WebSite\",\"@id\":\"https:\/\/volcanes.net\/#website\",\"url\":\"https:\/\/volcanes.net\/\",\"name\":\"Volcanes.Net\",\"description\":\"Periodismo Profesional\",\"publisher\":{\"@id\":\"https:\/\/volcanes.net\/#organization\"},\"potentialAction\":[{\"@type\":\"SearchAction\",\"target\":{\"@type\":\"EntryPoint\",\"urlTemplate\":\"https:\/\/volcanes.net\/?s={search_term_string}\"},\"query-input\":{\"@type\":\"PropertyValueSpecification\",\"valueRequired\":true,\"valueName\":\"search_term_string\"}}],\"inLanguage\":\"es\"},{\"@type\":\"Organization\",\"@id\":\"https:\/\/volcanes.net\/#organization\",\"name\":\"Grupo Volcanes\",\"url\":\"https:\/\/volcanes.net\/\",\"logo\":{\"@type\":\"ImageObject\",\"inLanguage\":\"es\",\"@id\":\"https:\/\/volcanes.net\/#\/schema\/logo\/image\/\",\"url\":\"http:\/\/volcanes.net\/wp-content\/uploads\/2017\/12\/Avatar2.jpg\",\"contentUrl\":\"http:\/\/volcanes.net\/wp-content\/uploads\/2017\/12\/Avatar2.jpg\",\"width\":378,\"height\":378,\"caption\":\"Grupo Volcanes\"},\"image\":{\"@id\":\"https:\/\/volcanes.net\/#\/schema\/logo\/image\/\"},\"sameAs\":[\"https:\/\/www.facebook.com\/volcanes.net\/\"]},{\"@type\":\"Person\",\"@id\":\"https:\/\/volcanes.net\/#\/schema\/person\/4bf0f383940966a4abd53f5048c0e6b9\",\"name\":\"admin\",\"image\":{\"@type\":\"ImageObject\",\"inLanguage\":\"es\",\"@id\":\"https:\/\/volcanes.net\/#\/schema\/person\/image\/\",\"url\":\"https:\/\/secure.gravatar.com\/avatar\/ca004e6cba8462b8cb7abc86e382930c?s=96&d=mm&r=g\",\"contentUrl\":\"https:\/\/secure.gravatar.com\/avatar\/ca004e6cba8462b8cb7abc86e382930c?s=96&d=mm&r=g\",\"caption\":\"admin\"}}]}<\/script>\n<!-- \/ Yoast SEO plugin. -->","yoast_head_json":{"title":"Inicia la feria de Tlalmanalco - Volcanes","description":"\"Vecinos de Tlalmanalco, personas que nos hacen el honor de visitar nuestro bello municipio, vamos a realizar el corte oficial para dar inicio a esta feria\", Expres\u00f3 el alcalde","robots":{"index":"index","follow":"follow","max-snippet":"max-snippet:-1","max-image-preview":"max-image-preview:large","max-video-preview":"max-video-preview:-1"},"canonical":"https:\/\/volcanes.net\/?p=12786","og_locale":"es_MX","og_type":"article","og_title":"Inicia la feria de Tlalmanalco - Volcanes","og_description":"\"Vecinos de Tlalmanalco, personas que nos hacen el honor de visitar nuestro bello municipio, vamos a realizar el corte oficial para dar inicio a esta feria\", Expres\u00f3 el alcalde","og_url":"https:\/\/volcanes.net\/?p=12786","og_site_name":"Volcanes","article_publisher":"https:\/\/www.facebook.com\/volcanes.net\/","article_published_time":"2022-05-07T19:36:32+00:00","og_image":[{"width":1600,"height":1201,"url":"https:\/\/volcanes.net\/wp-content\/uploads\/2022\/05\/IMG-20220507-WA0112.jpg","type":"image\/jpeg"}],"author":"admin","twitter_card":"summary_large_image","twitter_misc":{"Escrito por":"admin","Tiempo de lectura":"3 minutos"},"schema":{"@context":"https:\/\/schema.org","@graph":[{"@type":"Article","@id":"https:\/\/volcanes.net\/?p=12786#article","isPartOf":{"@id":"https:\/\/volcanes.net\/?p=12786"},"author":{"name":"admin","@id":"https:\/\/volcanes.net\/#\/schema\/person\/4bf0f383940966a4abd53f5048c0e6b9"},"headline":"Inicia la feria de Tlalmanalco","datePublished":"2022-05-07T19:36:32+00:00","mainEntityOfPage":{"@id":"https:\/\/volcanes.net\/?p=12786"},"wordCount":493,"commentCount":0,"publisher":{"@id":"https:\/\/volcanes.net\/#organization"},"image":{"@id":"https:\/\/volcanes.net\/?p=12786#primaryimage"},"thumbnailUrl":"https:\/\/volcanes.net\/wp-content\/uploads\/2022\/05\/IMG-20220507-WA0112.jpg","keywords":["Tlalmanalco"],"articleSection":["Municipales"],"inLanguage":"es","potentialAction":[{"@type":"CommentAction","name":"Comment","target":["https:\/\/volcanes.net\/?p=12786#respond"]}]},{"@type":"WebPage","@id":"https:\/\/volcanes.net\/?p=12786","url":"https:\/\/volcanes.net\/?p=12786","name":"Inicia la feria de Tlalmanalco - Volcanes","isPartOf":{"@id":"https:\/\/volcanes.net\/#website"},"primaryImageOfPage":{"@id":"https:\/\/volcanes.net\/?p=12786#primaryimage"},"image":{"@id":"https:\/\/volcanes.net\/?p=12786#primaryimage"},"thumbnailUrl":"https:\/\/volcanes.net\/wp-content\/uploads\/2022\/05\/IMG-20220507-WA0112.jpg","datePublished":"2022-05-07T19:36:32+00:00","description":"\"Vecinos de Tlalmanalco, personas que nos hacen el honor de visitar nuestro bello municipio, vamos a realizar el corte oficial para dar inicio a esta feria\", Expres\u00f3 el alcalde","breadcrumb":{"@id":"https:\/\/volcanes.net\/?p=12786#breadcrumb"},"inLanguage":"es","potentialAction":[{"@type":"ReadAction","target":["https:\/\/volcanes.net\/?p=12786"]}]},{"@type":"ImageObject","inLanguage":"es","@id":"https:\/\/volcanes.net\/?p=12786#primaryimage","url":"https:\/\/volcanes.net\/wp-content\/uploads\/2022\/05\/IMG-20220507-WA0112.jpg","contentUrl":"https:\/\/volcanes.net\/wp-content\/uploads\/2022\/05\/IMG-20220507-WA0112.jpg","width":1600,"height":1201},{"@type":"BreadcrumbList","@id":"https:\/\/volcanes.net\/?p=12786#breadcrumb","itemListElement":[{"@type":"ListItem","position":1,"name":"Portada","item":"https:\/\/volcanes.net\/"},{"@type":"ListItem","position":2,"name":"Inicia la feria de Tlalmanalco"}]},{"@type":"WebSite","@id":"https:\/\/volcanes.net\/#website","url":"https:\/\/volcanes.net\/","name":"Volcanes.Net","description":"Periodismo Profesional","publisher":{"@id":"https:\/\/volcanes.net\/#organization"},"potentialAction":[{"@type":"SearchAction","target":{"@type":"EntryPoint","urlTemplate":"https:\/\/volcanes.net\/?s={search_term_string}"},"query-input":{"@type":"PropertyValueSpecification","valueRequired":true,"valueName":"search_term_string"}}],"inLanguage":"es"},{"@type":"Organization","@id":"https:\/\/volcanes.net\/#organization","name":"Grupo Volcanes","url":"https:\/\/volcanes.net\/","logo":{"@type":"ImageObject","inLanguage":"es","@id":"https:\/\/volcanes.net\/#\/schema\/logo\/image\/","url":"http:\/\/volcanes.net\/wp-content\/uploads\/2017\/12\/Avatar2.jpg","contentUrl":"http:\/\/volcanes.net\/wp-content\/uploads\/2017\/12\/Avatar2.jpg","width":378,"height":378,"caption":"Grupo Volcanes"},"image":{"@id":"https:\/\/volcanes.net\/#\/schema\/logo\/image\/"},"sameAs":["https:\/\/www.facebook.com\/volcanes.net\/"]},{"@type":"Person","@id":"https:\/\/volcanes.net\/#\/schema\/person\/4bf0f383940966a4abd53f5048c0e6b9","name":"admin","image":{"@type":"ImageObject","inLanguage":"es","@id":"https:\/\/volcanes.net\/#\/schema\/person\/image\/","url":"https:\/\/secure.gravatar.com\/avatar\/ca004e6cba8462b8cb7abc86e382930c?s=96&d=mm&r=g","contentUrl":"https:\/\/secure.gravatar.com\/avatar\/ca004e6cba8462b8cb7abc86e382930c?s=96&d=mm&r=g","caption":"admin"}}]}},"_links":{"self":[{"href":"https:\/\/volcanes.net\/index.php?rest_route=\/wp\/v2\/posts\/12786"}],"collection":[{"href":"https:\/\/volcanes.net\/index.php?rest_route=\/wp\/v2\/posts"}],"about":[{"href":"https:\/\/volcanes.net\/index.php?rest_route=\/wp\/v2\/types\/post"}],"author":[{"embeddable":true,"href":"https:\/\/volcanes.net\/index.php?rest_route=\/wp\/v2\/users\/1"}],"replies":[{"embeddable":true,"href":"https:\/\/volcanes.net\/index.php?rest_route=%2Fwp%2Fv2%2Fcomments&post=12786"}],"version-history":[{"count":1,"href":"https:\/\/volcanes.net\/index.php?rest_route=\/wp\/v2\/posts\/12786\/revisions"}],"predecessor-version":[{"id":12788,"href":"https:\/\/volcanes.net\/index.php?rest_route=\/wp\/v2\/posts\/12786\/revisions\/12788"}],"wp:featuredmedia":[{"embeddable":true,"href":"https:\/\/volcanes.net\/index.php?rest_route=\/wp\/v2\/media\/12787"}],"wp:attachment":[{"href":"https:\/\/volcanes.net\/index.php?rest_route=%2Fwp%2Fv2%2Fmedia&parent=12786"}],"wp:term":[{"taxonomy":"category","embeddable":true,"href":"https:\/\/volcanes.net\/index.php?rest_route=%2Fwp%2Fv2%2Fcategories&post=12786"},{"taxonomy":"post_tag","embeddable":true,"href":"https:\/\/volcanes.net\/index.php?rest_route=%2Fwp%2Fv2%2Ftags&post=12786"}],"curies":[{"name":"wp","href":"https:\/\/api.w.org\/{rel}","templated":true}]}}