{"id":12813,"date":"2022-05-12T16:45:20","date_gmt":"2022-05-12T22:45:20","guid":{"rendered":"http:\/\/volcanes.net\/?p=12813"},"modified":"2022-05-12T16:45:20","modified_gmt":"2022-05-12T22:45:20","slug":"se-realizo-gran-festejo-del-dia-de-las-madres-en-ozumba","status":"publish","type":"post","link":"https:\/\/volcanes.net\/?p=12813","title":{"rendered":"Se realiz\u00f3 Gran Festejo del \u201cD\u00eda de las Madres\u201d en Ozumba"},"content":{"rendered":"<div style=\"margin-top: 0px; margin-bottom: 0px;\" class=\"sharethis-inline-share-buttons\" ><\/div><p>Ozumba, Estado de M\u00e9xico.- Este 11 de mayo el Gobierno de los Pueblos, que encabeza Valent\u00edn Mart\u00ednez Castillo, llev\u00f3 a cabo el festejo del \u201cD\u00eda de las madres\u201d en la Plaza Estado de M\u00e9xico, a partir de las 17:30 horas en la cual tuvieron lugar la presentaci\u00f3n de reconocidos artistas de la zona como el \u201cGallo Negro\u201d y la \u201cBanda Old Days\u201d y tambi\u00e9n de talla internacional como la agrupaci\u00f3n musical \u201cLa T\u00edpica\u201d, adem\u00e1s no pod\u00edan faltar los mariachis, con la serenata a todas las mam\u00e1s asistentes y la tan esperada rifa de regalos \u201cpens\u00e1bamos c\u00f3mo pod\u00edamos celebrarles de una manera especial, porque s\u00e9 que hay mam\u00e1s j\u00f3venes, otras que ya tienen mayor edad y tenemos abuelitas, pensamos en realizar un programa en el que todas disfrutaran\u201d, subray\u00f3 el alcalde ozumbense.<\/p>\n<p>Dijo que a pesar de que hay muchos problemas en el entorno actual, aunado a que se tuvo que enfrentar la reciente pandemia con mucha dificultad, afortunadamente tras dos a\u00f1os hoy se tuvo la oportunidad de regresar a la nueva normalidad y realizar un festejo a todas las madres de Ozumba \u201clo hacemos con mucho coraz\u00f3n y esperamos que de coraz\u00f3n lo reciban y se sientan felices y contentas. Gracias por soportarnos, por no cansarse, por guiarnos. Al realizar este festejo pensamos que esa carga que han llevado por muchos a\u00f1os se vea aligerada con un momento maravilloso, preparado para ustedes. Gracias por darnos esa oportunidad de celebrarles\u201d, manifest\u00f3 Mart\u00ednez Castillo.<\/p>\n<p>\u201cLas madres ozumbenses son mujeres de valor, de lucha, de mucha fuerza, de principios, de valores, de amor y de constancia. Nuestros hogares, no podr\u00edan entenderse sin su firme determinaci\u00f3n. Nunca pierdan el brillo que tienen en sus ojos, que no haya nada que les haga perder la esperanza, asever\u00f3 el edil. As\u00ed tambi\u00e9n hizo un reconocimiento p\u00fablico a su madre, la profesora Edith Castillo, quien funge como Presidenta del SMDIF Ozumba, presente en el evento: \u201cTengo la bendici\u00f3n de ser hijo, mi madre me acompa\u00f1a y est\u00e1 conmigo. Y quiero agradecer al Arquitecto del Universo por su vida, por la ense\u00f1anza y por su paciencia\u201d, recalc\u00f3.<\/p>\n<p>De igual forma, reconoci\u00f3 a aquellas madres que ense\u00f1an principios y valores a sus hijos para hacer de ellos mejores personas en el mundo \u201cHace mucho tiempo le\u00ed en un libro que dec\u00eda \u2018y sus madres les hab\u00edan ense\u00f1ado que si no dudaban Dios los librar\u00eda\u2019, no se puede entender la vida de todos los mexicanos sin nuestras madres; sin una madre nuestros hogares estar\u00edan destruidos, no tendr\u00edamos un norte o un objetivo claro de la vida ni de las cosas. Por favor, siempre existan entre nosotros\u201d.<\/p>\n<p>Asimismo hizo un reconocimiento a todas las madres que ya han partido de este mundo, \u201csiempre las recordaremos donde sea que est\u00e9n\u201d. \u201cQue aquello que nos han ense\u00f1ado nuestras madres nos haga ser mejores personas cada d\u00eda, mejores ciudadanos, mejores ozumbenses, hijos, hermanos. Que podamos vivir en el municipio con tranquilidad y paz\u201d.<\/p>\n<p>Finalmente, agradeci\u00f3 a su equipo de trabajo y mencion\u00f3 \u201cen nombre de todos los integrantes del Gobierno de los pueblos, S\u00edndico, regidores, directores y todo el personal les deseamos a todas las madres que su vida sea larga igual que sus ense\u00f1anzas\u201d.<\/p>\n<p>En entrevista para este medio informativo el alcalde mencion\u00f3 que su principal deseo para las madres es que tengan larga vida, salud; y que si tienen alg\u00fan problema lo puedan solucionar.<\/p>\n<p>Dijo sentirse muy satisfecho por el espect\u00e1culo que se realiz\u00f3 para ellas \u201cNos hemos preparado con mucho entusiasmo y estamos muy contentos, creo que no hay cosa m\u00e1s importante que eso. Si nuestra madre no est\u00e1 todo se tambalea, hoy tenemos la oportunidad de festejarles y darles un poco de todo lo que nos han dado, concluy\u00f3.\u201d<\/p>\n<p>&nbsp;<\/p>\n","protected":false},"excerpt":{"rendered":"<p>Ozumba, Estado de M\u00e9xico.- Este 11 de mayo el Gobierno de los Pueblos, que encabeza<\/p>\n","protected":false},"author":1,"featured_media":12814,"comment_status":"open","ping_status":"open","sticky":false,"template":"","format":"standard","meta":{"footnotes":""},"categories":[1],"tags":[14],"class_list":["post-12813","post","type-post","status-publish","format-standard","has-post-thumbnail","hentry","category-municipales","tag-ozumba"],"yoast_head":"<!-- This site is optimized with the Yoast SEO plugin v25.3 - https:\/\/yoast.com\/wordpress\/plugins\/seo\/ -->\n<title>Se realiz\u00f3 Gran Festejo del \u201cD\u00eda de las Madres\u201d en Ozumba - Volcanes<\/title>\n<meta name=\"robots\" content=\"index, follow, max-snippet:-1, max-image-preview:large, max-video-preview:-1\" \/>\n<link rel=\"canonical\" href=\"https:\/\/volcanes.net\/?p=12813\" \/>\n<meta property=\"og:locale\" content=\"es_MX\" \/>\n<meta property=\"og:type\" content=\"article\" \/>\n<meta property=\"og:title\" content=\"Se realiz\u00f3 Gran Festejo del \u201cD\u00eda de las Madres\u201d en Ozumba - Volcanes\" \/>\n<meta property=\"og:description\" content=\"Ozumba, Estado de M\u00e9xico.- Este 11 de mayo el Gobierno de los Pueblos, que encabeza\" \/>\n<meta property=\"og:url\" content=\"https:\/\/volcanes.net\/?p=12813\" \/>\n<meta property=\"og:site_name\" content=\"Volcanes\" \/>\n<meta property=\"article:publisher\" content=\"https:\/\/www.facebook.com\/volcanes.net\/\" \/>\n<meta property=\"article:published_time\" content=\"2022-05-12T22:45:20+00:00\" \/>\n<meta property=\"og:image\" content=\"https:\/\/volcanes.net\/wp-content\/uploads\/2022\/05\/Screenshot_20220512-173811_WhatsApp.jpg\" \/>\n\t<meta property=\"og:image:width\" content=\"1080\" \/>\n\t<meta property=\"og:image:height\" content=\"605\" \/>\n\t<meta property=\"og:image:type\" content=\"image\/jpeg\" \/>\n<meta name=\"author\" content=\"admin\" \/>\n<meta name=\"twitter:card\" content=\"summary_large_image\" \/>\n<meta name=\"twitter:label1\" content=\"Escrito por\" \/>\n\t<meta name=\"twitter:data1\" content=\"admin\" \/>\n\t<meta name=\"twitter:label2\" content=\"Tiempo de lectura\" \/>\n\t<meta name=\"twitter:data2\" content=\"3 minutos\" \/>\n<script type=\"application\/ld+json\" class=\"yoast-schema-graph\">{\"@context\":\"https:\/\/schema.org\",\"@graph\":[{\"@type\":\"Article\",\"@id\":\"https:\/\/volcanes.net\/?p=12813#article\",\"isPartOf\":{\"@id\":\"https:\/\/volcanes.net\/?p=12813\"},\"author\":{\"name\":\"admin\",\"@id\":\"https:\/\/volcanes.net\/#\/schema\/person\/4bf0f383940966a4abd53f5048c0e6b9\"},\"headline\":\"Se realiz\u00f3 Gran Festejo del \u201cD\u00eda de las Madres\u201d en Ozumba\",\"datePublished\":\"2022-05-12T22:45:20+00:00\",\"mainEntityOfPage\":{\"@id\":\"https:\/\/volcanes.net\/?p=12813\"},\"wordCount\":675,\"commentCount\":0,\"publisher\":{\"@id\":\"https:\/\/volcanes.net\/#organization\"},\"image\":{\"@id\":\"https:\/\/volcanes.net\/?p=12813#primaryimage\"},\"thumbnailUrl\":\"https:\/\/volcanes.net\/wp-content\/uploads\/2022\/05\/Screenshot_20220512-173811_WhatsApp.jpg\",\"keywords\":[\"Ozumba\"],\"articleSection\":[\"Municipales\"],\"inLanguage\":\"es\",\"potentialAction\":[{\"@type\":\"CommentAction\",\"name\":\"Comment\",\"target\":[\"https:\/\/volcanes.net\/?p=12813#respond\"]}]},{\"@type\":\"WebPage\",\"@id\":\"https:\/\/volcanes.net\/?p=12813\",\"url\":\"https:\/\/volcanes.net\/?p=12813\",\"name\":\"Se realiz\u00f3 Gran Festejo del \u201cD\u00eda de las Madres\u201d en Ozumba - Volcanes\",\"isPartOf\":{\"@id\":\"https:\/\/volcanes.net\/#website\"},\"primaryImageOfPage\":{\"@id\":\"https:\/\/volcanes.net\/?p=12813#primaryimage\"},\"image\":{\"@id\":\"https:\/\/volcanes.net\/?p=12813#primaryimage\"},\"thumbnailUrl\":\"https:\/\/volcanes.net\/wp-content\/uploads\/2022\/05\/Screenshot_20220512-173811_WhatsApp.jpg\",\"datePublished\":\"2022-05-12T22:45:20+00:00\",\"breadcrumb\":{\"@id\":\"https:\/\/volcanes.net\/?p=12813#breadcrumb\"},\"inLanguage\":\"es\",\"potentialAction\":[{\"@type\":\"ReadAction\",\"target\":[\"https:\/\/volcanes.net\/?p=12813\"]}]},{\"@type\":\"ImageObject\",\"inLanguage\":\"es\",\"@id\":\"https:\/\/volcanes.net\/?p=12813#primaryimage\",\"url\":\"https:\/\/volcanes.net\/wp-content\/uploads\/2022\/05\/Screenshot_20220512-173811_WhatsApp.jpg\",\"contentUrl\":\"https:\/\/volcanes.net\/wp-content\/uploads\/2022\/05\/Screenshot_20220512-173811_WhatsApp.jpg\",\"width\":1080,\"height\":605},{\"@type\":\"BreadcrumbList\",\"@id\":\"https:\/\/volcanes.net\/?p=12813#breadcrumb\",\"itemListElement\":[{\"@type\":\"ListItem\",\"position\":1,\"name\":\"Portada\",\"item\":\"https:\/\/volcanes.net\/\"},{\"@type\":\"ListItem\",\"position\":2,\"name\":\"Se realiz\u00f3 Gran Festejo del \u201cD\u00eda de las Madres\u201d en Ozumba\"}]},{\"@type\":\"WebSite\",\"@id\":\"https:\/\/volcanes.net\/#website\",\"url\":\"https:\/\/volcanes.net\/\",\"name\":\"Volcanes.Net\",\"description\":\"Periodismo Profesional\",\"publisher\":{\"@id\":\"https:\/\/volcanes.net\/#organization\"},\"potentialAction\":[{\"@type\":\"SearchAction\",\"target\":{\"@type\":\"EntryPoint\",\"urlTemplate\":\"https:\/\/volcanes.net\/?s={search_term_string}\"},\"query-input\":{\"@type\":\"PropertyValueSpecification\",\"valueRequired\":true,\"valueName\":\"search_term_string\"}}],\"inLanguage\":\"es\"},{\"@type\":\"Organization\",\"@id\":\"https:\/\/volcanes.net\/#organization\",\"name\":\"Grupo Volcanes\",\"url\":\"https:\/\/volcanes.net\/\",\"logo\":{\"@type\":\"ImageObject\",\"inLanguage\":\"es\",\"@id\":\"https:\/\/volcanes.net\/#\/schema\/logo\/image\/\",\"url\":\"http:\/\/volcanes.net\/wp-content\/uploads\/2017\/12\/Avatar2.jpg\",\"contentUrl\":\"http:\/\/volcanes.net\/wp-content\/uploads\/2017\/12\/Avatar2.jpg\",\"width\":378,\"height\":378,\"caption\":\"Grupo Volcanes\"},\"image\":{\"@id\":\"https:\/\/volcanes.net\/#\/schema\/logo\/image\/\"},\"sameAs\":[\"https:\/\/www.facebook.com\/volcanes.net\/\"]},{\"@type\":\"Person\",\"@id\":\"https:\/\/volcanes.net\/#\/schema\/person\/4bf0f383940966a4abd53f5048c0e6b9\",\"name\":\"admin\",\"image\":{\"@type\":\"ImageObject\",\"inLanguage\":\"es\",\"@id\":\"https:\/\/volcanes.net\/#\/schema\/person\/image\/\",\"url\":\"https:\/\/secure.gravatar.com\/avatar\/ca004e6cba8462b8cb7abc86e382930c?s=96&d=mm&r=g\",\"contentUrl\":\"https:\/\/secure.gravatar.com\/avatar\/ca004e6cba8462b8cb7abc86e382930c?s=96&d=mm&r=g\",\"caption\":\"admin\"}}]}<\/script>\n<!-- \/ Yoast SEO plugin. -->","yoast_head_json":{"title":"Se realiz\u00f3 Gran Festejo del \u201cD\u00eda de las Madres\u201d en Ozumba - Volcanes","robots":{"index":"index","follow":"follow","max-snippet":"max-snippet:-1","max-image-preview":"max-image-preview:large","max-video-preview":"max-video-preview:-1"},"canonical":"https:\/\/volcanes.net\/?p=12813","og_locale":"es_MX","og_type":"article","og_title":"Se realiz\u00f3 Gran Festejo del \u201cD\u00eda de las Madres\u201d en Ozumba - Volcanes","og_description":"Ozumba, Estado de M\u00e9xico.- Este 11 de mayo el Gobierno de los Pueblos, que encabeza","og_url":"https:\/\/volcanes.net\/?p=12813","og_site_name":"Volcanes","article_publisher":"https:\/\/www.facebook.com\/volcanes.net\/","article_published_time":"2022-05-12T22:45:20+00:00","og_image":[{"width":1080,"height":605,"url":"https:\/\/volcanes.net\/wp-content\/uploads\/2022\/05\/Screenshot_20220512-173811_WhatsApp.jpg","type":"image\/jpeg"}],"author":"admin","twitter_card":"summary_large_image","twitter_misc":{"Escrito por":"admin","Tiempo de lectura":"3 minutos"},"schema":{"@context":"https:\/\/schema.org","@graph":[{"@type":"Article","@id":"https:\/\/volcanes.net\/?p=12813#article","isPartOf":{"@id":"https:\/\/volcanes.net\/?p=12813"},"author":{"name":"admin","@id":"https:\/\/volcanes.net\/#\/schema\/person\/4bf0f383940966a4abd53f5048c0e6b9"},"headline":"Se realiz\u00f3 Gran Festejo del \u201cD\u00eda de las Madres\u201d en Ozumba","datePublished":"2022-05-12T22:45:20+00:00","mainEntityOfPage":{"@id":"https:\/\/volcanes.net\/?p=12813"},"wordCount":675,"commentCount":0,"publisher":{"@id":"https:\/\/volcanes.net\/#organization"},"image":{"@id":"https:\/\/volcanes.net\/?p=12813#primaryimage"},"thumbnailUrl":"https:\/\/volcanes.net\/wp-content\/uploads\/2022\/05\/Screenshot_20220512-173811_WhatsApp.jpg","keywords":["Ozumba"],"articleSection":["Municipales"],"inLanguage":"es","potentialAction":[{"@type":"CommentAction","name":"Comment","target":["https:\/\/volcanes.net\/?p=12813#respond"]}]},{"@type":"WebPage","@id":"https:\/\/volcanes.net\/?p=12813","url":"https:\/\/volcanes.net\/?p=12813","name":"Se realiz\u00f3 Gran Festejo del \u201cD\u00eda de las Madres\u201d en Ozumba - Volcanes","isPartOf":{"@id":"https:\/\/volcanes.net\/#website"},"primaryImageOfPage":{"@id":"https:\/\/volcanes.net\/?p=12813#primaryimage"},"image":{"@id":"https:\/\/volcanes.net\/?p=12813#primaryimage"},"thumbnailUrl":"https:\/\/volcanes.net\/wp-content\/uploads\/2022\/05\/Screenshot_20220512-173811_WhatsApp.jpg","datePublished":"2022-05-12T22:45:20+00:00","breadcrumb":{"@id":"https:\/\/volcanes.net\/?p=12813#breadcrumb"},"inLanguage":"es","potentialAction":[{"@type":"ReadAction","target":["https:\/\/volcanes.net\/?p=12813"]}]},{"@type":"ImageObject","inLanguage":"es","@id":"https:\/\/volcanes.net\/?p=12813#primaryimage","url":"https:\/\/volcanes.net\/wp-content\/uploads\/2022\/05\/Screenshot_20220512-173811_WhatsApp.jpg","contentUrl":"https:\/\/volcanes.net\/wp-content\/uploads\/2022\/05\/Screenshot_20220512-173811_WhatsApp.jpg","width":1080,"height":605},{"@type":"BreadcrumbList","@id":"https:\/\/volcanes.net\/?p=12813#breadcrumb","itemListElement":[{"@type":"ListItem","position":1,"name":"Portada","item":"https:\/\/volcanes.net\/"},{"@type":"ListItem","position":2,"name":"Se realiz\u00f3 Gran Festejo del \u201cD\u00eda de las Madres\u201d en Ozumba"}]},{"@type":"WebSite","@id":"https:\/\/volcanes.net\/#website","url":"https:\/\/volcanes.net\/","name":"Volcanes.Net","description":"Periodismo Profesional","publisher":{"@id":"https:\/\/volcanes.net\/#organization"},"potentialAction":[{"@type":"SearchAction","target":{"@type":"EntryPoint","urlTemplate":"https:\/\/volcanes.net\/?s={search_term_string}"},"query-input":{"@type":"PropertyValueSpecification","valueRequired":true,"valueName":"search_term_string"}}],"inLanguage":"es"},{"@type":"Organization","@id":"https:\/\/volcanes.net\/#organization","name":"Grupo Volcanes","url":"https:\/\/volcanes.net\/","logo":{"@type":"ImageObject","inLanguage":"es","@id":"https:\/\/volcanes.net\/#\/schema\/logo\/image\/","url":"http:\/\/volcanes.net\/wp-content\/uploads\/2017\/12\/Avatar2.jpg","contentUrl":"http:\/\/volcanes.net\/wp-content\/uploads\/2017\/12\/Avatar2.jpg","width":378,"height":378,"caption":"Grupo Volcanes"},"image":{"@id":"https:\/\/volcanes.net\/#\/schema\/logo\/image\/"},"sameAs":["https:\/\/www.facebook.com\/volcanes.net\/"]},{"@type":"Person","@id":"https:\/\/volcanes.net\/#\/schema\/person\/4bf0f383940966a4abd53f5048c0e6b9","name":"admin","image":{"@type":"ImageObject","inLanguage":"es","@id":"https:\/\/volcanes.net\/#\/schema\/person\/image\/","url":"https:\/\/secure.gravatar.com\/avatar\/ca004e6cba8462b8cb7abc86e382930c?s=96&d=mm&r=g","contentUrl":"https:\/\/secure.gravatar.com\/avatar\/ca004e6cba8462b8cb7abc86e382930c?s=96&d=mm&r=g","caption":"admin"}}]}},"_links":{"self":[{"href":"https:\/\/volcanes.net\/index.php?rest_route=\/wp\/v2\/posts\/12813"}],"collection":[{"href":"https:\/\/volcanes.net\/index.php?rest_route=\/wp\/v2\/posts"}],"about":[{"href":"https:\/\/volcanes.net\/index.php?rest_route=\/wp\/v2\/types\/post"}],"author":[{"embeddable":true,"href":"https:\/\/volcanes.net\/index.php?rest_route=\/wp\/v2\/users\/1"}],"replies":[{"embeddable":true,"href":"https:\/\/volcanes.net\/index.php?rest_route=%2Fwp%2Fv2%2Fcomments&post=12813"}],"version-history":[{"count":1,"href":"https:\/\/volcanes.net\/index.php?rest_route=\/wp\/v2\/posts\/12813\/revisions"}],"predecessor-version":[{"id":12815,"href":"https:\/\/volcanes.net\/index.php?rest_route=\/wp\/v2\/posts\/12813\/revisions\/12815"}],"wp:featuredmedia":[{"embeddable":true,"href":"https:\/\/volcanes.net\/index.php?rest_route=\/wp\/v2\/media\/12814"}],"wp:attachment":[{"href":"https:\/\/volcanes.net\/index.php?rest_route=%2Fwp%2Fv2%2Fmedia&parent=12813"}],"wp:term":[{"taxonomy":"category","embeddable":true,"href":"https:\/\/volcanes.net\/index.php?rest_route=%2Fwp%2Fv2%2Fcategories&post=12813"},{"taxonomy":"post_tag","embeddable":true,"href":"https:\/\/volcanes.net\/index.php?rest_route=%2Fwp%2Fv2%2Ftags&post=12813"}],"curies":[{"name":"wp","href":"https:\/\/api.w.org\/{rel}","templated":true}]}}