{"id":12816,"date":"2022-05-12T18:53:10","date_gmt":"2022-05-13T00:53:10","guid":{"rendered":"http:\/\/volcanes.net\/?p=12816"},"modified":"2022-05-12T18:53:10","modified_gmt":"2022-05-13T00:53:10","slug":"miguel-gutierrez-entrega-certificados-de-competencia-laboral","status":"publish","type":"post","link":"https:\/\/volcanes.net\/?p=12816","title":{"rendered":"Miguel Guti\u00e9rrez entrega Certificados de Competencia Laboral"},"content":{"rendered":"<div style=\"margin-top: 0px; margin-bottom: 0px;\" class=\"sharethis-inline-share-buttons\" ><\/div><p>Chalco, Estado de M\u00e9xico, 12 de mayo de 2022.- El Presidente Municipal, Miguel Guti\u00e9rrez recibi\u00f3 al Vocal Ejecutivo del Instituto Hacendario del Estado de M\u00e9xico, doctor Felipe Serrano Llarena, para entregar Certificados de Competencia Laboral a la Tesorera Municipal y tres servidoras p\u00fablicas del Gobierno de Chalco, adem\u00e1s de funcionarias y funcionarios de otros 5 municipios de la regi\u00f3n.<\/p>\n<p>En su mensaje, el Alcalde agradeci\u00f3 al Instituto Hacendario del Estado de M\u00e9xico por la distinci\u00f3n al municipio como sede para la entrega de este documento. Agreg\u00f3 que el IHAEM cuenta con Chalco para continuar trabajando y recalc\u00f3 que hay respeto e institucionalidad.<\/p>\n<p>Destac\u00f3 el compromiso de las y los servidores que obtuvieron su certificaci\u00f3n. \u201cCon estas acciones, logramos que los servidores p\u00fablicos den los mejor de s\u00ed, para que la ciudadan\u00eda est\u00e9 satisfecha con el servicio que brindan. Me siento muy orgulloso de participar y de recibir a otros municipios; tenerlos aqu\u00ed nos conforta\u201d, extern\u00f3.<\/p>\n<p>Por su parte, el Vocal Ejecutivo del Instituto Hacendario del Estado de M\u00e9xico, doctor Felipe Serrano Llarena destac\u00f3 que el IHAEM es el \u00fanico organismo a nivel nacional que se ocupa de la formaci\u00f3n constante de las y los servidores p\u00fablicos de los gobiernos municipales.<\/p>\n<p>Felicit\u00f3 al Presidente Municipal por su compromiso para tener al personal del Gobierno de Chalco capacitado y certificado. \u201cS\u00e9 del esfuerzo que hace por ayudarlos no solo a la capacitaciones, sino a continuar con sus estudios. Eso habla de que le interesa que a se administraci\u00f3n le vaya bien y del compromiso con el gobierno y con la gente de Chalco. Se nota que las cosas se hacen bien\u201d, apunt\u00f3.<\/p>\n","protected":false},"excerpt":{"rendered":"<p>Chalco, Estado de M\u00e9xico, 12 de mayo de 2022.- El Presidente Municipal, Miguel Guti\u00e9rrez recibi\u00f3<\/p>\n","protected":false},"author":1,"featured_media":12817,"comment_status":"open","ping_status":"open","sticky":false,"template":"","format":"standard","meta":{"footnotes":""},"categories":[1],"tags":[9],"class_list":["post-12816","post","type-post","status-publish","format-standard","has-post-thumbnail","hentry","category-municipales","tag-chalco"],"yoast_head":"<!-- This site is optimized with the Yoast SEO plugin v25.3 - https:\/\/yoast.com\/wordpress\/plugins\/seo\/ -->\n<title>Miguel Guti\u00e9rrez entrega Certificados de Competencia Laboral - Volcanes<\/title>\n<meta name=\"robots\" content=\"index, follow, max-snippet:-1, max-image-preview:large, max-video-preview:-1\" \/>\n<link rel=\"canonical\" href=\"https:\/\/volcanes.net\/?p=12816\" \/>\n<meta property=\"og:locale\" content=\"es_MX\" \/>\n<meta property=\"og:type\" content=\"article\" \/>\n<meta property=\"og:title\" content=\"Miguel Guti\u00e9rrez entrega Certificados de Competencia Laboral - Volcanes\" \/>\n<meta property=\"og:description\" content=\"Chalco, Estado de M\u00e9xico, 12 de mayo de 2022.- El Presidente Municipal, Miguel Guti\u00e9rrez recibi\u00f3\" \/>\n<meta property=\"og:url\" content=\"https:\/\/volcanes.net\/?p=12816\" \/>\n<meta property=\"og:site_name\" content=\"Volcanes\" \/>\n<meta property=\"article:publisher\" content=\"https:\/\/www.facebook.com\/volcanes.net\/\" \/>\n<meta property=\"article:published_time\" content=\"2022-05-13T00:53:10+00:00\" \/>\n<meta property=\"og:image\" content=\"https:\/\/volcanes.net\/wp-content\/uploads\/2022\/05\/IMG-20220512-WA0006.jpg\" \/>\n\t<meta property=\"og:image:width\" content=\"1280\" \/>\n\t<meta property=\"og:image:height\" content=\"719\" \/>\n\t<meta property=\"og:image:type\" content=\"image\/jpeg\" \/>\n<meta name=\"author\" content=\"admin\" \/>\n<meta name=\"twitter:card\" content=\"summary_large_image\" \/>\n<meta name=\"twitter:label1\" content=\"Escrito por\" \/>\n\t<meta name=\"twitter:data1\" content=\"admin\" \/>\n\t<meta name=\"twitter:label2\" content=\"Tiempo de lectura\" \/>\n\t<meta name=\"twitter:data2\" content=\"2 minutos\" \/>\n<script type=\"application\/ld+json\" class=\"yoast-schema-graph\">{\"@context\":\"https:\/\/schema.org\",\"@graph\":[{\"@type\":\"Article\",\"@id\":\"https:\/\/volcanes.net\/?p=12816#article\",\"isPartOf\":{\"@id\":\"https:\/\/volcanes.net\/?p=12816\"},\"author\":{\"name\":\"admin\",\"@id\":\"https:\/\/volcanes.net\/#\/schema\/person\/4bf0f383940966a4abd53f5048c0e6b9\"},\"headline\":\"Miguel Guti\u00e9rrez entrega Certificados de Competencia Laboral\",\"datePublished\":\"2022-05-13T00:53:10+00:00\",\"mainEntityOfPage\":{\"@id\":\"https:\/\/volcanes.net\/?p=12816\"},\"wordCount\":291,\"commentCount\":0,\"publisher\":{\"@id\":\"https:\/\/volcanes.net\/#organization\"},\"image\":{\"@id\":\"https:\/\/volcanes.net\/?p=12816#primaryimage\"},\"thumbnailUrl\":\"https:\/\/volcanes.net\/wp-content\/uploads\/2022\/05\/IMG-20220512-WA0006.jpg\",\"keywords\":[\"Chalco\"],\"articleSection\":[\"Municipales\"],\"inLanguage\":\"es\",\"potentialAction\":[{\"@type\":\"CommentAction\",\"name\":\"Comment\",\"target\":[\"https:\/\/volcanes.net\/?p=12816#respond\"]}]},{\"@type\":\"WebPage\",\"@id\":\"https:\/\/volcanes.net\/?p=12816\",\"url\":\"https:\/\/volcanes.net\/?p=12816\",\"name\":\"Miguel Guti\u00e9rrez entrega Certificados de Competencia Laboral - Volcanes\",\"isPartOf\":{\"@id\":\"https:\/\/volcanes.net\/#website\"},\"primaryImageOfPage\":{\"@id\":\"https:\/\/volcanes.net\/?p=12816#primaryimage\"},\"image\":{\"@id\":\"https:\/\/volcanes.net\/?p=12816#primaryimage\"},\"thumbnailUrl\":\"https:\/\/volcanes.net\/wp-content\/uploads\/2022\/05\/IMG-20220512-WA0006.jpg\",\"datePublished\":\"2022-05-13T00:53:10+00:00\",\"breadcrumb\":{\"@id\":\"https:\/\/volcanes.net\/?p=12816#breadcrumb\"},\"inLanguage\":\"es\",\"potentialAction\":[{\"@type\":\"ReadAction\",\"target\":[\"https:\/\/volcanes.net\/?p=12816\"]}]},{\"@type\":\"ImageObject\",\"inLanguage\":\"es\",\"@id\":\"https:\/\/volcanes.net\/?p=12816#primaryimage\",\"url\":\"https:\/\/volcanes.net\/wp-content\/uploads\/2022\/05\/IMG-20220512-WA0006.jpg\",\"contentUrl\":\"https:\/\/volcanes.net\/wp-content\/uploads\/2022\/05\/IMG-20220512-WA0006.jpg\",\"width\":1280,\"height\":719},{\"@type\":\"BreadcrumbList\",\"@id\":\"https:\/\/volcanes.net\/?p=12816#breadcrumb\",\"itemListElement\":[{\"@type\":\"ListItem\",\"position\":1,\"name\":\"Portada\",\"item\":\"https:\/\/volcanes.net\/\"},{\"@type\":\"ListItem\",\"position\":2,\"name\":\"Miguel Guti\u00e9rrez entrega Certificados de Competencia Laboral\"}]},{\"@type\":\"WebSite\",\"@id\":\"https:\/\/volcanes.net\/#website\",\"url\":\"https:\/\/volcanes.net\/\",\"name\":\"Volcanes.Net\",\"description\":\"Periodismo Profesional\",\"publisher\":{\"@id\":\"https:\/\/volcanes.net\/#organization\"},\"potentialAction\":[{\"@type\":\"SearchAction\",\"target\":{\"@type\":\"EntryPoint\",\"urlTemplate\":\"https:\/\/volcanes.net\/?s={search_term_string}\"},\"query-input\":{\"@type\":\"PropertyValueSpecification\",\"valueRequired\":true,\"valueName\":\"search_term_string\"}}],\"inLanguage\":\"es\"},{\"@type\":\"Organization\",\"@id\":\"https:\/\/volcanes.net\/#organization\",\"name\":\"Grupo Volcanes\",\"url\":\"https:\/\/volcanes.net\/\",\"logo\":{\"@type\":\"ImageObject\",\"inLanguage\":\"es\",\"@id\":\"https:\/\/volcanes.net\/#\/schema\/logo\/image\/\",\"url\":\"http:\/\/volcanes.net\/wp-content\/uploads\/2017\/12\/Avatar2.jpg\",\"contentUrl\":\"http:\/\/volcanes.net\/wp-content\/uploads\/2017\/12\/Avatar2.jpg\",\"width\":378,\"height\":378,\"caption\":\"Grupo Volcanes\"},\"image\":{\"@id\":\"https:\/\/volcanes.net\/#\/schema\/logo\/image\/\"},\"sameAs\":[\"https:\/\/www.facebook.com\/volcanes.net\/\"]},{\"@type\":\"Person\",\"@id\":\"https:\/\/volcanes.net\/#\/schema\/person\/4bf0f383940966a4abd53f5048c0e6b9\",\"name\":\"admin\",\"image\":{\"@type\":\"ImageObject\",\"inLanguage\":\"es\",\"@id\":\"https:\/\/volcanes.net\/#\/schema\/person\/image\/\",\"url\":\"https:\/\/secure.gravatar.com\/avatar\/ca004e6cba8462b8cb7abc86e382930c?s=96&d=mm&r=g\",\"contentUrl\":\"https:\/\/secure.gravatar.com\/avatar\/ca004e6cba8462b8cb7abc86e382930c?s=96&d=mm&r=g\",\"caption\":\"admin\"}}]}<\/script>\n<!-- \/ Yoast SEO plugin. -->","yoast_head_json":{"title":"Miguel Guti\u00e9rrez entrega Certificados de Competencia Laboral - Volcanes","robots":{"index":"index","follow":"follow","max-snippet":"max-snippet:-1","max-image-preview":"max-image-preview:large","max-video-preview":"max-video-preview:-1"},"canonical":"https:\/\/volcanes.net\/?p=12816","og_locale":"es_MX","og_type":"article","og_title":"Miguel Guti\u00e9rrez entrega Certificados de Competencia Laboral - Volcanes","og_description":"Chalco, Estado de M\u00e9xico, 12 de mayo de 2022.- El Presidente Municipal, Miguel Guti\u00e9rrez recibi\u00f3","og_url":"https:\/\/volcanes.net\/?p=12816","og_site_name":"Volcanes","article_publisher":"https:\/\/www.facebook.com\/volcanes.net\/","article_published_time":"2022-05-13T00:53:10+00:00","og_image":[{"width":1280,"height":719,"url":"https:\/\/volcanes.net\/wp-content\/uploads\/2022\/05\/IMG-20220512-WA0006.jpg","type":"image\/jpeg"}],"author":"admin","twitter_card":"summary_large_image","twitter_misc":{"Escrito por":"admin","Tiempo de lectura":"2 minutos"},"schema":{"@context":"https:\/\/schema.org","@graph":[{"@type":"Article","@id":"https:\/\/volcanes.net\/?p=12816#article","isPartOf":{"@id":"https:\/\/volcanes.net\/?p=12816"},"author":{"name":"admin","@id":"https:\/\/volcanes.net\/#\/schema\/person\/4bf0f383940966a4abd53f5048c0e6b9"},"headline":"Miguel Guti\u00e9rrez entrega Certificados de Competencia Laboral","datePublished":"2022-05-13T00:53:10+00:00","mainEntityOfPage":{"@id":"https:\/\/volcanes.net\/?p=12816"},"wordCount":291,"commentCount":0,"publisher":{"@id":"https:\/\/volcanes.net\/#organization"},"image":{"@id":"https:\/\/volcanes.net\/?p=12816#primaryimage"},"thumbnailUrl":"https:\/\/volcanes.net\/wp-content\/uploads\/2022\/05\/IMG-20220512-WA0006.jpg","keywords":["Chalco"],"articleSection":["Municipales"],"inLanguage":"es","potentialAction":[{"@type":"CommentAction","name":"Comment","target":["https:\/\/volcanes.net\/?p=12816#respond"]}]},{"@type":"WebPage","@id":"https:\/\/volcanes.net\/?p=12816","url":"https:\/\/volcanes.net\/?p=12816","name":"Miguel Guti\u00e9rrez entrega Certificados de Competencia Laboral - Volcanes","isPartOf":{"@id":"https:\/\/volcanes.net\/#website"},"primaryImageOfPage":{"@id":"https:\/\/volcanes.net\/?p=12816#primaryimage"},"image":{"@id":"https:\/\/volcanes.net\/?p=12816#primaryimage"},"thumbnailUrl":"https:\/\/volcanes.net\/wp-content\/uploads\/2022\/05\/IMG-20220512-WA0006.jpg","datePublished":"2022-05-13T00:53:10+00:00","breadcrumb":{"@id":"https:\/\/volcanes.net\/?p=12816#breadcrumb"},"inLanguage":"es","potentialAction":[{"@type":"ReadAction","target":["https:\/\/volcanes.net\/?p=12816"]}]},{"@type":"ImageObject","inLanguage":"es","@id":"https:\/\/volcanes.net\/?p=12816#primaryimage","url":"https:\/\/volcanes.net\/wp-content\/uploads\/2022\/05\/IMG-20220512-WA0006.jpg","contentUrl":"https:\/\/volcanes.net\/wp-content\/uploads\/2022\/05\/IMG-20220512-WA0006.jpg","width":1280,"height":719},{"@type":"BreadcrumbList","@id":"https:\/\/volcanes.net\/?p=12816#breadcrumb","itemListElement":[{"@type":"ListItem","position":1,"name":"Portada","item":"https:\/\/volcanes.net\/"},{"@type":"ListItem","position":2,"name":"Miguel Guti\u00e9rrez entrega Certificados de Competencia Laboral"}]},{"@type":"WebSite","@id":"https:\/\/volcanes.net\/#website","url":"https:\/\/volcanes.net\/","name":"Volcanes.Net","description":"Periodismo Profesional","publisher":{"@id":"https:\/\/volcanes.net\/#organization"},"potentialAction":[{"@type":"SearchAction","target":{"@type":"EntryPoint","urlTemplate":"https:\/\/volcanes.net\/?s={search_term_string}"},"query-input":{"@type":"PropertyValueSpecification","valueRequired":true,"valueName":"search_term_string"}}],"inLanguage":"es"},{"@type":"Organization","@id":"https:\/\/volcanes.net\/#organization","name":"Grupo Volcanes","url":"https:\/\/volcanes.net\/","logo":{"@type":"ImageObject","inLanguage":"es","@id":"https:\/\/volcanes.net\/#\/schema\/logo\/image\/","url":"http:\/\/volcanes.net\/wp-content\/uploads\/2017\/12\/Avatar2.jpg","contentUrl":"http:\/\/volcanes.net\/wp-content\/uploads\/2017\/12\/Avatar2.jpg","width":378,"height":378,"caption":"Grupo Volcanes"},"image":{"@id":"https:\/\/volcanes.net\/#\/schema\/logo\/image\/"},"sameAs":["https:\/\/www.facebook.com\/volcanes.net\/"]},{"@type":"Person","@id":"https:\/\/volcanes.net\/#\/schema\/person\/4bf0f383940966a4abd53f5048c0e6b9","name":"admin","image":{"@type":"ImageObject","inLanguage":"es","@id":"https:\/\/volcanes.net\/#\/schema\/person\/image\/","url":"https:\/\/secure.gravatar.com\/avatar\/ca004e6cba8462b8cb7abc86e382930c?s=96&d=mm&r=g","contentUrl":"https:\/\/secure.gravatar.com\/avatar\/ca004e6cba8462b8cb7abc86e382930c?s=96&d=mm&r=g","caption":"admin"}}]}},"_links":{"self":[{"href":"https:\/\/volcanes.net\/index.php?rest_route=\/wp\/v2\/posts\/12816"}],"collection":[{"href":"https:\/\/volcanes.net\/index.php?rest_route=\/wp\/v2\/posts"}],"about":[{"href":"https:\/\/volcanes.net\/index.php?rest_route=\/wp\/v2\/types\/post"}],"author":[{"embeddable":true,"href":"https:\/\/volcanes.net\/index.php?rest_route=\/wp\/v2\/users\/1"}],"replies":[{"embeddable":true,"href":"https:\/\/volcanes.net\/index.php?rest_route=%2Fwp%2Fv2%2Fcomments&post=12816"}],"version-history":[{"count":1,"href":"https:\/\/volcanes.net\/index.php?rest_route=\/wp\/v2\/posts\/12816\/revisions"}],"predecessor-version":[{"id":12818,"href":"https:\/\/volcanes.net\/index.php?rest_route=\/wp\/v2\/posts\/12816\/revisions\/12818"}],"wp:featuredmedia":[{"embeddable":true,"href":"https:\/\/volcanes.net\/index.php?rest_route=\/wp\/v2\/media\/12817"}],"wp:attachment":[{"href":"https:\/\/volcanes.net\/index.php?rest_route=%2Fwp%2Fv2%2Fmedia&parent=12816"}],"wp:term":[{"taxonomy":"category","embeddable":true,"href":"https:\/\/volcanes.net\/index.php?rest_route=%2Fwp%2Fv2%2Fcategories&post=12816"},{"taxonomy":"post_tag","embeddable":true,"href":"https:\/\/volcanes.net\/index.php?rest_route=%2Fwp%2Fv2%2Ftags&post=12816"}],"curies":[{"name":"wp","href":"https:\/\/api.w.org\/{rel}","templated":true}]}}