{"id":12826,"date":"2022-05-13T14:23:34","date_gmt":"2022-05-13T20:23:34","guid":{"rendered":"http:\/\/volcanes.net\/?p=12826"},"modified":"2022-05-15T14:25:25","modified_gmt":"2022-05-15T20:25:25","slug":"en-tepetlixpa-festejan-a-las-madres-en-su-dia","status":"publish","type":"post","link":"https:\/\/volcanes.net\/?p=12826","title":{"rendered":"En Tepetlixpa festejan a las madres en su d\u00eda"},"content":{"rendered":"<div style=\"margin-top: 0px; margin-bottom: 0px;\" class=\"sharethis-inline-share-buttons\" ><\/div><p>Tepetlixpa, Estado de M\u00e9xico.- Con regalos y sorpresas se inici\u00f3 el festejo del D\u00eda de las Madres en el municipio de Tepetlixpa, evento realizado desde el d\u00eda jueves 12 de mayo hasta el s\u00e1bado 14 del mismo mes.<\/p>\n<p>Citlali Rodr\u00edguez Mart\u00ednez, presidenta del SMDIF destac\u00f3 la importancia del festejo de todas las madres, pues asegura son el pilar m\u00e1s importante de cada familia, esperando durante estos festejos a m\u00e1s de 1500 madres de familia en la cabecera municipal.<\/p>\n<p>Se cont\u00f3 con variedad de actividades dirigidas tanto por el Sistema Municipal DIF como por Ayuntamiento.<\/p>\n<p>&#8220;Las madres representan educaci\u00f3n, los hijos y familia. Llevan el papel m\u00e1s importante y nos ha faltado reconocer su trabajo. El trabajo en casa debe ser reconocido, pues todas se esfuerzan por mantener todo en equilibrio, aun despu\u00e9s de d\u00edas complicados con el trabajo o sus rutinas&#8221;, finaliz\u00f3.<\/p>\n","protected":false},"excerpt":{"rendered":"<p>Tepetlixpa, Estado de M\u00e9xico.- Con regalos y sorpresas se inici\u00f3 el festejo del D\u00eda de<\/p>\n","protected":false},"author":1,"featured_media":12827,"comment_status":"open","ping_status":"open","sticky":false,"template":"","format":"standard","meta":{"footnotes":""},"categories":[1],"tags":[16],"class_list":["post-12826","post","type-post","status-publish","format-standard","has-post-thumbnail","hentry","category-municipales","tag-tepetlixpa"],"yoast_head":"<!-- This site is optimized with the Yoast SEO plugin v25.3 - https:\/\/yoast.com\/wordpress\/plugins\/seo\/ -->\n<title>En Tepetlixpa festejan a las madres en su d\u00eda - Volcanes<\/title>\n<meta name=\"robots\" content=\"index, follow, max-snippet:-1, max-image-preview:large, max-video-preview:-1\" \/>\n<link rel=\"canonical\" href=\"https:\/\/volcanes.net\/?p=12826\" \/>\n<meta property=\"og:locale\" content=\"es_MX\" \/>\n<meta property=\"og:type\" content=\"article\" \/>\n<meta property=\"og:title\" content=\"En Tepetlixpa festejan a las madres en su d\u00eda - Volcanes\" \/>\n<meta property=\"og:description\" content=\"Tepetlixpa, Estado de M\u00e9xico.- Con regalos y sorpresas se inici\u00f3 el festejo del D\u00eda de\" \/>\n<meta property=\"og:url\" content=\"https:\/\/volcanes.net\/?p=12826\" \/>\n<meta property=\"og:site_name\" content=\"Volcanes\" \/>\n<meta property=\"article:publisher\" content=\"https:\/\/www.facebook.com\/volcanes.net\/\" \/>\n<meta property=\"article:published_time\" content=\"2022-05-13T20:23:34+00:00\" \/>\n<meta property=\"article:modified_time\" content=\"2022-05-15T20:25:25+00:00\" \/>\n<meta property=\"og:image\" content=\"https:\/\/volcanes.net\/wp-content\/uploads\/2022\/05\/Screenshot_20220515-151925_Business-Suite.jpg\" \/>\n\t<meta property=\"og:image:width\" content=\"970\" \/>\n\t<meta property=\"og:image:height\" content=\"546\" \/>\n\t<meta property=\"og:image:type\" content=\"image\/jpeg\" \/>\n<meta name=\"author\" content=\"admin\" \/>\n<meta name=\"twitter:card\" content=\"summary_large_image\" \/>\n<meta name=\"twitter:label1\" content=\"Escrito por\" \/>\n\t<meta name=\"twitter:data1\" content=\"admin\" \/>\n\t<meta name=\"twitter:label2\" content=\"Tiempo de lectura\" \/>\n\t<meta name=\"twitter:data2\" content=\"1 minuto\" \/>\n<script type=\"application\/ld+json\" class=\"yoast-schema-graph\">{\"@context\":\"https:\/\/schema.org\",\"@graph\":[{\"@type\":\"Article\",\"@id\":\"https:\/\/volcanes.net\/?p=12826#article\",\"isPartOf\":{\"@id\":\"https:\/\/volcanes.net\/?p=12826\"},\"author\":{\"name\":\"admin\",\"@id\":\"https:\/\/volcanes.net\/#\/schema\/person\/4bf0f383940966a4abd53f5048c0e6b9\"},\"headline\":\"En Tepetlixpa festejan a las madres en su d\u00eda\",\"datePublished\":\"2022-05-13T20:23:34+00:00\",\"dateModified\":\"2022-05-15T20:25:25+00:00\",\"mainEntityOfPage\":{\"@id\":\"https:\/\/volcanes.net\/?p=12826\"},\"wordCount\":162,\"commentCount\":0,\"publisher\":{\"@id\":\"https:\/\/volcanes.net\/#organization\"},\"image\":{\"@id\":\"https:\/\/volcanes.net\/?p=12826#primaryimage\"},\"thumbnailUrl\":\"https:\/\/volcanes.net\/wp-content\/uploads\/2022\/05\/Screenshot_20220515-151925_Business-Suite.jpg\",\"keywords\":[\"Tepetlixpa\"],\"articleSection\":[\"Municipales\"],\"inLanguage\":\"es\",\"potentialAction\":[{\"@type\":\"CommentAction\",\"name\":\"Comment\",\"target\":[\"https:\/\/volcanes.net\/?p=12826#respond\"]}]},{\"@type\":\"WebPage\",\"@id\":\"https:\/\/volcanes.net\/?p=12826\",\"url\":\"https:\/\/volcanes.net\/?p=12826\",\"name\":\"En Tepetlixpa festejan a las madres en su d\u00eda - Volcanes\",\"isPartOf\":{\"@id\":\"https:\/\/volcanes.net\/#website\"},\"primaryImageOfPage\":{\"@id\":\"https:\/\/volcanes.net\/?p=12826#primaryimage\"},\"image\":{\"@id\":\"https:\/\/volcanes.net\/?p=12826#primaryimage\"},\"thumbnailUrl\":\"https:\/\/volcanes.net\/wp-content\/uploads\/2022\/05\/Screenshot_20220515-151925_Business-Suite.jpg\",\"datePublished\":\"2022-05-13T20:23:34+00:00\",\"dateModified\":\"2022-05-15T20:25:25+00:00\",\"breadcrumb\":{\"@id\":\"https:\/\/volcanes.net\/?p=12826#breadcrumb\"},\"inLanguage\":\"es\",\"potentialAction\":[{\"@type\":\"ReadAction\",\"target\":[\"https:\/\/volcanes.net\/?p=12826\"]}]},{\"@type\":\"ImageObject\",\"inLanguage\":\"es\",\"@id\":\"https:\/\/volcanes.net\/?p=12826#primaryimage\",\"url\":\"https:\/\/volcanes.net\/wp-content\/uploads\/2022\/05\/Screenshot_20220515-151925_Business-Suite.jpg\",\"contentUrl\":\"https:\/\/volcanes.net\/wp-content\/uploads\/2022\/05\/Screenshot_20220515-151925_Business-Suite.jpg\",\"width\":970,\"height\":546},{\"@type\":\"BreadcrumbList\",\"@id\":\"https:\/\/volcanes.net\/?p=12826#breadcrumb\",\"itemListElement\":[{\"@type\":\"ListItem\",\"position\":1,\"name\":\"Portada\",\"item\":\"https:\/\/volcanes.net\/\"},{\"@type\":\"ListItem\",\"position\":2,\"name\":\"En Tepetlixpa festejan a las madres en su d\u00eda\"}]},{\"@type\":\"WebSite\",\"@id\":\"https:\/\/volcanes.net\/#website\",\"url\":\"https:\/\/volcanes.net\/\",\"name\":\"Volcanes.Net\",\"description\":\"Periodismo Profesional\",\"publisher\":{\"@id\":\"https:\/\/volcanes.net\/#organization\"},\"potentialAction\":[{\"@type\":\"SearchAction\",\"target\":{\"@type\":\"EntryPoint\",\"urlTemplate\":\"https:\/\/volcanes.net\/?s={search_term_string}\"},\"query-input\":{\"@type\":\"PropertyValueSpecification\",\"valueRequired\":true,\"valueName\":\"search_term_string\"}}],\"inLanguage\":\"es\"},{\"@type\":\"Organization\",\"@id\":\"https:\/\/volcanes.net\/#organization\",\"name\":\"Grupo Volcanes\",\"url\":\"https:\/\/volcanes.net\/\",\"logo\":{\"@type\":\"ImageObject\",\"inLanguage\":\"es\",\"@id\":\"https:\/\/volcanes.net\/#\/schema\/logo\/image\/\",\"url\":\"http:\/\/volcanes.net\/wp-content\/uploads\/2017\/12\/Avatar2.jpg\",\"contentUrl\":\"http:\/\/volcanes.net\/wp-content\/uploads\/2017\/12\/Avatar2.jpg\",\"width\":378,\"height\":378,\"caption\":\"Grupo Volcanes\"},\"image\":{\"@id\":\"https:\/\/volcanes.net\/#\/schema\/logo\/image\/\"},\"sameAs\":[\"https:\/\/www.facebook.com\/volcanes.net\/\"]},{\"@type\":\"Person\",\"@id\":\"https:\/\/volcanes.net\/#\/schema\/person\/4bf0f383940966a4abd53f5048c0e6b9\",\"name\":\"admin\",\"image\":{\"@type\":\"ImageObject\",\"inLanguage\":\"es\",\"@id\":\"https:\/\/volcanes.net\/#\/schema\/person\/image\/\",\"url\":\"https:\/\/secure.gravatar.com\/avatar\/ca004e6cba8462b8cb7abc86e382930c?s=96&d=mm&r=g\",\"contentUrl\":\"https:\/\/secure.gravatar.com\/avatar\/ca004e6cba8462b8cb7abc86e382930c?s=96&d=mm&r=g\",\"caption\":\"admin\"}}]}<\/script>\n<!-- \/ Yoast SEO plugin. -->","yoast_head_json":{"title":"En Tepetlixpa festejan a las madres en su d\u00eda - Volcanes","robots":{"index":"index","follow":"follow","max-snippet":"max-snippet:-1","max-image-preview":"max-image-preview:large","max-video-preview":"max-video-preview:-1"},"canonical":"https:\/\/volcanes.net\/?p=12826","og_locale":"es_MX","og_type":"article","og_title":"En Tepetlixpa festejan a las madres en su d\u00eda - Volcanes","og_description":"Tepetlixpa, Estado de M\u00e9xico.- Con regalos y sorpresas se inici\u00f3 el festejo del D\u00eda de","og_url":"https:\/\/volcanes.net\/?p=12826","og_site_name":"Volcanes","article_publisher":"https:\/\/www.facebook.com\/volcanes.net\/","article_published_time":"2022-05-13T20:23:34+00:00","article_modified_time":"2022-05-15T20:25:25+00:00","og_image":[{"width":970,"height":546,"url":"https:\/\/volcanes.net\/wp-content\/uploads\/2022\/05\/Screenshot_20220515-151925_Business-Suite.jpg","type":"image\/jpeg"}],"author":"admin","twitter_card":"summary_large_image","twitter_misc":{"Escrito por":"admin","Tiempo de lectura":"1 minuto"},"schema":{"@context":"https:\/\/schema.org","@graph":[{"@type":"Article","@id":"https:\/\/volcanes.net\/?p=12826#article","isPartOf":{"@id":"https:\/\/volcanes.net\/?p=12826"},"author":{"name":"admin","@id":"https:\/\/volcanes.net\/#\/schema\/person\/4bf0f383940966a4abd53f5048c0e6b9"},"headline":"En Tepetlixpa festejan a las madres en su d\u00eda","datePublished":"2022-05-13T20:23:34+00:00","dateModified":"2022-05-15T20:25:25+00:00","mainEntityOfPage":{"@id":"https:\/\/volcanes.net\/?p=12826"},"wordCount":162,"commentCount":0,"publisher":{"@id":"https:\/\/volcanes.net\/#organization"},"image":{"@id":"https:\/\/volcanes.net\/?p=12826#primaryimage"},"thumbnailUrl":"https:\/\/volcanes.net\/wp-content\/uploads\/2022\/05\/Screenshot_20220515-151925_Business-Suite.jpg","keywords":["Tepetlixpa"],"articleSection":["Municipales"],"inLanguage":"es","potentialAction":[{"@type":"CommentAction","name":"Comment","target":["https:\/\/volcanes.net\/?p=12826#respond"]}]},{"@type":"WebPage","@id":"https:\/\/volcanes.net\/?p=12826","url":"https:\/\/volcanes.net\/?p=12826","name":"En Tepetlixpa festejan a las madres en su d\u00eda - Volcanes","isPartOf":{"@id":"https:\/\/volcanes.net\/#website"},"primaryImageOfPage":{"@id":"https:\/\/volcanes.net\/?p=12826#primaryimage"},"image":{"@id":"https:\/\/volcanes.net\/?p=12826#primaryimage"},"thumbnailUrl":"https:\/\/volcanes.net\/wp-content\/uploads\/2022\/05\/Screenshot_20220515-151925_Business-Suite.jpg","datePublished":"2022-05-13T20:23:34+00:00","dateModified":"2022-05-15T20:25:25+00:00","breadcrumb":{"@id":"https:\/\/volcanes.net\/?p=12826#breadcrumb"},"inLanguage":"es","potentialAction":[{"@type":"ReadAction","target":["https:\/\/volcanes.net\/?p=12826"]}]},{"@type":"ImageObject","inLanguage":"es","@id":"https:\/\/volcanes.net\/?p=12826#primaryimage","url":"https:\/\/volcanes.net\/wp-content\/uploads\/2022\/05\/Screenshot_20220515-151925_Business-Suite.jpg","contentUrl":"https:\/\/volcanes.net\/wp-content\/uploads\/2022\/05\/Screenshot_20220515-151925_Business-Suite.jpg","width":970,"height":546},{"@type":"BreadcrumbList","@id":"https:\/\/volcanes.net\/?p=12826#breadcrumb","itemListElement":[{"@type":"ListItem","position":1,"name":"Portada","item":"https:\/\/volcanes.net\/"},{"@type":"ListItem","position":2,"name":"En Tepetlixpa festejan a las madres en su d\u00eda"}]},{"@type":"WebSite","@id":"https:\/\/volcanes.net\/#website","url":"https:\/\/volcanes.net\/","name":"Volcanes.Net","description":"Periodismo Profesional","publisher":{"@id":"https:\/\/volcanes.net\/#organization"},"potentialAction":[{"@type":"SearchAction","target":{"@type":"EntryPoint","urlTemplate":"https:\/\/volcanes.net\/?s={search_term_string}"},"query-input":{"@type":"PropertyValueSpecification","valueRequired":true,"valueName":"search_term_string"}}],"inLanguage":"es"},{"@type":"Organization","@id":"https:\/\/volcanes.net\/#organization","name":"Grupo Volcanes","url":"https:\/\/volcanes.net\/","logo":{"@type":"ImageObject","inLanguage":"es","@id":"https:\/\/volcanes.net\/#\/schema\/logo\/image\/","url":"http:\/\/volcanes.net\/wp-content\/uploads\/2017\/12\/Avatar2.jpg","contentUrl":"http:\/\/volcanes.net\/wp-content\/uploads\/2017\/12\/Avatar2.jpg","width":378,"height":378,"caption":"Grupo Volcanes"},"image":{"@id":"https:\/\/volcanes.net\/#\/schema\/logo\/image\/"},"sameAs":["https:\/\/www.facebook.com\/volcanes.net\/"]},{"@type":"Person","@id":"https:\/\/volcanes.net\/#\/schema\/person\/4bf0f383940966a4abd53f5048c0e6b9","name":"admin","image":{"@type":"ImageObject","inLanguage":"es","@id":"https:\/\/volcanes.net\/#\/schema\/person\/image\/","url":"https:\/\/secure.gravatar.com\/avatar\/ca004e6cba8462b8cb7abc86e382930c?s=96&d=mm&r=g","contentUrl":"https:\/\/secure.gravatar.com\/avatar\/ca004e6cba8462b8cb7abc86e382930c?s=96&d=mm&r=g","caption":"admin"}}]}},"_links":{"self":[{"href":"https:\/\/volcanes.net\/index.php?rest_route=\/wp\/v2\/posts\/12826"}],"collection":[{"href":"https:\/\/volcanes.net\/index.php?rest_route=\/wp\/v2\/posts"}],"about":[{"href":"https:\/\/volcanes.net\/index.php?rest_route=\/wp\/v2\/types\/post"}],"author":[{"embeddable":true,"href":"https:\/\/volcanes.net\/index.php?rest_route=\/wp\/v2\/users\/1"}],"replies":[{"embeddable":true,"href":"https:\/\/volcanes.net\/index.php?rest_route=%2Fwp%2Fv2%2Fcomments&post=12826"}],"version-history":[{"count":1,"href":"https:\/\/volcanes.net\/index.php?rest_route=\/wp\/v2\/posts\/12826\/revisions"}],"predecessor-version":[{"id":12828,"href":"https:\/\/volcanes.net\/index.php?rest_route=\/wp\/v2\/posts\/12826\/revisions\/12828"}],"wp:featuredmedia":[{"embeddable":true,"href":"https:\/\/volcanes.net\/index.php?rest_route=\/wp\/v2\/media\/12827"}],"wp:attachment":[{"href":"https:\/\/volcanes.net\/index.php?rest_route=%2Fwp%2Fv2%2Fmedia&parent=12826"}],"wp:term":[{"taxonomy":"category","embeddable":true,"href":"https:\/\/volcanes.net\/index.php?rest_route=%2Fwp%2Fv2%2Fcategories&post=12826"},{"taxonomy":"post_tag","embeddable":true,"href":"https:\/\/volcanes.net\/index.php?rest_route=%2Fwp%2Fv2%2Ftags&post=12826"}],"curies":[{"name":"wp","href":"https:\/\/api.w.org\/{rel}","templated":true}]}}