{"id":12831,"date":"2022-05-16T14:03:06","date_gmt":"2022-05-16T20:03:06","guid":{"rendered":"http:\/\/volcanes.net\/?p=12831"},"modified":"2022-05-16T14:03:06","modified_gmt":"2022-05-16T20:03:06","slug":"juan-zepeda-encabeza-protesta-por-la-justicia-en-edomex","status":"publish","type":"post","link":"https:\/\/volcanes.net\/?p=12831","title":{"rendered":"Juan Zepeda encabeza protesta por la justicia en Edom\u00e9x"},"content":{"rendered":"<div style=\"margin-top: 0px; margin-bottom: 0px;\" class=\"sharethis-inline-share-buttons\" ><\/div><ul>\n<li>Manifestaciones pac\u00edficas en municipios de todo el estado.<\/li>\n<\/ul>\n<p>&nbsp;<\/p>\n<p>Toluca, Estado de M\u00e9xico.- Militantes y simpatizantes de Movimiento Ciudadano en el Estado de M\u00e9xico, encabezado por el dirigente estatal, Juan Zepeda, salieron este fin de semana a manifestarse para exigir justicia en el caso de quien fuera el secretario t\u00e9cnico de la JUCOPO en el Senado, Jos\u00e9 Manuel del R\u00edo Virgen, preso en Veracruz desde diciembre pasado.<\/p>\n<p>Zepeda se\u00f1al\u00f3 que la movilizaci\u00f3n tuvo lugar a lo largo y ancho de toda la entidad, con personas que se manifestaron en distintas puntos de los 125 municipios que conforman el estado. \u201cHoy Movimiento Ciudadano est\u00e1 presente en todo el Estado de M\u00e9xico, exigiendo justicia\u201d.<\/p>\n<p>Expres\u00f3 que este movimiento no solo tiene por objetivo exigir justicia en el caso de Jos\u00e9 Manuel del R\u00edo, sino tambi\u00e9n levantar la voz por aquellos que han sido v\u00edctimas de atropellos, malos procesos; inocentes por los que nadie clama justicia.<\/p>\n<p>Desde el municipio de Naucalpan, Zepeda Hern\u00e1ndez destac\u00f3 que, como compa\u00f1eros de Del R\u00edo Virgen en el Senado, pueden constatar el trabajo e integridad del pol\u00edtico veracruzano, a quien defini\u00f3 como un gran dirigente, padre de familia, abuelo, pero sobre todo, una persona de conducta intachable.<\/p>\n<p>Se\u00f1al\u00f3 que en Veracruz se ha estado violando el debido proceso y desacatando ordenes de jueces, por lo que el dirigente estatal de Movimiento Ciudadano apel\u00f3 porque a la brevedad se respeten las decisiones de los jueces y se d\u00e9 la pronta liberaci\u00f3n del secretario t\u00e9cnico de la JUCOPO en el Senado.<\/p>\n<p>Dijo que es necesario salir a exigir justicia y trabajar en construir un sistema que le garantice a los ciudadanos seguridad, paz y respeto. \u201cEstamos exigiendo en todo el pa\u00eds que se acaben este tipo de atropellos, porque si no lo hacemos ahora; viendo este caso, nadie lo har\u00e1 despu\u00e9s\u201d.<\/p>\n<p>Para finalizar, Zepeda asegur\u00f3 que en Movimiento Ciudadano se est\u00e1 construyendo un proyecto que gobernar\u00e1 el Estado de M\u00e9xico y el pa\u00eds, para demostrar qu\u00e9 es un pa\u00eds justo, donde se respetan los derechos humanos.<\/p>\n","protected":false},"excerpt":{"rendered":"<p>Manifestaciones pac\u00edficas en municipios de todo el estado. &nbsp; Toluca, Estado de M\u00e9xico.- Militantes y<\/p>\n","protected":false},"author":1,"featured_media":12832,"comment_status":"open","ping_status":"open","sticky":false,"template":"","format":"standard","meta":{"footnotes":""},"categories":[1],"tags":[103,41],"class_list":["post-12831","post","type-post","status-publish","format-standard","has-post-thumbnail","hentry","category-municipales","tag-movimiento-ciudadano","tag-toluca"],"yoast_head":"<!-- This site is optimized with the Yoast SEO plugin v25.3 - https:\/\/yoast.com\/wordpress\/plugins\/seo\/ -->\n<title>Juan Zepeda encabeza protesta por la justicia en Edom\u00e9x - Volcanes<\/title>\n<meta name=\"robots\" content=\"index, follow, max-snippet:-1, max-image-preview:large, max-video-preview:-1\" \/>\n<link rel=\"canonical\" href=\"https:\/\/volcanes.net\/?p=12831\" \/>\n<meta property=\"og:locale\" content=\"es_MX\" \/>\n<meta property=\"og:type\" content=\"article\" \/>\n<meta property=\"og:title\" content=\"Juan Zepeda encabeza protesta por la justicia en Edom\u00e9x - Volcanes\" \/>\n<meta property=\"og:description\" content=\"Manifestaciones pac\u00edficas en municipios de todo el estado. &nbsp; Toluca, Estado de M\u00e9xico.- Militantes y\" \/>\n<meta property=\"og:url\" content=\"https:\/\/volcanes.net\/?p=12831\" \/>\n<meta property=\"og:site_name\" content=\"Volcanes\" \/>\n<meta property=\"article:publisher\" content=\"https:\/\/www.facebook.com\/volcanes.net\/\" \/>\n<meta property=\"article:published_time\" content=\"2022-05-16T20:03:06+00:00\" \/>\n<meta property=\"og:image\" content=\"https:\/\/volcanes.net\/wp-content\/uploads\/2022\/05\/IMG-20220516-WA0006.jpg\" \/>\n\t<meta property=\"og:image:width\" content=\"1600\" \/>\n\t<meta property=\"og:image:height\" content=\"1066\" \/>\n\t<meta property=\"og:image:type\" content=\"image\/jpeg\" \/>\n<meta name=\"author\" content=\"admin\" \/>\n<meta name=\"twitter:card\" content=\"summary_large_image\" \/>\n<meta name=\"twitter:label1\" content=\"Escrito por\" \/>\n\t<meta name=\"twitter:data1\" content=\"admin\" \/>\n\t<meta name=\"twitter:label2\" content=\"Tiempo de lectura\" \/>\n\t<meta name=\"twitter:data2\" content=\"2 minutos\" \/>\n<script type=\"application\/ld+json\" class=\"yoast-schema-graph\">{\"@context\":\"https:\/\/schema.org\",\"@graph\":[{\"@type\":\"Article\",\"@id\":\"https:\/\/volcanes.net\/?p=12831#article\",\"isPartOf\":{\"@id\":\"https:\/\/volcanes.net\/?p=12831\"},\"author\":{\"name\":\"admin\",\"@id\":\"https:\/\/volcanes.net\/#\/schema\/person\/4bf0f383940966a4abd53f5048c0e6b9\"},\"headline\":\"Juan Zepeda encabeza protesta por la justicia en Edom\u00e9x\",\"datePublished\":\"2022-05-16T20:03:06+00:00\",\"mainEntityOfPage\":{\"@id\":\"https:\/\/volcanes.net\/?p=12831\"},\"wordCount\":369,\"commentCount\":0,\"publisher\":{\"@id\":\"https:\/\/volcanes.net\/#organization\"},\"image\":{\"@id\":\"https:\/\/volcanes.net\/?p=12831#primaryimage\"},\"thumbnailUrl\":\"https:\/\/volcanes.net\/wp-content\/uploads\/2022\/05\/IMG-20220516-WA0006.jpg\",\"keywords\":[\"Movimiento Ciudadano\",\"Toluca\"],\"articleSection\":[\"Municipales\"],\"inLanguage\":\"es\",\"potentialAction\":[{\"@type\":\"CommentAction\",\"name\":\"Comment\",\"target\":[\"https:\/\/volcanes.net\/?p=12831#respond\"]}]},{\"@type\":\"WebPage\",\"@id\":\"https:\/\/volcanes.net\/?p=12831\",\"url\":\"https:\/\/volcanes.net\/?p=12831\",\"name\":\"Juan Zepeda encabeza protesta por la justicia en Edom\u00e9x - Volcanes\",\"isPartOf\":{\"@id\":\"https:\/\/volcanes.net\/#website\"},\"primaryImageOfPage\":{\"@id\":\"https:\/\/volcanes.net\/?p=12831#primaryimage\"},\"image\":{\"@id\":\"https:\/\/volcanes.net\/?p=12831#primaryimage\"},\"thumbnailUrl\":\"https:\/\/volcanes.net\/wp-content\/uploads\/2022\/05\/IMG-20220516-WA0006.jpg\",\"datePublished\":\"2022-05-16T20:03:06+00:00\",\"breadcrumb\":{\"@id\":\"https:\/\/volcanes.net\/?p=12831#breadcrumb\"},\"inLanguage\":\"es\",\"potentialAction\":[{\"@type\":\"ReadAction\",\"target\":[\"https:\/\/volcanes.net\/?p=12831\"]}]},{\"@type\":\"ImageObject\",\"inLanguage\":\"es\",\"@id\":\"https:\/\/volcanes.net\/?p=12831#primaryimage\",\"url\":\"https:\/\/volcanes.net\/wp-content\/uploads\/2022\/05\/IMG-20220516-WA0006.jpg\",\"contentUrl\":\"https:\/\/volcanes.net\/wp-content\/uploads\/2022\/05\/IMG-20220516-WA0006.jpg\",\"width\":1600,\"height\":1066},{\"@type\":\"BreadcrumbList\",\"@id\":\"https:\/\/volcanes.net\/?p=12831#breadcrumb\",\"itemListElement\":[{\"@type\":\"ListItem\",\"position\":1,\"name\":\"Portada\",\"item\":\"https:\/\/volcanes.net\/\"},{\"@type\":\"ListItem\",\"position\":2,\"name\":\"Juan Zepeda encabeza protesta por la justicia en Edom\u00e9x\"}]},{\"@type\":\"WebSite\",\"@id\":\"https:\/\/volcanes.net\/#website\",\"url\":\"https:\/\/volcanes.net\/\",\"name\":\"Volcanes.Net\",\"description\":\"Periodismo Profesional\",\"publisher\":{\"@id\":\"https:\/\/volcanes.net\/#organization\"},\"potentialAction\":[{\"@type\":\"SearchAction\",\"target\":{\"@type\":\"EntryPoint\",\"urlTemplate\":\"https:\/\/volcanes.net\/?s={search_term_string}\"},\"query-input\":{\"@type\":\"PropertyValueSpecification\",\"valueRequired\":true,\"valueName\":\"search_term_string\"}}],\"inLanguage\":\"es\"},{\"@type\":\"Organization\",\"@id\":\"https:\/\/volcanes.net\/#organization\",\"name\":\"Grupo Volcanes\",\"url\":\"https:\/\/volcanes.net\/\",\"logo\":{\"@type\":\"ImageObject\",\"inLanguage\":\"es\",\"@id\":\"https:\/\/volcanes.net\/#\/schema\/logo\/image\/\",\"url\":\"http:\/\/volcanes.net\/wp-content\/uploads\/2017\/12\/Avatar2.jpg\",\"contentUrl\":\"http:\/\/volcanes.net\/wp-content\/uploads\/2017\/12\/Avatar2.jpg\",\"width\":378,\"height\":378,\"caption\":\"Grupo Volcanes\"},\"image\":{\"@id\":\"https:\/\/volcanes.net\/#\/schema\/logo\/image\/\"},\"sameAs\":[\"https:\/\/www.facebook.com\/volcanes.net\/\"]},{\"@type\":\"Person\",\"@id\":\"https:\/\/volcanes.net\/#\/schema\/person\/4bf0f383940966a4abd53f5048c0e6b9\",\"name\":\"admin\",\"image\":{\"@type\":\"ImageObject\",\"inLanguage\":\"es\",\"@id\":\"https:\/\/volcanes.net\/#\/schema\/person\/image\/\",\"url\":\"https:\/\/secure.gravatar.com\/avatar\/ca004e6cba8462b8cb7abc86e382930c?s=96&d=mm&r=g\",\"contentUrl\":\"https:\/\/secure.gravatar.com\/avatar\/ca004e6cba8462b8cb7abc86e382930c?s=96&d=mm&r=g\",\"caption\":\"admin\"}}]}<\/script>\n<!-- \/ Yoast SEO plugin. -->","yoast_head_json":{"title":"Juan Zepeda encabeza protesta por la justicia en Edom\u00e9x - Volcanes","robots":{"index":"index","follow":"follow","max-snippet":"max-snippet:-1","max-image-preview":"max-image-preview:large","max-video-preview":"max-video-preview:-1"},"canonical":"https:\/\/volcanes.net\/?p=12831","og_locale":"es_MX","og_type":"article","og_title":"Juan Zepeda encabeza protesta por la justicia en Edom\u00e9x - Volcanes","og_description":"Manifestaciones pac\u00edficas en municipios de todo el estado. &nbsp; Toluca, Estado de M\u00e9xico.- Militantes y","og_url":"https:\/\/volcanes.net\/?p=12831","og_site_name":"Volcanes","article_publisher":"https:\/\/www.facebook.com\/volcanes.net\/","article_published_time":"2022-05-16T20:03:06+00:00","og_image":[{"width":1600,"height":1066,"url":"https:\/\/volcanes.net\/wp-content\/uploads\/2022\/05\/IMG-20220516-WA0006.jpg","type":"image\/jpeg"}],"author":"admin","twitter_card":"summary_large_image","twitter_misc":{"Escrito por":"admin","Tiempo de lectura":"2 minutos"},"schema":{"@context":"https:\/\/schema.org","@graph":[{"@type":"Article","@id":"https:\/\/volcanes.net\/?p=12831#article","isPartOf":{"@id":"https:\/\/volcanes.net\/?p=12831"},"author":{"name":"admin","@id":"https:\/\/volcanes.net\/#\/schema\/person\/4bf0f383940966a4abd53f5048c0e6b9"},"headline":"Juan Zepeda encabeza protesta por la justicia en Edom\u00e9x","datePublished":"2022-05-16T20:03:06+00:00","mainEntityOfPage":{"@id":"https:\/\/volcanes.net\/?p=12831"},"wordCount":369,"commentCount":0,"publisher":{"@id":"https:\/\/volcanes.net\/#organization"},"image":{"@id":"https:\/\/volcanes.net\/?p=12831#primaryimage"},"thumbnailUrl":"https:\/\/volcanes.net\/wp-content\/uploads\/2022\/05\/IMG-20220516-WA0006.jpg","keywords":["Movimiento Ciudadano","Toluca"],"articleSection":["Municipales"],"inLanguage":"es","potentialAction":[{"@type":"CommentAction","name":"Comment","target":["https:\/\/volcanes.net\/?p=12831#respond"]}]},{"@type":"WebPage","@id":"https:\/\/volcanes.net\/?p=12831","url":"https:\/\/volcanes.net\/?p=12831","name":"Juan Zepeda encabeza protesta por la justicia en Edom\u00e9x - Volcanes","isPartOf":{"@id":"https:\/\/volcanes.net\/#website"},"primaryImageOfPage":{"@id":"https:\/\/volcanes.net\/?p=12831#primaryimage"},"image":{"@id":"https:\/\/volcanes.net\/?p=12831#primaryimage"},"thumbnailUrl":"https:\/\/volcanes.net\/wp-content\/uploads\/2022\/05\/IMG-20220516-WA0006.jpg","datePublished":"2022-05-16T20:03:06+00:00","breadcrumb":{"@id":"https:\/\/volcanes.net\/?p=12831#breadcrumb"},"inLanguage":"es","potentialAction":[{"@type":"ReadAction","target":["https:\/\/volcanes.net\/?p=12831"]}]},{"@type":"ImageObject","inLanguage":"es","@id":"https:\/\/volcanes.net\/?p=12831#primaryimage","url":"https:\/\/volcanes.net\/wp-content\/uploads\/2022\/05\/IMG-20220516-WA0006.jpg","contentUrl":"https:\/\/volcanes.net\/wp-content\/uploads\/2022\/05\/IMG-20220516-WA0006.jpg","width":1600,"height":1066},{"@type":"BreadcrumbList","@id":"https:\/\/volcanes.net\/?p=12831#breadcrumb","itemListElement":[{"@type":"ListItem","position":1,"name":"Portada","item":"https:\/\/volcanes.net\/"},{"@type":"ListItem","position":2,"name":"Juan Zepeda encabeza protesta por la justicia en Edom\u00e9x"}]},{"@type":"WebSite","@id":"https:\/\/volcanes.net\/#website","url":"https:\/\/volcanes.net\/","name":"Volcanes.Net","description":"Periodismo Profesional","publisher":{"@id":"https:\/\/volcanes.net\/#organization"},"potentialAction":[{"@type":"SearchAction","target":{"@type":"EntryPoint","urlTemplate":"https:\/\/volcanes.net\/?s={search_term_string}"},"query-input":{"@type":"PropertyValueSpecification","valueRequired":true,"valueName":"search_term_string"}}],"inLanguage":"es"},{"@type":"Organization","@id":"https:\/\/volcanes.net\/#organization","name":"Grupo Volcanes","url":"https:\/\/volcanes.net\/","logo":{"@type":"ImageObject","inLanguage":"es","@id":"https:\/\/volcanes.net\/#\/schema\/logo\/image\/","url":"http:\/\/volcanes.net\/wp-content\/uploads\/2017\/12\/Avatar2.jpg","contentUrl":"http:\/\/volcanes.net\/wp-content\/uploads\/2017\/12\/Avatar2.jpg","width":378,"height":378,"caption":"Grupo Volcanes"},"image":{"@id":"https:\/\/volcanes.net\/#\/schema\/logo\/image\/"},"sameAs":["https:\/\/www.facebook.com\/volcanes.net\/"]},{"@type":"Person","@id":"https:\/\/volcanes.net\/#\/schema\/person\/4bf0f383940966a4abd53f5048c0e6b9","name":"admin","image":{"@type":"ImageObject","inLanguage":"es","@id":"https:\/\/volcanes.net\/#\/schema\/person\/image\/","url":"https:\/\/secure.gravatar.com\/avatar\/ca004e6cba8462b8cb7abc86e382930c?s=96&d=mm&r=g","contentUrl":"https:\/\/secure.gravatar.com\/avatar\/ca004e6cba8462b8cb7abc86e382930c?s=96&d=mm&r=g","caption":"admin"}}]}},"_links":{"self":[{"href":"https:\/\/volcanes.net\/index.php?rest_route=\/wp\/v2\/posts\/12831"}],"collection":[{"href":"https:\/\/volcanes.net\/index.php?rest_route=\/wp\/v2\/posts"}],"about":[{"href":"https:\/\/volcanes.net\/index.php?rest_route=\/wp\/v2\/types\/post"}],"author":[{"embeddable":true,"href":"https:\/\/volcanes.net\/index.php?rest_route=\/wp\/v2\/users\/1"}],"replies":[{"embeddable":true,"href":"https:\/\/volcanes.net\/index.php?rest_route=%2Fwp%2Fv2%2Fcomments&post=12831"}],"version-history":[{"count":1,"href":"https:\/\/volcanes.net\/index.php?rest_route=\/wp\/v2\/posts\/12831\/revisions"}],"predecessor-version":[{"id":12833,"href":"https:\/\/volcanes.net\/index.php?rest_route=\/wp\/v2\/posts\/12831\/revisions\/12833"}],"wp:featuredmedia":[{"embeddable":true,"href":"https:\/\/volcanes.net\/index.php?rest_route=\/wp\/v2\/media\/12832"}],"wp:attachment":[{"href":"https:\/\/volcanes.net\/index.php?rest_route=%2Fwp%2Fv2%2Fmedia&parent=12831"}],"wp:term":[{"taxonomy":"category","embeddable":true,"href":"https:\/\/volcanes.net\/index.php?rest_route=%2Fwp%2Fv2%2Fcategories&post=12831"},{"taxonomy":"post_tag","embeddable":true,"href":"https:\/\/volcanes.net\/index.php?rest_route=%2Fwp%2Fv2%2Ftags&post=12831"}],"curies":[{"name":"wp","href":"https:\/\/api.w.org\/{rel}","templated":true}]}}