{"id":12852,"date":"2022-05-19T18:17:23","date_gmt":"2022-05-20T00:17:23","guid":{"rendered":"http:\/\/volcanes.net\/?p=12852"},"modified":"2022-05-19T18:17:23","modified_gmt":"2022-05-20T00:17:23","slug":"declaran-validez-de-computos-municipales-de-eleccion-de-atlautla","status":"publish","type":"post","link":"https:\/\/volcanes.net\/?p=12852","title":{"rendered":"Declaran validez de c\u00f3mputos municipales de elecci\u00f3n de Atlautla"},"content":{"rendered":"<div style=\"margin-top: 0px; margin-bottom: 0px;\" class=\"sharethis-inline-share-buttons\" ><\/div><p>Atlautla, Estado de M\u00e9xico.- El Consejo General del Instituto Electoral del Edom\u00e9x concluy\u00f3 los trabajos electorales de la Sesi\u00f3n Ininterrumpida de Seguimiento de C\u00f3mputo Municipal de la Elecci\u00f3n Extraordinaria de Atlautla 2022, esto tras el termino en tiempo y forma del conteo de actas f\u00edsicas y digitales extra\u00eddos de 38 paquetes electorales correspondientes a la elecci\u00f3n de integrantes de Ayuntamiento.<\/p>\n<p>Laura Daniella Dur\u00e1n Ceja, Consejera Presidenta, aclar\u00f3 que se trat\u00f3 de una elecci\u00f3n limpia y sin ning\u00fan tipo de violencia, as\u00ed como agradeci\u00f3 la participaci\u00f3n de la ciudadan\u00eda en este que es su derecho.<\/p>\n<p>Finalmente y tras el desarrollo de este evento, sin ning\u00fan problema o contratiempo, se declar\u00f3 la validez de estas elecciones, dando la mayor\u00eda de boletas a favor de la planilla del Partido de la Revoluci\u00f3n Democr\u00e1tica (PRD).<\/p>\n","protected":false},"excerpt":{"rendered":"<p>Atlautla, Estado de M\u00e9xico.- El Consejo General del Instituto Electoral del Edom\u00e9x concluy\u00f3 los trabajos<\/p>\n","protected":false},"author":1,"featured_media":12853,"comment_status":"open","ping_status":"open","sticky":false,"template":"","format":"standard","meta":{"footnotes":""},"categories":[1],"tags":[80],"class_list":["post-12852","post","type-post","status-publish","format-standard","has-post-thumbnail","hentry","category-municipales","tag-atlautla"],"yoast_head":"<!-- This site is optimized with the Yoast SEO plugin v25.3 - https:\/\/yoast.com\/wordpress\/plugins\/seo\/ -->\n<title>Declaran validez de c\u00f3mputos municipales de elecci\u00f3n de Atlautla - Volcanes<\/title>\n<meta name=\"robots\" content=\"index, follow, max-snippet:-1, max-image-preview:large, max-video-preview:-1\" \/>\n<link rel=\"canonical\" href=\"https:\/\/volcanes.net\/?p=12852\" \/>\n<meta property=\"og:locale\" content=\"es_MX\" \/>\n<meta property=\"og:type\" content=\"article\" \/>\n<meta property=\"og:title\" content=\"Declaran validez de c\u00f3mputos municipales de elecci\u00f3n de Atlautla - Volcanes\" \/>\n<meta property=\"og:description\" content=\"Atlautla, Estado de M\u00e9xico.- El Consejo General del Instituto Electoral del Edom\u00e9x concluy\u00f3 los trabajos\" \/>\n<meta property=\"og:url\" content=\"https:\/\/volcanes.net\/?p=12852\" \/>\n<meta property=\"og:site_name\" content=\"Volcanes\" \/>\n<meta property=\"article:publisher\" content=\"https:\/\/www.facebook.com\/volcanes.net\/\" \/>\n<meta property=\"article:published_time\" content=\"2022-05-20T00:17:23+00:00\" \/>\n<meta property=\"og:image\" content=\"https:\/\/volcanes.net\/wp-content\/uploads\/2022\/05\/05-PM.jpg\" \/>\n\t<meta property=\"og:image:width\" content=\"1200\" \/>\n\t<meta property=\"og:image:height\" content=\"750\" \/>\n\t<meta property=\"og:image:type\" content=\"image\/jpeg\" \/>\n<meta name=\"author\" content=\"admin\" \/>\n<meta name=\"twitter:card\" content=\"summary_large_image\" \/>\n<meta name=\"twitter:label1\" content=\"Escrito por\" \/>\n\t<meta name=\"twitter:data1\" content=\"admin\" \/>\n\t<meta name=\"twitter:label2\" content=\"Tiempo de lectura\" \/>\n\t<meta name=\"twitter:data2\" content=\"1 minuto\" \/>\n<script type=\"application\/ld+json\" class=\"yoast-schema-graph\">{\"@context\":\"https:\/\/schema.org\",\"@graph\":[{\"@type\":\"Article\",\"@id\":\"https:\/\/volcanes.net\/?p=12852#article\",\"isPartOf\":{\"@id\":\"https:\/\/volcanes.net\/?p=12852\"},\"author\":{\"name\":\"admin\",\"@id\":\"https:\/\/volcanes.net\/#\/schema\/person\/4bf0f383940966a4abd53f5048c0e6b9\"},\"headline\":\"Declaran validez de c\u00f3mputos municipales de elecci\u00f3n de Atlautla\",\"datePublished\":\"2022-05-20T00:17:23+00:00\",\"mainEntityOfPage\":{\"@id\":\"https:\/\/volcanes.net\/?p=12852\"},\"wordCount\":158,\"commentCount\":0,\"publisher\":{\"@id\":\"https:\/\/volcanes.net\/#organization\"},\"image\":{\"@id\":\"https:\/\/volcanes.net\/?p=12852#primaryimage\"},\"thumbnailUrl\":\"https:\/\/volcanes.net\/wp-content\/uploads\/2022\/05\/05-PM.jpg\",\"keywords\":[\"Atlautla\"],\"articleSection\":[\"Municipales\"],\"inLanguage\":\"es\",\"potentialAction\":[{\"@type\":\"CommentAction\",\"name\":\"Comment\",\"target\":[\"https:\/\/volcanes.net\/?p=12852#respond\"]}]},{\"@type\":\"WebPage\",\"@id\":\"https:\/\/volcanes.net\/?p=12852\",\"url\":\"https:\/\/volcanes.net\/?p=12852\",\"name\":\"Declaran validez de c\u00f3mputos municipales de elecci\u00f3n de Atlautla - Volcanes\",\"isPartOf\":{\"@id\":\"https:\/\/volcanes.net\/#website\"},\"primaryImageOfPage\":{\"@id\":\"https:\/\/volcanes.net\/?p=12852#primaryimage\"},\"image\":{\"@id\":\"https:\/\/volcanes.net\/?p=12852#primaryimage\"},\"thumbnailUrl\":\"https:\/\/volcanes.net\/wp-content\/uploads\/2022\/05\/05-PM.jpg\",\"datePublished\":\"2022-05-20T00:17:23+00:00\",\"breadcrumb\":{\"@id\":\"https:\/\/volcanes.net\/?p=12852#breadcrumb\"},\"inLanguage\":\"es\",\"potentialAction\":[{\"@type\":\"ReadAction\",\"target\":[\"https:\/\/volcanes.net\/?p=12852\"]}]},{\"@type\":\"ImageObject\",\"inLanguage\":\"es\",\"@id\":\"https:\/\/volcanes.net\/?p=12852#primaryimage\",\"url\":\"https:\/\/volcanes.net\/wp-content\/uploads\/2022\/05\/05-PM.jpg\",\"contentUrl\":\"https:\/\/volcanes.net\/wp-content\/uploads\/2022\/05\/05-PM.jpg\",\"width\":1200,\"height\":750},{\"@type\":\"BreadcrumbList\",\"@id\":\"https:\/\/volcanes.net\/?p=12852#breadcrumb\",\"itemListElement\":[{\"@type\":\"ListItem\",\"position\":1,\"name\":\"Portada\",\"item\":\"https:\/\/volcanes.net\/\"},{\"@type\":\"ListItem\",\"position\":2,\"name\":\"Declaran validez de c\u00f3mputos municipales de elecci\u00f3n de Atlautla\"}]},{\"@type\":\"WebSite\",\"@id\":\"https:\/\/volcanes.net\/#website\",\"url\":\"https:\/\/volcanes.net\/\",\"name\":\"Volcanes.Net\",\"description\":\"Periodismo Profesional\",\"publisher\":{\"@id\":\"https:\/\/volcanes.net\/#organization\"},\"potentialAction\":[{\"@type\":\"SearchAction\",\"target\":{\"@type\":\"EntryPoint\",\"urlTemplate\":\"https:\/\/volcanes.net\/?s={search_term_string}\"},\"query-input\":{\"@type\":\"PropertyValueSpecification\",\"valueRequired\":true,\"valueName\":\"search_term_string\"}}],\"inLanguage\":\"es\"},{\"@type\":\"Organization\",\"@id\":\"https:\/\/volcanes.net\/#organization\",\"name\":\"Grupo Volcanes\",\"url\":\"https:\/\/volcanes.net\/\",\"logo\":{\"@type\":\"ImageObject\",\"inLanguage\":\"es\",\"@id\":\"https:\/\/volcanes.net\/#\/schema\/logo\/image\/\",\"url\":\"http:\/\/volcanes.net\/wp-content\/uploads\/2017\/12\/Avatar2.jpg\",\"contentUrl\":\"http:\/\/volcanes.net\/wp-content\/uploads\/2017\/12\/Avatar2.jpg\",\"width\":378,\"height\":378,\"caption\":\"Grupo Volcanes\"},\"image\":{\"@id\":\"https:\/\/volcanes.net\/#\/schema\/logo\/image\/\"},\"sameAs\":[\"https:\/\/www.facebook.com\/volcanes.net\/\"]},{\"@type\":\"Person\",\"@id\":\"https:\/\/volcanes.net\/#\/schema\/person\/4bf0f383940966a4abd53f5048c0e6b9\",\"name\":\"admin\",\"image\":{\"@type\":\"ImageObject\",\"inLanguage\":\"es\",\"@id\":\"https:\/\/volcanes.net\/#\/schema\/person\/image\/\",\"url\":\"https:\/\/secure.gravatar.com\/avatar\/ca004e6cba8462b8cb7abc86e382930c?s=96&d=mm&r=g\",\"contentUrl\":\"https:\/\/secure.gravatar.com\/avatar\/ca004e6cba8462b8cb7abc86e382930c?s=96&d=mm&r=g\",\"caption\":\"admin\"}}]}<\/script>\n<!-- \/ Yoast SEO plugin. -->","yoast_head_json":{"title":"Declaran validez de c\u00f3mputos municipales de elecci\u00f3n de Atlautla - Volcanes","robots":{"index":"index","follow":"follow","max-snippet":"max-snippet:-1","max-image-preview":"max-image-preview:large","max-video-preview":"max-video-preview:-1"},"canonical":"https:\/\/volcanes.net\/?p=12852","og_locale":"es_MX","og_type":"article","og_title":"Declaran validez de c\u00f3mputos municipales de elecci\u00f3n de Atlautla - Volcanes","og_description":"Atlautla, Estado de M\u00e9xico.- El Consejo General del Instituto Electoral del Edom\u00e9x concluy\u00f3 los trabajos","og_url":"https:\/\/volcanes.net\/?p=12852","og_site_name":"Volcanes","article_publisher":"https:\/\/www.facebook.com\/volcanes.net\/","article_published_time":"2022-05-20T00:17:23+00:00","og_image":[{"width":1200,"height":750,"url":"https:\/\/volcanes.net\/wp-content\/uploads\/2022\/05\/05-PM.jpg","type":"image\/jpeg"}],"author":"admin","twitter_card":"summary_large_image","twitter_misc":{"Escrito por":"admin","Tiempo de lectura":"1 minuto"},"schema":{"@context":"https:\/\/schema.org","@graph":[{"@type":"Article","@id":"https:\/\/volcanes.net\/?p=12852#article","isPartOf":{"@id":"https:\/\/volcanes.net\/?p=12852"},"author":{"name":"admin","@id":"https:\/\/volcanes.net\/#\/schema\/person\/4bf0f383940966a4abd53f5048c0e6b9"},"headline":"Declaran validez de c\u00f3mputos municipales de elecci\u00f3n de Atlautla","datePublished":"2022-05-20T00:17:23+00:00","mainEntityOfPage":{"@id":"https:\/\/volcanes.net\/?p=12852"},"wordCount":158,"commentCount":0,"publisher":{"@id":"https:\/\/volcanes.net\/#organization"},"image":{"@id":"https:\/\/volcanes.net\/?p=12852#primaryimage"},"thumbnailUrl":"https:\/\/volcanes.net\/wp-content\/uploads\/2022\/05\/05-PM.jpg","keywords":["Atlautla"],"articleSection":["Municipales"],"inLanguage":"es","potentialAction":[{"@type":"CommentAction","name":"Comment","target":["https:\/\/volcanes.net\/?p=12852#respond"]}]},{"@type":"WebPage","@id":"https:\/\/volcanes.net\/?p=12852","url":"https:\/\/volcanes.net\/?p=12852","name":"Declaran validez de c\u00f3mputos municipales de elecci\u00f3n de Atlautla - Volcanes","isPartOf":{"@id":"https:\/\/volcanes.net\/#website"},"primaryImageOfPage":{"@id":"https:\/\/volcanes.net\/?p=12852#primaryimage"},"image":{"@id":"https:\/\/volcanes.net\/?p=12852#primaryimage"},"thumbnailUrl":"https:\/\/volcanes.net\/wp-content\/uploads\/2022\/05\/05-PM.jpg","datePublished":"2022-05-20T00:17:23+00:00","breadcrumb":{"@id":"https:\/\/volcanes.net\/?p=12852#breadcrumb"},"inLanguage":"es","potentialAction":[{"@type":"ReadAction","target":["https:\/\/volcanes.net\/?p=12852"]}]},{"@type":"ImageObject","inLanguage":"es","@id":"https:\/\/volcanes.net\/?p=12852#primaryimage","url":"https:\/\/volcanes.net\/wp-content\/uploads\/2022\/05\/05-PM.jpg","contentUrl":"https:\/\/volcanes.net\/wp-content\/uploads\/2022\/05\/05-PM.jpg","width":1200,"height":750},{"@type":"BreadcrumbList","@id":"https:\/\/volcanes.net\/?p=12852#breadcrumb","itemListElement":[{"@type":"ListItem","position":1,"name":"Portada","item":"https:\/\/volcanes.net\/"},{"@type":"ListItem","position":2,"name":"Declaran validez de c\u00f3mputos municipales de elecci\u00f3n de Atlautla"}]},{"@type":"WebSite","@id":"https:\/\/volcanes.net\/#website","url":"https:\/\/volcanes.net\/","name":"Volcanes.Net","description":"Periodismo Profesional","publisher":{"@id":"https:\/\/volcanes.net\/#organization"},"potentialAction":[{"@type":"SearchAction","target":{"@type":"EntryPoint","urlTemplate":"https:\/\/volcanes.net\/?s={search_term_string}"},"query-input":{"@type":"PropertyValueSpecification","valueRequired":true,"valueName":"search_term_string"}}],"inLanguage":"es"},{"@type":"Organization","@id":"https:\/\/volcanes.net\/#organization","name":"Grupo Volcanes","url":"https:\/\/volcanes.net\/","logo":{"@type":"ImageObject","inLanguage":"es","@id":"https:\/\/volcanes.net\/#\/schema\/logo\/image\/","url":"http:\/\/volcanes.net\/wp-content\/uploads\/2017\/12\/Avatar2.jpg","contentUrl":"http:\/\/volcanes.net\/wp-content\/uploads\/2017\/12\/Avatar2.jpg","width":378,"height":378,"caption":"Grupo Volcanes"},"image":{"@id":"https:\/\/volcanes.net\/#\/schema\/logo\/image\/"},"sameAs":["https:\/\/www.facebook.com\/volcanes.net\/"]},{"@type":"Person","@id":"https:\/\/volcanes.net\/#\/schema\/person\/4bf0f383940966a4abd53f5048c0e6b9","name":"admin","image":{"@type":"ImageObject","inLanguage":"es","@id":"https:\/\/volcanes.net\/#\/schema\/person\/image\/","url":"https:\/\/secure.gravatar.com\/avatar\/ca004e6cba8462b8cb7abc86e382930c?s=96&d=mm&r=g","contentUrl":"https:\/\/secure.gravatar.com\/avatar\/ca004e6cba8462b8cb7abc86e382930c?s=96&d=mm&r=g","caption":"admin"}}]}},"_links":{"self":[{"href":"https:\/\/volcanes.net\/index.php?rest_route=\/wp\/v2\/posts\/12852"}],"collection":[{"href":"https:\/\/volcanes.net\/index.php?rest_route=\/wp\/v2\/posts"}],"about":[{"href":"https:\/\/volcanes.net\/index.php?rest_route=\/wp\/v2\/types\/post"}],"author":[{"embeddable":true,"href":"https:\/\/volcanes.net\/index.php?rest_route=\/wp\/v2\/users\/1"}],"replies":[{"embeddable":true,"href":"https:\/\/volcanes.net\/index.php?rest_route=%2Fwp%2Fv2%2Fcomments&post=12852"}],"version-history":[{"count":1,"href":"https:\/\/volcanes.net\/index.php?rest_route=\/wp\/v2\/posts\/12852\/revisions"}],"predecessor-version":[{"id":12854,"href":"https:\/\/volcanes.net\/index.php?rest_route=\/wp\/v2\/posts\/12852\/revisions\/12854"}],"wp:featuredmedia":[{"embeddable":true,"href":"https:\/\/volcanes.net\/index.php?rest_route=\/wp\/v2\/media\/12853"}],"wp:attachment":[{"href":"https:\/\/volcanes.net\/index.php?rest_route=%2Fwp%2Fv2%2Fmedia&parent=12852"}],"wp:term":[{"taxonomy":"category","embeddable":true,"href":"https:\/\/volcanes.net\/index.php?rest_route=%2Fwp%2Fv2%2Fcategories&post=12852"},{"taxonomy":"post_tag","embeddable":true,"href":"https:\/\/volcanes.net\/index.php?rest_route=%2Fwp%2Fv2%2Ftags&post=12852"}],"curies":[{"name":"wp","href":"https:\/\/api.w.org\/{rel}","templated":true}]}}