{"id":12860,"date":"2022-05-24T14:21:28","date_gmt":"2022-05-24T20:21:28","guid":{"rendered":"http:\/\/volcanes.net\/?p=12860"},"modified":"2022-05-24T14:21:28","modified_gmt":"2022-05-24T20:21:28","slug":"probosque-capacita-a-productores-forestales-sobre-el-aprovechamiento-del-carbon-vegetal","status":"publish","type":"post","link":"https:\/\/volcanes.net\/?p=12860","title":{"rendered":"Probosque capacita a productores forestales sobre el aprovechamiento del carb\u00f3n vegetal"},"content":{"rendered":"<div style=\"margin-top: 0px; margin-bottom: 0px;\" class=\"sharethis-inline-share-buttons\" ><\/div><ul>\n<li>Producen carb\u00f3n de mayor pureza y alta calidad de exportaci\u00f3n con hornos met\u00e1licos tipo CEVAG.<\/li>\n<li>Participan integrantes de nueve n\u00facleos agrarios, con Programa de Manejo Forestal vigente.<\/li>\n<\/ul>\n<p>&nbsp;<\/p>\n<p>Amecameca, Estado de M\u00e9xico.- Con la finalidad de mejorar las t\u00e9cnicas y metodolog\u00edas e impulsar el aprovechamiento sustentable de los recursos forestales en la entidad, la Secretar\u00eda del Campo y la Protectora de Bosques (Probosque) organizaron el curso Curso-Taller de Producci\u00f3n de Carb\u00f3n Vegetal en hornos met\u00e1licos tipo \u201cCEVAG\u201d.<\/p>\n<p>Este curso se desarroll\u00f3 durante dos d\u00edas en la regi\u00f3n forestal Amecameca, a trav\u00e9s del convenio de intercambio de tecnolog\u00eda e investigaci\u00f3n, que se tiene con el Instituto Nacional de Investigaciones Forestales, Agr\u00edcolas y Pecuarias (INIFAP).<\/p>\n<p>Destac\u00f3 la participaci\u00f3n de integrantes de los Bienes Comunales Amecameca: Santa Isabel Chalma y Santiago Cuauhtenco, de los ejidos Tlalmanalco: Emiliano Zapata, San Mart\u00edn Cuautlalpan y R\u00edo Fr\u00edo, as\u00ed como de los N\u00facleos Agrarios de Chalco: Santa Catarina Ayotzingo, San Juan Tezompa y San Pablo Atlazalpan.<\/p>\n<p>A trav\u00e9s de din\u00e1micas y actividades colectivas, las y los participantes aprendieron a identificar las partes que integran un horno met\u00e1lico de tipo CEVAG, y su funcionamiento, con la finalidad de crear carb\u00f3n org\u00e1nico de mejor calidad, en menor tiempo y con mayor seguridad.<\/p>\n<p>El curso se llev\u00f3 a cabo en las instalaciones de la Productora de Carb\u00f3n Vegetal del Ejido Emiliano Zapata, en Amecameca, y se complement\u00f3 con una pr\u00e1ctica de serigraf\u00eda para elaborar los empaques en bolsas de papel kraft y, de esta manera, agregar valor al producto.<\/p>\n<p>Entre las ventajas de utilizar este tipo de hornos destaca la producci\u00f3n de carb\u00f3n de mayor pureza con calidad de exportaci\u00f3n, y la reducci\u00f3n en el tiempo de carbonizaci\u00f3n de la madera a s\u00f3lo cinco d\u00edas; mientras que, en m\u00e9todos tradicionales con el horno de tierra, tarda hasta 14 d\u00edas.<\/p>\n<p>Con esta tecnolog\u00eda tambi\u00e9n se reducen costos y riesgos de incidentes durante la producci\u00f3n.<\/p>\n<p>Probosque refrenda su compromiso por impulsar proyectos que, de manera sustentable, generen una econom\u00eda verde que permita el desarrollo de las comunidades forestales y el notable inter\u00e9s que tienen los beneficiarios por capacitarse y buscar alternativas cada vez m\u00e1s sustentables.<\/p>\n<p>Para conocer m\u00e1s acerca de la labor de Probosque, las autoridades invitan a visitar las redes sociales, Facebook @Probosque Edomex y Twitter @Probosque_, as\u00ed como el sitio web probosque.edomex.gob.mx.<\/p>\n","protected":false},"excerpt":{"rendered":"<p>Producen carb\u00f3n de mayor pureza y alta calidad de exportaci\u00f3n con hornos met\u00e1licos tipo CEVAG.<\/p>\n","protected":false},"author":1,"featured_media":12861,"comment_status":"open","ping_status":"open","sticky":false,"template":"","format":"standard","meta":{"footnotes":""},"categories":[1],"tags":[7],"class_list":["post-12860","post","type-post","status-publish","format-standard","has-post-thumbnail","hentry","category-municipales","tag-amecameca"],"yoast_head":"<!-- This site is optimized with the Yoast SEO plugin v25.3 - https:\/\/yoast.com\/wordpress\/plugins\/seo\/ -->\n<title>Probosque capacita a productores forestales sobre el aprovechamiento del carb\u00f3n vegetal - Volcanes<\/title>\n<meta name=\"robots\" content=\"index, follow, max-snippet:-1, max-image-preview:large, max-video-preview:-1\" \/>\n<link rel=\"canonical\" href=\"https:\/\/volcanes.net\/?p=12860\" \/>\n<meta property=\"og:locale\" content=\"es_MX\" \/>\n<meta property=\"og:type\" content=\"article\" \/>\n<meta property=\"og:title\" content=\"Probosque capacita a productores forestales sobre el aprovechamiento del carb\u00f3n vegetal - Volcanes\" \/>\n<meta property=\"og:description\" content=\"Producen carb\u00f3n de mayor pureza y alta calidad de exportaci\u00f3n con hornos met\u00e1licos tipo CEVAG.\" \/>\n<meta property=\"og:url\" content=\"https:\/\/volcanes.net\/?p=12860\" \/>\n<meta property=\"og:site_name\" content=\"Volcanes\" \/>\n<meta property=\"article:publisher\" content=\"https:\/\/www.facebook.com\/volcanes.net\/\" \/>\n<meta property=\"article:published_time\" content=\"2022-05-24T20:21:28+00:00\" \/>\n<meta property=\"og:image\" content=\"https:\/\/volcanes.net\/wp-content\/uploads\/2022\/05\/IMG-20220524-WA0005.jpg\" \/>\n\t<meta property=\"og:image:width\" content=\"1280\" \/>\n\t<meta property=\"og:image:height\" content=\"788\" \/>\n\t<meta property=\"og:image:type\" content=\"image\/jpeg\" \/>\n<meta name=\"author\" content=\"admin\" \/>\n<meta name=\"twitter:card\" content=\"summary_large_image\" \/>\n<meta name=\"twitter:label1\" content=\"Escrito por\" \/>\n\t<meta name=\"twitter:data1\" content=\"admin\" \/>\n\t<meta name=\"twitter:label2\" content=\"Tiempo de lectura\" \/>\n\t<meta name=\"twitter:data2\" content=\"2 minutos\" \/>\n<script type=\"application\/ld+json\" class=\"yoast-schema-graph\">{\"@context\":\"https:\/\/schema.org\",\"@graph\":[{\"@type\":\"Article\",\"@id\":\"https:\/\/volcanes.net\/?p=12860#article\",\"isPartOf\":{\"@id\":\"https:\/\/volcanes.net\/?p=12860\"},\"author\":{\"name\":\"admin\",\"@id\":\"https:\/\/volcanes.net\/#\/schema\/person\/4bf0f383940966a4abd53f5048c0e6b9\"},\"headline\":\"Probosque capacita a productores forestales sobre el aprovechamiento del carb\u00f3n vegetal\",\"datePublished\":\"2022-05-24T20:21:28+00:00\",\"mainEntityOfPage\":{\"@id\":\"https:\/\/volcanes.net\/?p=12860\"},\"wordCount\":443,\"commentCount\":0,\"publisher\":{\"@id\":\"https:\/\/volcanes.net\/#organization\"},\"image\":{\"@id\":\"https:\/\/volcanes.net\/?p=12860#primaryimage\"},\"thumbnailUrl\":\"https:\/\/volcanes.net\/wp-content\/uploads\/2022\/05\/IMG-20220524-WA0005.jpg\",\"keywords\":[\"Amecameca\"],\"articleSection\":[\"Municipales\"],\"inLanguage\":\"es\",\"potentialAction\":[{\"@type\":\"CommentAction\",\"name\":\"Comment\",\"target\":[\"https:\/\/volcanes.net\/?p=12860#respond\"]}]},{\"@type\":\"WebPage\",\"@id\":\"https:\/\/volcanes.net\/?p=12860\",\"url\":\"https:\/\/volcanes.net\/?p=12860\",\"name\":\"Probosque capacita a productores forestales sobre el aprovechamiento del carb\u00f3n vegetal - Volcanes\",\"isPartOf\":{\"@id\":\"https:\/\/volcanes.net\/#website\"},\"primaryImageOfPage\":{\"@id\":\"https:\/\/volcanes.net\/?p=12860#primaryimage\"},\"image\":{\"@id\":\"https:\/\/volcanes.net\/?p=12860#primaryimage\"},\"thumbnailUrl\":\"https:\/\/volcanes.net\/wp-content\/uploads\/2022\/05\/IMG-20220524-WA0005.jpg\",\"datePublished\":\"2022-05-24T20:21:28+00:00\",\"breadcrumb\":{\"@id\":\"https:\/\/volcanes.net\/?p=12860#breadcrumb\"},\"inLanguage\":\"es\",\"potentialAction\":[{\"@type\":\"ReadAction\",\"target\":[\"https:\/\/volcanes.net\/?p=12860\"]}]},{\"@type\":\"ImageObject\",\"inLanguage\":\"es\",\"@id\":\"https:\/\/volcanes.net\/?p=12860#primaryimage\",\"url\":\"https:\/\/volcanes.net\/wp-content\/uploads\/2022\/05\/IMG-20220524-WA0005.jpg\",\"contentUrl\":\"https:\/\/volcanes.net\/wp-content\/uploads\/2022\/05\/IMG-20220524-WA0005.jpg\",\"width\":1280,\"height\":788},{\"@type\":\"BreadcrumbList\",\"@id\":\"https:\/\/volcanes.net\/?p=12860#breadcrumb\",\"itemListElement\":[{\"@type\":\"ListItem\",\"position\":1,\"name\":\"Portada\",\"item\":\"https:\/\/volcanes.net\/\"},{\"@type\":\"ListItem\",\"position\":2,\"name\":\"Probosque capacita a productores forestales sobre el aprovechamiento del carb\u00f3n vegetal\"}]},{\"@type\":\"WebSite\",\"@id\":\"https:\/\/volcanes.net\/#website\",\"url\":\"https:\/\/volcanes.net\/\",\"name\":\"Volcanes.Net\",\"description\":\"Periodismo Profesional\",\"publisher\":{\"@id\":\"https:\/\/volcanes.net\/#organization\"},\"potentialAction\":[{\"@type\":\"SearchAction\",\"target\":{\"@type\":\"EntryPoint\",\"urlTemplate\":\"https:\/\/volcanes.net\/?s={search_term_string}\"},\"query-input\":{\"@type\":\"PropertyValueSpecification\",\"valueRequired\":true,\"valueName\":\"search_term_string\"}}],\"inLanguage\":\"es\"},{\"@type\":\"Organization\",\"@id\":\"https:\/\/volcanes.net\/#organization\",\"name\":\"Grupo Volcanes\",\"url\":\"https:\/\/volcanes.net\/\",\"logo\":{\"@type\":\"ImageObject\",\"inLanguage\":\"es\",\"@id\":\"https:\/\/volcanes.net\/#\/schema\/logo\/image\/\",\"url\":\"http:\/\/volcanes.net\/wp-content\/uploads\/2017\/12\/Avatar2.jpg\",\"contentUrl\":\"http:\/\/volcanes.net\/wp-content\/uploads\/2017\/12\/Avatar2.jpg\",\"width\":378,\"height\":378,\"caption\":\"Grupo Volcanes\"},\"image\":{\"@id\":\"https:\/\/volcanes.net\/#\/schema\/logo\/image\/\"},\"sameAs\":[\"https:\/\/www.facebook.com\/volcanes.net\/\"]},{\"@type\":\"Person\",\"@id\":\"https:\/\/volcanes.net\/#\/schema\/person\/4bf0f383940966a4abd53f5048c0e6b9\",\"name\":\"admin\",\"image\":{\"@type\":\"ImageObject\",\"inLanguage\":\"es\",\"@id\":\"https:\/\/volcanes.net\/#\/schema\/person\/image\/\",\"url\":\"https:\/\/secure.gravatar.com\/avatar\/ca004e6cba8462b8cb7abc86e382930c?s=96&d=mm&r=g\",\"contentUrl\":\"https:\/\/secure.gravatar.com\/avatar\/ca004e6cba8462b8cb7abc86e382930c?s=96&d=mm&r=g\",\"caption\":\"admin\"}}]}<\/script>\n<!-- \/ Yoast SEO plugin. -->","yoast_head_json":{"title":"Probosque capacita a productores forestales sobre el aprovechamiento del carb\u00f3n vegetal - Volcanes","robots":{"index":"index","follow":"follow","max-snippet":"max-snippet:-1","max-image-preview":"max-image-preview:large","max-video-preview":"max-video-preview:-1"},"canonical":"https:\/\/volcanes.net\/?p=12860","og_locale":"es_MX","og_type":"article","og_title":"Probosque capacita a productores forestales sobre el aprovechamiento del carb\u00f3n vegetal - Volcanes","og_description":"Producen carb\u00f3n de mayor pureza y alta calidad de exportaci\u00f3n con hornos met\u00e1licos tipo CEVAG.","og_url":"https:\/\/volcanes.net\/?p=12860","og_site_name":"Volcanes","article_publisher":"https:\/\/www.facebook.com\/volcanes.net\/","article_published_time":"2022-05-24T20:21:28+00:00","og_image":[{"width":1280,"height":788,"url":"https:\/\/volcanes.net\/wp-content\/uploads\/2022\/05\/IMG-20220524-WA0005.jpg","type":"image\/jpeg"}],"author":"admin","twitter_card":"summary_large_image","twitter_misc":{"Escrito por":"admin","Tiempo de lectura":"2 minutos"},"schema":{"@context":"https:\/\/schema.org","@graph":[{"@type":"Article","@id":"https:\/\/volcanes.net\/?p=12860#article","isPartOf":{"@id":"https:\/\/volcanes.net\/?p=12860"},"author":{"name":"admin","@id":"https:\/\/volcanes.net\/#\/schema\/person\/4bf0f383940966a4abd53f5048c0e6b9"},"headline":"Probosque capacita a productores forestales sobre el aprovechamiento del carb\u00f3n vegetal","datePublished":"2022-05-24T20:21:28+00:00","mainEntityOfPage":{"@id":"https:\/\/volcanes.net\/?p=12860"},"wordCount":443,"commentCount":0,"publisher":{"@id":"https:\/\/volcanes.net\/#organization"},"image":{"@id":"https:\/\/volcanes.net\/?p=12860#primaryimage"},"thumbnailUrl":"https:\/\/volcanes.net\/wp-content\/uploads\/2022\/05\/IMG-20220524-WA0005.jpg","keywords":["Amecameca"],"articleSection":["Municipales"],"inLanguage":"es","potentialAction":[{"@type":"CommentAction","name":"Comment","target":["https:\/\/volcanes.net\/?p=12860#respond"]}]},{"@type":"WebPage","@id":"https:\/\/volcanes.net\/?p=12860","url":"https:\/\/volcanes.net\/?p=12860","name":"Probosque capacita a productores forestales sobre el aprovechamiento del carb\u00f3n vegetal - Volcanes","isPartOf":{"@id":"https:\/\/volcanes.net\/#website"},"primaryImageOfPage":{"@id":"https:\/\/volcanes.net\/?p=12860#primaryimage"},"image":{"@id":"https:\/\/volcanes.net\/?p=12860#primaryimage"},"thumbnailUrl":"https:\/\/volcanes.net\/wp-content\/uploads\/2022\/05\/IMG-20220524-WA0005.jpg","datePublished":"2022-05-24T20:21:28+00:00","breadcrumb":{"@id":"https:\/\/volcanes.net\/?p=12860#breadcrumb"},"inLanguage":"es","potentialAction":[{"@type":"ReadAction","target":["https:\/\/volcanes.net\/?p=12860"]}]},{"@type":"ImageObject","inLanguage":"es","@id":"https:\/\/volcanes.net\/?p=12860#primaryimage","url":"https:\/\/volcanes.net\/wp-content\/uploads\/2022\/05\/IMG-20220524-WA0005.jpg","contentUrl":"https:\/\/volcanes.net\/wp-content\/uploads\/2022\/05\/IMG-20220524-WA0005.jpg","width":1280,"height":788},{"@type":"BreadcrumbList","@id":"https:\/\/volcanes.net\/?p=12860#breadcrumb","itemListElement":[{"@type":"ListItem","position":1,"name":"Portada","item":"https:\/\/volcanes.net\/"},{"@type":"ListItem","position":2,"name":"Probosque capacita a productores forestales sobre el aprovechamiento del carb\u00f3n vegetal"}]},{"@type":"WebSite","@id":"https:\/\/volcanes.net\/#website","url":"https:\/\/volcanes.net\/","name":"Volcanes.Net","description":"Periodismo Profesional","publisher":{"@id":"https:\/\/volcanes.net\/#organization"},"potentialAction":[{"@type":"SearchAction","target":{"@type":"EntryPoint","urlTemplate":"https:\/\/volcanes.net\/?s={search_term_string}"},"query-input":{"@type":"PropertyValueSpecification","valueRequired":true,"valueName":"search_term_string"}}],"inLanguage":"es"},{"@type":"Organization","@id":"https:\/\/volcanes.net\/#organization","name":"Grupo Volcanes","url":"https:\/\/volcanes.net\/","logo":{"@type":"ImageObject","inLanguage":"es","@id":"https:\/\/volcanes.net\/#\/schema\/logo\/image\/","url":"http:\/\/volcanes.net\/wp-content\/uploads\/2017\/12\/Avatar2.jpg","contentUrl":"http:\/\/volcanes.net\/wp-content\/uploads\/2017\/12\/Avatar2.jpg","width":378,"height":378,"caption":"Grupo Volcanes"},"image":{"@id":"https:\/\/volcanes.net\/#\/schema\/logo\/image\/"},"sameAs":["https:\/\/www.facebook.com\/volcanes.net\/"]},{"@type":"Person","@id":"https:\/\/volcanes.net\/#\/schema\/person\/4bf0f383940966a4abd53f5048c0e6b9","name":"admin","image":{"@type":"ImageObject","inLanguage":"es","@id":"https:\/\/volcanes.net\/#\/schema\/person\/image\/","url":"https:\/\/secure.gravatar.com\/avatar\/ca004e6cba8462b8cb7abc86e382930c?s=96&d=mm&r=g","contentUrl":"https:\/\/secure.gravatar.com\/avatar\/ca004e6cba8462b8cb7abc86e382930c?s=96&d=mm&r=g","caption":"admin"}}]}},"_links":{"self":[{"href":"https:\/\/volcanes.net\/index.php?rest_route=\/wp\/v2\/posts\/12860"}],"collection":[{"href":"https:\/\/volcanes.net\/index.php?rest_route=\/wp\/v2\/posts"}],"about":[{"href":"https:\/\/volcanes.net\/index.php?rest_route=\/wp\/v2\/types\/post"}],"author":[{"embeddable":true,"href":"https:\/\/volcanes.net\/index.php?rest_route=\/wp\/v2\/users\/1"}],"replies":[{"embeddable":true,"href":"https:\/\/volcanes.net\/index.php?rest_route=%2Fwp%2Fv2%2Fcomments&post=12860"}],"version-history":[{"count":1,"href":"https:\/\/volcanes.net\/index.php?rest_route=\/wp\/v2\/posts\/12860\/revisions"}],"predecessor-version":[{"id":12862,"href":"https:\/\/volcanes.net\/index.php?rest_route=\/wp\/v2\/posts\/12860\/revisions\/12862"}],"wp:featuredmedia":[{"embeddable":true,"href":"https:\/\/volcanes.net\/index.php?rest_route=\/wp\/v2\/media\/12861"}],"wp:attachment":[{"href":"https:\/\/volcanes.net\/index.php?rest_route=%2Fwp%2Fv2%2Fmedia&parent=12860"}],"wp:term":[{"taxonomy":"category","embeddable":true,"href":"https:\/\/volcanes.net\/index.php?rest_route=%2Fwp%2Fv2%2Fcategories&post=12860"},{"taxonomy":"post_tag","embeddable":true,"href":"https:\/\/volcanes.net\/index.php?rest_route=%2Fwp%2Fv2%2Ftags&post=12860"}],"curies":[{"name":"wp","href":"https:\/\/api.w.org\/{rel}","templated":true}]}}