{"id":12869,"date":"2022-05-25T17:58:40","date_gmt":"2022-05-25T23:58:40","guid":{"rendered":"http:\/\/volcanes.net\/?p=12869"},"modified":"2022-05-25T17:58:40","modified_gmt":"2022-05-25T23:58:40","slug":"ex-alcalde-de-neza-buscara-gubernatura-del-edomex-por-morena","status":"publish","type":"post","link":"https:\/\/volcanes.net\/?p=12869","title":{"rendered":"Ex alcalde de Neza buscar\u00e1 gubernatura del Edom\u00e9x por Morena"},"content":{"rendered":"<div style=\"margin-top: 0px; margin-bottom: 0px;\" class=\"sharethis-inline-share-buttons\" ><\/div><p>Nezahualc\u00f3yotl, Estado de M\u00e9xico.- Juan Hugo de la Rosa Garc\u00eda, expresidente del municipio de Nezahualc\u00f3yotl, buscar\u00e1 la candidatura a gobernador del Estado de M\u00e9xico con el Partido Morena; as\u00ed mismo, dijo que esperar\u00e1 los tiempos correctos para la elecci\u00f3n de gobernador.<\/p>\n<p>Afirma que el triunfo podr\u00e1 concretarse con la uni\u00f3n de fuerzas progresistas, de lo contrario no habr\u00e1 alternancia en el estado: &#8220;las diversas encuestas manifiestan que la gente quiere un cambio para dejar atr\u00e1s a la derecha&#8221;.<\/p>\n<p>A trav\u00e9s de una conferencia de prensa, el expresidente de Neza dijo que la derecha en el gobierno carece de estrategias integrales que permitan llevar seguridad a todos los mexiquenses.<\/p>\n<p>Por otra parte, Adolfo Cerqueda Rebollo invita a aquellos grupos o fuerzas pol\u00edticas, tal es el caso de Fuerza por M\u00e9xico, Partido Verde, Partido del Trabajo o Nueva Alianza, a que no se representen con la derecha y puedan aportar nuevas soluciones sociales.<\/p>\n<p>&#8220;Unidos por un mejor M\u00e9xico promover\u00e1 que todas las fuerzas de izquierda lleguen a un verdadero cambio para los m\u00e1s necesitados y los que d\u00eda con d\u00eda luchen por salir adelante&#8221;, dijo.<\/p>\n<p>Durante conferencia de prensa, De la Rosa Garc\u00eda coment\u00f3 su preocupaci\u00f3n ante la falta de inversi\u00f3n en el sector salud, se\u00f1alando corrupci\u00f3n por parte de la Polic\u00eda Estatal y la carencia de atenci\u00f3n por parte de la Procuradur\u00eda de Justicia.<\/p>\n<p>Por \u00faltimo, se\u00f1alaron que impulsaron nuevas estrategias para unir esfuerzos para constituir una nueva fuerza pol\u00edtica de izquierda.<\/p>\n","protected":false},"excerpt":{"rendered":"<p>Nezahualc\u00f3yotl, Estado de M\u00e9xico.- Juan Hugo de la Rosa Garc\u00eda, expresidente del municipio de Nezahualc\u00f3yotl,<\/p>\n","protected":false},"author":1,"featured_media":12870,"comment_status":"open","ping_status":"open","sticky":false,"template":"","format":"standard","meta":{"footnotes":""},"categories":[1],"tags":[21],"class_list":["post-12869","post","type-post","status-publish","format-standard","has-post-thumbnail","hentry","category-municipales","tag-nezahualcoyotl"],"yoast_head":"<!-- This site is optimized with the Yoast SEO plugin v25.3 - https:\/\/yoast.com\/wordpress\/plugins\/seo\/ -->\n<title>Ex alcalde de Neza buscar\u00e1 gubernatura del Edom\u00e9x por Morena - Volcanes<\/title>\n<meta name=\"robots\" content=\"index, follow, max-snippet:-1, max-image-preview:large, max-video-preview:-1\" \/>\n<link rel=\"canonical\" href=\"https:\/\/volcanes.net\/?p=12869\" \/>\n<meta property=\"og:locale\" content=\"es_MX\" \/>\n<meta property=\"og:type\" content=\"article\" \/>\n<meta property=\"og:title\" content=\"Ex alcalde de Neza buscar\u00e1 gubernatura del Edom\u00e9x por Morena - Volcanes\" \/>\n<meta property=\"og:description\" content=\"Nezahualc\u00f3yotl, Estado de M\u00e9xico.- Juan Hugo de la Rosa Garc\u00eda, expresidente del municipio de Nezahualc\u00f3yotl,\" \/>\n<meta property=\"og:url\" content=\"https:\/\/volcanes.net\/?p=12869\" \/>\n<meta property=\"og:site_name\" content=\"Volcanes\" \/>\n<meta property=\"article:publisher\" content=\"https:\/\/www.facebook.com\/volcanes.net\/\" \/>\n<meta property=\"article:published_time\" content=\"2022-05-25T23:58:40+00:00\" \/>\n<meta property=\"og:image\" content=\"https:\/\/volcanes.net\/wp-content\/uploads\/2022\/05\/IMG-20220525-WA0005.jpg\" \/>\n\t<meta property=\"og:image:width\" content=\"768\" \/>\n\t<meta property=\"og:image:height\" content=\"479\" \/>\n\t<meta property=\"og:image:type\" content=\"image\/jpeg\" \/>\n<meta name=\"author\" content=\"admin\" \/>\n<meta name=\"twitter:card\" content=\"summary_large_image\" \/>\n<meta name=\"twitter:label1\" content=\"Escrito por\" \/>\n\t<meta name=\"twitter:data1\" content=\"admin\" \/>\n\t<meta name=\"twitter:label2\" content=\"Tiempo de lectura\" \/>\n\t<meta name=\"twitter:data2\" content=\"2 minutos\" \/>\n<script type=\"application\/ld+json\" class=\"yoast-schema-graph\">{\"@context\":\"https:\/\/schema.org\",\"@graph\":[{\"@type\":\"Article\",\"@id\":\"https:\/\/volcanes.net\/?p=12869#article\",\"isPartOf\":{\"@id\":\"https:\/\/volcanes.net\/?p=12869\"},\"author\":{\"name\":\"admin\",\"@id\":\"https:\/\/volcanes.net\/#\/schema\/person\/4bf0f383940966a4abd53f5048c0e6b9\"},\"headline\":\"Ex alcalde de Neza buscar\u00e1 gubernatura del Edom\u00e9x por Morena\",\"datePublished\":\"2022-05-25T23:58:40+00:00\",\"mainEntityOfPage\":{\"@id\":\"https:\/\/volcanes.net\/?p=12869\"},\"wordCount\":278,\"commentCount\":0,\"publisher\":{\"@id\":\"https:\/\/volcanes.net\/#organization\"},\"image\":{\"@id\":\"https:\/\/volcanes.net\/?p=12869#primaryimage\"},\"thumbnailUrl\":\"https:\/\/volcanes.net\/wp-content\/uploads\/2022\/05\/IMG-20220525-WA0005.jpg\",\"keywords\":[\"Nezahualc\u00f3yotl\"],\"articleSection\":[\"Municipales\"],\"inLanguage\":\"es\",\"potentialAction\":[{\"@type\":\"CommentAction\",\"name\":\"Comment\",\"target\":[\"https:\/\/volcanes.net\/?p=12869#respond\"]}]},{\"@type\":\"WebPage\",\"@id\":\"https:\/\/volcanes.net\/?p=12869\",\"url\":\"https:\/\/volcanes.net\/?p=12869\",\"name\":\"Ex alcalde de Neza buscar\u00e1 gubernatura del Edom\u00e9x por Morena - Volcanes\",\"isPartOf\":{\"@id\":\"https:\/\/volcanes.net\/#website\"},\"primaryImageOfPage\":{\"@id\":\"https:\/\/volcanes.net\/?p=12869#primaryimage\"},\"image\":{\"@id\":\"https:\/\/volcanes.net\/?p=12869#primaryimage\"},\"thumbnailUrl\":\"https:\/\/volcanes.net\/wp-content\/uploads\/2022\/05\/IMG-20220525-WA0005.jpg\",\"datePublished\":\"2022-05-25T23:58:40+00:00\",\"breadcrumb\":{\"@id\":\"https:\/\/volcanes.net\/?p=12869#breadcrumb\"},\"inLanguage\":\"es\",\"potentialAction\":[{\"@type\":\"ReadAction\",\"target\":[\"https:\/\/volcanes.net\/?p=12869\"]}]},{\"@type\":\"ImageObject\",\"inLanguage\":\"es\",\"@id\":\"https:\/\/volcanes.net\/?p=12869#primaryimage\",\"url\":\"https:\/\/volcanes.net\/wp-content\/uploads\/2022\/05\/IMG-20220525-WA0005.jpg\",\"contentUrl\":\"https:\/\/volcanes.net\/wp-content\/uploads\/2022\/05\/IMG-20220525-WA0005.jpg\",\"width\":768,\"height\":479},{\"@type\":\"BreadcrumbList\",\"@id\":\"https:\/\/volcanes.net\/?p=12869#breadcrumb\",\"itemListElement\":[{\"@type\":\"ListItem\",\"position\":1,\"name\":\"Portada\",\"item\":\"https:\/\/volcanes.net\/\"},{\"@type\":\"ListItem\",\"position\":2,\"name\":\"Ex alcalde de Neza buscar\u00e1 gubernatura del Edom\u00e9x por Morena\"}]},{\"@type\":\"WebSite\",\"@id\":\"https:\/\/volcanes.net\/#website\",\"url\":\"https:\/\/volcanes.net\/\",\"name\":\"Volcanes.Net\",\"description\":\"Periodismo Profesional\",\"publisher\":{\"@id\":\"https:\/\/volcanes.net\/#organization\"},\"potentialAction\":[{\"@type\":\"SearchAction\",\"target\":{\"@type\":\"EntryPoint\",\"urlTemplate\":\"https:\/\/volcanes.net\/?s={search_term_string}\"},\"query-input\":{\"@type\":\"PropertyValueSpecification\",\"valueRequired\":true,\"valueName\":\"search_term_string\"}}],\"inLanguage\":\"es\"},{\"@type\":\"Organization\",\"@id\":\"https:\/\/volcanes.net\/#organization\",\"name\":\"Grupo Volcanes\",\"url\":\"https:\/\/volcanes.net\/\",\"logo\":{\"@type\":\"ImageObject\",\"inLanguage\":\"es\",\"@id\":\"https:\/\/volcanes.net\/#\/schema\/logo\/image\/\",\"url\":\"http:\/\/volcanes.net\/wp-content\/uploads\/2017\/12\/Avatar2.jpg\",\"contentUrl\":\"http:\/\/volcanes.net\/wp-content\/uploads\/2017\/12\/Avatar2.jpg\",\"width\":378,\"height\":378,\"caption\":\"Grupo Volcanes\"},\"image\":{\"@id\":\"https:\/\/volcanes.net\/#\/schema\/logo\/image\/\"},\"sameAs\":[\"https:\/\/www.facebook.com\/volcanes.net\/\"]},{\"@type\":\"Person\",\"@id\":\"https:\/\/volcanes.net\/#\/schema\/person\/4bf0f383940966a4abd53f5048c0e6b9\",\"name\":\"admin\",\"image\":{\"@type\":\"ImageObject\",\"inLanguage\":\"es\",\"@id\":\"https:\/\/volcanes.net\/#\/schema\/person\/image\/\",\"url\":\"https:\/\/secure.gravatar.com\/avatar\/ca004e6cba8462b8cb7abc86e382930c?s=96&d=mm&r=g\",\"contentUrl\":\"https:\/\/secure.gravatar.com\/avatar\/ca004e6cba8462b8cb7abc86e382930c?s=96&d=mm&r=g\",\"caption\":\"admin\"}}]}<\/script>\n<!-- \/ Yoast SEO plugin. -->","yoast_head_json":{"title":"Ex alcalde de Neza buscar\u00e1 gubernatura del Edom\u00e9x por Morena - Volcanes","robots":{"index":"index","follow":"follow","max-snippet":"max-snippet:-1","max-image-preview":"max-image-preview:large","max-video-preview":"max-video-preview:-1"},"canonical":"https:\/\/volcanes.net\/?p=12869","og_locale":"es_MX","og_type":"article","og_title":"Ex alcalde de Neza buscar\u00e1 gubernatura del Edom\u00e9x por Morena - Volcanes","og_description":"Nezahualc\u00f3yotl, Estado de M\u00e9xico.- Juan Hugo de la Rosa Garc\u00eda, expresidente del municipio de Nezahualc\u00f3yotl,","og_url":"https:\/\/volcanes.net\/?p=12869","og_site_name":"Volcanes","article_publisher":"https:\/\/www.facebook.com\/volcanes.net\/","article_published_time":"2022-05-25T23:58:40+00:00","og_image":[{"width":768,"height":479,"url":"https:\/\/volcanes.net\/wp-content\/uploads\/2022\/05\/IMG-20220525-WA0005.jpg","type":"image\/jpeg"}],"author":"admin","twitter_card":"summary_large_image","twitter_misc":{"Escrito por":"admin","Tiempo de lectura":"2 minutos"},"schema":{"@context":"https:\/\/schema.org","@graph":[{"@type":"Article","@id":"https:\/\/volcanes.net\/?p=12869#article","isPartOf":{"@id":"https:\/\/volcanes.net\/?p=12869"},"author":{"name":"admin","@id":"https:\/\/volcanes.net\/#\/schema\/person\/4bf0f383940966a4abd53f5048c0e6b9"},"headline":"Ex alcalde de Neza buscar\u00e1 gubernatura del Edom\u00e9x por Morena","datePublished":"2022-05-25T23:58:40+00:00","mainEntityOfPage":{"@id":"https:\/\/volcanes.net\/?p=12869"},"wordCount":278,"commentCount":0,"publisher":{"@id":"https:\/\/volcanes.net\/#organization"},"image":{"@id":"https:\/\/volcanes.net\/?p=12869#primaryimage"},"thumbnailUrl":"https:\/\/volcanes.net\/wp-content\/uploads\/2022\/05\/IMG-20220525-WA0005.jpg","keywords":["Nezahualc\u00f3yotl"],"articleSection":["Municipales"],"inLanguage":"es","potentialAction":[{"@type":"CommentAction","name":"Comment","target":["https:\/\/volcanes.net\/?p=12869#respond"]}]},{"@type":"WebPage","@id":"https:\/\/volcanes.net\/?p=12869","url":"https:\/\/volcanes.net\/?p=12869","name":"Ex alcalde de Neza buscar\u00e1 gubernatura del Edom\u00e9x por Morena - Volcanes","isPartOf":{"@id":"https:\/\/volcanes.net\/#website"},"primaryImageOfPage":{"@id":"https:\/\/volcanes.net\/?p=12869#primaryimage"},"image":{"@id":"https:\/\/volcanes.net\/?p=12869#primaryimage"},"thumbnailUrl":"https:\/\/volcanes.net\/wp-content\/uploads\/2022\/05\/IMG-20220525-WA0005.jpg","datePublished":"2022-05-25T23:58:40+00:00","breadcrumb":{"@id":"https:\/\/volcanes.net\/?p=12869#breadcrumb"},"inLanguage":"es","potentialAction":[{"@type":"ReadAction","target":["https:\/\/volcanes.net\/?p=12869"]}]},{"@type":"ImageObject","inLanguage":"es","@id":"https:\/\/volcanes.net\/?p=12869#primaryimage","url":"https:\/\/volcanes.net\/wp-content\/uploads\/2022\/05\/IMG-20220525-WA0005.jpg","contentUrl":"https:\/\/volcanes.net\/wp-content\/uploads\/2022\/05\/IMG-20220525-WA0005.jpg","width":768,"height":479},{"@type":"BreadcrumbList","@id":"https:\/\/volcanes.net\/?p=12869#breadcrumb","itemListElement":[{"@type":"ListItem","position":1,"name":"Portada","item":"https:\/\/volcanes.net\/"},{"@type":"ListItem","position":2,"name":"Ex alcalde de Neza buscar\u00e1 gubernatura del Edom\u00e9x por Morena"}]},{"@type":"WebSite","@id":"https:\/\/volcanes.net\/#website","url":"https:\/\/volcanes.net\/","name":"Volcanes.Net","description":"Periodismo Profesional","publisher":{"@id":"https:\/\/volcanes.net\/#organization"},"potentialAction":[{"@type":"SearchAction","target":{"@type":"EntryPoint","urlTemplate":"https:\/\/volcanes.net\/?s={search_term_string}"},"query-input":{"@type":"PropertyValueSpecification","valueRequired":true,"valueName":"search_term_string"}}],"inLanguage":"es"},{"@type":"Organization","@id":"https:\/\/volcanes.net\/#organization","name":"Grupo Volcanes","url":"https:\/\/volcanes.net\/","logo":{"@type":"ImageObject","inLanguage":"es","@id":"https:\/\/volcanes.net\/#\/schema\/logo\/image\/","url":"http:\/\/volcanes.net\/wp-content\/uploads\/2017\/12\/Avatar2.jpg","contentUrl":"http:\/\/volcanes.net\/wp-content\/uploads\/2017\/12\/Avatar2.jpg","width":378,"height":378,"caption":"Grupo Volcanes"},"image":{"@id":"https:\/\/volcanes.net\/#\/schema\/logo\/image\/"},"sameAs":["https:\/\/www.facebook.com\/volcanes.net\/"]},{"@type":"Person","@id":"https:\/\/volcanes.net\/#\/schema\/person\/4bf0f383940966a4abd53f5048c0e6b9","name":"admin","image":{"@type":"ImageObject","inLanguage":"es","@id":"https:\/\/volcanes.net\/#\/schema\/person\/image\/","url":"https:\/\/secure.gravatar.com\/avatar\/ca004e6cba8462b8cb7abc86e382930c?s=96&d=mm&r=g","contentUrl":"https:\/\/secure.gravatar.com\/avatar\/ca004e6cba8462b8cb7abc86e382930c?s=96&d=mm&r=g","caption":"admin"}}]}},"_links":{"self":[{"href":"https:\/\/volcanes.net\/index.php?rest_route=\/wp\/v2\/posts\/12869"}],"collection":[{"href":"https:\/\/volcanes.net\/index.php?rest_route=\/wp\/v2\/posts"}],"about":[{"href":"https:\/\/volcanes.net\/index.php?rest_route=\/wp\/v2\/types\/post"}],"author":[{"embeddable":true,"href":"https:\/\/volcanes.net\/index.php?rest_route=\/wp\/v2\/users\/1"}],"replies":[{"embeddable":true,"href":"https:\/\/volcanes.net\/index.php?rest_route=%2Fwp%2Fv2%2Fcomments&post=12869"}],"version-history":[{"count":1,"href":"https:\/\/volcanes.net\/index.php?rest_route=\/wp\/v2\/posts\/12869\/revisions"}],"predecessor-version":[{"id":12871,"href":"https:\/\/volcanes.net\/index.php?rest_route=\/wp\/v2\/posts\/12869\/revisions\/12871"}],"wp:featuredmedia":[{"embeddable":true,"href":"https:\/\/volcanes.net\/index.php?rest_route=\/wp\/v2\/media\/12870"}],"wp:attachment":[{"href":"https:\/\/volcanes.net\/index.php?rest_route=%2Fwp%2Fv2%2Fmedia&parent=12869"}],"wp:term":[{"taxonomy":"category","embeddable":true,"href":"https:\/\/volcanes.net\/index.php?rest_route=%2Fwp%2Fv2%2Fcategories&post=12869"},{"taxonomy":"post_tag","embeddable":true,"href":"https:\/\/volcanes.net\/index.php?rest_route=%2Fwp%2Fv2%2Ftags&post=12869"}],"curies":[{"name":"wp","href":"https:\/\/api.w.org\/{rel}","templated":true}]}}