{"id":12885,"date":"2022-05-11T17:03:42","date_gmt":"2022-05-11T23:03:42","guid":{"rendered":"http:\/\/volcanes.net\/?p=12885"},"modified":"2022-05-31T17:04:50","modified_gmt":"2022-05-31T23:04:50","slug":"realizan-festejos-del-dia-de-la-madre-en-ecatzingo","status":"publish","type":"post","link":"https:\/\/volcanes.net\/?p=12885","title":{"rendered":"Realizan festejos del D\u00eda de la Madre en Ecatzingo"},"content":{"rendered":"<div style=\"margin-top: 0px; margin-bottom: 0px;\" class=\"sharethis-inline-share-buttons\" ><\/div><p>Ecatzingo, Estado de M\u00e9xico.- Con bastante emoci\u00f3n y gusto de festejar a todas las madres ecatzinguenses, la presidenta municipal, Rebeca P\u00e9rez Mart\u00ednez realiz\u00f3 un evento para festejar el D\u00eda de la Madre tras detener las actividades por dos a\u00f1os.<\/p>\n<p>\u00abEs una apertura a algunas actividades que comenzaremos a tener en el municipio. El tiempo requiri\u00f3 de resguardados y ahora podemos festejar con mucho m\u00e1s calma, es un evento peque\u00f1o pero no quer\u00edamos dejarlo pasar\u00bb, destac\u00f3 durante entrevista para Volcanes Televisi\u00f3n.<\/p>\n<p>Se obtuvo una buena reacci\u00f3n por parte de las mam\u00e1s y agradeci\u00f3 su participaci\u00f3n en este evento.<\/p>\n<p>El evento cont\u00f3 con la participaci\u00f3n de imitadores, algunos cantantes y se realiz\u00f3 una rifa de algunos regalos.<\/p>\n<p>\u00abFelicidades a todas las mam\u00e1s. Me identifico con la mujer de Ecatzingo porque tambi\u00e9n soy ama de casa, esposa y madre; me dieron la oportunidad de estar a cargo del municipio y siento ese compromiso con mis mujeres\u00bb, finaliz\u00f3<\/p>\n","protected":false},"excerpt":{"rendered":"<p>Ecatzingo, Estado de M\u00e9xico.- Con bastante emoci\u00f3n y gusto de festejar a todas las madres<\/p>\n","protected":false},"author":1,"featured_media":12886,"comment_status":"open","ping_status":"open","sticky":false,"template":"","format":"standard","meta":{"footnotes":""},"categories":[1],"tags":[15],"class_list":["post-12885","post","type-post","status-publish","format-standard","has-post-thumbnail","hentry","category-municipales","tag-ecatzingo"],"yoast_head":"<!-- This site is optimized with the Yoast SEO plugin v25.3 - https:\/\/yoast.com\/wordpress\/plugins\/seo\/ -->\n<title>Realizan festejos del D\u00eda de la Madre en Ecatzingo - Volcanes<\/title>\n<meta name=\"robots\" content=\"index, follow, max-snippet:-1, max-image-preview:large, max-video-preview:-1\" \/>\n<link rel=\"canonical\" href=\"https:\/\/volcanes.net\/?p=12885\" \/>\n<meta property=\"og:locale\" content=\"es_MX\" \/>\n<meta property=\"og:type\" content=\"article\" \/>\n<meta property=\"og:title\" content=\"Realizan festejos del D\u00eda de la Madre en Ecatzingo - Volcanes\" \/>\n<meta property=\"og:description\" content=\"Ecatzingo, Estado de M\u00e9xico.- Con bastante emoci\u00f3n y gusto de festejar a todas las madres\" \/>\n<meta property=\"og:url\" content=\"https:\/\/volcanes.net\/?p=12885\" \/>\n<meta property=\"og:site_name\" content=\"Volcanes\" \/>\n<meta property=\"article:publisher\" content=\"https:\/\/www.facebook.com\/volcanes.net\/\" \/>\n<meta property=\"article:published_time\" content=\"2022-05-11T23:03:42+00:00\" \/>\n<meta property=\"article:modified_time\" content=\"2022-05-31T23:04:50+00:00\" \/>\n<meta property=\"og:image\" content=\"https:\/\/volcanes.net\/wp-content\/uploads\/2022\/05\/Screenshot_20220531-160335_Facebook.jpg\" \/>\n\t<meta property=\"og:image:width\" content=\"1080\" \/>\n\t<meta property=\"og:image:height\" content=\"595\" \/>\n\t<meta property=\"og:image:type\" content=\"image\/jpeg\" \/>\n<meta name=\"author\" content=\"admin\" \/>\n<meta name=\"twitter:card\" content=\"summary_large_image\" \/>\n<meta name=\"twitter:label1\" content=\"Escrito por\" \/>\n\t<meta name=\"twitter:data1\" content=\"admin\" \/>\n\t<meta name=\"twitter:label2\" content=\"Tiempo de lectura\" \/>\n\t<meta name=\"twitter:data2\" content=\"1 minuto\" \/>\n<script type=\"application\/ld+json\" class=\"yoast-schema-graph\">{\"@context\":\"https:\/\/schema.org\",\"@graph\":[{\"@type\":\"Article\",\"@id\":\"https:\/\/volcanes.net\/?p=12885#article\",\"isPartOf\":{\"@id\":\"https:\/\/volcanes.net\/?p=12885\"},\"author\":{\"name\":\"admin\",\"@id\":\"https:\/\/volcanes.net\/#\/schema\/person\/4bf0f383940966a4abd53f5048c0e6b9\"},\"headline\":\"Realizan festejos del D\u00eda de la Madre en Ecatzingo\",\"datePublished\":\"2022-05-11T23:03:42+00:00\",\"dateModified\":\"2022-05-31T23:04:50+00:00\",\"mainEntityOfPage\":{\"@id\":\"https:\/\/volcanes.net\/?p=12885\"},\"wordCount\":181,\"commentCount\":0,\"publisher\":{\"@id\":\"https:\/\/volcanes.net\/#organization\"},\"image\":{\"@id\":\"https:\/\/volcanes.net\/?p=12885#primaryimage\"},\"thumbnailUrl\":\"https:\/\/volcanes.net\/wp-content\/uploads\/2022\/05\/Screenshot_20220531-160335_Facebook.jpg\",\"keywords\":[\"Ecatzingo\"],\"articleSection\":[\"Municipales\"],\"inLanguage\":\"es\",\"potentialAction\":[{\"@type\":\"CommentAction\",\"name\":\"Comment\",\"target\":[\"https:\/\/volcanes.net\/?p=12885#respond\"]}]},{\"@type\":\"WebPage\",\"@id\":\"https:\/\/volcanes.net\/?p=12885\",\"url\":\"https:\/\/volcanes.net\/?p=12885\",\"name\":\"Realizan festejos del D\u00eda de la Madre en Ecatzingo - Volcanes\",\"isPartOf\":{\"@id\":\"https:\/\/volcanes.net\/#website\"},\"primaryImageOfPage\":{\"@id\":\"https:\/\/volcanes.net\/?p=12885#primaryimage\"},\"image\":{\"@id\":\"https:\/\/volcanes.net\/?p=12885#primaryimage\"},\"thumbnailUrl\":\"https:\/\/volcanes.net\/wp-content\/uploads\/2022\/05\/Screenshot_20220531-160335_Facebook.jpg\",\"datePublished\":\"2022-05-11T23:03:42+00:00\",\"dateModified\":\"2022-05-31T23:04:50+00:00\",\"breadcrumb\":{\"@id\":\"https:\/\/volcanes.net\/?p=12885#breadcrumb\"},\"inLanguage\":\"es\",\"potentialAction\":[{\"@type\":\"ReadAction\",\"target\":[\"https:\/\/volcanes.net\/?p=12885\"]}]},{\"@type\":\"ImageObject\",\"inLanguage\":\"es\",\"@id\":\"https:\/\/volcanes.net\/?p=12885#primaryimage\",\"url\":\"https:\/\/volcanes.net\/wp-content\/uploads\/2022\/05\/Screenshot_20220531-160335_Facebook.jpg\",\"contentUrl\":\"https:\/\/volcanes.net\/wp-content\/uploads\/2022\/05\/Screenshot_20220531-160335_Facebook.jpg\",\"width\":1080,\"height\":595},{\"@type\":\"BreadcrumbList\",\"@id\":\"https:\/\/volcanes.net\/?p=12885#breadcrumb\",\"itemListElement\":[{\"@type\":\"ListItem\",\"position\":1,\"name\":\"Portada\",\"item\":\"https:\/\/volcanes.net\/\"},{\"@type\":\"ListItem\",\"position\":2,\"name\":\"Realizan festejos del D\u00eda de la Madre en Ecatzingo\"}]},{\"@type\":\"WebSite\",\"@id\":\"https:\/\/volcanes.net\/#website\",\"url\":\"https:\/\/volcanes.net\/\",\"name\":\"Volcanes.Net\",\"description\":\"Periodismo Profesional\",\"publisher\":{\"@id\":\"https:\/\/volcanes.net\/#organization\"},\"potentialAction\":[{\"@type\":\"SearchAction\",\"target\":{\"@type\":\"EntryPoint\",\"urlTemplate\":\"https:\/\/volcanes.net\/?s={search_term_string}\"},\"query-input\":{\"@type\":\"PropertyValueSpecification\",\"valueRequired\":true,\"valueName\":\"search_term_string\"}}],\"inLanguage\":\"es\"},{\"@type\":\"Organization\",\"@id\":\"https:\/\/volcanes.net\/#organization\",\"name\":\"Grupo Volcanes\",\"url\":\"https:\/\/volcanes.net\/\",\"logo\":{\"@type\":\"ImageObject\",\"inLanguage\":\"es\",\"@id\":\"https:\/\/volcanes.net\/#\/schema\/logo\/image\/\",\"url\":\"http:\/\/volcanes.net\/wp-content\/uploads\/2017\/12\/Avatar2.jpg\",\"contentUrl\":\"http:\/\/volcanes.net\/wp-content\/uploads\/2017\/12\/Avatar2.jpg\",\"width\":378,\"height\":378,\"caption\":\"Grupo Volcanes\"},\"image\":{\"@id\":\"https:\/\/volcanes.net\/#\/schema\/logo\/image\/\"},\"sameAs\":[\"https:\/\/www.facebook.com\/volcanes.net\/\"]},{\"@type\":\"Person\",\"@id\":\"https:\/\/volcanes.net\/#\/schema\/person\/4bf0f383940966a4abd53f5048c0e6b9\",\"name\":\"admin\",\"image\":{\"@type\":\"ImageObject\",\"inLanguage\":\"es\",\"@id\":\"https:\/\/volcanes.net\/#\/schema\/person\/image\/\",\"url\":\"https:\/\/secure.gravatar.com\/avatar\/ca004e6cba8462b8cb7abc86e382930c?s=96&d=mm&r=g\",\"contentUrl\":\"https:\/\/secure.gravatar.com\/avatar\/ca004e6cba8462b8cb7abc86e382930c?s=96&d=mm&r=g\",\"caption\":\"admin\"}}]}<\/script>\n<!-- \/ Yoast SEO plugin. -->","yoast_head_json":{"title":"Realizan festejos del D\u00eda de la Madre en Ecatzingo - Volcanes","robots":{"index":"index","follow":"follow","max-snippet":"max-snippet:-1","max-image-preview":"max-image-preview:large","max-video-preview":"max-video-preview:-1"},"canonical":"https:\/\/volcanes.net\/?p=12885","og_locale":"es_MX","og_type":"article","og_title":"Realizan festejos del D\u00eda de la Madre en Ecatzingo - Volcanes","og_description":"Ecatzingo, Estado de M\u00e9xico.- Con bastante emoci\u00f3n y gusto de festejar a todas las madres","og_url":"https:\/\/volcanes.net\/?p=12885","og_site_name":"Volcanes","article_publisher":"https:\/\/www.facebook.com\/volcanes.net\/","article_published_time":"2022-05-11T23:03:42+00:00","article_modified_time":"2022-05-31T23:04:50+00:00","og_image":[{"width":1080,"height":595,"url":"https:\/\/volcanes.net\/wp-content\/uploads\/2022\/05\/Screenshot_20220531-160335_Facebook.jpg","type":"image\/jpeg"}],"author":"admin","twitter_card":"summary_large_image","twitter_misc":{"Escrito por":"admin","Tiempo de lectura":"1 minuto"},"schema":{"@context":"https:\/\/schema.org","@graph":[{"@type":"Article","@id":"https:\/\/volcanes.net\/?p=12885#article","isPartOf":{"@id":"https:\/\/volcanes.net\/?p=12885"},"author":{"name":"admin","@id":"https:\/\/volcanes.net\/#\/schema\/person\/4bf0f383940966a4abd53f5048c0e6b9"},"headline":"Realizan festejos del D\u00eda de la Madre en Ecatzingo","datePublished":"2022-05-11T23:03:42+00:00","dateModified":"2022-05-31T23:04:50+00:00","mainEntityOfPage":{"@id":"https:\/\/volcanes.net\/?p=12885"},"wordCount":181,"commentCount":0,"publisher":{"@id":"https:\/\/volcanes.net\/#organization"},"image":{"@id":"https:\/\/volcanes.net\/?p=12885#primaryimage"},"thumbnailUrl":"https:\/\/volcanes.net\/wp-content\/uploads\/2022\/05\/Screenshot_20220531-160335_Facebook.jpg","keywords":["Ecatzingo"],"articleSection":["Municipales"],"inLanguage":"es","potentialAction":[{"@type":"CommentAction","name":"Comment","target":["https:\/\/volcanes.net\/?p=12885#respond"]}]},{"@type":"WebPage","@id":"https:\/\/volcanes.net\/?p=12885","url":"https:\/\/volcanes.net\/?p=12885","name":"Realizan festejos del D\u00eda de la Madre en Ecatzingo - Volcanes","isPartOf":{"@id":"https:\/\/volcanes.net\/#website"},"primaryImageOfPage":{"@id":"https:\/\/volcanes.net\/?p=12885#primaryimage"},"image":{"@id":"https:\/\/volcanes.net\/?p=12885#primaryimage"},"thumbnailUrl":"https:\/\/volcanes.net\/wp-content\/uploads\/2022\/05\/Screenshot_20220531-160335_Facebook.jpg","datePublished":"2022-05-11T23:03:42+00:00","dateModified":"2022-05-31T23:04:50+00:00","breadcrumb":{"@id":"https:\/\/volcanes.net\/?p=12885#breadcrumb"},"inLanguage":"es","potentialAction":[{"@type":"ReadAction","target":["https:\/\/volcanes.net\/?p=12885"]}]},{"@type":"ImageObject","inLanguage":"es","@id":"https:\/\/volcanes.net\/?p=12885#primaryimage","url":"https:\/\/volcanes.net\/wp-content\/uploads\/2022\/05\/Screenshot_20220531-160335_Facebook.jpg","contentUrl":"https:\/\/volcanes.net\/wp-content\/uploads\/2022\/05\/Screenshot_20220531-160335_Facebook.jpg","width":1080,"height":595},{"@type":"BreadcrumbList","@id":"https:\/\/volcanes.net\/?p=12885#breadcrumb","itemListElement":[{"@type":"ListItem","position":1,"name":"Portada","item":"https:\/\/volcanes.net\/"},{"@type":"ListItem","position":2,"name":"Realizan festejos del D\u00eda de la Madre en Ecatzingo"}]},{"@type":"WebSite","@id":"https:\/\/volcanes.net\/#website","url":"https:\/\/volcanes.net\/","name":"Volcanes.Net","description":"Periodismo Profesional","publisher":{"@id":"https:\/\/volcanes.net\/#organization"},"potentialAction":[{"@type":"SearchAction","target":{"@type":"EntryPoint","urlTemplate":"https:\/\/volcanes.net\/?s={search_term_string}"},"query-input":{"@type":"PropertyValueSpecification","valueRequired":true,"valueName":"search_term_string"}}],"inLanguage":"es"},{"@type":"Organization","@id":"https:\/\/volcanes.net\/#organization","name":"Grupo Volcanes","url":"https:\/\/volcanes.net\/","logo":{"@type":"ImageObject","inLanguage":"es","@id":"https:\/\/volcanes.net\/#\/schema\/logo\/image\/","url":"http:\/\/volcanes.net\/wp-content\/uploads\/2017\/12\/Avatar2.jpg","contentUrl":"http:\/\/volcanes.net\/wp-content\/uploads\/2017\/12\/Avatar2.jpg","width":378,"height":378,"caption":"Grupo Volcanes"},"image":{"@id":"https:\/\/volcanes.net\/#\/schema\/logo\/image\/"},"sameAs":["https:\/\/www.facebook.com\/volcanes.net\/"]},{"@type":"Person","@id":"https:\/\/volcanes.net\/#\/schema\/person\/4bf0f383940966a4abd53f5048c0e6b9","name":"admin","image":{"@type":"ImageObject","inLanguage":"es","@id":"https:\/\/volcanes.net\/#\/schema\/person\/image\/","url":"https:\/\/secure.gravatar.com\/avatar\/ca004e6cba8462b8cb7abc86e382930c?s=96&d=mm&r=g","contentUrl":"https:\/\/secure.gravatar.com\/avatar\/ca004e6cba8462b8cb7abc86e382930c?s=96&d=mm&r=g","caption":"admin"}}]}},"_links":{"self":[{"href":"https:\/\/volcanes.net\/index.php?rest_route=\/wp\/v2\/posts\/12885"}],"collection":[{"href":"https:\/\/volcanes.net\/index.php?rest_route=\/wp\/v2\/posts"}],"about":[{"href":"https:\/\/volcanes.net\/index.php?rest_route=\/wp\/v2\/types\/post"}],"author":[{"embeddable":true,"href":"https:\/\/volcanes.net\/index.php?rest_route=\/wp\/v2\/users\/1"}],"replies":[{"embeddable":true,"href":"https:\/\/volcanes.net\/index.php?rest_route=%2Fwp%2Fv2%2Fcomments&post=12885"}],"version-history":[{"count":1,"href":"https:\/\/volcanes.net\/index.php?rest_route=\/wp\/v2\/posts\/12885\/revisions"}],"predecessor-version":[{"id":12887,"href":"https:\/\/volcanes.net\/index.php?rest_route=\/wp\/v2\/posts\/12885\/revisions\/12887"}],"wp:featuredmedia":[{"embeddable":true,"href":"https:\/\/volcanes.net\/index.php?rest_route=\/wp\/v2\/media\/12886"}],"wp:attachment":[{"href":"https:\/\/volcanes.net\/index.php?rest_route=%2Fwp%2Fv2%2Fmedia&parent=12885"}],"wp:term":[{"taxonomy":"category","embeddable":true,"href":"https:\/\/volcanes.net\/index.php?rest_route=%2Fwp%2Fv2%2Fcategories&post=12885"},{"taxonomy":"post_tag","embeddable":true,"href":"https:\/\/volcanes.net\/index.php?rest_route=%2Fwp%2Fv2%2Ftags&post=12885"}],"curies":[{"name":"wp","href":"https:\/\/api.w.org\/{rel}","templated":true}]}}