{"id":12901,"date":"2022-06-03T22:35:00","date_gmt":"2022-06-04T04:35:00","guid":{"rendered":"http:\/\/volcanes.net\/?p=12901"},"modified":"2022-06-03T23:19:14","modified_gmt":"2022-06-04T05:19:14","slug":"habra-trolebus-en-region-oriente-del-edomex-anuncio-anais-burgos","status":"publish","type":"post","link":"https:\/\/volcanes.net\/?p=12901","title":{"rendered":"Habr\u00e1 Troleb\u00fas en Regi\u00f3n Oriente del Edom\u00e9x, anunci\u00f3 Anais Burgos"},"content":{"rendered":"<div style=\"margin-top: 0px; margin-bottom: 0px;\" class=\"sharethis-inline-share-buttons\" ><\/div><ul>\n<li>\n<blockquote><p>Legislatura Mexiquense aprob\u00f3 6 mil 400 millones de Pesos para el Proyecto de Transporte P\u00fablico, compromiso del Presidente de la Rep\u00fablica, Andr\u00e9s Manuel L\u00f3pez Obrador.<\/p><\/blockquote>\n<\/li>\n<\/ul>\n<p>&nbsp;<\/p>\n<p>Regi\u00f3n Oriente, Estado de M\u00e9xico.- Anais Burgos Hern\u00e1ndez, Diputada Local por Morena, anunci\u00f3 que la actual Legislatura del Estado de M\u00e9xico aprob\u00f3 un presupuesto de 6 mil 400 millones de pesos que se aplicar\u00e1n para llevar a cabo un Sistema de movilidad o de transporte p\u00fablico Troleb\u00fas que beneficiar\u00e1 principalmente a la poblaci\u00f3n de la Regi\u00f3n Oriente del Estado de M\u00e9xico, para trasladarse a la Ciudad de M\u00e9xico, mismo proyecto que fue compromiso del Presidente de la Rep\u00fablica, Andr\u00e9s Manuel L\u00f3pez Obrador desde el 2018.<\/p>\n<p>Dicha obra consiste en la construcci\u00f3n de un viaducto elevado de 18.5 kil\u00f3metros que partir\u00e1 de la Estaci\u00f3n Santa Martha, en la Alcald\u00eda Iztapalapa de la Ciudad de M\u00e9xico, al lado de la l\u00ednea que ya existe. Tendr\u00e1 trece estaciones para llegar al municipio de Chalco, pasando por Valle de Chalco, y son: Santa Martha, Los Reyes, La Caldera y Apolocalco; todav\u00eda pertenecientes a la Ciudad de M\u00e9xico, y ya en el Estado de M\u00e9xico tendr\u00e1 su primera estaci\u00f3n en el Eje 10, luego Avenida Cuauht\u00e9moc, Puente Rojo, Puente Blanco y Parque Tejones, de Valle de Chalco; y ya en Chalco son: Oriente 50, Vicente Guerrero, Chalco Centro, Jos\u00e9 Mar\u00eda Mart\u00ednez, Amalinalco y finalmente el Central de Chalco, revel\u00f3 la Diputada Local Morenista, mediante una trasmisi\u00f3n en vivo que realiz\u00f3 a trav\u00e9s de su Facebook, este 2 de junio.<\/p>\n<p>Anais Burgos manifest\u00f3 que este Sistema de transporte p\u00fablico se planea concluir en el presente a\u00f1o 2022, para que en el 2023 se pueda inaugurar. Pues explic\u00f3 que los avances del proyecto del Troleb\u00fas se encuentran divididos en los siguientes sectores: Sector 1, que abarca de Santa Marta a Apolocalco, ya tiene un avance del 59 por ciento; el Sector 2, referente al viaducto elevado, que va de Los Reyes a La Caldera y Apolocalco, ya muestra avances en la etapa de gesti\u00f3n de derechos y permisos tanto municipales, estatales y federales. El Sector 3, que es la parte que va desde el Eje 10 hasta el entronque con la autopista M\u00e9xico-Puebla y el Sector 4, que comprende el Parque Tejones, tambi\u00e9n se encuentran en la etapa de la gesti\u00f3n de permisos as\u00ed como en la situaci\u00f3n del arbolado a trav\u00e9s de la Direcci\u00f3n de Ecolog\u00eda del Gobierno de Chalco, en cuanto a las medidas de resarcimiento consistentes en duplicar la reposici\u00f3n de 527 \u00e1rboles que ser\u00e1n derribados por este proyecto. De la misma forma se encuentran en esta primera etapa los Sectores 5, 6, 7 y 8.<\/p>\n<p>Asimismo dio a conocer que se realizar\u00e1 un convenio de colaboraci\u00f3n con la Jefa de Gobierno de la Ciudad de M\u00e9xico, Claudia Sheimbaum, a fin de que se pueda ofrecer rutas expr\u00e9s a un costo accesible a los usuarios mexiquenses, similares a los de la Ciudad de M\u00e9xico, que es a donde pertenece el troleb\u00fas.<\/p>\n<p>Burgos Hern\u00e1ndez expuso las razones por las cuales se opt\u00f3 por troleb\u00fas y no metro, y coment\u00f3 que de acuerdo con la Secretar\u00eda de Movilidad, la inversi\u00f3n que se realizar\u00eda con el metro se dispara y no hay recursos suficientes. Por lo que dista mucho de un tipo de trasporte a otro. En cambio la infraestructura del troleb\u00fas es menos invasiva, m\u00e1s barata y viable. \u201cEl metro no es la opci\u00f3n porque vivimos en una zona fangosa y no se cuenta con las condiciones necesarias; adem\u00e1s otra de las principales razones es que se concluya antes de que termine el periodo presidencial de L\u00f3pez Obrador, para no dejar obras inconclusas\u201d, subray\u00f3. Finalmente, record\u00f3 a la poblaci\u00f3n que este Sistema de Troleb\u00fas es la mejor para desarrollarse por temas de tiempo, dinero y viabilidad, \u201cEs una obra hist\u00f3rica y millonaria para la Regi\u00f3n de los Volcanes que no tiene precedente y que todos los que vivimos en esta Regi\u00f3n necesitamos, pues el transporte para trasladarse a la Ciudad de M\u00e9xico ya no es suficiente\u201d, concluy\u00f3 Anais Burgos.<\/p>\n","protected":false},"excerpt":{"rendered":"<p>Legislatura Mexiquense aprob\u00f3 6 mil 400 millones de Pesos para el Proyecto de Transporte P\u00fablico,<\/p>\n","protected":false},"author":1,"featured_media":12902,"comment_status":"open","ping_status":"open","sticky":false,"template":"","format":"standard","meta":{"footnotes":""},"categories":[1],"tags":[305,315],"class_list":["post-12901","post","type-post","status-publish","format-standard","has-post-thumbnail","hentry","category-municipales","tag-anais-burgos","tag-region-oriente"],"yoast_head":"<!-- This site is optimized with the Yoast SEO plugin v25.3 - https:\/\/yoast.com\/wordpress\/plugins\/seo\/ -->\n<title>Habr\u00e1 Troleb\u00fas en Regi\u00f3n Oriente del Edom\u00e9x, anunci\u00f3 Anais Burgos - Volcanes<\/title>\n<meta name=\"robots\" content=\"index, follow, max-snippet:-1, max-image-preview:large, max-video-preview:-1\" \/>\n<link rel=\"canonical\" href=\"https:\/\/volcanes.net\/?p=12901\" \/>\n<meta property=\"og:locale\" content=\"es_MX\" \/>\n<meta property=\"og:type\" content=\"article\" \/>\n<meta property=\"og:title\" content=\"Habr\u00e1 Troleb\u00fas en Regi\u00f3n Oriente del Edom\u00e9x, anunci\u00f3 Anais Burgos - Volcanes\" \/>\n<meta property=\"og:description\" content=\"Legislatura Mexiquense aprob\u00f3 6 mil 400 millones de Pesos para el Proyecto de Transporte P\u00fablico,\" \/>\n<meta property=\"og:url\" content=\"https:\/\/volcanes.net\/?p=12901\" \/>\n<meta property=\"og:site_name\" content=\"Volcanes\" \/>\n<meta property=\"article:publisher\" content=\"https:\/\/www.facebook.com\/volcanes.net\/\" \/>\n<meta property=\"article:published_time\" content=\"2022-06-04T04:35:00+00:00\" \/>\n<meta property=\"article:modified_time\" content=\"2022-06-04T05:19:14+00:00\" \/>\n<meta property=\"og:image\" content=\"https:\/\/volcanes.net\/wp-content\/uploads\/2022\/06\/Screenshot_20220603-232834_WhatsApp.jpg\" \/>\n\t<meta property=\"og:image:width\" content=\"1011\" \/>\n\t<meta property=\"og:image:height\" content=\"563\" \/>\n\t<meta property=\"og:image:type\" content=\"image\/jpeg\" \/>\n<meta name=\"author\" content=\"admin\" \/>\n<meta name=\"twitter:card\" content=\"summary_large_image\" \/>\n<meta name=\"twitter:label1\" content=\"Escrito por\" \/>\n\t<meta name=\"twitter:data1\" content=\"admin\" \/>\n\t<meta name=\"twitter:label2\" content=\"Tiempo de lectura\" \/>\n\t<meta name=\"twitter:data2\" content=\"4 minutos\" \/>\n<script type=\"application\/ld+json\" class=\"yoast-schema-graph\">{\"@context\":\"https:\/\/schema.org\",\"@graph\":[{\"@type\":\"Article\",\"@id\":\"https:\/\/volcanes.net\/?p=12901#article\",\"isPartOf\":{\"@id\":\"https:\/\/volcanes.net\/?p=12901\"},\"author\":{\"name\":\"admin\",\"@id\":\"https:\/\/volcanes.net\/#\/schema\/person\/4bf0f383940966a4abd53f5048c0e6b9\"},\"headline\":\"Habr\u00e1 Troleb\u00fas en Regi\u00f3n Oriente del Edom\u00e9x, anunci\u00f3 Anais Burgos\",\"datePublished\":\"2022-06-04T04:35:00+00:00\",\"dateModified\":\"2022-06-04T05:19:14+00:00\",\"mainEntityOfPage\":{\"@id\":\"https:\/\/volcanes.net\/?p=12901\"},\"wordCount\":728,\"commentCount\":0,\"publisher\":{\"@id\":\"https:\/\/volcanes.net\/#organization\"},\"image\":{\"@id\":\"https:\/\/volcanes.net\/?p=12901#primaryimage\"},\"thumbnailUrl\":\"https:\/\/volcanes.net\/wp-content\/uploads\/2022\/06\/Screenshot_20220603-232834_WhatsApp.jpg\",\"keywords\":[\"Ana\u00eds Burgos\",\"Regi\u00f3n Oriente\"],\"articleSection\":[\"Municipales\"],\"inLanguage\":\"es\",\"potentialAction\":[{\"@type\":\"CommentAction\",\"name\":\"Comment\",\"target\":[\"https:\/\/volcanes.net\/?p=12901#respond\"]}]},{\"@type\":\"WebPage\",\"@id\":\"https:\/\/volcanes.net\/?p=12901\",\"url\":\"https:\/\/volcanes.net\/?p=12901\",\"name\":\"Habr\u00e1 Troleb\u00fas en Regi\u00f3n Oriente del Edom\u00e9x, anunci\u00f3 Anais Burgos - Volcanes\",\"isPartOf\":{\"@id\":\"https:\/\/volcanes.net\/#website\"},\"primaryImageOfPage\":{\"@id\":\"https:\/\/volcanes.net\/?p=12901#primaryimage\"},\"image\":{\"@id\":\"https:\/\/volcanes.net\/?p=12901#primaryimage\"},\"thumbnailUrl\":\"https:\/\/volcanes.net\/wp-content\/uploads\/2022\/06\/Screenshot_20220603-232834_WhatsApp.jpg\",\"datePublished\":\"2022-06-04T04:35:00+00:00\",\"dateModified\":\"2022-06-04T05:19:14+00:00\",\"breadcrumb\":{\"@id\":\"https:\/\/volcanes.net\/?p=12901#breadcrumb\"},\"inLanguage\":\"es\",\"potentialAction\":[{\"@type\":\"ReadAction\",\"target\":[\"https:\/\/volcanes.net\/?p=12901\"]}]},{\"@type\":\"ImageObject\",\"inLanguage\":\"es\",\"@id\":\"https:\/\/volcanes.net\/?p=12901#primaryimage\",\"url\":\"https:\/\/volcanes.net\/wp-content\/uploads\/2022\/06\/Screenshot_20220603-232834_WhatsApp.jpg\",\"contentUrl\":\"https:\/\/volcanes.net\/wp-content\/uploads\/2022\/06\/Screenshot_20220603-232834_WhatsApp.jpg\",\"width\":1011,\"height\":563},{\"@type\":\"BreadcrumbList\",\"@id\":\"https:\/\/volcanes.net\/?p=12901#breadcrumb\",\"itemListElement\":[{\"@type\":\"ListItem\",\"position\":1,\"name\":\"Portada\",\"item\":\"https:\/\/volcanes.net\/\"},{\"@type\":\"ListItem\",\"position\":2,\"name\":\"Habr\u00e1 Troleb\u00fas en Regi\u00f3n Oriente del Edom\u00e9x, anunci\u00f3 Anais Burgos\"}]},{\"@type\":\"WebSite\",\"@id\":\"https:\/\/volcanes.net\/#website\",\"url\":\"https:\/\/volcanes.net\/\",\"name\":\"Volcanes.Net\",\"description\":\"Periodismo Profesional\",\"publisher\":{\"@id\":\"https:\/\/volcanes.net\/#organization\"},\"potentialAction\":[{\"@type\":\"SearchAction\",\"target\":{\"@type\":\"EntryPoint\",\"urlTemplate\":\"https:\/\/volcanes.net\/?s={search_term_string}\"},\"query-input\":{\"@type\":\"PropertyValueSpecification\",\"valueRequired\":true,\"valueName\":\"search_term_string\"}}],\"inLanguage\":\"es\"},{\"@type\":\"Organization\",\"@id\":\"https:\/\/volcanes.net\/#organization\",\"name\":\"Grupo Volcanes\",\"url\":\"https:\/\/volcanes.net\/\",\"logo\":{\"@type\":\"ImageObject\",\"inLanguage\":\"es\",\"@id\":\"https:\/\/volcanes.net\/#\/schema\/logo\/image\/\",\"url\":\"http:\/\/volcanes.net\/wp-content\/uploads\/2017\/12\/Avatar2.jpg\",\"contentUrl\":\"http:\/\/volcanes.net\/wp-content\/uploads\/2017\/12\/Avatar2.jpg\",\"width\":378,\"height\":378,\"caption\":\"Grupo Volcanes\"},\"image\":{\"@id\":\"https:\/\/volcanes.net\/#\/schema\/logo\/image\/\"},\"sameAs\":[\"https:\/\/www.facebook.com\/volcanes.net\/\"]},{\"@type\":\"Person\",\"@id\":\"https:\/\/volcanes.net\/#\/schema\/person\/4bf0f383940966a4abd53f5048c0e6b9\",\"name\":\"admin\",\"image\":{\"@type\":\"ImageObject\",\"inLanguage\":\"es\",\"@id\":\"https:\/\/volcanes.net\/#\/schema\/person\/image\/\",\"url\":\"https:\/\/secure.gravatar.com\/avatar\/ca004e6cba8462b8cb7abc86e382930c?s=96&d=mm&r=g\",\"contentUrl\":\"https:\/\/secure.gravatar.com\/avatar\/ca004e6cba8462b8cb7abc86e382930c?s=96&d=mm&r=g\",\"caption\":\"admin\"}}]}<\/script>\n<!-- \/ Yoast SEO plugin. -->","yoast_head_json":{"title":"Habr\u00e1 Troleb\u00fas en Regi\u00f3n Oriente del Edom\u00e9x, anunci\u00f3 Anais Burgos - Volcanes","robots":{"index":"index","follow":"follow","max-snippet":"max-snippet:-1","max-image-preview":"max-image-preview:large","max-video-preview":"max-video-preview:-1"},"canonical":"https:\/\/volcanes.net\/?p=12901","og_locale":"es_MX","og_type":"article","og_title":"Habr\u00e1 Troleb\u00fas en Regi\u00f3n Oriente del Edom\u00e9x, anunci\u00f3 Anais Burgos - Volcanes","og_description":"Legislatura Mexiquense aprob\u00f3 6 mil 400 millones de Pesos para el Proyecto de Transporte P\u00fablico,","og_url":"https:\/\/volcanes.net\/?p=12901","og_site_name":"Volcanes","article_publisher":"https:\/\/www.facebook.com\/volcanes.net\/","article_published_time":"2022-06-04T04:35:00+00:00","article_modified_time":"2022-06-04T05:19:14+00:00","og_image":[{"width":1011,"height":563,"url":"https:\/\/volcanes.net\/wp-content\/uploads\/2022\/06\/Screenshot_20220603-232834_WhatsApp.jpg","type":"image\/jpeg"}],"author":"admin","twitter_card":"summary_large_image","twitter_misc":{"Escrito por":"admin","Tiempo de lectura":"4 minutos"},"schema":{"@context":"https:\/\/schema.org","@graph":[{"@type":"Article","@id":"https:\/\/volcanes.net\/?p=12901#article","isPartOf":{"@id":"https:\/\/volcanes.net\/?p=12901"},"author":{"name":"admin","@id":"https:\/\/volcanes.net\/#\/schema\/person\/4bf0f383940966a4abd53f5048c0e6b9"},"headline":"Habr\u00e1 Troleb\u00fas en Regi\u00f3n Oriente del Edom\u00e9x, anunci\u00f3 Anais Burgos","datePublished":"2022-06-04T04:35:00+00:00","dateModified":"2022-06-04T05:19:14+00:00","mainEntityOfPage":{"@id":"https:\/\/volcanes.net\/?p=12901"},"wordCount":728,"commentCount":0,"publisher":{"@id":"https:\/\/volcanes.net\/#organization"},"image":{"@id":"https:\/\/volcanes.net\/?p=12901#primaryimage"},"thumbnailUrl":"https:\/\/volcanes.net\/wp-content\/uploads\/2022\/06\/Screenshot_20220603-232834_WhatsApp.jpg","keywords":["Ana\u00eds Burgos","Regi\u00f3n Oriente"],"articleSection":["Municipales"],"inLanguage":"es","potentialAction":[{"@type":"CommentAction","name":"Comment","target":["https:\/\/volcanes.net\/?p=12901#respond"]}]},{"@type":"WebPage","@id":"https:\/\/volcanes.net\/?p=12901","url":"https:\/\/volcanes.net\/?p=12901","name":"Habr\u00e1 Troleb\u00fas en Regi\u00f3n Oriente del Edom\u00e9x, anunci\u00f3 Anais Burgos - Volcanes","isPartOf":{"@id":"https:\/\/volcanes.net\/#website"},"primaryImageOfPage":{"@id":"https:\/\/volcanes.net\/?p=12901#primaryimage"},"image":{"@id":"https:\/\/volcanes.net\/?p=12901#primaryimage"},"thumbnailUrl":"https:\/\/volcanes.net\/wp-content\/uploads\/2022\/06\/Screenshot_20220603-232834_WhatsApp.jpg","datePublished":"2022-06-04T04:35:00+00:00","dateModified":"2022-06-04T05:19:14+00:00","breadcrumb":{"@id":"https:\/\/volcanes.net\/?p=12901#breadcrumb"},"inLanguage":"es","potentialAction":[{"@type":"ReadAction","target":["https:\/\/volcanes.net\/?p=12901"]}]},{"@type":"ImageObject","inLanguage":"es","@id":"https:\/\/volcanes.net\/?p=12901#primaryimage","url":"https:\/\/volcanes.net\/wp-content\/uploads\/2022\/06\/Screenshot_20220603-232834_WhatsApp.jpg","contentUrl":"https:\/\/volcanes.net\/wp-content\/uploads\/2022\/06\/Screenshot_20220603-232834_WhatsApp.jpg","width":1011,"height":563},{"@type":"BreadcrumbList","@id":"https:\/\/volcanes.net\/?p=12901#breadcrumb","itemListElement":[{"@type":"ListItem","position":1,"name":"Portada","item":"https:\/\/volcanes.net\/"},{"@type":"ListItem","position":2,"name":"Habr\u00e1 Troleb\u00fas en Regi\u00f3n Oriente del Edom\u00e9x, anunci\u00f3 Anais Burgos"}]},{"@type":"WebSite","@id":"https:\/\/volcanes.net\/#website","url":"https:\/\/volcanes.net\/","name":"Volcanes.Net","description":"Periodismo Profesional","publisher":{"@id":"https:\/\/volcanes.net\/#organization"},"potentialAction":[{"@type":"SearchAction","target":{"@type":"EntryPoint","urlTemplate":"https:\/\/volcanes.net\/?s={search_term_string}"},"query-input":{"@type":"PropertyValueSpecification","valueRequired":true,"valueName":"search_term_string"}}],"inLanguage":"es"},{"@type":"Organization","@id":"https:\/\/volcanes.net\/#organization","name":"Grupo Volcanes","url":"https:\/\/volcanes.net\/","logo":{"@type":"ImageObject","inLanguage":"es","@id":"https:\/\/volcanes.net\/#\/schema\/logo\/image\/","url":"http:\/\/volcanes.net\/wp-content\/uploads\/2017\/12\/Avatar2.jpg","contentUrl":"http:\/\/volcanes.net\/wp-content\/uploads\/2017\/12\/Avatar2.jpg","width":378,"height":378,"caption":"Grupo Volcanes"},"image":{"@id":"https:\/\/volcanes.net\/#\/schema\/logo\/image\/"},"sameAs":["https:\/\/www.facebook.com\/volcanes.net\/"]},{"@type":"Person","@id":"https:\/\/volcanes.net\/#\/schema\/person\/4bf0f383940966a4abd53f5048c0e6b9","name":"admin","image":{"@type":"ImageObject","inLanguage":"es","@id":"https:\/\/volcanes.net\/#\/schema\/person\/image\/","url":"https:\/\/secure.gravatar.com\/avatar\/ca004e6cba8462b8cb7abc86e382930c?s=96&d=mm&r=g","contentUrl":"https:\/\/secure.gravatar.com\/avatar\/ca004e6cba8462b8cb7abc86e382930c?s=96&d=mm&r=g","caption":"admin"}}]}},"_links":{"self":[{"href":"https:\/\/volcanes.net\/index.php?rest_route=\/wp\/v2\/posts\/12901"}],"collection":[{"href":"https:\/\/volcanes.net\/index.php?rest_route=\/wp\/v2\/posts"}],"about":[{"href":"https:\/\/volcanes.net\/index.php?rest_route=\/wp\/v2\/types\/post"}],"author":[{"embeddable":true,"href":"https:\/\/volcanes.net\/index.php?rest_route=\/wp\/v2\/users\/1"}],"replies":[{"embeddable":true,"href":"https:\/\/volcanes.net\/index.php?rest_route=%2Fwp%2Fv2%2Fcomments&post=12901"}],"version-history":[{"count":6,"href":"https:\/\/volcanes.net\/index.php?rest_route=\/wp\/v2\/posts\/12901\/revisions"}],"predecessor-version":[{"id":12910,"href":"https:\/\/volcanes.net\/index.php?rest_route=\/wp\/v2\/posts\/12901\/revisions\/12910"}],"wp:featuredmedia":[{"embeddable":true,"href":"https:\/\/volcanes.net\/index.php?rest_route=\/wp\/v2\/media\/12902"}],"wp:attachment":[{"href":"https:\/\/volcanes.net\/index.php?rest_route=%2Fwp%2Fv2%2Fmedia&parent=12901"}],"wp:term":[{"taxonomy":"category","embeddable":true,"href":"https:\/\/volcanes.net\/index.php?rest_route=%2Fwp%2Fv2%2Fcategories&post=12901"},{"taxonomy":"post_tag","embeddable":true,"href":"https:\/\/volcanes.net\/index.php?rest_route=%2Fwp%2Fv2%2Ftags&post=12901"}],"curies":[{"name":"wp","href":"https:\/\/api.w.org\/{rel}","templated":true}]}}