{"id":12911,"date":"2022-06-04T16:04:18","date_gmt":"2022-06-04T22:04:18","guid":{"rendered":"http:\/\/volcanes.net\/?p=12911"},"modified":"2022-06-06T18:17:05","modified_gmt":"2022-06-07T00:17:05","slug":"12911","status":"publish","type":"post","link":"https:\/\/volcanes.net\/?p=12911","title":{"rendered":"Diputada Yesica Rojas gestiona reapertura del Centro de Salud de Xico II"},"content":{"rendered":"<div style=\"margin-top: 0px; margin-bottom: 0px;\" class=\"sharethis-inline-share-buttons\" ><\/div><ul>\n<li>Se re\u00fane con el Secretario de Salud para buscar soluci\u00f3n a problemas de salud de Valle de Chalco<\/li>\n<li>Se realizar\u00e1 Jornada de Salud para vacunar a ni\u00f1as contra el VPH<\/li>\n<\/ul>\n<p>&nbsp;<\/p>\n<p>Valle de Chalco, Estado de M\u00e9xico.- A fin de responder a la demanda de los vallechalquenses, la diputada Yesica Yanet Rojas Hern\u00e1ndez se reuni\u00f3 con el secretario de Salud Francisco Fern\u00e1ndez Clamont para buscar una soluci\u00f3n al problema que enfrentan cientos de familias que carecen de atenci\u00f3n m\u00e9dica por el cierre del Centro de Salud de Xico II y gestionar una Jornada de Vacunaci\u00f3n contra el VPH.<\/p>\n<p>La legisladora del distrito XXVII acudi\u00f3 a la Secretar\u00eda de Salud para gestionar la reapertura del Centro de Salud de Xico II, que abri\u00f3 sus puertas hace 40 a\u00f1os, pero que cerr\u00f3 en 2010 por da\u00f1os estructurales debido a hundimientos del terreno, por lo que los pacientes fueron reubicados a otra Cl\u00ednica que se encuentra en el cerro del Marqu\u00e9s, sitio alejado del lugar, por lo que los enfermos no acuden.<\/p>\n<p>Tambi\u00e9n plante\u00f3 en la mesa de di\u00e1logo que las menores de edad reciban la vacuna contra el virus del papiloma humano, para reducir el riesgo de c\u00e1ncer.<\/p>\n<p>As\u00ed, se acord\u00f3 que la representante del pueblo le dar\u00e1 seguimiento a una mesa de trabajo donde participar\u00e1n el Ayuntamiento y la Secretar\u00eda de Salud, con el objetivo de regularizar la situaci\u00f3n jur\u00eddica del Centro de Salud de Xico II.<\/p>\n<p>En dicha mesa se revisar\u00e1 y analizar la viabilidad estructural para la operaci\u00f3n segura del inmueble del Centro de Salud de Xico II y se trabajar\u00e1 para que se presenten los dict\u00e1menes correspondientes.<\/p>\n<p>Y se estableci\u00f3 que Valle de Chalco ser\u00e1 uno de los municipios prioritarios para que se realice la Jornada de Vacunaci\u00f3n contra el VPH, d\u00f3nde resultar\u00e1n beneficiadas ni\u00f1as de 9 a 12 a\u00f1os que recibir\u00e1n dos dosis de dicha vacuna.<\/p>\n<p>Por \u00faltimo la diputada de Morena, reiter\u00f3 su compromiso con los ciudadanos del municipio 122, por los cuales lleg\u00f3 a la LXI Legislatura.<\/p>\n<p>&nbsp;<\/p>\n<p>&nbsp;<\/p>\n<p>&nbsp;<\/p>\n<p>&nbsp;<\/p>\n<p>&nbsp;<\/p>\n<p>&nbsp;<\/p>\n<p>&nbsp;<\/p>\n<p>&nbsp;<\/p>\n<p>&nbsp;<\/p>\n<p>&nbsp;<\/p>\n<p>&nbsp;<\/p>\n<p>&nbsp;<\/p>\n<p>&nbsp;<\/p>\n","protected":false},"excerpt":{"rendered":"<p>Se re\u00fane con el Secretario de Salud para buscar soluci\u00f3n a problemas de salud de<\/p>\n","protected":false},"author":1,"featured_media":12912,"comment_status":"open","ping_status":"open","sticky":false,"template":"","format":"standard","meta":{"footnotes":""},"categories":[1],"tags":[5],"class_list":["post-12911","post","type-post","status-publish","format-standard","has-post-thumbnail","hentry","category-municipales","tag-valle-de-chalco"],"yoast_head":"<!-- This site is optimized with the Yoast SEO plugin v25.3 - https:\/\/yoast.com\/wordpress\/plugins\/seo\/ -->\n<title>Diputada Yesica Rojas gestiona reapertura del Centro de Salud de Xico II - Volcanes<\/title>\n<meta name=\"robots\" content=\"index, follow, max-snippet:-1, max-image-preview:large, max-video-preview:-1\" \/>\n<link rel=\"canonical\" href=\"https:\/\/volcanes.net\/?p=12911\" \/>\n<meta property=\"og:locale\" content=\"es_MX\" \/>\n<meta property=\"og:type\" content=\"article\" \/>\n<meta property=\"og:title\" content=\"Diputada Yesica Rojas gestiona reapertura del Centro de Salud de Xico II - Volcanes\" \/>\n<meta property=\"og:description\" content=\"Se re\u00fane con el Secretario de Salud para buscar soluci\u00f3n a problemas de salud de\" \/>\n<meta property=\"og:url\" content=\"https:\/\/volcanes.net\/?p=12911\" \/>\n<meta property=\"og:site_name\" content=\"Volcanes\" \/>\n<meta property=\"article:publisher\" content=\"https:\/\/www.facebook.com\/volcanes.net\/\" \/>\n<meta property=\"article:published_time\" content=\"2022-06-04T22:04:18+00:00\" \/>\n<meta property=\"article:modified_time\" content=\"2022-06-07T00:17:05+00:00\" \/>\n<meta property=\"og:image\" content=\"https:\/\/volcanes.net\/wp-content\/uploads\/2022\/06\/IMG-20220604-WA0000.jpg\" \/>\n\t<meta property=\"og:image:width\" content=\"1080\" \/>\n\t<meta property=\"og:image:height\" content=\"810\" \/>\n\t<meta property=\"og:image:type\" content=\"image\/jpeg\" \/>\n<meta name=\"author\" content=\"admin\" \/>\n<meta name=\"twitter:card\" content=\"summary_large_image\" \/>\n<meta name=\"twitter:label1\" content=\"Escrito por\" \/>\n\t<meta name=\"twitter:data1\" content=\"admin\" \/>\n\t<meta name=\"twitter:label2\" content=\"Tiempo de lectura\" \/>\n\t<meta name=\"twitter:data2\" content=\"2 minutos\" \/>\n<script type=\"application\/ld+json\" class=\"yoast-schema-graph\">{\"@context\":\"https:\/\/schema.org\",\"@graph\":[{\"@type\":\"Article\",\"@id\":\"https:\/\/volcanes.net\/?p=12911#article\",\"isPartOf\":{\"@id\":\"https:\/\/volcanes.net\/?p=12911\"},\"author\":{\"name\":\"admin\",\"@id\":\"https:\/\/volcanes.net\/#\/schema\/person\/4bf0f383940966a4abd53f5048c0e6b9\"},\"headline\":\"Diputada Yesica Rojas gestiona reapertura del Centro de Salud de Xico II\",\"datePublished\":\"2022-06-04T22:04:18+00:00\",\"dateModified\":\"2022-06-07T00:17:05+00:00\",\"mainEntityOfPage\":{\"@id\":\"https:\/\/volcanes.net\/?p=12911\"},\"wordCount\":383,\"commentCount\":0,\"publisher\":{\"@id\":\"https:\/\/volcanes.net\/#organization\"},\"image\":{\"@id\":\"https:\/\/volcanes.net\/?p=12911#primaryimage\"},\"thumbnailUrl\":\"https:\/\/volcanes.net\/wp-content\/uploads\/2022\/06\/IMG-20220604-WA0000.jpg\",\"keywords\":[\"Valle de Chalco\"],\"articleSection\":[\"Municipales\"],\"inLanguage\":\"es\",\"potentialAction\":[{\"@type\":\"CommentAction\",\"name\":\"Comment\",\"target\":[\"https:\/\/volcanes.net\/?p=12911#respond\"]}]},{\"@type\":\"WebPage\",\"@id\":\"https:\/\/volcanes.net\/?p=12911\",\"url\":\"https:\/\/volcanes.net\/?p=12911\",\"name\":\"Diputada Yesica Rojas gestiona reapertura del Centro de Salud de Xico II - Volcanes\",\"isPartOf\":{\"@id\":\"https:\/\/volcanes.net\/#website\"},\"primaryImageOfPage\":{\"@id\":\"https:\/\/volcanes.net\/?p=12911#primaryimage\"},\"image\":{\"@id\":\"https:\/\/volcanes.net\/?p=12911#primaryimage\"},\"thumbnailUrl\":\"https:\/\/volcanes.net\/wp-content\/uploads\/2022\/06\/IMG-20220604-WA0000.jpg\",\"datePublished\":\"2022-06-04T22:04:18+00:00\",\"dateModified\":\"2022-06-07T00:17:05+00:00\",\"breadcrumb\":{\"@id\":\"https:\/\/volcanes.net\/?p=12911#breadcrumb\"},\"inLanguage\":\"es\",\"potentialAction\":[{\"@type\":\"ReadAction\",\"target\":[\"https:\/\/volcanes.net\/?p=12911\"]}]},{\"@type\":\"ImageObject\",\"inLanguage\":\"es\",\"@id\":\"https:\/\/volcanes.net\/?p=12911#primaryimage\",\"url\":\"https:\/\/volcanes.net\/wp-content\/uploads\/2022\/06\/IMG-20220604-WA0000.jpg\",\"contentUrl\":\"https:\/\/volcanes.net\/wp-content\/uploads\/2022\/06\/IMG-20220604-WA0000.jpg\",\"width\":1080,\"height\":810},{\"@type\":\"BreadcrumbList\",\"@id\":\"https:\/\/volcanes.net\/?p=12911#breadcrumb\",\"itemListElement\":[{\"@type\":\"ListItem\",\"position\":1,\"name\":\"Portada\",\"item\":\"https:\/\/volcanes.net\/\"},{\"@type\":\"ListItem\",\"position\":2,\"name\":\"Diputada Yesica Rojas gestiona reapertura del Centro de Salud de Xico II\"}]},{\"@type\":\"WebSite\",\"@id\":\"https:\/\/volcanes.net\/#website\",\"url\":\"https:\/\/volcanes.net\/\",\"name\":\"Volcanes.Net\",\"description\":\"Periodismo Profesional\",\"publisher\":{\"@id\":\"https:\/\/volcanes.net\/#organization\"},\"potentialAction\":[{\"@type\":\"SearchAction\",\"target\":{\"@type\":\"EntryPoint\",\"urlTemplate\":\"https:\/\/volcanes.net\/?s={search_term_string}\"},\"query-input\":{\"@type\":\"PropertyValueSpecification\",\"valueRequired\":true,\"valueName\":\"search_term_string\"}}],\"inLanguage\":\"es\"},{\"@type\":\"Organization\",\"@id\":\"https:\/\/volcanes.net\/#organization\",\"name\":\"Grupo Volcanes\",\"url\":\"https:\/\/volcanes.net\/\",\"logo\":{\"@type\":\"ImageObject\",\"inLanguage\":\"es\",\"@id\":\"https:\/\/volcanes.net\/#\/schema\/logo\/image\/\",\"url\":\"http:\/\/volcanes.net\/wp-content\/uploads\/2017\/12\/Avatar2.jpg\",\"contentUrl\":\"http:\/\/volcanes.net\/wp-content\/uploads\/2017\/12\/Avatar2.jpg\",\"width\":378,\"height\":378,\"caption\":\"Grupo Volcanes\"},\"image\":{\"@id\":\"https:\/\/volcanes.net\/#\/schema\/logo\/image\/\"},\"sameAs\":[\"https:\/\/www.facebook.com\/volcanes.net\/\"]},{\"@type\":\"Person\",\"@id\":\"https:\/\/volcanes.net\/#\/schema\/person\/4bf0f383940966a4abd53f5048c0e6b9\",\"name\":\"admin\",\"image\":{\"@type\":\"ImageObject\",\"inLanguage\":\"es\",\"@id\":\"https:\/\/volcanes.net\/#\/schema\/person\/image\/\",\"url\":\"https:\/\/secure.gravatar.com\/avatar\/ca004e6cba8462b8cb7abc86e382930c?s=96&d=mm&r=g\",\"contentUrl\":\"https:\/\/secure.gravatar.com\/avatar\/ca004e6cba8462b8cb7abc86e382930c?s=96&d=mm&r=g\",\"caption\":\"admin\"}}]}<\/script>\n<!-- \/ Yoast SEO plugin. -->","yoast_head_json":{"title":"Diputada Yesica Rojas gestiona reapertura del Centro de Salud de Xico II - Volcanes","robots":{"index":"index","follow":"follow","max-snippet":"max-snippet:-1","max-image-preview":"max-image-preview:large","max-video-preview":"max-video-preview:-1"},"canonical":"https:\/\/volcanes.net\/?p=12911","og_locale":"es_MX","og_type":"article","og_title":"Diputada Yesica Rojas gestiona reapertura del Centro de Salud de Xico II - Volcanes","og_description":"Se re\u00fane con el Secretario de Salud para buscar soluci\u00f3n a problemas de salud de","og_url":"https:\/\/volcanes.net\/?p=12911","og_site_name":"Volcanes","article_publisher":"https:\/\/www.facebook.com\/volcanes.net\/","article_published_time":"2022-06-04T22:04:18+00:00","article_modified_time":"2022-06-07T00:17:05+00:00","og_image":[{"width":1080,"height":810,"url":"https:\/\/volcanes.net\/wp-content\/uploads\/2022\/06\/IMG-20220604-WA0000.jpg","type":"image\/jpeg"}],"author":"admin","twitter_card":"summary_large_image","twitter_misc":{"Escrito por":"admin","Tiempo de lectura":"2 minutos"},"schema":{"@context":"https:\/\/schema.org","@graph":[{"@type":"Article","@id":"https:\/\/volcanes.net\/?p=12911#article","isPartOf":{"@id":"https:\/\/volcanes.net\/?p=12911"},"author":{"name":"admin","@id":"https:\/\/volcanes.net\/#\/schema\/person\/4bf0f383940966a4abd53f5048c0e6b9"},"headline":"Diputada Yesica Rojas gestiona reapertura del Centro de Salud de Xico II","datePublished":"2022-06-04T22:04:18+00:00","dateModified":"2022-06-07T00:17:05+00:00","mainEntityOfPage":{"@id":"https:\/\/volcanes.net\/?p=12911"},"wordCount":383,"commentCount":0,"publisher":{"@id":"https:\/\/volcanes.net\/#organization"},"image":{"@id":"https:\/\/volcanes.net\/?p=12911#primaryimage"},"thumbnailUrl":"https:\/\/volcanes.net\/wp-content\/uploads\/2022\/06\/IMG-20220604-WA0000.jpg","keywords":["Valle de Chalco"],"articleSection":["Municipales"],"inLanguage":"es","potentialAction":[{"@type":"CommentAction","name":"Comment","target":["https:\/\/volcanes.net\/?p=12911#respond"]}]},{"@type":"WebPage","@id":"https:\/\/volcanes.net\/?p=12911","url":"https:\/\/volcanes.net\/?p=12911","name":"Diputada Yesica Rojas gestiona reapertura del Centro de Salud de Xico II - Volcanes","isPartOf":{"@id":"https:\/\/volcanes.net\/#website"},"primaryImageOfPage":{"@id":"https:\/\/volcanes.net\/?p=12911#primaryimage"},"image":{"@id":"https:\/\/volcanes.net\/?p=12911#primaryimage"},"thumbnailUrl":"https:\/\/volcanes.net\/wp-content\/uploads\/2022\/06\/IMG-20220604-WA0000.jpg","datePublished":"2022-06-04T22:04:18+00:00","dateModified":"2022-06-07T00:17:05+00:00","breadcrumb":{"@id":"https:\/\/volcanes.net\/?p=12911#breadcrumb"},"inLanguage":"es","potentialAction":[{"@type":"ReadAction","target":["https:\/\/volcanes.net\/?p=12911"]}]},{"@type":"ImageObject","inLanguage":"es","@id":"https:\/\/volcanes.net\/?p=12911#primaryimage","url":"https:\/\/volcanes.net\/wp-content\/uploads\/2022\/06\/IMG-20220604-WA0000.jpg","contentUrl":"https:\/\/volcanes.net\/wp-content\/uploads\/2022\/06\/IMG-20220604-WA0000.jpg","width":1080,"height":810},{"@type":"BreadcrumbList","@id":"https:\/\/volcanes.net\/?p=12911#breadcrumb","itemListElement":[{"@type":"ListItem","position":1,"name":"Portada","item":"https:\/\/volcanes.net\/"},{"@type":"ListItem","position":2,"name":"Diputada Yesica Rojas gestiona reapertura del Centro de Salud de Xico II"}]},{"@type":"WebSite","@id":"https:\/\/volcanes.net\/#website","url":"https:\/\/volcanes.net\/","name":"Volcanes.Net","description":"Periodismo Profesional","publisher":{"@id":"https:\/\/volcanes.net\/#organization"},"potentialAction":[{"@type":"SearchAction","target":{"@type":"EntryPoint","urlTemplate":"https:\/\/volcanes.net\/?s={search_term_string}"},"query-input":{"@type":"PropertyValueSpecification","valueRequired":true,"valueName":"search_term_string"}}],"inLanguage":"es"},{"@type":"Organization","@id":"https:\/\/volcanes.net\/#organization","name":"Grupo Volcanes","url":"https:\/\/volcanes.net\/","logo":{"@type":"ImageObject","inLanguage":"es","@id":"https:\/\/volcanes.net\/#\/schema\/logo\/image\/","url":"http:\/\/volcanes.net\/wp-content\/uploads\/2017\/12\/Avatar2.jpg","contentUrl":"http:\/\/volcanes.net\/wp-content\/uploads\/2017\/12\/Avatar2.jpg","width":378,"height":378,"caption":"Grupo Volcanes"},"image":{"@id":"https:\/\/volcanes.net\/#\/schema\/logo\/image\/"},"sameAs":["https:\/\/www.facebook.com\/volcanes.net\/"]},{"@type":"Person","@id":"https:\/\/volcanes.net\/#\/schema\/person\/4bf0f383940966a4abd53f5048c0e6b9","name":"admin","image":{"@type":"ImageObject","inLanguage":"es","@id":"https:\/\/volcanes.net\/#\/schema\/person\/image\/","url":"https:\/\/secure.gravatar.com\/avatar\/ca004e6cba8462b8cb7abc86e382930c?s=96&d=mm&r=g","contentUrl":"https:\/\/secure.gravatar.com\/avatar\/ca004e6cba8462b8cb7abc86e382930c?s=96&d=mm&r=g","caption":"admin"}}]}},"_links":{"self":[{"href":"https:\/\/volcanes.net\/index.php?rest_route=\/wp\/v2\/posts\/12911"}],"collection":[{"href":"https:\/\/volcanes.net\/index.php?rest_route=\/wp\/v2\/posts"}],"about":[{"href":"https:\/\/volcanes.net\/index.php?rest_route=\/wp\/v2\/types\/post"}],"author":[{"embeddable":true,"href":"https:\/\/volcanes.net\/index.php?rest_route=\/wp\/v2\/users\/1"}],"replies":[{"embeddable":true,"href":"https:\/\/volcanes.net\/index.php?rest_route=%2Fwp%2Fv2%2Fcomments&post=12911"}],"version-history":[{"count":2,"href":"https:\/\/volcanes.net\/index.php?rest_route=\/wp\/v2\/posts\/12911\/revisions"}],"predecessor-version":[{"id":12914,"href":"https:\/\/volcanes.net\/index.php?rest_route=\/wp\/v2\/posts\/12911\/revisions\/12914"}],"wp:featuredmedia":[{"embeddable":true,"href":"https:\/\/volcanes.net\/index.php?rest_route=\/wp\/v2\/media\/12912"}],"wp:attachment":[{"href":"https:\/\/volcanes.net\/index.php?rest_route=%2Fwp%2Fv2%2Fmedia&parent=12911"}],"wp:term":[{"taxonomy":"category","embeddable":true,"href":"https:\/\/volcanes.net\/index.php?rest_route=%2Fwp%2Fv2%2Fcategories&post=12911"},{"taxonomy":"post_tag","embeddable":true,"href":"https:\/\/volcanes.net\/index.php?rest_route=%2Fwp%2Fv2%2Ftags&post=12911"}],"curies":[{"name":"wp","href":"https:\/\/api.w.org\/{rel}","templated":true}]}}