{"id":12921,"date":"2022-06-10T17:54:49","date_gmt":"2022-06-10T23:54:49","guid":{"rendered":"http:\/\/volcanes.net\/?p=12921"},"modified":"2022-06-10T17:54:49","modified_gmt":"2022-06-10T23:54:49","slug":"confirman-resultados-de-eleccion-extraordinaria-en-atlautla","status":"publish","type":"post","link":"https:\/\/volcanes.net\/?p=12921","title":{"rendered":"Confirman resultados de elecci\u00f3n extraordinaria en Atlautla"},"content":{"rendered":"<div style=\"margin-top: 0px; margin-bottom: 0px;\" class=\"sharethis-inline-share-buttons\" ><\/div><ul>\n<li>El Tribunal Electoral del Estado de M\u00e9xico, calific\u00f3 como inoperante la impugnaci\u00f3n del PAN.<\/li>\n<li>Con ello se acaban especulaciones sobre la asignaci\u00f3n de la regidur\u00eda de RSP que reclamaba el PAN.<\/li>\n<\/ul>\n<p>&nbsp;<\/p>\n<p>Toluca, Estado de M\u00e9xico.- En la sesi\u00f3n p\u00fablica n\u00famero 18 celebrada por las y los Magistrados quienes integran el Pleno del Tribunal Electoral del Estado de M\u00e9xico, resolvi\u00f3 el Juicios para la Protecci\u00f3n de los Derechos pol\u00edtico-electorales de la Ciudadan\u00eda Local, un Juicio de Inconformidad y un Procedimiento Especial Sancionador.<\/p>\n<p>En el expediente JI\/1\/2022, el Partido Acci\u00f3n Nacional, controvirti\u00f3 del Consejo Municipal 15, con sede en Atlautla, Estado de M\u00e9xico los resultados consignados en el acta de c\u00f3mputo municipal de la elecci\u00f3n extraordinaria y la asignaci\u00f3n de regidur\u00edas de representaci\u00f3n proporcional, en espec\u00edfico la otorgada a Redes Sociales Progresistas, haciendo valer los siguientes agravios:<\/p>\n<p>1.- Colocaci\u00f3n de propaganda electoral de Redes Sociales Progresistas y su candidato a la Presidencia Municipal, en el periodo de reflexi\u00f3n.<\/p>\n<p>2.- Incumplimiento de Redes Sociales Progresistas y su candidato respecto a los l\u00edmites del gasto que autorizaron.<\/p>\n<p>3.- Omisi\u00f3n de Redes Sociales Progresistas y su candidato de reportar los ingresos y egresos a la Unidad T\u00e9cnica de Fiscalizaci\u00f3n del Instituto Nacional Electoral, respecto del financiamiento privado, del periodo de campa\u00f1a.<\/p>\n<p>4.- La respuesta dada por los responsables le genera a las actoras violencia pol\u00edtica en raz\u00f3n de g\u00e9nero.<\/p>\n<p>Al respecto, el Tribunal Electoral calific\u00f3 como inoperantes los agravios, por tratarse de argumentos gen\u00e9ricos, asimismo por cuanto hace a la pretensi\u00f3n relativa a que la respuesta dada por los responsables le gener\u00f3 a las actoras violencia pol\u00edtica en raz\u00f3n de g\u00e9nero<\/p>\n<p>En el proyecto de sentencia se declararon como infundados, en virtud de que de dichas respuestas no se advirtieron elementos que converjan en un trato discriminatorio o diferenciado por el hecho de ser mujeres.<\/p>\n<p>En consecuencia, el Pleno del TEEM determin\u00f3 por unanimidad de los Magistrados integrantes confirmar la elecci\u00f3n impugnada.<\/p>\n<p>Con ello el TEEM confirma en todos sus t\u00e9rminos y resultados la elecci\u00f3n extraordinaria, celebrada el pasado 15 de mayo donde obtuvo el triunfo el candidato de la planilla del Partido de la Revoluci\u00f3n Democr\u00e1tica (PRD), Ra\u00fal Navarro Rivera.<\/p>\n","protected":false},"excerpt":{"rendered":"<p>El Tribunal Electoral del Estado de M\u00e9xico, calific\u00f3 como inoperante la impugnaci\u00f3n del PAN. Con<\/p>\n","protected":false},"author":1,"featured_media":12922,"comment_status":"open","ping_status":"open","sticky":false,"template":"","format":"standard","meta":{"footnotes":""},"categories":[1],"tags":[80,41],"class_list":["post-12921","post","type-post","status-publish","format-standard","has-post-thumbnail","hentry","category-municipales","tag-atlautla","tag-toluca"],"yoast_head":"<!-- This site is optimized with the Yoast SEO plugin v25.3 - https:\/\/yoast.com\/wordpress\/plugins\/seo\/ -->\n<title>Confirman resultados de elecci\u00f3n extraordinaria en Atlautla - Volcanes<\/title>\n<meta name=\"robots\" content=\"index, follow, max-snippet:-1, max-image-preview:large, max-video-preview:-1\" \/>\n<link rel=\"canonical\" href=\"https:\/\/volcanes.net\/?p=12921\" \/>\n<meta property=\"og:locale\" content=\"es_MX\" \/>\n<meta property=\"og:type\" content=\"article\" \/>\n<meta property=\"og:title\" content=\"Confirman resultados de elecci\u00f3n extraordinaria en Atlautla - Volcanes\" \/>\n<meta property=\"og:description\" content=\"El Tribunal Electoral del Estado de M\u00e9xico, calific\u00f3 como inoperante la impugnaci\u00f3n del PAN. Con\" \/>\n<meta property=\"og:url\" content=\"https:\/\/volcanes.net\/?p=12921\" \/>\n<meta property=\"og:site_name\" content=\"Volcanes\" \/>\n<meta property=\"article:publisher\" content=\"https:\/\/www.facebook.com\/volcanes.net\/\" \/>\n<meta property=\"article:published_time\" content=\"2022-06-10T23:54:49+00:00\" \/>\n<meta property=\"og:image\" content=\"https:\/\/volcanes.net\/wp-content\/uploads\/2022\/06\/IMG-20220609-WA0011.jpg\" \/>\n\t<meta property=\"og:image:width\" content=\"1600\" \/>\n\t<meta property=\"og:image:height\" content=\"900\" \/>\n\t<meta property=\"og:image:type\" content=\"image\/jpeg\" \/>\n<meta name=\"author\" content=\"admin\" \/>\n<meta name=\"twitter:card\" content=\"summary_large_image\" \/>\n<meta name=\"twitter:label1\" content=\"Escrito por\" \/>\n\t<meta name=\"twitter:data1\" content=\"admin\" \/>\n\t<meta name=\"twitter:label2\" content=\"Tiempo de lectura\" \/>\n\t<meta name=\"twitter:data2\" content=\"2 minutos\" \/>\n<script type=\"application\/ld+json\" class=\"yoast-schema-graph\">{\"@context\":\"https:\/\/schema.org\",\"@graph\":[{\"@type\":\"Article\",\"@id\":\"https:\/\/volcanes.net\/?p=12921#article\",\"isPartOf\":{\"@id\":\"https:\/\/volcanes.net\/?p=12921\"},\"author\":{\"name\":\"admin\",\"@id\":\"https:\/\/volcanes.net\/#\/schema\/person\/4bf0f383940966a4abd53f5048c0e6b9\"},\"headline\":\"Confirman resultados de elecci\u00f3n extraordinaria en Atlautla\",\"datePublished\":\"2022-06-10T23:54:49+00:00\",\"mainEntityOfPage\":{\"@id\":\"https:\/\/volcanes.net\/?p=12921\"},\"wordCount\":404,\"commentCount\":0,\"publisher\":{\"@id\":\"https:\/\/volcanes.net\/#organization\"},\"image\":{\"@id\":\"https:\/\/volcanes.net\/?p=12921#primaryimage\"},\"thumbnailUrl\":\"https:\/\/volcanes.net\/wp-content\/uploads\/2022\/06\/IMG-20220609-WA0011.jpg\",\"keywords\":[\"Atlautla\",\"Toluca\"],\"articleSection\":[\"Municipales\"],\"inLanguage\":\"es\",\"potentialAction\":[{\"@type\":\"CommentAction\",\"name\":\"Comment\",\"target\":[\"https:\/\/volcanes.net\/?p=12921#respond\"]}]},{\"@type\":\"WebPage\",\"@id\":\"https:\/\/volcanes.net\/?p=12921\",\"url\":\"https:\/\/volcanes.net\/?p=12921\",\"name\":\"Confirman resultados de elecci\u00f3n extraordinaria en Atlautla - Volcanes\",\"isPartOf\":{\"@id\":\"https:\/\/volcanes.net\/#website\"},\"primaryImageOfPage\":{\"@id\":\"https:\/\/volcanes.net\/?p=12921#primaryimage\"},\"image\":{\"@id\":\"https:\/\/volcanes.net\/?p=12921#primaryimage\"},\"thumbnailUrl\":\"https:\/\/volcanes.net\/wp-content\/uploads\/2022\/06\/IMG-20220609-WA0011.jpg\",\"datePublished\":\"2022-06-10T23:54:49+00:00\",\"breadcrumb\":{\"@id\":\"https:\/\/volcanes.net\/?p=12921#breadcrumb\"},\"inLanguage\":\"es\",\"potentialAction\":[{\"@type\":\"ReadAction\",\"target\":[\"https:\/\/volcanes.net\/?p=12921\"]}]},{\"@type\":\"ImageObject\",\"inLanguage\":\"es\",\"@id\":\"https:\/\/volcanes.net\/?p=12921#primaryimage\",\"url\":\"https:\/\/volcanes.net\/wp-content\/uploads\/2022\/06\/IMG-20220609-WA0011.jpg\",\"contentUrl\":\"https:\/\/volcanes.net\/wp-content\/uploads\/2022\/06\/IMG-20220609-WA0011.jpg\",\"width\":1600,\"height\":900},{\"@type\":\"BreadcrumbList\",\"@id\":\"https:\/\/volcanes.net\/?p=12921#breadcrumb\",\"itemListElement\":[{\"@type\":\"ListItem\",\"position\":1,\"name\":\"Portada\",\"item\":\"https:\/\/volcanes.net\/\"},{\"@type\":\"ListItem\",\"position\":2,\"name\":\"Confirman resultados de elecci\u00f3n extraordinaria en Atlautla\"}]},{\"@type\":\"WebSite\",\"@id\":\"https:\/\/volcanes.net\/#website\",\"url\":\"https:\/\/volcanes.net\/\",\"name\":\"Volcanes.Net\",\"description\":\"Periodismo Profesional\",\"publisher\":{\"@id\":\"https:\/\/volcanes.net\/#organization\"},\"potentialAction\":[{\"@type\":\"SearchAction\",\"target\":{\"@type\":\"EntryPoint\",\"urlTemplate\":\"https:\/\/volcanes.net\/?s={search_term_string}\"},\"query-input\":{\"@type\":\"PropertyValueSpecification\",\"valueRequired\":true,\"valueName\":\"search_term_string\"}}],\"inLanguage\":\"es\"},{\"@type\":\"Organization\",\"@id\":\"https:\/\/volcanes.net\/#organization\",\"name\":\"Grupo Volcanes\",\"url\":\"https:\/\/volcanes.net\/\",\"logo\":{\"@type\":\"ImageObject\",\"inLanguage\":\"es\",\"@id\":\"https:\/\/volcanes.net\/#\/schema\/logo\/image\/\",\"url\":\"http:\/\/volcanes.net\/wp-content\/uploads\/2017\/12\/Avatar2.jpg\",\"contentUrl\":\"http:\/\/volcanes.net\/wp-content\/uploads\/2017\/12\/Avatar2.jpg\",\"width\":378,\"height\":378,\"caption\":\"Grupo Volcanes\"},\"image\":{\"@id\":\"https:\/\/volcanes.net\/#\/schema\/logo\/image\/\"},\"sameAs\":[\"https:\/\/www.facebook.com\/volcanes.net\/\"]},{\"@type\":\"Person\",\"@id\":\"https:\/\/volcanes.net\/#\/schema\/person\/4bf0f383940966a4abd53f5048c0e6b9\",\"name\":\"admin\",\"image\":{\"@type\":\"ImageObject\",\"inLanguage\":\"es\",\"@id\":\"https:\/\/volcanes.net\/#\/schema\/person\/image\/\",\"url\":\"https:\/\/secure.gravatar.com\/avatar\/ca004e6cba8462b8cb7abc86e382930c?s=96&d=mm&r=g\",\"contentUrl\":\"https:\/\/secure.gravatar.com\/avatar\/ca004e6cba8462b8cb7abc86e382930c?s=96&d=mm&r=g\",\"caption\":\"admin\"}}]}<\/script>\n<!-- \/ Yoast SEO plugin. -->","yoast_head_json":{"title":"Confirman resultados de elecci\u00f3n extraordinaria en Atlautla - Volcanes","robots":{"index":"index","follow":"follow","max-snippet":"max-snippet:-1","max-image-preview":"max-image-preview:large","max-video-preview":"max-video-preview:-1"},"canonical":"https:\/\/volcanes.net\/?p=12921","og_locale":"es_MX","og_type":"article","og_title":"Confirman resultados de elecci\u00f3n extraordinaria en Atlautla - Volcanes","og_description":"El Tribunal Electoral del Estado de M\u00e9xico, calific\u00f3 como inoperante la impugnaci\u00f3n del PAN. Con","og_url":"https:\/\/volcanes.net\/?p=12921","og_site_name":"Volcanes","article_publisher":"https:\/\/www.facebook.com\/volcanes.net\/","article_published_time":"2022-06-10T23:54:49+00:00","og_image":[{"width":1600,"height":900,"url":"https:\/\/volcanes.net\/wp-content\/uploads\/2022\/06\/IMG-20220609-WA0011.jpg","type":"image\/jpeg"}],"author":"admin","twitter_card":"summary_large_image","twitter_misc":{"Escrito por":"admin","Tiempo de lectura":"2 minutos"},"schema":{"@context":"https:\/\/schema.org","@graph":[{"@type":"Article","@id":"https:\/\/volcanes.net\/?p=12921#article","isPartOf":{"@id":"https:\/\/volcanes.net\/?p=12921"},"author":{"name":"admin","@id":"https:\/\/volcanes.net\/#\/schema\/person\/4bf0f383940966a4abd53f5048c0e6b9"},"headline":"Confirman resultados de elecci\u00f3n extraordinaria en Atlautla","datePublished":"2022-06-10T23:54:49+00:00","mainEntityOfPage":{"@id":"https:\/\/volcanes.net\/?p=12921"},"wordCount":404,"commentCount":0,"publisher":{"@id":"https:\/\/volcanes.net\/#organization"},"image":{"@id":"https:\/\/volcanes.net\/?p=12921#primaryimage"},"thumbnailUrl":"https:\/\/volcanes.net\/wp-content\/uploads\/2022\/06\/IMG-20220609-WA0011.jpg","keywords":["Atlautla","Toluca"],"articleSection":["Municipales"],"inLanguage":"es","potentialAction":[{"@type":"CommentAction","name":"Comment","target":["https:\/\/volcanes.net\/?p=12921#respond"]}]},{"@type":"WebPage","@id":"https:\/\/volcanes.net\/?p=12921","url":"https:\/\/volcanes.net\/?p=12921","name":"Confirman resultados de elecci\u00f3n extraordinaria en Atlautla - Volcanes","isPartOf":{"@id":"https:\/\/volcanes.net\/#website"},"primaryImageOfPage":{"@id":"https:\/\/volcanes.net\/?p=12921#primaryimage"},"image":{"@id":"https:\/\/volcanes.net\/?p=12921#primaryimage"},"thumbnailUrl":"https:\/\/volcanes.net\/wp-content\/uploads\/2022\/06\/IMG-20220609-WA0011.jpg","datePublished":"2022-06-10T23:54:49+00:00","breadcrumb":{"@id":"https:\/\/volcanes.net\/?p=12921#breadcrumb"},"inLanguage":"es","potentialAction":[{"@type":"ReadAction","target":["https:\/\/volcanes.net\/?p=12921"]}]},{"@type":"ImageObject","inLanguage":"es","@id":"https:\/\/volcanes.net\/?p=12921#primaryimage","url":"https:\/\/volcanes.net\/wp-content\/uploads\/2022\/06\/IMG-20220609-WA0011.jpg","contentUrl":"https:\/\/volcanes.net\/wp-content\/uploads\/2022\/06\/IMG-20220609-WA0011.jpg","width":1600,"height":900},{"@type":"BreadcrumbList","@id":"https:\/\/volcanes.net\/?p=12921#breadcrumb","itemListElement":[{"@type":"ListItem","position":1,"name":"Portada","item":"https:\/\/volcanes.net\/"},{"@type":"ListItem","position":2,"name":"Confirman resultados de elecci\u00f3n extraordinaria en Atlautla"}]},{"@type":"WebSite","@id":"https:\/\/volcanes.net\/#website","url":"https:\/\/volcanes.net\/","name":"Volcanes.Net","description":"Periodismo Profesional","publisher":{"@id":"https:\/\/volcanes.net\/#organization"},"potentialAction":[{"@type":"SearchAction","target":{"@type":"EntryPoint","urlTemplate":"https:\/\/volcanes.net\/?s={search_term_string}"},"query-input":{"@type":"PropertyValueSpecification","valueRequired":true,"valueName":"search_term_string"}}],"inLanguage":"es"},{"@type":"Organization","@id":"https:\/\/volcanes.net\/#organization","name":"Grupo Volcanes","url":"https:\/\/volcanes.net\/","logo":{"@type":"ImageObject","inLanguage":"es","@id":"https:\/\/volcanes.net\/#\/schema\/logo\/image\/","url":"http:\/\/volcanes.net\/wp-content\/uploads\/2017\/12\/Avatar2.jpg","contentUrl":"http:\/\/volcanes.net\/wp-content\/uploads\/2017\/12\/Avatar2.jpg","width":378,"height":378,"caption":"Grupo Volcanes"},"image":{"@id":"https:\/\/volcanes.net\/#\/schema\/logo\/image\/"},"sameAs":["https:\/\/www.facebook.com\/volcanes.net\/"]},{"@type":"Person","@id":"https:\/\/volcanes.net\/#\/schema\/person\/4bf0f383940966a4abd53f5048c0e6b9","name":"admin","image":{"@type":"ImageObject","inLanguage":"es","@id":"https:\/\/volcanes.net\/#\/schema\/person\/image\/","url":"https:\/\/secure.gravatar.com\/avatar\/ca004e6cba8462b8cb7abc86e382930c?s=96&d=mm&r=g","contentUrl":"https:\/\/secure.gravatar.com\/avatar\/ca004e6cba8462b8cb7abc86e382930c?s=96&d=mm&r=g","caption":"admin"}}]}},"_links":{"self":[{"href":"https:\/\/volcanes.net\/index.php?rest_route=\/wp\/v2\/posts\/12921"}],"collection":[{"href":"https:\/\/volcanes.net\/index.php?rest_route=\/wp\/v2\/posts"}],"about":[{"href":"https:\/\/volcanes.net\/index.php?rest_route=\/wp\/v2\/types\/post"}],"author":[{"embeddable":true,"href":"https:\/\/volcanes.net\/index.php?rest_route=\/wp\/v2\/users\/1"}],"replies":[{"embeddable":true,"href":"https:\/\/volcanes.net\/index.php?rest_route=%2Fwp%2Fv2%2Fcomments&post=12921"}],"version-history":[{"count":2,"href":"https:\/\/volcanes.net\/index.php?rest_route=\/wp\/v2\/posts\/12921\/revisions"}],"predecessor-version":[{"id":12924,"href":"https:\/\/volcanes.net\/index.php?rest_route=\/wp\/v2\/posts\/12921\/revisions\/12924"}],"wp:featuredmedia":[{"embeddable":true,"href":"https:\/\/volcanes.net\/index.php?rest_route=\/wp\/v2\/media\/12922"}],"wp:attachment":[{"href":"https:\/\/volcanes.net\/index.php?rest_route=%2Fwp%2Fv2%2Fmedia&parent=12921"}],"wp:term":[{"taxonomy":"category","embeddable":true,"href":"https:\/\/volcanes.net\/index.php?rest_route=%2Fwp%2Fv2%2Fcategories&post=12921"},{"taxonomy":"post_tag","embeddable":true,"href":"https:\/\/volcanes.net\/index.php?rest_route=%2Fwp%2Fv2%2Ftags&post=12921"}],"curies":[{"name":"wp","href":"https:\/\/api.w.org\/{rel}","templated":true}]}}