{"id":12949,"date":"2022-06-23T15:50:03","date_gmt":"2022-06-23T21:50:03","guid":{"rendered":"http:\/\/volcanes.net\/?p=12949"},"modified":"2022-06-23T15:50:03","modified_gmt":"2022-06-23T21:50:03","slug":"no-son-vestigios-arqueologicos-la-obra-de-trolebus-chalco-santa-martha-continua-anais-burgos","status":"publish","type":"post","link":"https:\/\/volcanes.net\/?p=12949","title":{"rendered":"No son vestigios arqueol\u00f3gicos, la obra de Troleb\u00fas Chalco-Santa Martha contin\u00faa: Anais Burgos"},"content":{"rendered":"<div style=\"margin-top: 0px; margin-bottom: 0px;\" class=\"sharethis-inline-share-buttons\" ><\/div><p>Chalco, Estado de M\u00e9xico.-\u00a0Ante las diversas versiones de \u201cvestigios\u201d encontrados en un tramo de la construcci\u00f3n del Troleb\u00fas Chalco-Santa Martha, a la altura de la colonia Zapata en Chalco, la diputada local Anais Burgos comprometida en informar a la ciudadan\u00eda, y como integrante de la comisi\u00f3n del proyecto ha consultado a las autoridades Estatales y Federales, las cuales le han informado: &#8220;que personal del INAH realiz\u00f3 una revisi\u00f3n concluyendo que no son \u201crestos arqueol\u00f3gicos\u201d es un antiguo canal de agua que se registrar\u00e1 y se cubrir\u00e1 con geotextil (arena cern\u00eda y tepetate), y la obra continuar\u00e1 como est\u00e1 planeada&#8221;.<\/p>\n<p>Desde el jueves de la semana pasada en los trabajos de excavaci\u00f3n que realizaban los empleados de la constructora, encontraron lo que parec\u00edan ser \u201cvestigios arqueol\u00f3gicos\u201d.<\/p>\n","protected":false},"excerpt":{"rendered":"<p>Chalco, Estado de M\u00e9xico.-\u00a0Ante las diversas versiones de \u201cvestigios\u201d encontrados en un tramo de la<\/p>\n","protected":false},"author":1,"featured_media":12950,"comment_status":"open","ping_status":"open","sticky":false,"template":"","format":"standard","meta":{"footnotes":""},"categories":[1],"tags":[9],"class_list":["post-12949","post","type-post","status-publish","format-standard","has-post-thumbnail","hentry","category-municipales","tag-chalco"],"yoast_head":"<!-- This site is optimized with the Yoast SEO plugin v25.3 - https:\/\/yoast.com\/wordpress\/plugins\/seo\/ -->\n<title>No son vestigios arqueol\u00f3gicos, la obra de Troleb\u00fas Chalco-Santa Martha contin\u00faa: Anais Burgos - Volcanes<\/title>\n<meta name=\"robots\" content=\"index, follow, max-snippet:-1, max-image-preview:large, max-video-preview:-1\" \/>\n<link rel=\"canonical\" href=\"https:\/\/volcanes.net\/?p=12949\" \/>\n<meta property=\"og:locale\" content=\"es_MX\" \/>\n<meta property=\"og:type\" content=\"article\" \/>\n<meta property=\"og:title\" content=\"No son vestigios arqueol\u00f3gicos, la obra de Troleb\u00fas Chalco-Santa Martha contin\u00faa: Anais Burgos - Volcanes\" \/>\n<meta property=\"og:description\" content=\"Chalco, Estado de M\u00e9xico.-\u00a0Ante las diversas versiones de \u201cvestigios\u201d encontrados en un tramo de la\" \/>\n<meta property=\"og:url\" content=\"https:\/\/volcanes.net\/?p=12949\" \/>\n<meta property=\"og:site_name\" content=\"Volcanes\" \/>\n<meta property=\"article:publisher\" content=\"https:\/\/www.facebook.com\/volcanes.net\/\" \/>\n<meta property=\"article:published_time\" content=\"2022-06-23T21:50:03+00:00\" \/>\n<meta property=\"og:image\" content=\"https:\/\/volcanes.net\/wp-content\/uploads\/2022\/06\/IMG-20220623-WA0001.jpg\" \/>\n\t<meta property=\"og:image:width\" content=\"900\" \/>\n\t<meta property=\"og:image:height\" content=\"1600\" \/>\n\t<meta property=\"og:image:type\" content=\"image\/jpeg\" \/>\n<meta name=\"author\" content=\"admin\" \/>\n<meta name=\"twitter:card\" content=\"summary_large_image\" \/>\n<meta name=\"twitter:label1\" content=\"Escrito por\" \/>\n\t<meta name=\"twitter:data1\" content=\"admin\" \/>\n\t<meta name=\"twitter:label2\" content=\"Tiempo de lectura\" \/>\n\t<meta name=\"twitter:data2\" content=\"1 minuto\" \/>\n<script type=\"application\/ld+json\" class=\"yoast-schema-graph\">{\"@context\":\"https:\/\/schema.org\",\"@graph\":[{\"@type\":\"Article\",\"@id\":\"https:\/\/volcanes.net\/?p=12949#article\",\"isPartOf\":{\"@id\":\"https:\/\/volcanes.net\/?p=12949\"},\"author\":{\"name\":\"admin\",\"@id\":\"https:\/\/volcanes.net\/#\/schema\/person\/4bf0f383940966a4abd53f5048c0e6b9\"},\"headline\":\"No son vestigios arqueol\u00f3gicos, la obra de Troleb\u00fas Chalco-Santa Martha contin\u00faa: Anais Burgos\",\"datePublished\":\"2022-06-23T21:50:03+00:00\",\"mainEntityOfPage\":{\"@id\":\"https:\/\/volcanes.net\/?p=12949\"},\"wordCount\":154,\"commentCount\":0,\"publisher\":{\"@id\":\"https:\/\/volcanes.net\/#organization\"},\"image\":{\"@id\":\"https:\/\/volcanes.net\/?p=12949#primaryimage\"},\"thumbnailUrl\":\"https:\/\/volcanes.net\/wp-content\/uploads\/2022\/06\/IMG-20220623-WA0001.jpg\",\"keywords\":[\"Chalco\"],\"articleSection\":[\"Municipales\"],\"inLanguage\":\"es\",\"potentialAction\":[{\"@type\":\"CommentAction\",\"name\":\"Comment\",\"target\":[\"https:\/\/volcanes.net\/?p=12949#respond\"]}]},{\"@type\":\"WebPage\",\"@id\":\"https:\/\/volcanes.net\/?p=12949\",\"url\":\"https:\/\/volcanes.net\/?p=12949\",\"name\":\"No son vestigios arqueol\u00f3gicos, la obra de Troleb\u00fas Chalco-Santa Martha contin\u00faa: Anais Burgos - Volcanes\",\"isPartOf\":{\"@id\":\"https:\/\/volcanes.net\/#website\"},\"primaryImageOfPage\":{\"@id\":\"https:\/\/volcanes.net\/?p=12949#primaryimage\"},\"image\":{\"@id\":\"https:\/\/volcanes.net\/?p=12949#primaryimage\"},\"thumbnailUrl\":\"https:\/\/volcanes.net\/wp-content\/uploads\/2022\/06\/IMG-20220623-WA0001.jpg\",\"datePublished\":\"2022-06-23T21:50:03+00:00\",\"breadcrumb\":{\"@id\":\"https:\/\/volcanes.net\/?p=12949#breadcrumb\"},\"inLanguage\":\"es\",\"potentialAction\":[{\"@type\":\"ReadAction\",\"target\":[\"https:\/\/volcanes.net\/?p=12949\"]}]},{\"@type\":\"ImageObject\",\"inLanguage\":\"es\",\"@id\":\"https:\/\/volcanes.net\/?p=12949#primaryimage\",\"url\":\"https:\/\/volcanes.net\/wp-content\/uploads\/2022\/06\/IMG-20220623-WA0001.jpg\",\"contentUrl\":\"https:\/\/volcanes.net\/wp-content\/uploads\/2022\/06\/IMG-20220623-WA0001.jpg\",\"width\":900,\"height\":1600},{\"@type\":\"BreadcrumbList\",\"@id\":\"https:\/\/volcanes.net\/?p=12949#breadcrumb\",\"itemListElement\":[{\"@type\":\"ListItem\",\"position\":1,\"name\":\"Portada\",\"item\":\"https:\/\/volcanes.net\/\"},{\"@type\":\"ListItem\",\"position\":2,\"name\":\"No son vestigios arqueol\u00f3gicos, la obra de Troleb\u00fas Chalco-Santa Martha contin\u00faa: Anais Burgos\"}]},{\"@type\":\"WebSite\",\"@id\":\"https:\/\/volcanes.net\/#website\",\"url\":\"https:\/\/volcanes.net\/\",\"name\":\"Volcanes.Net\",\"description\":\"Periodismo Profesional\",\"publisher\":{\"@id\":\"https:\/\/volcanes.net\/#organization\"},\"potentialAction\":[{\"@type\":\"SearchAction\",\"target\":{\"@type\":\"EntryPoint\",\"urlTemplate\":\"https:\/\/volcanes.net\/?s={search_term_string}\"},\"query-input\":{\"@type\":\"PropertyValueSpecification\",\"valueRequired\":true,\"valueName\":\"search_term_string\"}}],\"inLanguage\":\"es\"},{\"@type\":\"Organization\",\"@id\":\"https:\/\/volcanes.net\/#organization\",\"name\":\"Grupo Volcanes\",\"url\":\"https:\/\/volcanes.net\/\",\"logo\":{\"@type\":\"ImageObject\",\"inLanguage\":\"es\",\"@id\":\"https:\/\/volcanes.net\/#\/schema\/logo\/image\/\",\"url\":\"http:\/\/volcanes.net\/wp-content\/uploads\/2017\/12\/Avatar2.jpg\",\"contentUrl\":\"http:\/\/volcanes.net\/wp-content\/uploads\/2017\/12\/Avatar2.jpg\",\"width\":378,\"height\":378,\"caption\":\"Grupo Volcanes\"},\"image\":{\"@id\":\"https:\/\/volcanes.net\/#\/schema\/logo\/image\/\"},\"sameAs\":[\"https:\/\/www.facebook.com\/volcanes.net\/\"]},{\"@type\":\"Person\",\"@id\":\"https:\/\/volcanes.net\/#\/schema\/person\/4bf0f383940966a4abd53f5048c0e6b9\",\"name\":\"admin\",\"image\":{\"@type\":\"ImageObject\",\"inLanguage\":\"es\",\"@id\":\"https:\/\/volcanes.net\/#\/schema\/person\/image\/\",\"url\":\"https:\/\/secure.gravatar.com\/avatar\/ca004e6cba8462b8cb7abc86e382930c?s=96&d=mm&r=g\",\"contentUrl\":\"https:\/\/secure.gravatar.com\/avatar\/ca004e6cba8462b8cb7abc86e382930c?s=96&d=mm&r=g\",\"caption\":\"admin\"}}]}<\/script>\n<!-- \/ Yoast SEO plugin. -->","yoast_head_json":{"title":"No son vestigios arqueol\u00f3gicos, la obra de Troleb\u00fas Chalco-Santa Martha contin\u00faa: Anais Burgos - Volcanes","robots":{"index":"index","follow":"follow","max-snippet":"max-snippet:-1","max-image-preview":"max-image-preview:large","max-video-preview":"max-video-preview:-1"},"canonical":"https:\/\/volcanes.net\/?p=12949","og_locale":"es_MX","og_type":"article","og_title":"No son vestigios arqueol\u00f3gicos, la obra de Troleb\u00fas Chalco-Santa Martha contin\u00faa: Anais Burgos - Volcanes","og_description":"Chalco, Estado de M\u00e9xico.-\u00a0Ante las diversas versiones de \u201cvestigios\u201d encontrados en un tramo de la","og_url":"https:\/\/volcanes.net\/?p=12949","og_site_name":"Volcanes","article_publisher":"https:\/\/www.facebook.com\/volcanes.net\/","article_published_time":"2022-06-23T21:50:03+00:00","og_image":[{"width":900,"height":1600,"url":"https:\/\/volcanes.net\/wp-content\/uploads\/2022\/06\/IMG-20220623-WA0001.jpg","type":"image\/jpeg"}],"author":"admin","twitter_card":"summary_large_image","twitter_misc":{"Escrito por":"admin","Tiempo de lectura":"1 minuto"},"schema":{"@context":"https:\/\/schema.org","@graph":[{"@type":"Article","@id":"https:\/\/volcanes.net\/?p=12949#article","isPartOf":{"@id":"https:\/\/volcanes.net\/?p=12949"},"author":{"name":"admin","@id":"https:\/\/volcanes.net\/#\/schema\/person\/4bf0f383940966a4abd53f5048c0e6b9"},"headline":"No son vestigios arqueol\u00f3gicos, la obra de Troleb\u00fas Chalco-Santa Martha contin\u00faa: Anais Burgos","datePublished":"2022-06-23T21:50:03+00:00","mainEntityOfPage":{"@id":"https:\/\/volcanes.net\/?p=12949"},"wordCount":154,"commentCount":0,"publisher":{"@id":"https:\/\/volcanes.net\/#organization"},"image":{"@id":"https:\/\/volcanes.net\/?p=12949#primaryimage"},"thumbnailUrl":"https:\/\/volcanes.net\/wp-content\/uploads\/2022\/06\/IMG-20220623-WA0001.jpg","keywords":["Chalco"],"articleSection":["Municipales"],"inLanguage":"es","potentialAction":[{"@type":"CommentAction","name":"Comment","target":["https:\/\/volcanes.net\/?p=12949#respond"]}]},{"@type":"WebPage","@id":"https:\/\/volcanes.net\/?p=12949","url":"https:\/\/volcanes.net\/?p=12949","name":"No son vestigios arqueol\u00f3gicos, la obra de Troleb\u00fas Chalco-Santa Martha contin\u00faa: Anais Burgos - Volcanes","isPartOf":{"@id":"https:\/\/volcanes.net\/#website"},"primaryImageOfPage":{"@id":"https:\/\/volcanes.net\/?p=12949#primaryimage"},"image":{"@id":"https:\/\/volcanes.net\/?p=12949#primaryimage"},"thumbnailUrl":"https:\/\/volcanes.net\/wp-content\/uploads\/2022\/06\/IMG-20220623-WA0001.jpg","datePublished":"2022-06-23T21:50:03+00:00","breadcrumb":{"@id":"https:\/\/volcanes.net\/?p=12949#breadcrumb"},"inLanguage":"es","potentialAction":[{"@type":"ReadAction","target":["https:\/\/volcanes.net\/?p=12949"]}]},{"@type":"ImageObject","inLanguage":"es","@id":"https:\/\/volcanes.net\/?p=12949#primaryimage","url":"https:\/\/volcanes.net\/wp-content\/uploads\/2022\/06\/IMG-20220623-WA0001.jpg","contentUrl":"https:\/\/volcanes.net\/wp-content\/uploads\/2022\/06\/IMG-20220623-WA0001.jpg","width":900,"height":1600},{"@type":"BreadcrumbList","@id":"https:\/\/volcanes.net\/?p=12949#breadcrumb","itemListElement":[{"@type":"ListItem","position":1,"name":"Portada","item":"https:\/\/volcanes.net\/"},{"@type":"ListItem","position":2,"name":"No son vestigios arqueol\u00f3gicos, la obra de Troleb\u00fas Chalco-Santa Martha contin\u00faa: Anais Burgos"}]},{"@type":"WebSite","@id":"https:\/\/volcanes.net\/#website","url":"https:\/\/volcanes.net\/","name":"Volcanes.Net","description":"Periodismo Profesional","publisher":{"@id":"https:\/\/volcanes.net\/#organization"},"potentialAction":[{"@type":"SearchAction","target":{"@type":"EntryPoint","urlTemplate":"https:\/\/volcanes.net\/?s={search_term_string}"},"query-input":{"@type":"PropertyValueSpecification","valueRequired":true,"valueName":"search_term_string"}}],"inLanguage":"es"},{"@type":"Organization","@id":"https:\/\/volcanes.net\/#organization","name":"Grupo Volcanes","url":"https:\/\/volcanes.net\/","logo":{"@type":"ImageObject","inLanguage":"es","@id":"https:\/\/volcanes.net\/#\/schema\/logo\/image\/","url":"http:\/\/volcanes.net\/wp-content\/uploads\/2017\/12\/Avatar2.jpg","contentUrl":"http:\/\/volcanes.net\/wp-content\/uploads\/2017\/12\/Avatar2.jpg","width":378,"height":378,"caption":"Grupo Volcanes"},"image":{"@id":"https:\/\/volcanes.net\/#\/schema\/logo\/image\/"},"sameAs":["https:\/\/www.facebook.com\/volcanes.net\/"]},{"@type":"Person","@id":"https:\/\/volcanes.net\/#\/schema\/person\/4bf0f383940966a4abd53f5048c0e6b9","name":"admin","image":{"@type":"ImageObject","inLanguage":"es","@id":"https:\/\/volcanes.net\/#\/schema\/person\/image\/","url":"https:\/\/secure.gravatar.com\/avatar\/ca004e6cba8462b8cb7abc86e382930c?s=96&d=mm&r=g","contentUrl":"https:\/\/secure.gravatar.com\/avatar\/ca004e6cba8462b8cb7abc86e382930c?s=96&d=mm&r=g","caption":"admin"}}]}},"_links":{"self":[{"href":"https:\/\/volcanes.net\/index.php?rest_route=\/wp\/v2\/posts\/12949"}],"collection":[{"href":"https:\/\/volcanes.net\/index.php?rest_route=\/wp\/v2\/posts"}],"about":[{"href":"https:\/\/volcanes.net\/index.php?rest_route=\/wp\/v2\/types\/post"}],"author":[{"embeddable":true,"href":"https:\/\/volcanes.net\/index.php?rest_route=\/wp\/v2\/users\/1"}],"replies":[{"embeddable":true,"href":"https:\/\/volcanes.net\/index.php?rest_route=%2Fwp%2Fv2%2Fcomments&post=12949"}],"version-history":[{"count":1,"href":"https:\/\/volcanes.net\/index.php?rest_route=\/wp\/v2\/posts\/12949\/revisions"}],"predecessor-version":[{"id":12951,"href":"https:\/\/volcanes.net\/index.php?rest_route=\/wp\/v2\/posts\/12949\/revisions\/12951"}],"wp:featuredmedia":[{"embeddable":true,"href":"https:\/\/volcanes.net\/index.php?rest_route=\/wp\/v2\/media\/12950"}],"wp:attachment":[{"href":"https:\/\/volcanes.net\/index.php?rest_route=%2Fwp%2Fv2%2Fmedia&parent=12949"}],"wp:term":[{"taxonomy":"category","embeddable":true,"href":"https:\/\/volcanes.net\/index.php?rest_route=%2Fwp%2Fv2%2Fcategories&post=12949"},{"taxonomy":"post_tag","embeddable":true,"href":"https:\/\/volcanes.net\/index.php?rest_route=%2Fwp%2Fv2%2Ftags&post=12949"}],"curies":[{"name":"wp","href":"https:\/\/api.w.org\/{rel}","templated":true}]}}