{"id":1295,"date":"2018-02-21T00:26:36","date_gmt":"2018-02-21T00:26:36","guid":{"rendered":"http:\/\/volcanes.net\/?p=1295"},"modified":"2018-02-21T00:26:36","modified_gmt":"2018-02-21T00:26:36","slug":"fortalecer-la-unidad-y-espiritu-de-equipo-para-abatir-las-carencias-en-el-pais-eviel-perez-magana","status":"publish","type":"post","link":"https:\/\/volcanes.net\/?p=1295","title":{"rendered":"Fortalecer la unidad y esp\u00edritu de equipo para abatir las carencias en el pa\u00eds: Eviel P\u00e9rez Maga\u00f1a"},"content":{"rendered":"<div style=\"margin-top: 0px; margin-bottom: 0px;\" class=\"sharethis-inline-share-buttons\" ><\/div><ul>\n<li><em>El secretario de Desarrollo Social convoc\u00f3 a los delegados de la dependencia en los estados del pa\u00eds a trabajar con vocaci\u00f3n de servicio y compromiso institucional<\/em><\/li>\n<\/ul>\n<p>&nbsp;<\/p>\n<ul>\n<li><em>Su labor es vital para que los programas sociales cambien las condiciones de vida de millones de mexicanos, dijo<\/em><\/li>\n<\/ul>\n<p>&nbsp;<\/p>\n<p>Al encabezar la Primera Reuni\u00f3n Nacional de Delegados en la Ciudad de M\u00e9xico, el secretario de Desarrollo Social, Eviel P\u00e9rez Maga\u00f1a, convoc\u00f3 a los funcionarios que representan a la dependencia en las entidades federativas del pa\u00eds, a fortalecer la unidad y el esp\u00edritu de equipo para consolidar el objetivo de mejorar los derechos y condiciones de vida de las familias m\u00e1s desprotegidas.<\/p>\n<p>&nbsp;<\/p>\n<p>En la apertura de los trabajos de esta reuni\u00f3n, el funcionario federal agradeci\u00f3 el trabajo, el di\u00e1logo y la lealtad de los delegados de la Secretar\u00eda de Desarrollo Social (Sedesol): \u201cGracias por acompa\u00f1arnos en este esfuerzo para lograr el cierre exitoso de un gobierno que sin duda dejar\u00e1 un legado importante para M\u00e9xico\u201d, puntualiz\u00f3.<\/p>\n<p>&nbsp;<\/p>\n<p>Destac\u00f3 que bajo la conducci\u00f3n del Presidente Enrique Pe\u00f1a Nieto se ha construido una pol\u00edtica social eficaz, que se refleja en logros concretos que han sido reconocidos por el Consejo Nacional de Evaluaci\u00f3n de la Pol\u00edtica de Desarrollo Social (Coneval).<\/p>\n<p>&nbsp;<\/p>\n<p>Entre ellos, explic\u00f3, est\u00e1n las cifras que reflejan que entre 2012 y 2016: dos millones de mexicanos salieron de la pobreza extrema; el porcentaje de poblaci\u00f3n en situaci\u00f3n de pobreza, est\u00e1 en su nivel m\u00e1s bajo desde que se mide este fen\u00f3meno con una metodolog\u00eda multidimensional y que las seis carencias sociales que mide Coneval, est\u00e1n en su m\u00ednimo hist\u00f3rico.<\/p>\n<p>&nbsp;<\/p>\n<p>Pero \u00e9stas, dijo, no son solo estad\u00edsticas fr\u00edas: detr\u00e1s de cada n\u00famero hay ni\u00f1as y ni\u00f1os que hoy pueden asistir a la escuela gracias al apoyo de una beca; familias que ya no se van a la cama con hambre por falta de recursos econ\u00f3micos, pues cuentan con un comedor comunitario para hacer efectivo su derecho a la alimentaci\u00f3n.<\/p>\n<p>&nbsp;<\/p>\n<p>El titular de la Sedesol precis\u00f3 que detr\u00e1s de las cifras de disminuci\u00f3n de la pobreza hay un rostro humano que gu\u00eda el trabajo de esta Secretar\u00eda y que se refleja en mujeres que pueden prevenir enfermedades porque ahora tienen acceso a servicios m\u00e9dicos; en adultos mayores que tienen acceso a medicamentos y alimentos porque el gobierno los respalda con una pensi\u00f3n; y en mujeres que est\u00e1n haciendo realidad el proyecto productivo que siempre so\u00f1aron, para empoderarse y ganar liderazgo y respeto en sus familias y comunidades.<\/p>\n<p>&nbsp;<\/p>\n<p>Con ello, est\u00e1 Prospera, Programa de Inclusi\u00f3n Social, que se ha convertido en columna vertebral de la pol\u00edtica social. \u201cUn gran programa que no s\u00f3lo brinda un piso m\u00ednimo de bienestar con educaci\u00f3n, salud y alimentaci\u00f3n a las familias mexicanas, sino que se transform\u00f3 para que cada familia pueda ahora escribir su propia historia de \u00e9xito\u201d, expres\u00f3.<\/p>\n<p>&nbsp;<\/p>\n<p>Record\u00f3 tambi\u00e9n que el Seguro de Vida para Jefas de Familia protege a los hijos de 6.7 millones de mam\u00e1s; 5.1 millones de personas adultas mayores, cuentan ahora con una pensi\u00f3n para cubrir sus necesidades m\u00e1s elementales.<\/p>\n<p>&nbsp;<\/p>\n<p>\u201cCon las Estancias Infantiles estamos empoderando a miles de mujeres que hoy pueden trabajar y capacitarse para mejorar sus ingresos; en 5 mil 500 Comedores Comunitarios atendemos a m\u00e1s de medio mill\u00f3n mexicanos para que puedan alimentarse de forma sana, suficiente y nutritiva. Con m\u00e1s de 10 mil lecher\u00edas, Liconsa abastece una leche de gran calidad y a bajo precio a 6.4 millones de mexicanos\u201d, se\u00f1al\u00f3.<\/p>\n<p>&nbsp;<\/p>\n<p>En tanto que Diconsa cuenta con casi 27 mil tiendas rurales, donde las familias que m\u00e1s lo necesitan pueden conseguir los productos de la canasta b\u00e1sica con ahorros que apoyan su econom\u00eda.<\/p>\n<p>&nbsp;<\/p>\n<p>El secretario Eviel P\u00e9rez Maga\u00f1a pidi\u00f3 a los delegados cuidar la instrumentaci\u00f3n de estos programas y su apego a lo establecido en las reglas de operaci\u00f3n. \u201cTodo mexicano que participa en los programas de la Secretar\u00eda es un ciudadano portador de derechos\u201d, apunt\u00f3.<\/p>\n<p>&nbsp;<\/p>\n<p>Al comentar la importancia de la Estrategia Nacional de Inclusi\u00f3n (ENI), el funcionario federal subray\u00f3 que este instrumento ha contribuido a abatir la pobreza extrema en estados como Nuevo Le\u00f3n, donde est\u00e1 ya por debajo del uno por ciento. As\u00ed como Baja California Sur, Baja California, Colima, Durango, Coahuila, Sonora y Jalisco, donde es menor al tres por ciento de la poblaci\u00f3n.<\/p>\n<p>&nbsp;<\/p>\n<p>Resalt\u00f3 que el Fondo de Aportaciones para la Infraestructura Social (FAIS), es herramienta vital para consolidar los alcances de la pol\u00edtica social. \u201cEn esta administraci\u00f3n los recursos del FAIS crecieron 51 por ciento y se han destinado a los estados y municipios m\u00e1s de 371 mil millones de pesos para la construcci\u00f3n de cerca de 600 mil obras en beneficio de los mexicanos que m\u00e1s lo necesitan\u201d.<\/p>\n<p>&nbsp;<\/p>\n<p>Estuvieron en la Primera Reuni\u00f3n Nacional de Delegados 2018 los subsecretarios de Desarrollo Social y Humano, Arturo Osornio S\u00e1nchez; el de Planeaci\u00f3n, Evaluaci\u00f3n y Desarrollo Regional, y Javier Garc\u00eda Bejos; el Jefe de la Oficina del Secretario de Desarrollo Social, Filiberto Ib\u00e1\u00f1ez Ju\u00e1rez y el Oficial Mayor, Agust\u00edn Mercado Z\u00fa\u00f1iga.<\/p>\n<p>&nbsp;<\/p>\n<p>Tambi\u00e9n acudieron Jaime Aranda Castillo, Abogado General y Comisionado para la Transparencia, y Antonio Amaro Cancino, Jefe de la Unidad de Coordinaci\u00f3n de Delegaciones de la Sedesol.<\/p>\n","protected":false},"excerpt":{"rendered":"<p>El secretario de Desarrollo Social convoc\u00f3 a los delegados de la dependencia en los estados<\/p>\n","protected":false},"author":1,"featured_media":1296,"comment_status":"open","ping_status":"open","sticky":false,"template":"","format":"standard","meta":{"footnotes":""},"categories":[1],"tags":[44,33],"class_list":["post-1295","post","type-post","status-publish","format-standard","has-post-thumbnail","hentry","category-municipales","tag-gobierno-de-la-republica","tag-sedesol"],"yoast_head":"<!-- This site is optimized with the Yoast SEO plugin v25.3 - https:\/\/yoast.com\/wordpress\/plugins\/seo\/ -->\n<title>Fortalecer la unidad y esp\u00edritu de equipo para abatir las carencias en el pa\u00eds: Eviel P\u00e9rez Maga\u00f1a - Volcanes<\/title>\n<meta name=\"robots\" content=\"index, follow, max-snippet:-1, max-image-preview:large, max-video-preview:-1\" \/>\n<link rel=\"canonical\" href=\"https:\/\/volcanes.net\/?p=1295\" \/>\n<meta property=\"og:locale\" content=\"es_MX\" \/>\n<meta property=\"og:type\" content=\"article\" \/>\n<meta property=\"og:title\" content=\"Fortalecer la unidad y esp\u00edritu de equipo para abatir las carencias en el pa\u00eds: Eviel P\u00e9rez Maga\u00f1a - Volcanes\" \/>\n<meta property=\"og:description\" content=\"El secretario de Desarrollo Social convoc\u00f3 a los delegados de la dependencia en los estados\" \/>\n<meta property=\"og:url\" content=\"https:\/\/volcanes.net\/?p=1295\" \/>\n<meta property=\"og:site_name\" content=\"Volcanes\" \/>\n<meta property=\"article:publisher\" content=\"https:\/\/www.facebook.com\/volcanes.net\/\" \/>\n<meta property=\"article:published_time\" content=\"2018-02-21T00:26:36+00:00\" \/>\n<meta property=\"og:image\" content=\"https:\/\/volcanes.net\/wp-content\/uploads\/2018\/02\/FOTO-2-Fortalecer-la-unidad-y-esp\u00edritu-de-equipo-para-abatir-las-carencias-en-el-pa\u00eds-Eviel-P\u00e9rez-Maga\u00f1a.jpg\" \/>\n\t<meta property=\"og:image:width\" content=\"260\" \/>\n\t<meta property=\"og:image:height\" content=\"122\" \/>\n\t<meta property=\"og:image:type\" content=\"image\/jpeg\" \/>\n<meta name=\"author\" content=\"admin\" \/>\n<meta name=\"twitter:card\" content=\"summary_large_image\" \/>\n<meta name=\"twitter:label1\" content=\"Escrito por\" \/>\n\t<meta name=\"twitter:data1\" content=\"admin\" \/>\n\t<meta name=\"twitter:label2\" content=\"Tiempo de lectura\" \/>\n\t<meta name=\"twitter:data2\" content=\"5 minutos\" \/>\n<script type=\"application\/ld+json\" class=\"yoast-schema-graph\">{\"@context\":\"https:\/\/schema.org\",\"@graph\":[{\"@type\":\"Article\",\"@id\":\"https:\/\/volcanes.net\/?p=1295#article\",\"isPartOf\":{\"@id\":\"https:\/\/volcanes.net\/?p=1295\"},\"author\":{\"name\":\"admin\",\"@id\":\"https:\/\/volcanes.net\/#\/schema\/person\/4bf0f383940966a4abd53f5048c0e6b9\"},\"headline\":\"Fortalecer la unidad y esp\u00edritu de equipo para abatir las carencias en el pa\u00eds: Eviel P\u00e9rez Maga\u00f1a\",\"datePublished\":\"2018-02-21T00:26:36+00:00\",\"mainEntityOfPage\":{\"@id\":\"https:\/\/volcanes.net\/?p=1295\"},\"wordCount\":958,\"commentCount\":0,\"publisher\":{\"@id\":\"https:\/\/volcanes.net\/#organization\"},\"image\":{\"@id\":\"https:\/\/volcanes.net\/?p=1295#primaryimage\"},\"thumbnailUrl\":\"https:\/\/volcanes.net\/wp-content\/uploads\/2018\/02\/FOTO-2-Fortalecer-la-unidad-y-esp\u00edritu-de-equipo-para-abatir-las-carencias-en-el-pa\u00eds-Eviel-P\u00e9rez-Maga\u00f1a.jpg\",\"keywords\":[\"Gobierno de la Rep\u00fablica\",\"SEDESOL\"],\"articleSection\":[\"Municipales\"],\"inLanguage\":\"es\",\"potentialAction\":[{\"@type\":\"CommentAction\",\"name\":\"Comment\",\"target\":[\"https:\/\/volcanes.net\/?p=1295#respond\"]}]},{\"@type\":\"WebPage\",\"@id\":\"https:\/\/volcanes.net\/?p=1295\",\"url\":\"https:\/\/volcanes.net\/?p=1295\",\"name\":\"Fortalecer la unidad y esp\u00edritu de equipo para abatir las carencias en el pa\u00eds: Eviel P\u00e9rez Maga\u00f1a - Volcanes\",\"isPartOf\":{\"@id\":\"https:\/\/volcanes.net\/#website\"},\"primaryImageOfPage\":{\"@id\":\"https:\/\/volcanes.net\/?p=1295#primaryimage\"},\"image\":{\"@id\":\"https:\/\/volcanes.net\/?p=1295#primaryimage\"},\"thumbnailUrl\":\"https:\/\/volcanes.net\/wp-content\/uploads\/2018\/02\/FOTO-2-Fortalecer-la-unidad-y-esp\u00edritu-de-equipo-para-abatir-las-carencias-en-el-pa\u00eds-Eviel-P\u00e9rez-Maga\u00f1a.jpg\",\"datePublished\":\"2018-02-21T00:26:36+00:00\",\"breadcrumb\":{\"@id\":\"https:\/\/volcanes.net\/?p=1295#breadcrumb\"},\"inLanguage\":\"es\",\"potentialAction\":[{\"@type\":\"ReadAction\",\"target\":[\"https:\/\/volcanes.net\/?p=1295\"]}]},{\"@type\":\"ImageObject\",\"inLanguage\":\"es\",\"@id\":\"https:\/\/volcanes.net\/?p=1295#primaryimage\",\"url\":\"https:\/\/volcanes.net\/wp-content\/uploads\/2018\/02\/FOTO-2-Fortalecer-la-unidad-y-esp\u00edritu-de-equipo-para-abatir-las-carencias-en-el-pa\u00eds-Eviel-P\u00e9rez-Maga\u00f1a.jpg\",\"contentUrl\":\"https:\/\/volcanes.net\/wp-content\/uploads\/2018\/02\/FOTO-2-Fortalecer-la-unidad-y-esp\u00edritu-de-equipo-para-abatir-las-carencias-en-el-pa\u00eds-Eviel-P\u00e9rez-Maga\u00f1a.jpg\",\"width\":260,\"height\":122},{\"@type\":\"BreadcrumbList\",\"@id\":\"https:\/\/volcanes.net\/?p=1295#breadcrumb\",\"itemListElement\":[{\"@type\":\"ListItem\",\"position\":1,\"name\":\"Portada\",\"item\":\"https:\/\/volcanes.net\/\"},{\"@type\":\"ListItem\",\"position\":2,\"name\":\"Fortalecer la unidad y esp\u00edritu de equipo para abatir las carencias en el pa\u00eds: Eviel P\u00e9rez Maga\u00f1a\"}]},{\"@type\":\"WebSite\",\"@id\":\"https:\/\/volcanes.net\/#website\",\"url\":\"https:\/\/volcanes.net\/\",\"name\":\"Volcanes.Net\",\"description\":\"Periodismo Profesional\",\"publisher\":{\"@id\":\"https:\/\/volcanes.net\/#organization\"},\"potentialAction\":[{\"@type\":\"SearchAction\",\"target\":{\"@type\":\"EntryPoint\",\"urlTemplate\":\"https:\/\/volcanes.net\/?s={search_term_string}\"},\"query-input\":{\"@type\":\"PropertyValueSpecification\",\"valueRequired\":true,\"valueName\":\"search_term_string\"}}],\"inLanguage\":\"es\"},{\"@type\":\"Organization\",\"@id\":\"https:\/\/volcanes.net\/#organization\",\"name\":\"Grupo Volcanes\",\"url\":\"https:\/\/volcanes.net\/\",\"logo\":{\"@type\":\"ImageObject\",\"inLanguage\":\"es\",\"@id\":\"https:\/\/volcanes.net\/#\/schema\/logo\/image\/\",\"url\":\"http:\/\/volcanes.net\/wp-content\/uploads\/2017\/12\/Avatar2.jpg\",\"contentUrl\":\"http:\/\/volcanes.net\/wp-content\/uploads\/2017\/12\/Avatar2.jpg\",\"width\":378,\"height\":378,\"caption\":\"Grupo Volcanes\"},\"image\":{\"@id\":\"https:\/\/volcanes.net\/#\/schema\/logo\/image\/\"},\"sameAs\":[\"https:\/\/www.facebook.com\/volcanes.net\/\"]},{\"@type\":\"Person\",\"@id\":\"https:\/\/volcanes.net\/#\/schema\/person\/4bf0f383940966a4abd53f5048c0e6b9\",\"name\":\"admin\",\"image\":{\"@type\":\"ImageObject\",\"inLanguage\":\"es\",\"@id\":\"https:\/\/volcanes.net\/#\/schema\/person\/image\/\",\"url\":\"https:\/\/secure.gravatar.com\/avatar\/ca004e6cba8462b8cb7abc86e382930c?s=96&d=mm&r=g\",\"contentUrl\":\"https:\/\/secure.gravatar.com\/avatar\/ca004e6cba8462b8cb7abc86e382930c?s=96&d=mm&r=g\",\"caption\":\"admin\"}}]}<\/script>\n<!-- \/ Yoast SEO plugin. -->","yoast_head_json":{"title":"Fortalecer la unidad y esp\u00edritu de equipo para abatir las carencias en el pa\u00eds: Eviel P\u00e9rez Maga\u00f1a - Volcanes","robots":{"index":"index","follow":"follow","max-snippet":"max-snippet:-1","max-image-preview":"max-image-preview:large","max-video-preview":"max-video-preview:-1"},"canonical":"https:\/\/volcanes.net\/?p=1295","og_locale":"es_MX","og_type":"article","og_title":"Fortalecer la unidad y esp\u00edritu de equipo para abatir las carencias en el pa\u00eds: Eviel P\u00e9rez Maga\u00f1a - Volcanes","og_description":"El secretario de Desarrollo Social convoc\u00f3 a los delegados de la dependencia en los estados","og_url":"https:\/\/volcanes.net\/?p=1295","og_site_name":"Volcanes","article_publisher":"https:\/\/www.facebook.com\/volcanes.net\/","article_published_time":"2018-02-21T00:26:36+00:00","og_image":[{"width":260,"height":122,"url":"https:\/\/volcanes.net\/wp-content\/uploads\/2018\/02\/FOTO-2-Fortalecer-la-unidad-y-esp\u00edritu-de-equipo-para-abatir-las-carencias-en-el-pa\u00eds-Eviel-P\u00e9rez-Maga\u00f1a.jpg","type":"image\/jpeg"}],"author":"admin","twitter_card":"summary_large_image","twitter_misc":{"Escrito por":"admin","Tiempo de lectura":"5 minutos"},"schema":{"@context":"https:\/\/schema.org","@graph":[{"@type":"Article","@id":"https:\/\/volcanes.net\/?p=1295#article","isPartOf":{"@id":"https:\/\/volcanes.net\/?p=1295"},"author":{"name":"admin","@id":"https:\/\/volcanes.net\/#\/schema\/person\/4bf0f383940966a4abd53f5048c0e6b9"},"headline":"Fortalecer la unidad y esp\u00edritu de equipo para abatir las carencias en el pa\u00eds: Eviel P\u00e9rez Maga\u00f1a","datePublished":"2018-02-21T00:26:36+00:00","mainEntityOfPage":{"@id":"https:\/\/volcanes.net\/?p=1295"},"wordCount":958,"commentCount":0,"publisher":{"@id":"https:\/\/volcanes.net\/#organization"},"image":{"@id":"https:\/\/volcanes.net\/?p=1295#primaryimage"},"thumbnailUrl":"https:\/\/volcanes.net\/wp-content\/uploads\/2018\/02\/FOTO-2-Fortalecer-la-unidad-y-esp\u00edritu-de-equipo-para-abatir-las-carencias-en-el-pa\u00eds-Eviel-P\u00e9rez-Maga\u00f1a.jpg","keywords":["Gobierno de la Rep\u00fablica","SEDESOL"],"articleSection":["Municipales"],"inLanguage":"es","potentialAction":[{"@type":"CommentAction","name":"Comment","target":["https:\/\/volcanes.net\/?p=1295#respond"]}]},{"@type":"WebPage","@id":"https:\/\/volcanes.net\/?p=1295","url":"https:\/\/volcanes.net\/?p=1295","name":"Fortalecer la unidad y esp\u00edritu de equipo para abatir las carencias en el pa\u00eds: Eviel P\u00e9rez Maga\u00f1a - Volcanes","isPartOf":{"@id":"https:\/\/volcanes.net\/#website"},"primaryImageOfPage":{"@id":"https:\/\/volcanes.net\/?p=1295#primaryimage"},"image":{"@id":"https:\/\/volcanes.net\/?p=1295#primaryimage"},"thumbnailUrl":"https:\/\/volcanes.net\/wp-content\/uploads\/2018\/02\/FOTO-2-Fortalecer-la-unidad-y-esp\u00edritu-de-equipo-para-abatir-las-carencias-en-el-pa\u00eds-Eviel-P\u00e9rez-Maga\u00f1a.jpg","datePublished":"2018-02-21T00:26:36+00:00","breadcrumb":{"@id":"https:\/\/volcanes.net\/?p=1295#breadcrumb"},"inLanguage":"es","potentialAction":[{"@type":"ReadAction","target":["https:\/\/volcanes.net\/?p=1295"]}]},{"@type":"ImageObject","inLanguage":"es","@id":"https:\/\/volcanes.net\/?p=1295#primaryimage","url":"https:\/\/volcanes.net\/wp-content\/uploads\/2018\/02\/FOTO-2-Fortalecer-la-unidad-y-esp\u00edritu-de-equipo-para-abatir-las-carencias-en-el-pa\u00eds-Eviel-P\u00e9rez-Maga\u00f1a.jpg","contentUrl":"https:\/\/volcanes.net\/wp-content\/uploads\/2018\/02\/FOTO-2-Fortalecer-la-unidad-y-esp\u00edritu-de-equipo-para-abatir-las-carencias-en-el-pa\u00eds-Eviel-P\u00e9rez-Maga\u00f1a.jpg","width":260,"height":122},{"@type":"BreadcrumbList","@id":"https:\/\/volcanes.net\/?p=1295#breadcrumb","itemListElement":[{"@type":"ListItem","position":1,"name":"Portada","item":"https:\/\/volcanes.net\/"},{"@type":"ListItem","position":2,"name":"Fortalecer la unidad y esp\u00edritu de equipo para abatir las carencias en el pa\u00eds: Eviel P\u00e9rez Maga\u00f1a"}]},{"@type":"WebSite","@id":"https:\/\/volcanes.net\/#website","url":"https:\/\/volcanes.net\/","name":"Volcanes.Net","description":"Periodismo Profesional","publisher":{"@id":"https:\/\/volcanes.net\/#organization"},"potentialAction":[{"@type":"SearchAction","target":{"@type":"EntryPoint","urlTemplate":"https:\/\/volcanes.net\/?s={search_term_string}"},"query-input":{"@type":"PropertyValueSpecification","valueRequired":true,"valueName":"search_term_string"}}],"inLanguage":"es"},{"@type":"Organization","@id":"https:\/\/volcanes.net\/#organization","name":"Grupo Volcanes","url":"https:\/\/volcanes.net\/","logo":{"@type":"ImageObject","inLanguage":"es","@id":"https:\/\/volcanes.net\/#\/schema\/logo\/image\/","url":"http:\/\/volcanes.net\/wp-content\/uploads\/2017\/12\/Avatar2.jpg","contentUrl":"http:\/\/volcanes.net\/wp-content\/uploads\/2017\/12\/Avatar2.jpg","width":378,"height":378,"caption":"Grupo Volcanes"},"image":{"@id":"https:\/\/volcanes.net\/#\/schema\/logo\/image\/"},"sameAs":["https:\/\/www.facebook.com\/volcanes.net\/"]},{"@type":"Person","@id":"https:\/\/volcanes.net\/#\/schema\/person\/4bf0f383940966a4abd53f5048c0e6b9","name":"admin","image":{"@type":"ImageObject","inLanguage":"es","@id":"https:\/\/volcanes.net\/#\/schema\/person\/image\/","url":"https:\/\/secure.gravatar.com\/avatar\/ca004e6cba8462b8cb7abc86e382930c?s=96&d=mm&r=g","contentUrl":"https:\/\/secure.gravatar.com\/avatar\/ca004e6cba8462b8cb7abc86e382930c?s=96&d=mm&r=g","caption":"admin"}}]}},"_links":{"self":[{"href":"https:\/\/volcanes.net\/index.php?rest_route=\/wp\/v2\/posts\/1295"}],"collection":[{"href":"https:\/\/volcanes.net\/index.php?rest_route=\/wp\/v2\/posts"}],"about":[{"href":"https:\/\/volcanes.net\/index.php?rest_route=\/wp\/v2\/types\/post"}],"author":[{"embeddable":true,"href":"https:\/\/volcanes.net\/index.php?rest_route=\/wp\/v2\/users\/1"}],"replies":[{"embeddable":true,"href":"https:\/\/volcanes.net\/index.php?rest_route=%2Fwp%2Fv2%2Fcomments&post=1295"}],"version-history":[{"count":1,"href":"https:\/\/volcanes.net\/index.php?rest_route=\/wp\/v2\/posts\/1295\/revisions"}],"predecessor-version":[{"id":1297,"href":"https:\/\/volcanes.net\/index.php?rest_route=\/wp\/v2\/posts\/1295\/revisions\/1297"}],"wp:featuredmedia":[{"embeddable":true,"href":"https:\/\/volcanes.net\/index.php?rest_route=\/wp\/v2\/media\/1296"}],"wp:attachment":[{"href":"https:\/\/volcanes.net\/index.php?rest_route=%2Fwp%2Fv2%2Fmedia&parent=1295"}],"wp:term":[{"taxonomy":"category","embeddable":true,"href":"https:\/\/volcanes.net\/index.php?rest_route=%2Fwp%2Fv2%2Fcategories&post=1295"},{"taxonomy":"post_tag","embeddable":true,"href":"https:\/\/volcanes.net\/index.php?rest_route=%2Fwp%2Fv2%2Ftags&post=1295"}],"curies":[{"name":"wp","href":"https:\/\/api.w.org\/{rel}","templated":true}]}}