{"id":12957,"date":"2022-06-24T15:45:57","date_gmt":"2022-06-24T21:45:57","guid":{"rendered":"http:\/\/volcanes.net\/?p=12957"},"modified":"2022-06-24T15:45:57","modified_gmt":"2022-06-24T21:45:57","slug":"sere-un-presidente-municipal-que-fomente-la-unidad-y-construya-el-dialogo-raul-navarro-rivera","status":"publish","type":"post","link":"https:\/\/volcanes.net\/?p=12957","title":{"rendered":"Ser\u00e9 un presidente municipal que fomente la unidad y construya el di\u00e1logo: Ra\u00fal Navarro Rivera"},"content":{"rendered":"<div style=\"margin-top: 0px; margin-bottom: 0px;\" class=\"sharethis-inline-share-buttons\" ><\/div><ul>\n<li>En sesi\u00f3n solemne de Cabildo rindi\u00f3 protesta como Presidente Municipal Constitucional de Atlautla para el periodo 2022-2024.<\/li>\n<li>Exhort\u00f3 a los regidores de otras expresiones pol\u00edticas a sumar esfuerzos y contribuir para que este municipio crezca.<\/li>\n<\/ul>\n<p>Atlautla, Estado de M\u00e9xico.- &#8220;A trabajar juntos y darle vuelta a la p\u00e1gina porque la elecci\u00f3n y contienda ya pas\u00f3, olvidar descalificaciones y disputas personales. Hagamos el mejor equipo para dar resultados a todos y cada uno de los Atlautlenses\u201d, exhort\u00f3 Ra\u00fal Navarro Rivera, al rendir protesta como Presidente Municipal Constitucional ante Oscar Jim\u00e9nez Ray\u00f3n, representante del Gobernador Alfredo del Mazo Maza.<\/p>\n<p>Ante m\u00e1s de 500 vecinos, del diputado local Omar Ortega, del l\u00edder estatal del PRD, Agust\u00edn Barrera Soriano, de los presidentes municipales de Ozumba, Valent\u00edn Mart\u00ednez Castillo; de Texcaltitl\u00e1n, Javier Lujano Huerta; de Ayapango, Mart\u00edn Vel\u00e1zquez y de Tepetlixpa, Abelardo Rodr\u00edguez Garc\u00eda, refrend\u00f3 su compromiso de hacer que la pol\u00edtica cambie y se transforme, porqu\u00e9 s\u00f3lo as\u00ed se podr\u00e1 dar los mejores resultados.<\/p>\n<p>Dijo que el pasado 15 de mayo los ciudadanos tuvieron la oportunidad de elegir a quien los pr\u00f3ximos dos a\u00f1os y medio dirigir\u00e1 el destino de este municipio y fue con una gran participaci\u00f3n ciudadana. \u201cSer\u00e9 un presidente que siempre llamar\u00e1 a la Unidad y a construir el Di\u00e1logo. Exhorto a los regidores de otras expresiones pol\u00edticas, a sumar esfuerzos y contribuir para que Atlautla sea un municipio que crezca, que cambie y se transforme\u201d.<\/p>\n<p>Por ello \u2013a\u00f1adi\u00f3- gobernar\u00e1 sin distinci\u00f3n de colores o expresiones pol\u00edticas, ser\u00e1 un presidente que no estar\u00e1 encerrado en su oficina y trabajar\u00e1 todos los d\u00edas para los atlautlenses.<\/p>\n<p>\u201cReconozco a las m\u00e1s de 13 mil personas que salieron a emitir su sufragio. Para todas las expresiones pol\u00edticas a quienes admiro, a esos hombres y mujeres valientes que representaron a sus partidos, que son de lucha social los convoco a sumarse al mejor proyecto para crecer y transformar a nuestro bello municipio\u201d, se\u00f1al\u00f3.<\/p>\n<p>Navarro Rivera dijo, que lo importante ahora es dar respuestas a toda la gente que se ha sentido agraviada por el descontento en las formas de gobernar, por la falta de atenci\u00f3n y nulas pol\u00edticas p\u00fablicas, de un crecimiento urbano desmedido, de tanta inseguridad y la falta de servicios elementales.<\/p>\n<p>\u201cHoy nuestra gente nos necesita, no quiere polarizaci\u00f3n, ni el divisionismo que a nada nos lleva, por el contrario, qui\u00e9n divida solo est\u00e1 pensando en sus intereses personales. Nuestra gente reclama a gritos ser escuchados y exige soluciones. Hag\u00e1moslo por nuestras familiasa, nuestras mujeres, j\u00f3venes, ni\u00f1as y ni\u00f1os que son el futuro de esta nuestra querida tierra que nos vio nacer\u201d, precis\u00f3.<\/p>\n<p>Destac\u00f3 que su gobierno estar\u00e1 marcado por seis ejes rectores que son: Agua Potable, Salud, Seguridad P\u00fablica, Campo, Educaci\u00f3n y Empleo. \u201cPor eso le digo al Gobernador Alfredo del Mazo Maza que contar\u00e1 con un firme aliado desde la presidencia municipal, necesitamos del valioso apoyo de su gobierno, de su labor y compromiso hacia los municipios m\u00e1s alejados\u201d.<\/p>\n<p>Ra\u00fal Navarro Rivera abund\u00f3 que gobernar\u00e1 para todas y todos, con Resultados Notables y Responsables, siguiendo el ejemplo del mandatario estatal, con grandes obras que enaltecen al Estado de M\u00e9xico y cuando visite Atlautla vea que tenemos un mejor gobierno con Paz Social, fuerte, unido, de decisiones firmes y con rumbo.<\/p>\n<p>A su vez, Oscar iJim\u00e9nez Ray\u00f3n, representante del Gobernador Alfredo del Mazo Maza en la Sesi\u00f3n Solemne de Cabildo, manifest\u00f3 que con el nuevo Ayuntamiento comienza a escribirse una nueva p\u00e1gina en la historia de Atlautla y \u201cno hay tiempo para el divisionismo, nada ni nadie podr\u00e1 dividir a este municipio, por lo que deseamos el mayor de los \u00e9xitos a las nuevas autoridades y todo el respaldo del Gobierno Estatal para construir una comunidad fuerte y prospera\u201d.<\/p>\n<p>Subray\u00f3 que el actual escenario obliga a los gobiernos a hacer m\u00e1s con menos y la prioridad es apoyar a los j\u00f3venes, mujeres, al campo e impulsar el desarrollo econ\u00f3mico y la generaci\u00f3n de empleos. \u201cEstoy seguro que con Ra\u00fal Navarro Rivera al frente del municipio de Atlautla, vienen tiempos de progreso, seguridad, eficacia y eficiencia para todos los habitantes\u201d, concluy\u00f3.<\/p>\n","protected":false},"excerpt":{"rendered":"<p>En sesi\u00f3n solemne de Cabildo rindi\u00f3 protesta como Presidente Municipal Constitucional de Atlautla para el<\/p>\n","protected":false},"author":1,"featured_media":12958,"comment_status":"open","ping_status":"open","sticky":false,"template":"","format":"standard","meta":{"footnotes":""},"categories":[1],"tags":[80],"class_list":["post-12957","post","type-post","status-publish","format-standard","has-post-thumbnail","hentry","category-municipales","tag-atlautla"],"yoast_head":"<!-- This site is optimized with the Yoast SEO plugin v25.3 - https:\/\/yoast.com\/wordpress\/plugins\/seo\/ -->\n<title>Ser\u00e9 un presidente municipal que fomente la unidad y construya el di\u00e1logo: Ra\u00fal Navarro Rivera - Volcanes<\/title>\n<meta name=\"robots\" content=\"index, follow, max-snippet:-1, max-image-preview:large, max-video-preview:-1\" \/>\n<link rel=\"canonical\" href=\"https:\/\/volcanes.net\/?p=12957\" \/>\n<meta property=\"og:locale\" content=\"es_MX\" \/>\n<meta property=\"og:type\" content=\"article\" \/>\n<meta property=\"og:title\" content=\"Ser\u00e9 un presidente municipal que fomente la unidad y construya el di\u00e1logo: Ra\u00fal Navarro Rivera - Volcanes\" \/>\n<meta property=\"og:description\" content=\"En sesi\u00f3n solemne de Cabildo rindi\u00f3 protesta como Presidente Municipal Constitucional de Atlautla para el\" \/>\n<meta property=\"og:url\" content=\"https:\/\/volcanes.net\/?p=12957\" \/>\n<meta property=\"og:site_name\" content=\"Volcanes\" \/>\n<meta property=\"article:publisher\" content=\"https:\/\/www.facebook.com\/volcanes.net\/\" \/>\n<meta property=\"article:published_time\" content=\"2022-06-24T21:45:57+00:00\" \/>\n<meta property=\"og:image\" content=\"https:\/\/volcanes.net\/wp-content\/uploads\/2022\/06\/IMG-20220622-WA0011.jpg\" \/>\n\t<meta property=\"og:image:width\" content=\"1038\" \/>\n\t<meta property=\"og:image:height\" content=\"748\" \/>\n\t<meta property=\"og:image:type\" content=\"image\/jpeg\" \/>\n<meta name=\"author\" content=\"admin\" \/>\n<meta name=\"twitter:card\" content=\"summary_large_image\" \/>\n<meta name=\"twitter:label1\" content=\"Escrito por\" \/>\n\t<meta name=\"twitter:data1\" content=\"admin\" \/>\n\t<meta name=\"twitter:label2\" content=\"Tiempo de lectura\" \/>\n\t<meta name=\"twitter:data2\" content=\"4 minutos\" \/>\n<script type=\"application\/ld+json\" class=\"yoast-schema-graph\">{\"@context\":\"https:\/\/schema.org\",\"@graph\":[{\"@type\":\"Article\",\"@id\":\"https:\/\/volcanes.net\/?p=12957#article\",\"isPartOf\":{\"@id\":\"https:\/\/volcanes.net\/?p=12957\"},\"author\":{\"name\":\"admin\",\"@id\":\"https:\/\/volcanes.net\/#\/schema\/person\/4bf0f383940966a4abd53f5048c0e6b9\"},\"headline\":\"Ser\u00e9 un presidente municipal que fomente la unidad y construya el di\u00e1logo: Ra\u00fal Navarro Rivera\",\"datePublished\":\"2022-06-24T21:45:57+00:00\",\"mainEntityOfPage\":{\"@id\":\"https:\/\/volcanes.net\/?p=12957\"},\"wordCount\":749,\"commentCount\":0,\"publisher\":{\"@id\":\"https:\/\/volcanes.net\/#organization\"},\"image\":{\"@id\":\"https:\/\/volcanes.net\/?p=12957#primaryimage\"},\"thumbnailUrl\":\"https:\/\/volcanes.net\/wp-content\/uploads\/2022\/06\/IMG-20220622-WA0011.jpg\",\"keywords\":[\"Atlautla\"],\"articleSection\":[\"Municipales\"],\"inLanguage\":\"es\",\"potentialAction\":[{\"@type\":\"CommentAction\",\"name\":\"Comment\",\"target\":[\"https:\/\/volcanes.net\/?p=12957#respond\"]}]},{\"@type\":\"WebPage\",\"@id\":\"https:\/\/volcanes.net\/?p=12957\",\"url\":\"https:\/\/volcanes.net\/?p=12957\",\"name\":\"Ser\u00e9 un presidente municipal que fomente la unidad y construya el di\u00e1logo: Ra\u00fal Navarro Rivera - Volcanes\",\"isPartOf\":{\"@id\":\"https:\/\/volcanes.net\/#website\"},\"primaryImageOfPage\":{\"@id\":\"https:\/\/volcanes.net\/?p=12957#primaryimage\"},\"image\":{\"@id\":\"https:\/\/volcanes.net\/?p=12957#primaryimage\"},\"thumbnailUrl\":\"https:\/\/volcanes.net\/wp-content\/uploads\/2022\/06\/IMG-20220622-WA0011.jpg\",\"datePublished\":\"2022-06-24T21:45:57+00:00\",\"breadcrumb\":{\"@id\":\"https:\/\/volcanes.net\/?p=12957#breadcrumb\"},\"inLanguage\":\"es\",\"potentialAction\":[{\"@type\":\"ReadAction\",\"target\":[\"https:\/\/volcanes.net\/?p=12957\"]}]},{\"@type\":\"ImageObject\",\"inLanguage\":\"es\",\"@id\":\"https:\/\/volcanes.net\/?p=12957#primaryimage\",\"url\":\"https:\/\/volcanes.net\/wp-content\/uploads\/2022\/06\/IMG-20220622-WA0011.jpg\",\"contentUrl\":\"https:\/\/volcanes.net\/wp-content\/uploads\/2022\/06\/IMG-20220622-WA0011.jpg\",\"width\":1038,\"height\":748},{\"@type\":\"BreadcrumbList\",\"@id\":\"https:\/\/volcanes.net\/?p=12957#breadcrumb\",\"itemListElement\":[{\"@type\":\"ListItem\",\"position\":1,\"name\":\"Portada\",\"item\":\"https:\/\/volcanes.net\/\"},{\"@type\":\"ListItem\",\"position\":2,\"name\":\"Ser\u00e9 un presidente municipal que fomente la unidad y construya el di\u00e1logo: Ra\u00fal Navarro Rivera\"}]},{\"@type\":\"WebSite\",\"@id\":\"https:\/\/volcanes.net\/#website\",\"url\":\"https:\/\/volcanes.net\/\",\"name\":\"Volcanes.Net\",\"description\":\"Periodismo Profesional\",\"publisher\":{\"@id\":\"https:\/\/volcanes.net\/#organization\"},\"potentialAction\":[{\"@type\":\"SearchAction\",\"target\":{\"@type\":\"EntryPoint\",\"urlTemplate\":\"https:\/\/volcanes.net\/?s={search_term_string}\"},\"query-input\":{\"@type\":\"PropertyValueSpecification\",\"valueRequired\":true,\"valueName\":\"search_term_string\"}}],\"inLanguage\":\"es\"},{\"@type\":\"Organization\",\"@id\":\"https:\/\/volcanes.net\/#organization\",\"name\":\"Grupo Volcanes\",\"url\":\"https:\/\/volcanes.net\/\",\"logo\":{\"@type\":\"ImageObject\",\"inLanguage\":\"es\",\"@id\":\"https:\/\/volcanes.net\/#\/schema\/logo\/image\/\",\"url\":\"http:\/\/volcanes.net\/wp-content\/uploads\/2017\/12\/Avatar2.jpg\",\"contentUrl\":\"http:\/\/volcanes.net\/wp-content\/uploads\/2017\/12\/Avatar2.jpg\",\"width\":378,\"height\":378,\"caption\":\"Grupo Volcanes\"},\"image\":{\"@id\":\"https:\/\/volcanes.net\/#\/schema\/logo\/image\/\"},\"sameAs\":[\"https:\/\/www.facebook.com\/volcanes.net\/\"]},{\"@type\":\"Person\",\"@id\":\"https:\/\/volcanes.net\/#\/schema\/person\/4bf0f383940966a4abd53f5048c0e6b9\",\"name\":\"admin\",\"image\":{\"@type\":\"ImageObject\",\"inLanguage\":\"es\",\"@id\":\"https:\/\/volcanes.net\/#\/schema\/person\/image\/\",\"url\":\"https:\/\/secure.gravatar.com\/avatar\/ca004e6cba8462b8cb7abc86e382930c?s=96&d=mm&r=g\",\"contentUrl\":\"https:\/\/secure.gravatar.com\/avatar\/ca004e6cba8462b8cb7abc86e382930c?s=96&d=mm&r=g\",\"caption\":\"admin\"}}]}<\/script>\n<!-- \/ Yoast SEO plugin. -->","yoast_head_json":{"title":"Ser\u00e9 un presidente municipal que fomente la unidad y construya el di\u00e1logo: Ra\u00fal Navarro Rivera - Volcanes","robots":{"index":"index","follow":"follow","max-snippet":"max-snippet:-1","max-image-preview":"max-image-preview:large","max-video-preview":"max-video-preview:-1"},"canonical":"https:\/\/volcanes.net\/?p=12957","og_locale":"es_MX","og_type":"article","og_title":"Ser\u00e9 un presidente municipal que fomente la unidad y construya el di\u00e1logo: Ra\u00fal Navarro Rivera - Volcanes","og_description":"En sesi\u00f3n solemne de Cabildo rindi\u00f3 protesta como Presidente Municipal Constitucional de Atlautla para el","og_url":"https:\/\/volcanes.net\/?p=12957","og_site_name":"Volcanes","article_publisher":"https:\/\/www.facebook.com\/volcanes.net\/","article_published_time":"2022-06-24T21:45:57+00:00","og_image":[{"width":1038,"height":748,"url":"https:\/\/volcanes.net\/wp-content\/uploads\/2022\/06\/IMG-20220622-WA0011.jpg","type":"image\/jpeg"}],"author":"admin","twitter_card":"summary_large_image","twitter_misc":{"Escrito por":"admin","Tiempo de lectura":"4 minutos"},"schema":{"@context":"https:\/\/schema.org","@graph":[{"@type":"Article","@id":"https:\/\/volcanes.net\/?p=12957#article","isPartOf":{"@id":"https:\/\/volcanes.net\/?p=12957"},"author":{"name":"admin","@id":"https:\/\/volcanes.net\/#\/schema\/person\/4bf0f383940966a4abd53f5048c0e6b9"},"headline":"Ser\u00e9 un presidente municipal que fomente la unidad y construya el di\u00e1logo: Ra\u00fal Navarro Rivera","datePublished":"2022-06-24T21:45:57+00:00","mainEntityOfPage":{"@id":"https:\/\/volcanes.net\/?p=12957"},"wordCount":749,"commentCount":0,"publisher":{"@id":"https:\/\/volcanes.net\/#organization"},"image":{"@id":"https:\/\/volcanes.net\/?p=12957#primaryimage"},"thumbnailUrl":"https:\/\/volcanes.net\/wp-content\/uploads\/2022\/06\/IMG-20220622-WA0011.jpg","keywords":["Atlautla"],"articleSection":["Municipales"],"inLanguage":"es","potentialAction":[{"@type":"CommentAction","name":"Comment","target":["https:\/\/volcanes.net\/?p=12957#respond"]}]},{"@type":"WebPage","@id":"https:\/\/volcanes.net\/?p=12957","url":"https:\/\/volcanes.net\/?p=12957","name":"Ser\u00e9 un presidente municipal que fomente la unidad y construya el di\u00e1logo: Ra\u00fal Navarro Rivera - Volcanes","isPartOf":{"@id":"https:\/\/volcanes.net\/#website"},"primaryImageOfPage":{"@id":"https:\/\/volcanes.net\/?p=12957#primaryimage"},"image":{"@id":"https:\/\/volcanes.net\/?p=12957#primaryimage"},"thumbnailUrl":"https:\/\/volcanes.net\/wp-content\/uploads\/2022\/06\/IMG-20220622-WA0011.jpg","datePublished":"2022-06-24T21:45:57+00:00","breadcrumb":{"@id":"https:\/\/volcanes.net\/?p=12957#breadcrumb"},"inLanguage":"es","potentialAction":[{"@type":"ReadAction","target":["https:\/\/volcanes.net\/?p=12957"]}]},{"@type":"ImageObject","inLanguage":"es","@id":"https:\/\/volcanes.net\/?p=12957#primaryimage","url":"https:\/\/volcanes.net\/wp-content\/uploads\/2022\/06\/IMG-20220622-WA0011.jpg","contentUrl":"https:\/\/volcanes.net\/wp-content\/uploads\/2022\/06\/IMG-20220622-WA0011.jpg","width":1038,"height":748},{"@type":"BreadcrumbList","@id":"https:\/\/volcanes.net\/?p=12957#breadcrumb","itemListElement":[{"@type":"ListItem","position":1,"name":"Portada","item":"https:\/\/volcanes.net\/"},{"@type":"ListItem","position":2,"name":"Ser\u00e9 un presidente municipal que fomente la unidad y construya el di\u00e1logo: Ra\u00fal Navarro Rivera"}]},{"@type":"WebSite","@id":"https:\/\/volcanes.net\/#website","url":"https:\/\/volcanes.net\/","name":"Volcanes.Net","description":"Periodismo Profesional","publisher":{"@id":"https:\/\/volcanes.net\/#organization"},"potentialAction":[{"@type":"SearchAction","target":{"@type":"EntryPoint","urlTemplate":"https:\/\/volcanes.net\/?s={search_term_string}"},"query-input":{"@type":"PropertyValueSpecification","valueRequired":true,"valueName":"search_term_string"}}],"inLanguage":"es"},{"@type":"Organization","@id":"https:\/\/volcanes.net\/#organization","name":"Grupo Volcanes","url":"https:\/\/volcanes.net\/","logo":{"@type":"ImageObject","inLanguage":"es","@id":"https:\/\/volcanes.net\/#\/schema\/logo\/image\/","url":"http:\/\/volcanes.net\/wp-content\/uploads\/2017\/12\/Avatar2.jpg","contentUrl":"http:\/\/volcanes.net\/wp-content\/uploads\/2017\/12\/Avatar2.jpg","width":378,"height":378,"caption":"Grupo Volcanes"},"image":{"@id":"https:\/\/volcanes.net\/#\/schema\/logo\/image\/"},"sameAs":["https:\/\/www.facebook.com\/volcanes.net\/"]},{"@type":"Person","@id":"https:\/\/volcanes.net\/#\/schema\/person\/4bf0f383940966a4abd53f5048c0e6b9","name":"admin","image":{"@type":"ImageObject","inLanguage":"es","@id":"https:\/\/volcanes.net\/#\/schema\/person\/image\/","url":"https:\/\/secure.gravatar.com\/avatar\/ca004e6cba8462b8cb7abc86e382930c?s=96&d=mm&r=g","contentUrl":"https:\/\/secure.gravatar.com\/avatar\/ca004e6cba8462b8cb7abc86e382930c?s=96&d=mm&r=g","caption":"admin"}}]}},"_links":{"self":[{"href":"https:\/\/volcanes.net\/index.php?rest_route=\/wp\/v2\/posts\/12957"}],"collection":[{"href":"https:\/\/volcanes.net\/index.php?rest_route=\/wp\/v2\/posts"}],"about":[{"href":"https:\/\/volcanes.net\/index.php?rest_route=\/wp\/v2\/types\/post"}],"author":[{"embeddable":true,"href":"https:\/\/volcanes.net\/index.php?rest_route=\/wp\/v2\/users\/1"}],"replies":[{"embeddable":true,"href":"https:\/\/volcanes.net\/index.php?rest_route=%2Fwp%2Fv2%2Fcomments&post=12957"}],"version-history":[{"count":1,"href":"https:\/\/volcanes.net\/index.php?rest_route=\/wp\/v2\/posts\/12957\/revisions"}],"predecessor-version":[{"id":12959,"href":"https:\/\/volcanes.net\/index.php?rest_route=\/wp\/v2\/posts\/12957\/revisions\/12959"}],"wp:featuredmedia":[{"embeddable":true,"href":"https:\/\/volcanes.net\/index.php?rest_route=\/wp\/v2\/media\/12958"}],"wp:attachment":[{"href":"https:\/\/volcanes.net\/index.php?rest_route=%2Fwp%2Fv2%2Fmedia&parent=12957"}],"wp:term":[{"taxonomy":"category","embeddable":true,"href":"https:\/\/volcanes.net\/index.php?rest_route=%2Fwp%2Fv2%2Fcategories&post=12957"},{"taxonomy":"post_tag","embeddable":true,"href":"https:\/\/volcanes.net\/index.php?rest_route=%2Fwp%2Fv2%2Ftags&post=12957"}],"curies":[{"name":"wp","href":"https:\/\/api.w.org\/{rel}","templated":true}]}}