{"id":12965,"date":"2022-06-27T08:28:53","date_gmt":"2022-06-27T14:28:53","guid":{"rendered":"http:\/\/volcanes.net\/?p=12965"},"modified":"2022-06-27T08:28:53","modified_gmt":"2022-06-27T14:28:53","slug":"en-ozumba-inician-los-trabajos-del-colectivo-501-al-frente-de-elisa-lozada-pozos","status":"publish","type":"post","link":"https:\/\/volcanes.net\/?p=12965","title":{"rendered":"En Ozumba inician los trabajos del colectivo 50+1 al frente de Elisa Lozada Pozos"},"content":{"rendered":"<div style=\"margin-top: 0px; margin-bottom: 0px;\" class=\"sharethis-inline-share-buttons\" ><\/div><p>Ozumba estado de M\u00e9xico.- Este fin de semana iniciaron de manera formal los trabajos del colectivo 50+1 encabezado por Elisa Lozada Pozos, en el municipio de Ozumba, quien envi\u00f3 un mensaje explicando a las presentes el objetivo que tiene este colectivo en la en este municipio, explic\u00f3 que el su principal objetivo es evitar la violencia de g\u00e9nero en todas sus expresiones. &#8220;Tendremos que trabajar de manera intensa, hacer conciencia entre las mujeres ozumbenses y apoyar de manera total si sufren de alg\u00fan abuso o maltrato&#8221; enfatiz\u00f3 Lozada Pozos. Agreg\u00f3 que &#8220;tenemos que ser solidarias y empoderarlas a trav\u00e9s de diversos mecanismos como conferencias, cursos de autoempleo o asesoramiento legal e incluso canalizar a las mujeres violentadas a refugios temporales.<br \/>\nAmas de casa, mujeres j\u00f3venes, estudiantes, profesionistas, emprendedoras, empresarias y trabajadoras en diversos oficios; incluidos ni\u00f1as y ni\u00f1os plasmaron sus manos en una pared como se\u00f1al de unidad y as\u00ed marcar un alto a la violencia de g\u00e9nero. Previamente se encontraba este mural con un mensaje dirigido a las mujeres que dice: \u201cviste de gratitud, amor, libertad y autenticidad\u201d con el logotipo del colectivo 50+1<br \/>\nAl finalizar este evento Lozada Pozos, indic\u00f3 que de esta manera se inician los trabajos del colectivo 50+1 en Ozumba de manera simb\u00f3lica.<br \/>\nInform\u00f3 que en breve tendr\u00e1n noticias de las acciones que se estar\u00e1n a favor de todas las mujeres para que &#8220;volvamos a caminar tranquilas en las calles, en las plazas p\u00fablicas incluso en espacios deportivos donde la inseguridad es permanente; es lamentable que nuestras hijas no puedan ni siquiera salir a la tienda de la esquina por temor a que les pueda pasar algo malo, esto lo lograremos todas juntas claro con la ayuda de la sociedad en general&#8221;, indic\u00f3 Elisa Lozada Pozos.<\/p>\n","protected":false},"excerpt":{"rendered":"<p>Ozumba estado de M\u00e9xico.- Este fin de semana iniciaron de manera formal los trabajos del<\/p>\n","protected":false},"author":1,"featured_media":12967,"comment_status":"open","ping_status":"open","sticky":false,"template":"","format":"standard","meta":{"footnotes":""},"categories":[1],"tags":[14],"class_list":["post-12965","post","type-post","status-publish","format-standard","has-post-thumbnail","hentry","category-municipales","tag-ozumba"],"yoast_head":"<!-- This site is optimized with the Yoast SEO plugin v25.3 - https:\/\/yoast.com\/wordpress\/plugins\/seo\/ -->\n<title>En Ozumba inician los trabajos del colectivo 50+1 al frente de Elisa Lozada Pozos - Volcanes<\/title>\n<meta name=\"description\" content=\"&quot;Tendremos que trabajar de manera intensa, hacer conciencia entre las mujeres ozumbenses y apoyar de manera total si sufren de alg\u00fan abuso o maltrato&quot; enfatiz\u00f3 Lozada Pozos.\" \/>\n<meta name=\"robots\" content=\"index, follow, max-snippet:-1, max-image-preview:large, max-video-preview:-1\" \/>\n<link rel=\"canonical\" href=\"https:\/\/volcanes.net\/?p=12965\" \/>\n<meta property=\"og:locale\" content=\"es_MX\" \/>\n<meta property=\"og:type\" content=\"article\" \/>\n<meta property=\"og:title\" content=\"En Ozumba inician los trabajos del colectivo 50+1 al frente de Elisa Lozada Pozos - Volcanes\" \/>\n<meta property=\"og:description\" content=\"&quot;Tendremos que trabajar de manera intensa, hacer conciencia entre las mujeres ozumbenses y apoyar de manera total si sufren de alg\u00fan abuso o maltrato&quot; enfatiz\u00f3 Lozada Pozos.\" \/>\n<meta property=\"og:url\" content=\"https:\/\/volcanes.net\/?p=12965\" \/>\n<meta property=\"og:site_name\" content=\"Volcanes\" \/>\n<meta property=\"article:publisher\" content=\"https:\/\/www.facebook.com\/volcanes.net\/\" \/>\n<meta property=\"article:published_time\" content=\"2022-06-27T14:28:53+00:00\" \/>\n<meta property=\"og:image\" content=\"https:\/\/volcanes.net\/wp-content\/uploads\/2022\/06\/IMG-20220626-WA0073.jpg\" \/>\n\t<meta property=\"og:image:width\" content=\"1024\" \/>\n\t<meta property=\"og:image:height\" content=\"768\" \/>\n\t<meta property=\"og:image:type\" content=\"image\/jpeg\" \/>\n<meta name=\"author\" content=\"admin\" \/>\n<meta name=\"twitter:card\" content=\"summary_large_image\" \/>\n<meta name=\"twitter:label1\" content=\"Escrito por\" \/>\n\t<meta name=\"twitter:data1\" content=\"admin\" \/>\n\t<meta name=\"twitter:label2\" content=\"Tiempo de lectura\" \/>\n\t<meta name=\"twitter:data2\" content=\"2 minutos\" \/>\n<script type=\"application\/ld+json\" class=\"yoast-schema-graph\">{\"@context\":\"https:\/\/schema.org\",\"@graph\":[{\"@type\":\"Article\",\"@id\":\"https:\/\/volcanes.net\/?p=12965#article\",\"isPartOf\":{\"@id\":\"https:\/\/volcanes.net\/?p=12965\"},\"author\":{\"name\":\"admin\",\"@id\":\"https:\/\/volcanes.net\/#\/schema\/person\/4bf0f383940966a4abd53f5048c0e6b9\"},\"headline\":\"En Ozumba inician los trabajos del colectivo 50+1 al frente de Elisa Lozada Pozos\",\"datePublished\":\"2022-06-27T14:28:53+00:00\",\"mainEntityOfPage\":{\"@id\":\"https:\/\/volcanes.net\/?p=12965\"},\"wordCount\":315,\"commentCount\":0,\"publisher\":{\"@id\":\"https:\/\/volcanes.net\/#organization\"},\"image\":{\"@id\":\"https:\/\/volcanes.net\/?p=12965#primaryimage\"},\"thumbnailUrl\":\"https:\/\/volcanes.net\/wp-content\/uploads\/2022\/06\/IMG-20220626-WA0073.jpg\",\"keywords\":[\"Ozumba\"],\"articleSection\":[\"Municipales\"],\"inLanguage\":\"es\",\"potentialAction\":[{\"@type\":\"CommentAction\",\"name\":\"Comment\",\"target\":[\"https:\/\/volcanes.net\/?p=12965#respond\"]}]},{\"@type\":\"WebPage\",\"@id\":\"https:\/\/volcanes.net\/?p=12965\",\"url\":\"https:\/\/volcanes.net\/?p=12965\",\"name\":\"En Ozumba inician los trabajos del colectivo 50+1 al frente de Elisa Lozada Pozos - Volcanes\",\"isPartOf\":{\"@id\":\"https:\/\/volcanes.net\/#website\"},\"primaryImageOfPage\":{\"@id\":\"https:\/\/volcanes.net\/?p=12965#primaryimage\"},\"image\":{\"@id\":\"https:\/\/volcanes.net\/?p=12965#primaryimage\"},\"thumbnailUrl\":\"https:\/\/volcanes.net\/wp-content\/uploads\/2022\/06\/IMG-20220626-WA0073.jpg\",\"datePublished\":\"2022-06-27T14:28:53+00:00\",\"description\":\"\\\"Tendremos que trabajar de manera intensa, hacer conciencia entre las mujeres ozumbenses y apoyar de manera total si sufren de alg\u00fan abuso o maltrato\\\" enfatiz\u00f3 Lozada Pozos.\",\"breadcrumb\":{\"@id\":\"https:\/\/volcanes.net\/?p=12965#breadcrumb\"},\"inLanguage\":\"es\",\"potentialAction\":[{\"@type\":\"ReadAction\",\"target\":[\"https:\/\/volcanes.net\/?p=12965\"]}]},{\"@type\":\"ImageObject\",\"inLanguage\":\"es\",\"@id\":\"https:\/\/volcanes.net\/?p=12965#primaryimage\",\"url\":\"https:\/\/volcanes.net\/wp-content\/uploads\/2022\/06\/IMG-20220626-WA0073.jpg\",\"contentUrl\":\"https:\/\/volcanes.net\/wp-content\/uploads\/2022\/06\/IMG-20220626-WA0073.jpg\",\"width\":1024,\"height\":768},{\"@type\":\"BreadcrumbList\",\"@id\":\"https:\/\/volcanes.net\/?p=12965#breadcrumb\",\"itemListElement\":[{\"@type\":\"ListItem\",\"position\":1,\"name\":\"Portada\",\"item\":\"https:\/\/volcanes.net\/\"},{\"@type\":\"ListItem\",\"position\":2,\"name\":\"En Ozumba inician los trabajos del colectivo 50+1 al frente de Elisa Lozada Pozos\"}]},{\"@type\":\"WebSite\",\"@id\":\"https:\/\/volcanes.net\/#website\",\"url\":\"https:\/\/volcanes.net\/\",\"name\":\"Volcanes.Net\",\"description\":\"Periodismo Profesional\",\"publisher\":{\"@id\":\"https:\/\/volcanes.net\/#organization\"},\"potentialAction\":[{\"@type\":\"SearchAction\",\"target\":{\"@type\":\"EntryPoint\",\"urlTemplate\":\"https:\/\/volcanes.net\/?s={search_term_string}\"},\"query-input\":{\"@type\":\"PropertyValueSpecification\",\"valueRequired\":true,\"valueName\":\"search_term_string\"}}],\"inLanguage\":\"es\"},{\"@type\":\"Organization\",\"@id\":\"https:\/\/volcanes.net\/#organization\",\"name\":\"Grupo Volcanes\",\"url\":\"https:\/\/volcanes.net\/\",\"logo\":{\"@type\":\"ImageObject\",\"inLanguage\":\"es\",\"@id\":\"https:\/\/volcanes.net\/#\/schema\/logo\/image\/\",\"url\":\"http:\/\/volcanes.net\/wp-content\/uploads\/2017\/12\/Avatar2.jpg\",\"contentUrl\":\"http:\/\/volcanes.net\/wp-content\/uploads\/2017\/12\/Avatar2.jpg\",\"width\":378,\"height\":378,\"caption\":\"Grupo Volcanes\"},\"image\":{\"@id\":\"https:\/\/volcanes.net\/#\/schema\/logo\/image\/\"},\"sameAs\":[\"https:\/\/www.facebook.com\/volcanes.net\/\"]},{\"@type\":\"Person\",\"@id\":\"https:\/\/volcanes.net\/#\/schema\/person\/4bf0f383940966a4abd53f5048c0e6b9\",\"name\":\"admin\",\"image\":{\"@type\":\"ImageObject\",\"inLanguage\":\"es\",\"@id\":\"https:\/\/volcanes.net\/#\/schema\/person\/image\/\",\"url\":\"https:\/\/secure.gravatar.com\/avatar\/ca004e6cba8462b8cb7abc86e382930c?s=96&d=mm&r=g\",\"contentUrl\":\"https:\/\/secure.gravatar.com\/avatar\/ca004e6cba8462b8cb7abc86e382930c?s=96&d=mm&r=g\",\"caption\":\"admin\"}}]}<\/script>\n<!-- \/ Yoast SEO plugin. -->","yoast_head_json":{"title":"En Ozumba inician los trabajos del colectivo 50+1 al frente de Elisa Lozada Pozos - Volcanes","description":"\"Tendremos que trabajar de manera intensa, hacer conciencia entre las mujeres ozumbenses y apoyar de manera total si sufren de alg\u00fan abuso o maltrato\" enfatiz\u00f3 Lozada Pozos.","robots":{"index":"index","follow":"follow","max-snippet":"max-snippet:-1","max-image-preview":"max-image-preview:large","max-video-preview":"max-video-preview:-1"},"canonical":"https:\/\/volcanes.net\/?p=12965","og_locale":"es_MX","og_type":"article","og_title":"En Ozumba inician los trabajos del colectivo 50+1 al frente de Elisa Lozada Pozos - Volcanes","og_description":"\"Tendremos que trabajar de manera intensa, hacer conciencia entre las mujeres ozumbenses y apoyar de manera total si sufren de alg\u00fan abuso o maltrato\" enfatiz\u00f3 Lozada Pozos.","og_url":"https:\/\/volcanes.net\/?p=12965","og_site_name":"Volcanes","article_publisher":"https:\/\/www.facebook.com\/volcanes.net\/","article_published_time":"2022-06-27T14:28:53+00:00","og_image":[{"width":1024,"height":768,"url":"https:\/\/volcanes.net\/wp-content\/uploads\/2022\/06\/IMG-20220626-WA0073.jpg","type":"image\/jpeg"}],"author":"admin","twitter_card":"summary_large_image","twitter_misc":{"Escrito por":"admin","Tiempo de lectura":"2 minutos"},"schema":{"@context":"https:\/\/schema.org","@graph":[{"@type":"Article","@id":"https:\/\/volcanes.net\/?p=12965#article","isPartOf":{"@id":"https:\/\/volcanes.net\/?p=12965"},"author":{"name":"admin","@id":"https:\/\/volcanes.net\/#\/schema\/person\/4bf0f383940966a4abd53f5048c0e6b9"},"headline":"En Ozumba inician los trabajos del colectivo 50+1 al frente de Elisa Lozada Pozos","datePublished":"2022-06-27T14:28:53+00:00","mainEntityOfPage":{"@id":"https:\/\/volcanes.net\/?p=12965"},"wordCount":315,"commentCount":0,"publisher":{"@id":"https:\/\/volcanes.net\/#organization"},"image":{"@id":"https:\/\/volcanes.net\/?p=12965#primaryimage"},"thumbnailUrl":"https:\/\/volcanes.net\/wp-content\/uploads\/2022\/06\/IMG-20220626-WA0073.jpg","keywords":["Ozumba"],"articleSection":["Municipales"],"inLanguage":"es","potentialAction":[{"@type":"CommentAction","name":"Comment","target":["https:\/\/volcanes.net\/?p=12965#respond"]}]},{"@type":"WebPage","@id":"https:\/\/volcanes.net\/?p=12965","url":"https:\/\/volcanes.net\/?p=12965","name":"En Ozumba inician los trabajos del colectivo 50+1 al frente de Elisa Lozada Pozos - Volcanes","isPartOf":{"@id":"https:\/\/volcanes.net\/#website"},"primaryImageOfPage":{"@id":"https:\/\/volcanes.net\/?p=12965#primaryimage"},"image":{"@id":"https:\/\/volcanes.net\/?p=12965#primaryimage"},"thumbnailUrl":"https:\/\/volcanes.net\/wp-content\/uploads\/2022\/06\/IMG-20220626-WA0073.jpg","datePublished":"2022-06-27T14:28:53+00:00","description":"\"Tendremos que trabajar de manera intensa, hacer conciencia entre las mujeres ozumbenses y apoyar de manera total si sufren de alg\u00fan abuso o maltrato\" enfatiz\u00f3 Lozada Pozos.","breadcrumb":{"@id":"https:\/\/volcanes.net\/?p=12965#breadcrumb"},"inLanguage":"es","potentialAction":[{"@type":"ReadAction","target":["https:\/\/volcanes.net\/?p=12965"]}]},{"@type":"ImageObject","inLanguage":"es","@id":"https:\/\/volcanes.net\/?p=12965#primaryimage","url":"https:\/\/volcanes.net\/wp-content\/uploads\/2022\/06\/IMG-20220626-WA0073.jpg","contentUrl":"https:\/\/volcanes.net\/wp-content\/uploads\/2022\/06\/IMG-20220626-WA0073.jpg","width":1024,"height":768},{"@type":"BreadcrumbList","@id":"https:\/\/volcanes.net\/?p=12965#breadcrumb","itemListElement":[{"@type":"ListItem","position":1,"name":"Portada","item":"https:\/\/volcanes.net\/"},{"@type":"ListItem","position":2,"name":"En Ozumba inician los trabajos del colectivo 50+1 al frente de Elisa Lozada Pozos"}]},{"@type":"WebSite","@id":"https:\/\/volcanes.net\/#website","url":"https:\/\/volcanes.net\/","name":"Volcanes.Net","description":"Periodismo Profesional","publisher":{"@id":"https:\/\/volcanes.net\/#organization"},"potentialAction":[{"@type":"SearchAction","target":{"@type":"EntryPoint","urlTemplate":"https:\/\/volcanes.net\/?s={search_term_string}"},"query-input":{"@type":"PropertyValueSpecification","valueRequired":true,"valueName":"search_term_string"}}],"inLanguage":"es"},{"@type":"Organization","@id":"https:\/\/volcanes.net\/#organization","name":"Grupo Volcanes","url":"https:\/\/volcanes.net\/","logo":{"@type":"ImageObject","inLanguage":"es","@id":"https:\/\/volcanes.net\/#\/schema\/logo\/image\/","url":"http:\/\/volcanes.net\/wp-content\/uploads\/2017\/12\/Avatar2.jpg","contentUrl":"http:\/\/volcanes.net\/wp-content\/uploads\/2017\/12\/Avatar2.jpg","width":378,"height":378,"caption":"Grupo Volcanes"},"image":{"@id":"https:\/\/volcanes.net\/#\/schema\/logo\/image\/"},"sameAs":["https:\/\/www.facebook.com\/volcanes.net\/"]},{"@type":"Person","@id":"https:\/\/volcanes.net\/#\/schema\/person\/4bf0f383940966a4abd53f5048c0e6b9","name":"admin","image":{"@type":"ImageObject","inLanguage":"es","@id":"https:\/\/volcanes.net\/#\/schema\/person\/image\/","url":"https:\/\/secure.gravatar.com\/avatar\/ca004e6cba8462b8cb7abc86e382930c?s=96&d=mm&r=g","contentUrl":"https:\/\/secure.gravatar.com\/avatar\/ca004e6cba8462b8cb7abc86e382930c?s=96&d=mm&r=g","caption":"admin"}}]}},"_links":{"self":[{"href":"https:\/\/volcanes.net\/index.php?rest_route=\/wp\/v2\/posts\/12965"}],"collection":[{"href":"https:\/\/volcanes.net\/index.php?rest_route=\/wp\/v2\/posts"}],"about":[{"href":"https:\/\/volcanes.net\/index.php?rest_route=\/wp\/v2\/types\/post"}],"author":[{"embeddable":true,"href":"https:\/\/volcanes.net\/index.php?rest_route=\/wp\/v2\/users\/1"}],"replies":[{"embeddable":true,"href":"https:\/\/volcanes.net\/index.php?rest_route=%2Fwp%2Fv2%2Fcomments&post=12965"}],"version-history":[{"count":2,"href":"https:\/\/volcanes.net\/index.php?rest_route=\/wp\/v2\/posts\/12965\/revisions"}],"predecessor-version":[{"id":12969,"href":"https:\/\/volcanes.net\/index.php?rest_route=\/wp\/v2\/posts\/12965\/revisions\/12969"}],"wp:featuredmedia":[{"embeddable":true,"href":"https:\/\/volcanes.net\/index.php?rest_route=\/wp\/v2\/media\/12967"}],"wp:attachment":[{"href":"https:\/\/volcanes.net\/index.php?rest_route=%2Fwp%2Fv2%2Fmedia&parent=12965"}],"wp:term":[{"taxonomy":"category","embeddable":true,"href":"https:\/\/volcanes.net\/index.php?rest_route=%2Fwp%2Fv2%2Fcategories&post=12965"},{"taxonomy":"post_tag","embeddable":true,"href":"https:\/\/volcanes.net\/index.php?rest_route=%2Fwp%2Fv2%2Ftags&post=12965"}],"curies":[{"name":"wp","href":"https:\/\/api.w.org\/{rel}","templated":true}]}}