{"id":12970,"date":"2022-06-27T09:41:13","date_gmt":"2022-06-27T15:41:13","guid":{"rendered":"https:\/\/volcanes.net\/?p=12970"},"modified":"2022-06-27T09:43:13","modified_gmt":"2022-06-27T15:43:13","slug":"en-la-zona-p212-llevan-a-cabo-asesoria-sobre-el-marco-curricular-y-el-plan-de-estudios-2022-de-la-educacion-basica-mexicana","status":"publish","type":"post","link":"https:\/\/volcanes.net\/?p=12970","title":{"rendered":"Dictan conferencia a docentes de la regi\u00f3n volcanes sobre el nuevo plan de estudios."},"content":{"rendered":"<div style=\"margin-top: 0px; margin-bottom: 0px;\" class=\"sharethis-inline-share-buttons\" ><\/div><p>En la zona escolar P212 la cual forma parte de la SREBA Amecameca el pasado 24 de junio; durante el consejo t\u00e9cnico se llev\u00f3 a cabo una capacitaci\u00f3n a docentes de esta zona escolar; dicha conferencia estuvo a cargo del DR. Jorge Rodr\u00edguez Rodr\u00edguez quien abordo el tema \u201cMarco Curricular y el plan de estudios 2022 de la educaci\u00f3n b\u00e1sica\u201d.<\/p>\n<p><img loading=\"lazy\" decoding=\"async\" class=\"wp-image-12972 alignleft\" src=\"http:\/\/volcanes.net\/wp-content\/uploads\/2022\/06\/WhatsApp-Image-2022-06-24-at-7.35.57-PM-150x150.jpeg\" alt=\"\" width=\"300\" height=\"300\" srcset=\"https:\/\/volcanes.net\/wp-content\/uploads\/2022\/06\/WhatsApp-Image-2022-06-24-at-7.35.57-PM-150x150.jpeg 150w, https:\/\/volcanes.net\/wp-content\/uploads\/2022\/06\/WhatsApp-Image-2022-06-24-at-7.35.57-PM-50x50.jpeg 50w, https:\/\/volcanes.net\/wp-content\/uploads\/2022\/06\/WhatsApp-Image-2022-06-24-at-7.35.57-PM-120x120.jpeg 120w\" sizes=\"(max-width: 300px) 100vw, 300px\" \/><\/p>\n<p>La conferencia se llev\u00f3 a cabo en la escuela primaria Maestro Antonio Caso, ubicada en Amecameca estado de M\u00e9xico donde los docentes asistentes tuvieron acceso a esta capacitaci\u00f3n, gracias a las gestiones de la Maestra Ana Mar\u00eda Mart\u00ednez Longoria supervisora escolar \u00a0para que el Dr. Rodr\u00edguez se presentara a fin de que los docentes tengan m\u00e1s herramientas para afrontar su labor educativa, de esta manera el Dr. Jorge \u00a0comparti\u00f3 estos conocimientos con los docentes, los cuales recibieron con mucho agrado el tema presentado.<\/p>\n<p>Cabe resaltar que en todo momento se cuidaron los protocolos de sanitizaci\u00f3n \u00a0y resguardo de la salud en esta actividad.<\/p>\n<p>Los consejos t\u00e9cnicos son un espacio donde los profesores analizan los resultados de su trabajo y plantean nuevas estrategias para afrontar su labor educativa.<\/p>\n<p>Actualmente la educaci\u00f3n en M\u00e9xico y el mundo presenta muchas problem\u00e1ticas, por ello las autoridades buscan estrategias para poder afrontar esta loable tarea que es la educaci\u00f3n.<\/p>\n","protected":false},"excerpt":{"rendered":"<p>En la zona escolar P212 la cual forma parte de la SREBA Amecameca el pasado<\/p>\n","protected":false},"author":1,"featured_media":12971,"comment_status":"open","ping_status":"open","sticky":false,"template":"","format":"standard","meta":{"footnotes":""},"categories":[1],"tags":[],"class_list":["post-12970","post","type-post","status-publish","format-standard","has-post-thumbnail","hentry","category-municipales"],"yoast_head":"<!-- This site is optimized with the Yoast SEO plugin v25.3 - https:\/\/yoast.com\/wordpress\/plugins\/seo\/ -->\n<title>Dictan conferencia a docentes de la regi\u00f3n volcanes sobre el nuevo plan de estudios. - Volcanes<\/title>\n<meta name=\"description\" content=\"Presenta el Dr. Jorge Rodriguez Rodriguez conferencia sobre nuevo plan de estudios en la ZE P212 de la regi\u00f3n Volcanes.\" \/>\n<meta name=\"robots\" content=\"index, follow, max-snippet:-1, max-image-preview:large, max-video-preview:-1\" \/>\n<link rel=\"canonical\" href=\"https:\/\/volcanes.net\/?p=12970\" \/>\n<meta property=\"og:locale\" content=\"es_MX\" \/>\n<meta property=\"og:type\" content=\"article\" \/>\n<meta property=\"og:title\" content=\"Dictan conferencia a docentes de la regi\u00f3n volcanes sobre el nuevo plan de estudios. - Volcanes\" \/>\n<meta property=\"og:description\" content=\"Presenta el Dr. Jorge Rodriguez Rodriguez conferencia sobre nuevo plan de estudios en la ZE P212 de la regi\u00f3n Volcanes.\" \/>\n<meta property=\"og:url\" content=\"https:\/\/volcanes.net\/?p=12970\" \/>\n<meta property=\"og:site_name\" content=\"Volcanes\" \/>\n<meta property=\"article:publisher\" content=\"https:\/\/www.facebook.com\/volcanes.net\/\" \/>\n<meta property=\"article:published_time\" content=\"2022-06-27T15:41:13+00:00\" \/>\n<meta property=\"article:modified_time\" content=\"2022-06-27T15:43:13+00:00\" \/>\n<meta property=\"og:image\" content=\"https:\/\/volcanes.net\/wp-content\/uploads\/2022\/06\/WhatsApp-Image-2022-06-24-at-5.14.03-PM-e1656348404966.jpeg\" \/>\n\t<meta property=\"og:image:width\" content=\"1336\" \/>\n\t<meta property=\"og:image:height\" content=\"784\" \/>\n\t<meta property=\"og:image:type\" content=\"image\/jpeg\" \/>\n<meta name=\"author\" content=\"admin\" \/>\n<meta name=\"twitter:card\" content=\"summary_large_image\" \/>\n<meta name=\"twitter:label1\" content=\"Escrito por\" \/>\n\t<meta name=\"twitter:data1\" content=\"admin\" \/>\n\t<meta name=\"twitter:label2\" content=\"Tiempo de lectura\" \/>\n\t<meta name=\"twitter:data2\" content=\"2 minutos\" \/>\n<script type=\"application\/ld+json\" class=\"yoast-schema-graph\">{\"@context\":\"https:\/\/schema.org\",\"@graph\":[{\"@type\":\"Article\",\"@id\":\"https:\/\/volcanes.net\/?p=12970#article\",\"isPartOf\":{\"@id\":\"https:\/\/volcanes.net\/?p=12970\"},\"author\":{\"name\":\"admin\",\"@id\":\"https:\/\/volcanes.net\/#\/schema\/person\/4bf0f383940966a4abd53f5048c0e6b9\"},\"headline\":\"Dictan conferencia a docentes de la regi\u00f3n volcanes sobre el nuevo plan de estudios.\",\"datePublished\":\"2022-06-27T15:41:13+00:00\",\"dateModified\":\"2022-06-27T15:43:13+00:00\",\"mainEntityOfPage\":{\"@id\":\"https:\/\/volcanes.net\/?p=12970\"},\"wordCount\":245,\"commentCount\":0,\"publisher\":{\"@id\":\"https:\/\/volcanes.net\/#organization\"},\"image\":{\"@id\":\"https:\/\/volcanes.net\/?p=12970#primaryimage\"},\"thumbnailUrl\":\"https:\/\/volcanes.net\/wp-content\/uploads\/2022\/06\/WhatsApp-Image-2022-06-24-at-5.14.03-PM-e1656348404966.jpeg\",\"articleSection\":[\"Municipales\"],\"inLanguage\":\"es\",\"potentialAction\":[{\"@type\":\"CommentAction\",\"name\":\"Comment\",\"target\":[\"https:\/\/volcanes.net\/?p=12970#respond\"]}]},{\"@type\":\"WebPage\",\"@id\":\"https:\/\/volcanes.net\/?p=12970\",\"url\":\"https:\/\/volcanes.net\/?p=12970\",\"name\":\"Dictan conferencia a docentes de la regi\u00f3n volcanes sobre el nuevo plan de estudios. - Volcanes\",\"isPartOf\":{\"@id\":\"https:\/\/volcanes.net\/#website\"},\"primaryImageOfPage\":{\"@id\":\"https:\/\/volcanes.net\/?p=12970#primaryimage\"},\"image\":{\"@id\":\"https:\/\/volcanes.net\/?p=12970#primaryimage\"},\"thumbnailUrl\":\"https:\/\/volcanes.net\/wp-content\/uploads\/2022\/06\/WhatsApp-Image-2022-06-24-at-5.14.03-PM-e1656348404966.jpeg\",\"datePublished\":\"2022-06-27T15:41:13+00:00\",\"dateModified\":\"2022-06-27T15:43:13+00:00\",\"description\":\"Presenta el Dr. Jorge Rodriguez Rodriguez conferencia sobre nuevo plan de estudios en la ZE P212 de la regi\u00f3n Volcanes.\",\"breadcrumb\":{\"@id\":\"https:\/\/volcanes.net\/?p=12970#breadcrumb\"},\"inLanguage\":\"es\",\"potentialAction\":[{\"@type\":\"ReadAction\",\"target\":[\"https:\/\/volcanes.net\/?p=12970\"]}]},{\"@type\":\"ImageObject\",\"inLanguage\":\"es\",\"@id\":\"https:\/\/volcanes.net\/?p=12970#primaryimage\",\"url\":\"https:\/\/volcanes.net\/wp-content\/uploads\/2022\/06\/WhatsApp-Image-2022-06-24-at-5.14.03-PM-e1656348404966.jpeg\",\"contentUrl\":\"https:\/\/volcanes.net\/wp-content\/uploads\/2022\/06\/WhatsApp-Image-2022-06-24-at-5.14.03-PM-e1656348404966.jpeg\",\"width\":1336,\"height\":784},{\"@type\":\"BreadcrumbList\",\"@id\":\"https:\/\/volcanes.net\/?p=12970#breadcrumb\",\"itemListElement\":[{\"@type\":\"ListItem\",\"position\":1,\"name\":\"Portada\",\"item\":\"https:\/\/volcanes.net\/\"},{\"@type\":\"ListItem\",\"position\":2,\"name\":\"Dictan conferencia a docentes de la regi\u00f3n volcanes sobre el nuevo plan de estudios.\"}]},{\"@type\":\"WebSite\",\"@id\":\"https:\/\/volcanes.net\/#website\",\"url\":\"https:\/\/volcanes.net\/\",\"name\":\"Volcanes.Net\",\"description\":\"Periodismo Profesional\",\"publisher\":{\"@id\":\"https:\/\/volcanes.net\/#organization\"},\"potentialAction\":[{\"@type\":\"SearchAction\",\"target\":{\"@type\":\"EntryPoint\",\"urlTemplate\":\"https:\/\/volcanes.net\/?s={search_term_string}\"},\"query-input\":{\"@type\":\"PropertyValueSpecification\",\"valueRequired\":true,\"valueName\":\"search_term_string\"}}],\"inLanguage\":\"es\"},{\"@type\":\"Organization\",\"@id\":\"https:\/\/volcanes.net\/#organization\",\"name\":\"Grupo Volcanes\",\"url\":\"https:\/\/volcanes.net\/\",\"logo\":{\"@type\":\"ImageObject\",\"inLanguage\":\"es\",\"@id\":\"https:\/\/volcanes.net\/#\/schema\/logo\/image\/\",\"url\":\"http:\/\/volcanes.net\/wp-content\/uploads\/2017\/12\/Avatar2.jpg\",\"contentUrl\":\"http:\/\/volcanes.net\/wp-content\/uploads\/2017\/12\/Avatar2.jpg\",\"width\":378,\"height\":378,\"caption\":\"Grupo Volcanes\"},\"image\":{\"@id\":\"https:\/\/volcanes.net\/#\/schema\/logo\/image\/\"},\"sameAs\":[\"https:\/\/www.facebook.com\/volcanes.net\/\"]},{\"@type\":\"Person\",\"@id\":\"https:\/\/volcanes.net\/#\/schema\/person\/4bf0f383940966a4abd53f5048c0e6b9\",\"name\":\"admin\",\"image\":{\"@type\":\"ImageObject\",\"inLanguage\":\"es\",\"@id\":\"https:\/\/volcanes.net\/#\/schema\/person\/image\/\",\"url\":\"https:\/\/secure.gravatar.com\/avatar\/ca004e6cba8462b8cb7abc86e382930c?s=96&d=mm&r=g\",\"contentUrl\":\"https:\/\/secure.gravatar.com\/avatar\/ca004e6cba8462b8cb7abc86e382930c?s=96&d=mm&r=g\",\"caption\":\"admin\"}}]}<\/script>\n<!-- \/ Yoast SEO plugin. -->","yoast_head_json":{"title":"Dictan conferencia a docentes de la regi\u00f3n volcanes sobre el nuevo plan de estudios. - Volcanes","description":"Presenta el Dr. Jorge Rodriguez Rodriguez conferencia sobre nuevo plan de estudios en la ZE P212 de la regi\u00f3n Volcanes.","robots":{"index":"index","follow":"follow","max-snippet":"max-snippet:-1","max-image-preview":"max-image-preview:large","max-video-preview":"max-video-preview:-1"},"canonical":"https:\/\/volcanes.net\/?p=12970","og_locale":"es_MX","og_type":"article","og_title":"Dictan conferencia a docentes de la regi\u00f3n volcanes sobre el nuevo plan de estudios. - Volcanes","og_description":"Presenta el Dr. Jorge Rodriguez Rodriguez conferencia sobre nuevo plan de estudios en la ZE P212 de la regi\u00f3n Volcanes.","og_url":"https:\/\/volcanes.net\/?p=12970","og_site_name":"Volcanes","article_publisher":"https:\/\/www.facebook.com\/volcanes.net\/","article_published_time":"2022-06-27T15:41:13+00:00","article_modified_time":"2022-06-27T15:43:13+00:00","og_image":[{"width":1336,"height":784,"url":"https:\/\/volcanes.net\/wp-content\/uploads\/2022\/06\/WhatsApp-Image-2022-06-24-at-5.14.03-PM-e1656348404966.jpeg","type":"image\/jpeg"}],"author":"admin","twitter_card":"summary_large_image","twitter_misc":{"Escrito por":"admin","Tiempo de lectura":"2 minutos"},"schema":{"@context":"https:\/\/schema.org","@graph":[{"@type":"Article","@id":"https:\/\/volcanes.net\/?p=12970#article","isPartOf":{"@id":"https:\/\/volcanes.net\/?p=12970"},"author":{"name":"admin","@id":"https:\/\/volcanes.net\/#\/schema\/person\/4bf0f383940966a4abd53f5048c0e6b9"},"headline":"Dictan conferencia a docentes de la regi\u00f3n volcanes sobre el nuevo plan de estudios.","datePublished":"2022-06-27T15:41:13+00:00","dateModified":"2022-06-27T15:43:13+00:00","mainEntityOfPage":{"@id":"https:\/\/volcanes.net\/?p=12970"},"wordCount":245,"commentCount":0,"publisher":{"@id":"https:\/\/volcanes.net\/#organization"},"image":{"@id":"https:\/\/volcanes.net\/?p=12970#primaryimage"},"thumbnailUrl":"https:\/\/volcanes.net\/wp-content\/uploads\/2022\/06\/WhatsApp-Image-2022-06-24-at-5.14.03-PM-e1656348404966.jpeg","articleSection":["Municipales"],"inLanguage":"es","potentialAction":[{"@type":"CommentAction","name":"Comment","target":["https:\/\/volcanes.net\/?p=12970#respond"]}]},{"@type":"WebPage","@id":"https:\/\/volcanes.net\/?p=12970","url":"https:\/\/volcanes.net\/?p=12970","name":"Dictan conferencia a docentes de la regi\u00f3n volcanes sobre el nuevo plan de estudios. - Volcanes","isPartOf":{"@id":"https:\/\/volcanes.net\/#website"},"primaryImageOfPage":{"@id":"https:\/\/volcanes.net\/?p=12970#primaryimage"},"image":{"@id":"https:\/\/volcanes.net\/?p=12970#primaryimage"},"thumbnailUrl":"https:\/\/volcanes.net\/wp-content\/uploads\/2022\/06\/WhatsApp-Image-2022-06-24-at-5.14.03-PM-e1656348404966.jpeg","datePublished":"2022-06-27T15:41:13+00:00","dateModified":"2022-06-27T15:43:13+00:00","description":"Presenta el Dr. Jorge Rodriguez Rodriguez conferencia sobre nuevo plan de estudios en la ZE P212 de la regi\u00f3n Volcanes.","breadcrumb":{"@id":"https:\/\/volcanes.net\/?p=12970#breadcrumb"},"inLanguage":"es","potentialAction":[{"@type":"ReadAction","target":["https:\/\/volcanes.net\/?p=12970"]}]},{"@type":"ImageObject","inLanguage":"es","@id":"https:\/\/volcanes.net\/?p=12970#primaryimage","url":"https:\/\/volcanes.net\/wp-content\/uploads\/2022\/06\/WhatsApp-Image-2022-06-24-at-5.14.03-PM-e1656348404966.jpeg","contentUrl":"https:\/\/volcanes.net\/wp-content\/uploads\/2022\/06\/WhatsApp-Image-2022-06-24-at-5.14.03-PM-e1656348404966.jpeg","width":1336,"height":784},{"@type":"BreadcrumbList","@id":"https:\/\/volcanes.net\/?p=12970#breadcrumb","itemListElement":[{"@type":"ListItem","position":1,"name":"Portada","item":"https:\/\/volcanes.net\/"},{"@type":"ListItem","position":2,"name":"Dictan conferencia a docentes de la regi\u00f3n volcanes sobre el nuevo plan de estudios."}]},{"@type":"WebSite","@id":"https:\/\/volcanes.net\/#website","url":"https:\/\/volcanes.net\/","name":"Volcanes.Net","description":"Periodismo Profesional","publisher":{"@id":"https:\/\/volcanes.net\/#organization"},"potentialAction":[{"@type":"SearchAction","target":{"@type":"EntryPoint","urlTemplate":"https:\/\/volcanes.net\/?s={search_term_string}"},"query-input":{"@type":"PropertyValueSpecification","valueRequired":true,"valueName":"search_term_string"}}],"inLanguage":"es"},{"@type":"Organization","@id":"https:\/\/volcanes.net\/#organization","name":"Grupo Volcanes","url":"https:\/\/volcanes.net\/","logo":{"@type":"ImageObject","inLanguage":"es","@id":"https:\/\/volcanes.net\/#\/schema\/logo\/image\/","url":"http:\/\/volcanes.net\/wp-content\/uploads\/2017\/12\/Avatar2.jpg","contentUrl":"http:\/\/volcanes.net\/wp-content\/uploads\/2017\/12\/Avatar2.jpg","width":378,"height":378,"caption":"Grupo Volcanes"},"image":{"@id":"https:\/\/volcanes.net\/#\/schema\/logo\/image\/"},"sameAs":["https:\/\/www.facebook.com\/volcanes.net\/"]},{"@type":"Person","@id":"https:\/\/volcanes.net\/#\/schema\/person\/4bf0f383940966a4abd53f5048c0e6b9","name":"admin","image":{"@type":"ImageObject","inLanguage":"es","@id":"https:\/\/volcanes.net\/#\/schema\/person\/image\/","url":"https:\/\/secure.gravatar.com\/avatar\/ca004e6cba8462b8cb7abc86e382930c?s=96&d=mm&r=g","contentUrl":"https:\/\/secure.gravatar.com\/avatar\/ca004e6cba8462b8cb7abc86e382930c?s=96&d=mm&r=g","caption":"admin"}}]}},"_links":{"self":[{"href":"https:\/\/volcanes.net\/index.php?rest_route=\/wp\/v2\/posts\/12970"}],"collection":[{"href":"https:\/\/volcanes.net\/index.php?rest_route=\/wp\/v2\/posts"}],"about":[{"href":"https:\/\/volcanes.net\/index.php?rest_route=\/wp\/v2\/types\/post"}],"author":[{"embeddable":true,"href":"https:\/\/volcanes.net\/index.php?rest_route=\/wp\/v2\/users\/1"}],"replies":[{"embeddable":true,"href":"https:\/\/volcanes.net\/index.php?rest_route=%2Fwp%2Fv2%2Fcomments&post=12970"}],"version-history":[{"count":4,"href":"https:\/\/volcanes.net\/index.php?rest_route=\/wp\/v2\/posts\/12970\/revisions"}],"predecessor-version":[{"id":12976,"href":"https:\/\/volcanes.net\/index.php?rest_route=\/wp\/v2\/posts\/12970\/revisions\/12976"}],"wp:featuredmedia":[{"embeddable":true,"href":"https:\/\/volcanes.net\/index.php?rest_route=\/wp\/v2\/media\/12971"}],"wp:attachment":[{"href":"https:\/\/volcanes.net\/index.php?rest_route=%2Fwp%2Fv2%2Fmedia&parent=12970"}],"wp:term":[{"taxonomy":"category","embeddable":true,"href":"https:\/\/volcanes.net\/index.php?rest_route=%2Fwp%2Fv2%2Fcategories&post=12970"},{"taxonomy":"post_tag","embeddable":true,"href":"https:\/\/volcanes.net\/index.php?rest_route=%2Fwp%2Fv2%2Ftags&post=12970"}],"curies":[{"name":"wp","href":"https:\/\/api.w.org\/{rel}","templated":true}]}}