{"id":1298,"date":"2018-02-21T00:30:20","date_gmt":"2018-02-21T00:30:20","guid":{"rendered":"http:\/\/volcanes.net\/?p=1298"},"modified":"2018-02-21T00:30:20","modified_gmt":"2018-02-21T00:30:20","slug":"consigue-fiscalia-mexiquense-una-condena-de-70-anos-de-prision-para-un-homicida","status":"publish","type":"post","link":"https:\/\/volcanes.net\/?p=1298","title":{"rendered":"Consigue fiscal\u00eda mexiquense una condena de 70 a\u00f1os de prisi\u00f3n para un homicida"},"content":{"rendered":"<div style=\"margin-top: 0px; margin-bottom: 0px;\" class=\"sharethis-inline-share-buttons\" ><\/div><p>&nbsp;<\/p>\n<ul>\n<li><em>Este sujeto ocasion\u00f3 la muerte de una menor de tres a\u00f1os de edad, en el mes de diciembre del a\u00f1o 2014, en el municipio de Tultitl\u00e1n. <\/em><\/li>\n<\/ul>\n<p><strong>Toluca, M\u00e9xico, 20 de febrero de 2018.- <\/strong>Un hombre identificado como Dami\u00e1n Santamar\u00eda Meza, quien fue detenido en el mes de abril de 2016, por Agentes de la entonces Procuradur\u00eda General de Justicia del Estado de M\u00e9xico (PGJEM), fue condenado a 70 a\u00f1os de prisi\u00f3n tras ser encontrado culpable de la muerte de una menor de tres a\u00f1os de edad, en el municipio de Tultitl\u00e1n.<\/p>\n<p>Los elementos de prueba recabados y aportados por el Representante Social de la Fiscal\u00eda Especializada en Homicidios del Valle de M\u00e9xico, de esta Fiscal\u00eda de Justicia Estatal (FGJEM) fueron determinantes para que la Autoridad Judicial con sede en Cuautitl\u00e1n dictara esta condena para Santamar\u00eda Meza, autor material del homicidio de la peque\u00f1a, registrado el d\u00eda 29 de diciembre de 2014, en un domicilio de la colonia Prados de Ecatepec Unidad Morelos, Tercera Secci\u00f3n, en el municipio de Tultitl\u00e1n.<\/p>\n<p>De acuerdo con las investigaciones realizadas por personal de esta Instituci\u00f3n, se pudo establecer que el d\u00eda de los hechos, el ahora sentenciado arrib\u00f3 al domicilio donde se encontraba la menor, junto con sus abuelos maternos y dos empleadas. En el inmueble, y utilizando un arma de fuego calibre .25 mm, este individuo someti\u00f3 a las cuatro personas adultas, a quienes introdujo en una de las habitaciones del lugar, luego se dirigi\u00f3 hacia otro de los dormitorios, donde se encontraba la peque\u00f1a, a quien le dispar\u00f3 en el t\u00f3rax en diversas ocasiones.<\/p>\n<p>Tras cometer el homicidio, este sujeto huy\u00f3 del lugar, en tanto que los familiares trasladaron a la peque\u00f1a a un hospital de la zona, donde posteriormente falleci\u00f3 a consecuencia de las lesiones que presentaba.<\/p>\n<p>Una vez que la PGJEM inici\u00f3 la indagatoria correspondiente por estos hechos, fue posible establecer una l\u00ednea de investigaci\u00f3n, la cual apuntaba a un posible conflicto del pap\u00e1 de la peque\u00f1a con una mujer, con la que anteriormente hab\u00eda tenido una relaci\u00f3n, y \u00e9sta persona habr\u00eda sido quien contacto al ahora sentenciado para que efectuara el crimen.<\/p>\n<p>Cabe mencionar que la mujer relacionada con estos hechos, fue asegurada el 31 de diciembre del a\u00f1os 2014, y al estar detenida en las instalaciones de la Procuradur\u00eda de Justicia estatal, en Tlalnepantla, se quit\u00f3 la vida, al colgarse de la litera del \u00e1rea de seguridad, utilizando para ello parte de la ropa que vest\u00eda.<\/p>\n<p>Al continuar con las investigaciones, el Ministerio P\u00fablico logr\u00f3 obtener datos de prueba que permitieron establecer la posible identidad del presunto autor material del homicidio de la menor. Con la informaci\u00f3n recabada, se logr\u00f3 la captura de Santamar\u00eda Meza, en el municipio de Coacalco, en abril del a\u00f1o 2016.<\/p>\n<p>Posteriormente este sujeto fue ingresado al Centro Penitenciario y de Reinserci\u00f3n Social de Cuautitl\u00e1n M\u00e9xico, en donde qued\u00f3 a disposici\u00f3n de un Juez, autoridad que previo proceso legal, le dict\u00f3 la sentencia respectiva.<\/p>\n<p>Adem\u00e1s de la pena privativa de libertad, este sujeto deber\u00e1 pagar una multa de 336 mil 450 pesos, y 147 mil 365 pesos como reparaci\u00f3n del da\u00f1o, aunado a que sus derechos civiles y pol\u00edticos quedaron suspendidos.<\/p>\n<p>La Fiscal\u00eda General de Justicia estatal exhorta a la poblaci\u00f3n a denunciar cualquier hecho delictivo a trav\u00e9s del correo electr\u00f3nico\u00a0<a href=\"mailto:cerotolerancia@edomex.gob.mx\">cerotolerancia@edomex.gob.mx<\/a>, al n\u00famero telef\u00f3nico 01 800 7028770, o bien mediante la aplicaci\u00f3n FGJEdomex, la cual est\u00e1 disponible de manera gratuita para todos tel\u00e9fonos inteligentes de los sistemas iOS y Android.<\/p>\n","protected":false},"excerpt":{"rendered":"<p>&nbsp; Este sujeto ocasion\u00f3 la muerte de una menor de tres a\u00f1os de edad, en<\/p>\n","protected":false},"author":1,"featured_media":1299,"comment_status":"open","ping_status":"open","sticky":false,"template":"","format":"standard","meta":{"footnotes":""},"categories":[1],"tags":[129,43],"class_list":["post-1298","post","type-post","status-publish","format-standard","has-post-thumbnail","hentry","category-municipales","tag-cuautitlan","tag-tultitlan"],"yoast_head":"<!-- This site is optimized with the Yoast SEO plugin v25.3 - https:\/\/yoast.com\/wordpress\/plugins\/seo\/ -->\n<title>Consigue fiscal\u00eda mexiquense una condena de 70 a\u00f1os de prisi\u00f3n para un homicida - Volcanes<\/title>\n<meta name=\"robots\" content=\"index, follow, max-snippet:-1, max-image-preview:large, max-video-preview:-1\" \/>\n<link rel=\"canonical\" href=\"https:\/\/volcanes.net\/?p=1298\" \/>\n<meta property=\"og:locale\" content=\"es_MX\" \/>\n<meta property=\"og:type\" content=\"article\" \/>\n<meta property=\"og:title\" content=\"Consigue fiscal\u00eda mexiquense una condena de 70 a\u00f1os de prisi\u00f3n para un homicida - Volcanes\" \/>\n<meta property=\"og:description\" content=\"&nbsp; Este sujeto ocasion\u00f3 la muerte de una menor de tres a\u00f1os de edad, en\" \/>\n<meta property=\"og:url\" content=\"https:\/\/volcanes.net\/?p=1298\" \/>\n<meta property=\"og:site_name\" content=\"Volcanes\" \/>\n<meta property=\"article:publisher\" content=\"https:\/\/www.facebook.com\/volcanes.net\/\" \/>\n<meta property=\"article:published_time\" content=\"2018-02-21T00:30:20+00:00\" \/>\n<meta property=\"og:image\" content=\"https:\/\/volcanes.net\/wp-content\/uploads\/2018\/02\/FOTO-C162.jpg\" \/>\n\t<meta property=\"og:image:width\" content=\"50\" \/>\n\t<meta property=\"og:image:height\" content=\"69\" \/>\n\t<meta property=\"og:image:type\" content=\"image\/jpeg\" \/>\n<meta name=\"author\" content=\"admin\" \/>\n<meta name=\"twitter:card\" content=\"summary_large_image\" \/>\n<meta name=\"twitter:label1\" content=\"Escrito por\" \/>\n\t<meta name=\"twitter:data1\" content=\"admin\" \/>\n\t<meta name=\"twitter:label2\" content=\"Tiempo de lectura\" \/>\n\t<meta name=\"twitter:data2\" content=\"3 minutos\" \/>\n<script type=\"application\/ld+json\" class=\"yoast-schema-graph\">{\"@context\":\"https:\/\/schema.org\",\"@graph\":[{\"@type\":\"Article\",\"@id\":\"https:\/\/volcanes.net\/?p=1298#article\",\"isPartOf\":{\"@id\":\"https:\/\/volcanes.net\/?p=1298\"},\"author\":{\"name\":\"admin\",\"@id\":\"https:\/\/volcanes.net\/#\/schema\/person\/4bf0f383940966a4abd53f5048c0e6b9\"},\"headline\":\"Consigue fiscal\u00eda mexiquense una condena de 70 a\u00f1os de prisi\u00f3n para un homicida\",\"datePublished\":\"2018-02-21T00:30:20+00:00\",\"mainEntityOfPage\":{\"@id\":\"https:\/\/volcanes.net\/?p=1298\"},\"wordCount\":633,\"commentCount\":0,\"publisher\":{\"@id\":\"https:\/\/volcanes.net\/#organization\"},\"image\":{\"@id\":\"https:\/\/volcanes.net\/?p=1298#primaryimage\"},\"thumbnailUrl\":\"https:\/\/volcanes.net\/wp-content\/uploads\/2018\/02\/FOTO-C162.jpg\",\"keywords\":[\"Cuautitl\u00e1n\",\"Tultitl\u00e1n\"],\"articleSection\":[\"Municipales\"],\"inLanguage\":\"es\",\"potentialAction\":[{\"@type\":\"CommentAction\",\"name\":\"Comment\",\"target\":[\"https:\/\/volcanes.net\/?p=1298#respond\"]}]},{\"@type\":\"WebPage\",\"@id\":\"https:\/\/volcanes.net\/?p=1298\",\"url\":\"https:\/\/volcanes.net\/?p=1298\",\"name\":\"Consigue fiscal\u00eda mexiquense una condena de 70 a\u00f1os de prisi\u00f3n para un homicida - Volcanes\",\"isPartOf\":{\"@id\":\"https:\/\/volcanes.net\/#website\"},\"primaryImageOfPage\":{\"@id\":\"https:\/\/volcanes.net\/?p=1298#primaryimage\"},\"image\":{\"@id\":\"https:\/\/volcanes.net\/?p=1298#primaryimage\"},\"thumbnailUrl\":\"https:\/\/volcanes.net\/wp-content\/uploads\/2018\/02\/FOTO-C162.jpg\",\"datePublished\":\"2018-02-21T00:30:20+00:00\",\"breadcrumb\":{\"@id\":\"https:\/\/volcanes.net\/?p=1298#breadcrumb\"},\"inLanguage\":\"es\",\"potentialAction\":[{\"@type\":\"ReadAction\",\"target\":[\"https:\/\/volcanes.net\/?p=1298\"]}]},{\"@type\":\"ImageObject\",\"inLanguage\":\"es\",\"@id\":\"https:\/\/volcanes.net\/?p=1298#primaryimage\",\"url\":\"https:\/\/volcanes.net\/wp-content\/uploads\/2018\/02\/FOTO-C162.jpg\",\"contentUrl\":\"https:\/\/volcanes.net\/wp-content\/uploads\/2018\/02\/FOTO-C162.jpg\",\"width\":50,\"height\":69},{\"@type\":\"BreadcrumbList\",\"@id\":\"https:\/\/volcanes.net\/?p=1298#breadcrumb\",\"itemListElement\":[{\"@type\":\"ListItem\",\"position\":1,\"name\":\"Portada\",\"item\":\"https:\/\/volcanes.net\/\"},{\"@type\":\"ListItem\",\"position\":2,\"name\":\"Consigue fiscal\u00eda mexiquense una condena de 70 a\u00f1os de prisi\u00f3n para un homicida\"}]},{\"@type\":\"WebSite\",\"@id\":\"https:\/\/volcanes.net\/#website\",\"url\":\"https:\/\/volcanes.net\/\",\"name\":\"Volcanes.Net\",\"description\":\"Periodismo Profesional\",\"publisher\":{\"@id\":\"https:\/\/volcanes.net\/#organization\"},\"potentialAction\":[{\"@type\":\"SearchAction\",\"target\":{\"@type\":\"EntryPoint\",\"urlTemplate\":\"https:\/\/volcanes.net\/?s={search_term_string}\"},\"query-input\":{\"@type\":\"PropertyValueSpecification\",\"valueRequired\":true,\"valueName\":\"search_term_string\"}}],\"inLanguage\":\"es\"},{\"@type\":\"Organization\",\"@id\":\"https:\/\/volcanes.net\/#organization\",\"name\":\"Grupo Volcanes\",\"url\":\"https:\/\/volcanes.net\/\",\"logo\":{\"@type\":\"ImageObject\",\"inLanguage\":\"es\",\"@id\":\"https:\/\/volcanes.net\/#\/schema\/logo\/image\/\",\"url\":\"http:\/\/volcanes.net\/wp-content\/uploads\/2017\/12\/Avatar2.jpg\",\"contentUrl\":\"http:\/\/volcanes.net\/wp-content\/uploads\/2017\/12\/Avatar2.jpg\",\"width\":378,\"height\":378,\"caption\":\"Grupo Volcanes\"},\"image\":{\"@id\":\"https:\/\/volcanes.net\/#\/schema\/logo\/image\/\"},\"sameAs\":[\"https:\/\/www.facebook.com\/volcanes.net\/\"]},{\"@type\":\"Person\",\"@id\":\"https:\/\/volcanes.net\/#\/schema\/person\/4bf0f383940966a4abd53f5048c0e6b9\",\"name\":\"admin\",\"image\":{\"@type\":\"ImageObject\",\"inLanguage\":\"es\",\"@id\":\"https:\/\/volcanes.net\/#\/schema\/person\/image\/\",\"url\":\"https:\/\/secure.gravatar.com\/avatar\/ca004e6cba8462b8cb7abc86e382930c?s=96&d=mm&r=g\",\"contentUrl\":\"https:\/\/secure.gravatar.com\/avatar\/ca004e6cba8462b8cb7abc86e382930c?s=96&d=mm&r=g\",\"caption\":\"admin\"}}]}<\/script>\n<!-- \/ Yoast SEO plugin. -->","yoast_head_json":{"title":"Consigue fiscal\u00eda mexiquense una condena de 70 a\u00f1os de prisi\u00f3n para un homicida - Volcanes","robots":{"index":"index","follow":"follow","max-snippet":"max-snippet:-1","max-image-preview":"max-image-preview:large","max-video-preview":"max-video-preview:-1"},"canonical":"https:\/\/volcanes.net\/?p=1298","og_locale":"es_MX","og_type":"article","og_title":"Consigue fiscal\u00eda mexiquense una condena de 70 a\u00f1os de prisi\u00f3n para un homicida - Volcanes","og_description":"&nbsp; Este sujeto ocasion\u00f3 la muerte de una menor de tres a\u00f1os de edad, en","og_url":"https:\/\/volcanes.net\/?p=1298","og_site_name":"Volcanes","article_publisher":"https:\/\/www.facebook.com\/volcanes.net\/","article_published_time":"2018-02-21T00:30:20+00:00","og_image":[{"width":50,"height":69,"url":"https:\/\/volcanes.net\/wp-content\/uploads\/2018\/02\/FOTO-C162.jpg","type":"image\/jpeg"}],"author":"admin","twitter_card":"summary_large_image","twitter_misc":{"Escrito por":"admin","Tiempo de lectura":"3 minutos"},"schema":{"@context":"https:\/\/schema.org","@graph":[{"@type":"Article","@id":"https:\/\/volcanes.net\/?p=1298#article","isPartOf":{"@id":"https:\/\/volcanes.net\/?p=1298"},"author":{"name":"admin","@id":"https:\/\/volcanes.net\/#\/schema\/person\/4bf0f383940966a4abd53f5048c0e6b9"},"headline":"Consigue fiscal\u00eda mexiquense una condena de 70 a\u00f1os de prisi\u00f3n para un homicida","datePublished":"2018-02-21T00:30:20+00:00","mainEntityOfPage":{"@id":"https:\/\/volcanes.net\/?p=1298"},"wordCount":633,"commentCount":0,"publisher":{"@id":"https:\/\/volcanes.net\/#organization"},"image":{"@id":"https:\/\/volcanes.net\/?p=1298#primaryimage"},"thumbnailUrl":"https:\/\/volcanes.net\/wp-content\/uploads\/2018\/02\/FOTO-C162.jpg","keywords":["Cuautitl\u00e1n","Tultitl\u00e1n"],"articleSection":["Municipales"],"inLanguage":"es","potentialAction":[{"@type":"CommentAction","name":"Comment","target":["https:\/\/volcanes.net\/?p=1298#respond"]}]},{"@type":"WebPage","@id":"https:\/\/volcanes.net\/?p=1298","url":"https:\/\/volcanes.net\/?p=1298","name":"Consigue fiscal\u00eda mexiquense una condena de 70 a\u00f1os de prisi\u00f3n para un homicida - Volcanes","isPartOf":{"@id":"https:\/\/volcanes.net\/#website"},"primaryImageOfPage":{"@id":"https:\/\/volcanes.net\/?p=1298#primaryimage"},"image":{"@id":"https:\/\/volcanes.net\/?p=1298#primaryimage"},"thumbnailUrl":"https:\/\/volcanes.net\/wp-content\/uploads\/2018\/02\/FOTO-C162.jpg","datePublished":"2018-02-21T00:30:20+00:00","breadcrumb":{"@id":"https:\/\/volcanes.net\/?p=1298#breadcrumb"},"inLanguage":"es","potentialAction":[{"@type":"ReadAction","target":["https:\/\/volcanes.net\/?p=1298"]}]},{"@type":"ImageObject","inLanguage":"es","@id":"https:\/\/volcanes.net\/?p=1298#primaryimage","url":"https:\/\/volcanes.net\/wp-content\/uploads\/2018\/02\/FOTO-C162.jpg","contentUrl":"https:\/\/volcanes.net\/wp-content\/uploads\/2018\/02\/FOTO-C162.jpg","width":50,"height":69},{"@type":"BreadcrumbList","@id":"https:\/\/volcanes.net\/?p=1298#breadcrumb","itemListElement":[{"@type":"ListItem","position":1,"name":"Portada","item":"https:\/\/volcanes.net\/"},{"@type":"ListItem","position":2,"name":"Consigue fiscal\u00eda mexiquense una condena de 70 a\u00f1os de prisi\u00f3n para un homicida"}]},{"@type":"WebSite","@id":"https:\/\/volcanes.net\/#website","url":"https:\/\/volcanes.net\/","name":"Volcanes.Net","description":"Periodismo Profesional","publisher":{"@id":"https:\/\/volcanes.net\/#organization"},"potentialAction":[{"@type":"SearchAction","target":{"@type":"EntryPoint","urlTemplate":"https:\/\/volcanes.net\/?s={search_term_string}"},"query-input":{"@type":"PropertyValueSpecification","valueRequired":true,"valueName":"search_term_string"}}],"inLanguage":"es"},{"@type":"Organization","@id":"https:\/\/volcanes.net\/#organization","name":"Grupo Volcanes","url":"https:\/\/volcanes.net\/","logo":{"@type":"ImageObject","inLanguage":"es","@id":"https:\/\/volcanes.net\/#\/schema\/logo\/image\/","url":"http:\/\/volcanes.net\/wp-content\/uploads\/2017\/12\/Avatar2.jpg","contentUrl":"http:\/\/volcanes.net\/wp-content\/uploads\/2017\/12\/Avatar2.jpg","width":378,"height":378,"caption":"Grupo Volcanes"},"image":{"@id":"https:\/\/volcanes.net\/#\/schema\/logo\/image\/"},"sameAs":["https:\/\/www.facebook.com\/volcanes.net\/"]},{"@type":"Person","@id":"https:\/\/volcanes.net\/#\/schema\/person\/4bf0f383940966a4abd53f5048c0e6b9","name":"admin","image":{"@type":"ImageObject","inLanguage":"es","@id":"https:\/\/volcanes.net\/#\/schema\/person\/image\/","url":"https:\/\/secure.gravatar.com\/avatar\/ca004e6cba8462b8cb7abc86e382930c?s=96&d=mm&r=g","contentUrl":"https:\/\/secure.gravatar.com\/avatar\/ca004e6cba8462b8cb7abc86e382930c?s=96&d=mm&r=g","caption":"admin"}}]}},"_links":{"self":[{"href":"https:\/\/volcanes.net\/index.php?rest_route=\/wp\/v2\/posts\/1298"}],"collection":[{"href":"https:\/\/volcanes.net\/index.php?rest_route=\/wp\/v2\/posts"}],"about":[{"href":"https:\/\/volcanes.net\/index.php?rest_route=\/wp\/v2\/types\/post"}],"author":[{"embeddable":true,"href":"https:\/\/volcanes.net\/index.php?rest_route=\/wp\/v2\/users\/1"}],"replies":[{"embeddable":true,"href":"https:\/\/volcanes.net\/index.php?rest_route=%2Fwp%2Fv2%2Fcomments&post=1298"}],"version-history":[{"count":1,"href":"https:\/\/volcanes.net\/index.php?rest_route=\/wp\/v2\/posts\/1298\/revisions"}],"predecessor-version":[{"id":1300,"href":"https:\/\/volcanes.net\/index.php?rest_route=\/wp\/v2\/posts\/1298\/revisions\/1300"}],"wp:featuredmedia":[{"embeddable":true,"href":"https:\/\/volcanes.net\/index.php?rest_route=\/wp\/v2\/media\/1299"}],"wp:attachment":[{"href":"https:\/\/volcanes.net\/index.php?rest_route=%2Fwp%2Fv2%2Fmedia&parent=1298"}],"wp:term":[{"taxonomy":"category","embeddable":true,"href":"https:\/\/volcanes.net\/index.php?rest_route=%2Fwp%2Fv2%2Fcategories&post=1298"},{"taxonomy":"post_tag","embeddable":true,"href":"https:\/\/volcanes.net\/index.php?rest_route=%2Fwp%2Fv2%2Ftags&post=1298"}],"curies":[{"name":"wp","href":"https:\/\/api.w.org\/{rel}","templated":true}]}}