{"id":12985,"date":"2022-06-30T15:22:48","date_gmt":"2022-06-30T21:22:48","guid":{"rendered":"http:\/\/volcanes.net\/?p=12985"},"modified":"2022-06-30T15:22:48","modified_gmt":"2022-06-30T21:22:48","slug":"genera-altas-expectativas-el-2-festival-de-las-luciernagas-en-amecameca","status":"publish","type":"post","link":"https:\/\/volcanes.net\/?p=12985","title":{"rendered":"Genera altas expectativas el 2\u00b0 Festival de las Luci\u00e9rnagas en Amecameca"},"content":{"rendered":"<div style=\"margin-top: 0px; margin-bottom: 0px;\" class=\"sharethis-inline-share-buttons\" ><\/div><p>Amecameca, Estado de M\u00e9xico.- La Secretar\u00eda de Cultura y Turismo del Estado de M\u00e9xico a trav\u00e9s de la Subsecretar\u00eda de Turismo y el Instituto de Investigaci\u00f3n y Fomento a las Artesan\u00edas del Estado de M\u00e9xico (IIFAEM), en coordinaci\u00f3n con el gobierno de Amecameca, prepara la segunda edici\u00f3n del \u201cFestival de la Luci\u00e9rnagas\u201d que se llevar\u00e1 a cabo los d\u00edas 9 y 10 de julio.<\/p>\n<p>Desde que comenz\u00f3 la difusi\u00f3n del Festival en medios de comunicaci\u00f3n digitales, los cibernautas se mantienen expectantes en las redes sociales de la Secretar\u00eda de Turismo y del Ayuntamiento de Amecameca para conocer el programa de actividades que preparan las autoridades estatales y municipales.<\/p>\n<p>El avistamiento de luci\u00e9rnagas es un fen\u00f3meno natural que se presenta una temporada al a\u00f1o y Amecameca cuenta con bosques que re\u00fanen las condiciones naturales para este espect\u00e1culo nocturno.<\/p>\n<p>Esta segunda edici\u00f3n contar\u00e1 con diversas actividades gratuitas como conciertos, obras teatrales, corredor de artesan\u00edas de todo el Estado de M\u00e9xico y una carrera atl\u00e9tica, misma que congrega a competidores de diferentes partes del pa\u00eds.<\/p>\n<p>Los organizadores informaron que este a\u00f1o se suman cinco bosques que cuentan con todas las condiciones para presenciar de manera segura y responsable este fen\u00f3meno natural, como el Santuario Bosque Esmeralda, Rancho del Valle, Hacienda Panoaya, Ecoparque Chalma y Rancho Alegre.<\/p>\n<p>El fen\u00f3meno de las luci\u00e9rnagas es un espect\u00e1culo \u00fanico, por ello, se deben seguir las reglas y condiciones para su avistamiento, los recorridos son estrictamente nocturnos y en completa oscuridad, no est\u00e1 permitido el uso de linternas o aparatos electr\u00f3nicos que produzcan luz.<\/p>\n<p>De igual manera se solicita a los asistentes que permanezcan en silencio ya que el ciclo de reproducci\u00f3n de este insecto se puede ver afectado por faltar a alguna de las indicaciones antes se\u00f1aladas.<\/p>\n<p>No se debe, bajo alguna circunstancia, tocar ni llevarse alguna luci\u00e9rnaga, en esta temporada es muy frecuente que llueva por lo que se recomienda llevar impermeables que no sean reflejantes o ropa oscura, calzado c\u00f3modo y antiderrapante. Queda estrictamente prohibido usar cualquier tipo de repelente o mata insectos.<\/p>\n<p>Se espera que esta segunda edici\u00f3n del Festival sea de gran \u00e9xito como su antecesora, con el prop\u00f3sito de disfrutar de manera responsable este espect\u00e1culo de luci\u00e9rnagas, as\u00ed como las actividades complementarias.<\/p>\n","protected":false},"excerpt":{"rendered":"<p>Amecameca, Estado de M\u00e9xico.- La Secretar\u00eda de Cultura y Turismo del Estado de M\u00e9xico a<\/p>\n","protected":false},"author":1,"featured_media":12986,"comment_status":"open","ping_status":"open","sticky":false,"template":"","format":"standard","meta":{"footnotes":""},"categories":[1],"tags":[7],"class_list":["post-12985","post","type-post","status-publish","format-standard","has-post-thumbnail","hentry","category-municipales","tag-amecameca"],"yoast_head":"<!-- This site is optimized with the Yoast SEO plugin v25.3 - https:\/\/yoast.com\/wordpress\/plugins\/seo\/ -->\n<title>Genera altas expectativas el 2\u00b0 Festival de las Luci\u00e9rnagas en Amecameca - Volcanes<\/title>\n<meta name=\"robots\" content=\"index, follow, max-snippet:-1, max-image-preview:large, max-video-preview:-1\" \/>\n<link rel=\"canonical\" href=\"https:\/\/volcanes.net\/?p=12985\" \/>\n<meta property=\"og:locale\" content=\"es_MX\" \/>\n<meta property=\"og:type\" content=\"article\" \/>\n<meta property=\"og:title\" content=\"Genera altas expectativas el 2\u00b0 Festival de las Luci\u00e9rnagas en Amecameca - Volcanes\" \/>\n<meta property=\"og:description\" content=\"Amecameca, Estado de M\u00e9xico.- La Secretar\u00eda de Cultura y Turismo del Estado de M\u00e9xico a\" \/>\n<meta property=\"og:url\" content=\"https:\/\/volcanes.net\/?p=12985\" \/>\n<meta property=\"og:site_name\" content=\"Volcanes\" \/>\n<meta property=\"article:publisher\" content=\"https:\/\/www.facebook.com\/volcanes.net\/\" \/>\n<meta property=\"article:published_time\" content=\"2022-06-30T21:22:48+00:00\" \/>\n<meta property=\"og:image\" content=\"https:\/\/volcanes.net\/wp-content\/uploads\/2022\/06\/IMG-20220630-WA0036.jpg\" \/>\n\t<meta property=\"og:image:width\" content=\"1280\" \/>\n\t<meta property=\"og:image:height\" content=\"853\" \/>\n\t<meta property=\"og:image:type\" content=\"image\/jpeg\" \/>\n<meta name=\"author\" content=\"admin\" \/>\n<meta name=\"twitter:card\" content=\"summary_large_image\" \/>\n<meta name=\"twitter:label1\" content=\"Escrito por\" \/>\n\t<meta name=\"twitter:data1\" content=\"admin\" \/>\n\t<meta name=\"twitter:label2\" content=\"Tiempo de lectura\" \/>\n\t<meta name=\"twitter:data2\" content=\"2 minutos\" \/>\n<script type=\"application\/ld+json\" class=\"yoast-schema-graph\">{\"@context\":\"https:\/\/schema.org\",\"@graph\":[{\"@type\":\"Article\",\"@id\":\"https:\/\/volcanes.net\/?p=12985#article\",\"isPartOf\":{\"@id\":\"https:\/\/volcanes.net\/?p=12985\"},\"author\":{\"name\":\"admin\",\"@id\":\"https:\/\/volcanes.net\/#\/schema\/person\/4bf0f383940966a4abd53f5048c0e6b9\"},\"headline\":\"Genera altas expectativas el 2\u00b0 Festival de las Luci\u00e9rnagas en Amecameca\",\"datePublished\":\"2022-06-30T21:22:48+00:00\",\"mainEntityOfPage\":{\"@id\":\"https:\/\/volcanes.net\/?p=12985\"},\"wordCount\":419,\"commentCount\":0,\"publisher\":{\"@id\":\"https:\/\/volcanes.net\/#organization\"},\"image\":{\"@id\":\"https:\/\/volcanes.net\/?p=12985#primaryimage\"},\"thumbnailUrl\":\"https:\/\/volcanes.net\/wp-content\/uploads\/2022\/06\/IMG-20220630-WA0036.jpg\",\"keywords\":[\"Amecameca\"],\"articleSection\":[\"Municipales\"],\"inLanguage\":\"es\",\"potentialAction\":[{\"@type\":\"CommentAction\",\"name\":\"Comment\",\"target\":[\"https:\/\/volcanes.net\/?p=12985#respond\"]}]},{\"@type\":\"WebPage\",\"@id\":\"https:\/\/volcanes.net\/?p=12985\",\"url\":\"https:\/\/volcanes.net\/?p=12985\",\"name\":\"Genera altas expectativas el 2\u00b0 Festival de las Luci\u00e9rnagas en Amecameca - Volcanes\",\"isPartOf\":{\"@id\":\"https:\/\/volcanes.net\/#website\"},\"primaryImageOfPage\":{\"@id\":\"https:\/\/volcanes.net\/?p=12985#primaryimage\"},\"image\":{\"@id\":\"https:\/\/volcanes.net\/?p=12985#primaryimage\"},\"thumbnailUrl\":\"https:\/\/volcanes.net\/wp-content\/uploads\/2022\/06\/IMG-20220630-WA0036.jpg\",\"datePublished\":\"2022-06-30T21:22:48+00:00\",\"breadcrumb\":{\"@id\":\"https:\/\/volcanes.net\/?p=12985#breadcrumb\"},\"inLanguage\":\"es\",\"potentialAction\":[{\"@type\":\"ReadAction\",\"target\":[\"https:\/\/volcanes.net\/?p=12985\"]}]},{\"@type\":\"ImageObject\",\"inLanguage\":\"es\",\"@id\":\"https:\/\/volcanes.net\/?p=12985#primaryimage\",\"url\":\"https:\/\/volcanes.net\/wp-content\/uploads\/2022\/06\/IMG-20220630-WA0036.jpg\",\"contentUrl\":\"https:\/\/volcanes.net\/wp-content\/uploads\/2022\/06\/IMG-20220630-WA0036.jpg\",\"width\":1280,\"height\":853},{\"@type\":\"BreadcrumbList\",\"@id\":\"https:\/\/volcanes.net\/?p=12985#breadcrumb\",\"itemListElement\":[{\"@type\":\"ListItem\",\"position\":1,\"name\":\"Portada\",\"item\":\"https:\/\/volcanes.net\/\"},{\"@type\":\"ListItem\",\"position\":2,\"name\":\"Genera altas expectativas el 2\u00b0 Festival de las Luci\u00e9rnagas en Amecameca\"}]},{\"@type\":\"WebSite\",\"@id\":\"https:\/\/volcanes.net\/#website\",\"url\":\"https:\/\/volcanes.net\/\",\"name\":\"Volcanes.Net\",\"description\":\"Periodismo Profesional\",\"publisher\":{\"@id\":\"https:\/\/volcanes.net\/#organization\"},\"potentialAction\":[{\"@type\":\"SearchAction\",\"target\":{\"@type\":\"EntryPoint\",\"urlTemplate\":\"https:\/\/volcanes.net\/?s={search_term_string}\"},\"query-input\":{\"@type\":\"PropertyValueSpecification\",\"valueRequired\":true,\"valueName\":\"search_term_string\"}}],\"inLanguage\":\"es\"},{\"@type\":\"Organization\",\"@id\":\"https:\/\/volcanes.net\/#organization\",\"name\":\"Grupo Volcanes\",\"url\":\"https:\/\/volcanes.net\/\",\"logo\":{\"@type\":\"ImageObject\",\"inLanguage\":\"es\",\"@id\":\"https:\/\/volcanes.net\/#\/schema\/logo\/image\/\",\"url\":\"http:\/\/volcanes.net\/wp-content\/uploads\/2017\/12\/Avatar2.jpg\",\"contentUrl\":\"http:\/\/volcanes.net\/wp-content\/uploads\/2017\/12\/Avatar2.jpg\",\"width\":378,\"height\":378,\"caption\":\"Grupo Volcanes\"},\"image\":{\"@id\":\"https:\/\/volcanes.net\/#\/schema\/logo\/image\/\"},\"sameAs\":[\"https:\/\/www.facebook.com\/volcanes.net\/\"]},{\"@type\":\"Person\",\"@id\":\"https:\/\/volcanes.net\/#\/schema\/person\/4bf0f383940966a4abd53f5048c0e6b9\",\"name\":\"admin\",\"image\":{\"@type\":\"ImageObject\",\"inLanguage\":\"es\",\"@id\":\"https:\/\/volcanes.net\/#\/schema\/person\/image\/\",\"url\":\"https:\/\/secure.gravatar.com\/avatar\/ca004e6cba8462b8cb7abc86e382930c?s=96&d=mm&r=g\",\"contentUrl\":\"https:\/\/secure.gravatar.com\/avatar\/ca004e6cba8462b8cb7abc86e382930c?s=96&d=mm&r=g\",\"caption\":\"admin\"}}]}<\/script>\n<!-- \/ Yoast SEO plugin. -->","yoast_head_json":{"title":"Genera altas expectativas el 2\u00b0 Festival de las Luci\u00e9rnagas en Amecameca - Volcanes","robots":{"index":"index","follow":"follow","max-snippet":"max-snippet:-1","max-image-preview":"max-image-preview:large","max-video-preview":"max-video-preview:-1"},"canonical":"https:\/\/volcanes.net\/?p=12985","og_locale":"es_MX","og_type":"article","og_title":"Genera altas expectativas el 2\u00b0 Festival de las Luci\u00e9rnagas en Amecameca - Volcanes","og_description":"Amecameca, Estado de M\u00e9xico.- La Secretar\u00eda de Cultura y Turismo del Estado de M\u00e9xico a","og_url":"https:\/\/volcanes.net\/?p=12985","og_site_name":"Volcanes","article_publisher":"https:\/\/www.facebook.com\/volcanes.net\/","article_published_time":"2022-06-30T21:22:48+00:00","og_image":[{"width":1280,"height":853,"url":"https:\/\/volcanes.net\/wp-content\/uploads\/2022\/06\/IMG-20220630-WA0036.jpg","type":"image\/jpeg"}],"author":"admin","twitter_card":"summary_large_image","twitter_misc":{"Escrito por":"admin","Tiempo de lectura":"2 minutos"},"schema":{"@context":"https:\/\/schema.org","@graph":[{"@type":"Article","@id":"https:\/\/volcanes.net\/?p=12985#article","isPartOf":{"@id":"https:\/\/volcanes.net\/?p=12985"},"author":{"name":"admin","@id":"https:\/\/volcanes.net\/#\/schema\/person\/4bf0f383940966a4abd53f5048c0e6b9"},"headline":"Genera altas expectativas el 2\u00b0 Festival de las Luci\u00e9rnagas en Amecameca","datePublished":"2022-06-30T21:22:48+00:00","mainEntityOfPage":{"@id":"https:\/\/volcanes.net\/?p=12985"},"wordCount":419,"commentCount":0,"publisher":{"@id":"https:\/\/volcanes.net\/#organization"},"image":{"@id":"https:\/\/volcanes.net\/?p=12985#primaryimage"},"thumbnailUrl":"https:\/\/volcanes.net\/wp-content\/uploads\/2022\/06\/IMG-20220630-WA0036.jpg","keywords":["Amecameca"],"articleSection":["Municipales"],"inLanguage":"es","potentialAction":[{"@type":"CommentAction","name":"Comment","target":["https:\/\/volcanes.net\/?p=12985#respond"]}]},{"@type":"WebPage","@id":"https:\/\/volcanes.net\/?p=12985","url":"https:\/\/volcanes.net\/?p=12985","name":"Genera altas expectativas el 2\u00b0 Festival de las Luci\u00e9rnagas en Amecameca - Volcanes","isPartOf":{"@id":"https:\/\/volcanes.net\/#website"},"primaryImageOfPage":{"@id":"https:\/\/volcanes.net\/?p=12985#primaryimage"},"image":{"@id":"https:\/\/volcanes.net\/?p=12985#primaryimage"},"thumbnailUrl":"https:\/\/volcanes.net\/wp-content\/uploads\/2022\/06\/IMG-20220630-WA0036.jpg","datePublished":"2022-06-30T21:22:48+00:00","breadcrumb":{"@id":"https:\/\/volcanes.net\/?p=12985#breadcrumb"},"inLanguage":"es","potentialAction":[{"@type":"ReadAction","target":["https:\/\/volcanes.net\/?p=12985"]}]},{"@type":"ImageObject","inLanguage":"es","@id":"https:\/\/volcanes.net\/?p=12985#primaryimage","url":"https:\/\/volcanes.net\/wp-content\/uploads\/2022\/06\/IMG-20220630-WA0036.jpg","contentUrl":"https:\/\/volcanes.net\/wp-content\/uploads\/2022\/06\/IMG-20220630-WA0036.jpg","width":1280,"height":853},{"@type":"BreadcrumbList","@id":"https:\/\/volcanes.net\/?p=12985#breadcrumb","itemListElement":[{"@type":"ListItem","position":1,"name":"Portada","item":"https:\/\/volcanes.net\/"},{"@type":"ListItem","position":2,"name":"Genera altas expectativas el 2\u00b0 Festival de las Luci\u00e9rnagas en Amecameca"}]},{"@type":"WebSite","@id":"https:\/\/volcanes.net\/#website","url":"https:\/\/volcanes.net\/","name":"Volcanes.Net","description":"Periodismo Profesional","publisher":{"@id":"https:\/\/volcanes.net\/#organization"},"potentialAction":[{"@type":"SearchAction","target":{"@type":"EntryPoint","urlTemplate":"https:\/\/volcanes.net\/?s={search_term_string}"},"query-input":{"@type":"PropertyValueSpecification","valueRequired":true,"valueName":"search_term_string"}}],"inLanguage":"es"},{"@type":"Organization","@id":"https:\/\/volcanes.net\/#organization","name":"Grupo Volcanes","url":"https:\/\/volcanes.net\/","logo":{"@type":"ImageObject","inLanguage":"es","@id":"https:\/\/volcanes.net\/#\/schema\/logo\/image\/","url":"http:\/\/volcanes.net\/wp-content\/uploads\/2017\/12\/Avatar2.jpg","contentUrl":"http:\/\/volcanes.net\/wp-content\/uploads\/2017\/12\/Avatar2.jpg","width":378,"height":378,"caption":"Grupo Volcanes"},"image":{"@id":"https:\/\/volcanes.net\/#\/schema\/logo\/image\/"},"sameAs":["https:\/\/www.facebook.com\/volcanes.net\/"]},{"@type":"Person","@id":"https:\/\/volcanes.net\/#\/schema\/person\/4bf0f383940966a4abd53f5048c0e6b9","name":"admin","image":{"@type":"ImageObject","inLanguage":"es","@id":"https:\/\/volcanes.net\/#\/schema\/person\/image\/","url":"https:\/\/secure.gravatar.com\/avatar\/ca004e6cba8462b8cb7abc86e382930c?s=96&d=mm&r=g","contentUrl":"https:\/\/secure.gravatar.com\/avatar\/ca004e6cba8462b8cb7abc86e382930c?s=96&d=mm&r=g","caption":"admin"}}]}},"_links":{"self":[{"href":"https:\/\/volcanes.net\/index.php?rest_route=\/wp\/v2\/posts\/12985"}],"collection":[{"href":"https:\/\/volcanes.net\/index.php?rest_route=\/wp\/v2\/posts"}],"about":[{"href":"https:\/\/volcanes.net\/index.php?rest_route=\/wp\/v2\/types\/post"}],"author":[{"embeddable":true,"href":"https:\/\/volcanes.net\/index.php?rest_route=\/wp\/v2\/users\/1"}],"replies":[{"embeddable":true,"href":"https:\/\/volcanes.net\/index.php?rest_route=%2Fwp%2Fv2%2Fcomments&post=12985"}],"version-history":[{"count":1,"href":"https:\/\/volcanes.net\/index.php?rest_route=\/wp\/v2\/posts\/12985\/revisions"}],"predecessor-version":[{"id":12987,"href":"https:\/\/volcanes.net\/index.php?rest_route=\/wp\/v2\/posts\/12985\/revisions\/12987"}],"wp:featuredmedia":[{"embeddable":true,"href":"https:\/\/volcanes.net\/index.php?rest_route=\/wp\/v2\/media\/12986"}],"wp:attachment":[{"href":"https:\/\/volcanes.net\/index.php?rest_route=%2Fwp%2Fv2%2Fmedia&parent=12985"}],"wp:term":[{"taxonomy":"category","embeddable":true,"href":"https:\/\/volcanes.net\/index.php?rest_route=%2Fwp%2Fv2%2Fcategories&post=12985"},{"taxonomy":"post_tag","embeddable":true,"href":"https:\/\/volcanes.net\/index.php?rest_route=%2Fwp%2Fv2%2Ftags&post=12985"}],"curies":[{"name":"wp","href":"https:\/\/api.w.org\/{rel}","templated":true}]}}