{"id":13003,"date":"2022-07-05T21:20:06","date_gmt":"2022-07-06T03:20:06","guid":{"rendered":"http:\/\/volcanes.net\/?p=13003"},"modified":"2022-07-05T21:20:06","modified_gmt":"2022-07-06T03:20:06","slug":"celebran-sesion-abierta-de-cabildo-en-tepetlixpa","status":"publish","type":"post","link":"https:\/\/volcanes.net\/?p=13003","title":{"rendered":"Celebran Sesi\u00f3n Abierta de Cabildo en Tepetlixpa"},"content":{"rendered":"<div style=\"margin-top: 0px; margin-bottom: 0px;\" class=\"sharethis-inline-share-buttons\" ><\/div><p>Tepetlixpa, Estado de M\u00e9xico.- El pasado jueves 30 de junio, el Gobierno Municipal de Tepetlixpa, dirigido por Abelardo Rodr\u00edguez Garc\u00eda y su cabildo, realizaron Sesi\u00f3n Abierta de Cabildo en la delegaci\u00f3n de Cuecuecuautitl\u00e1n donde el principal tema a tratar fue el desazolve de agua que de acumula debido a los bosques diversos que el municipio tiene.<\/p>\n<p>El trabajo ser\u00e1 realizado en equipo contando con la participaci\u00f3n del Gobierno Municipal, principalmente, y algunos vecinos.<\/p>\n<p>Rodr\u00edguez Garc\u00eda destac\u00f3 que estos ejercicios sirven no s\u00f3lo para hacer del conocimiento de los vecinos los proyectos que se han realizado, sino para atender las nuevas necesidades que d\u00eda con d\u00eda surgen a lo largo y ancho del municipio. As\u00ed mismo, se genera confianza con los ciudadanos.<\/p>\n<p>&#8220;El personal administrativo hoy estamos buscando escuchar a todos, en cualquier momento y sin limitaciones&#8221;, destac\u00f3.<\/p>\n<p>As\u00ed mismo, mencion\u00f3 que tanto Protecci\u00f3n Civil como Seguridad P\u00fablica est\u00e1n pendientes de esta situaci\u00f3n que es probable contin\u00fae sus estragos ante la Temporada de Lluvias 2022.<\/p>\n","protected":false},"excerpt":{"rendered":"<p>Tepetlixpa, Estado de M\u00e9xico.- El pasado jueves 30 de junio, el Gobierno Municipal de Tepetlixpa,<\/p>\n","protected":false},"author":1,"featured_media":13004,"comment_status":"open","ping_status":"open","sticky":false,"template":"","format":"standard","meta":{"footnotes":""},"categories":[1],"tags":[16],"class_list":["post-13003","post","type-post","status-publish","format-standard","has-post-thumbnail","hentry","category-municipales","tag-tepetlixpa"],"yoast_head":"<!-- This site is optimized with the Yoast SEO plugin v25.3 - https:\/\/yoast.com\/wordpress\/plugins\/seo\/ -->\n<title>Celebran Sesi\u00f3n Abierta de Cabildo en Tepetlixpa - Volcanes<\/title>\n<meta name=\"robots\" content=\"index, follow, max-snippet:-1, max-image-preview:large, max-video-preview:-1\" \/>\n<link rel=\"canonical\" href=\"https:\/\/volcanes.net\/?p=13003\" \/>\n<meta property=\"og:locale\" content=\"es_MX\" \/>\n<meta property=\"og:type\" content=\"article\" \/>\n<meta property=\"og:title\" content=\"Celebran Sesi\u00f3n Abierta de Cabildo en Tepetlixpa - Volcanes\" \/>\n<meta property=\"og:description\" content=\"Tepetlixpa, Estado de M\u00e9xico.- El pasado jueves 30 de junio, el Gobierno Municipal de Tepetlixpa,\" \/>\n<meta property=\"og:url\" content=\"https:\/\/volcanes.net\/?p=13003\" \/>\n<meta property=\"og:site_name\" content=\"Volcanes\" \/>\n<meta property=\"article:publisher\" content=\"https:\/\/www.facebook.com\/volcanes.net\/\" \/>\n<meta property=\"article:published_time\" content=\"2022-07-06T03:20:06+00:00\" \/>\n<meta property=\"og:image\" content=\"https:\/\/volcanes.net\/wp-content\/uploads\/2022\/07\/Screenshot_20220705-220817_Lite.jpg\" \/>\n\t<meta property=\"og:image:width\" content=\"1080\" \/>\n\t<meta property=\"og:image:height\" content=\"584\" \/>\n\t<meta property=\"og:image:type\" content=\"image\/jpeg\" \/>\n<meta name=\"author\" content=\"admin\" \/>\n<meta name=\"twitter:card\" content=\"summary_large_image\" \/>\n<meta name=\"twitter:label1\" content=\"Escrito por\" \/>\n\t<meta name=\"twitter:data1\" content=\"admin\" \/>\n\t<meta name=\"twitter:label2\" content=\"Tiempo de lectura\" \/>\n\t<meta name=\"twitter:data2\" content=\"1 minuto\" \/>\n<script type=\"application\/ld+json\" class=\"yoast-schema-graph\">{\"@context\":\"https:\/\/schema.org\",\"@graph\":[{\"@type\":\"Article\",\"@id\":\"https:\/\/volcanes.net\/?p=13003#article\",\"isPartOf\":{\"@id\":\"https:\/\/volcanes.net\/?p=13003\"},\"author\":{\"name\":\"admin\",\"@id\":\"https:\/\/volcanes.net\/#\/schema\/person\/4bf0f383940966a4abd53f5048c0e6b9\"},\"headline\":\"Celebran Sesi\u00f3n Abierta de Cabildo en Tepetlixpa\",\"datePublished\":\"2022-07-06T03:20:06+00:00\",\"mainEntityOfPage\":{\"@id\":\"https:\/\/volcanes.net\/?p=13003\"},\"wordCount\":188,\"commentCount\":0,\"publisher\":{\"@id\":\"https:\/\/volcanes.net\/#organization\"},\"image\":{\"@id\":\"https:\/\/volcanes.net\/?p=13003#primaryimage\"},\"thumbnailUrl\":\"https:\/\/volcanes.net\/wp-content\/uploads\/2022\/07\/Screenshot_20220705-220817_Lite.jpg\",\"keywords\":[\"Tepetlixpa\"],\"articleSection\":[\"Municipales\"],\"inLanguage\":\"es\",\"potentialAction\":[{\"@type\":\"CommentAction\",\"name\":\"Comment\",\"target\":[\"https:\/\/volcanes.net\/?p=13003#respond\"]}]},{\"@type\":\"WebPage\",\"@id\":\"https:\/\/volcanes.net\/?p=13003\",\"url\":\"https:\/\/volcanes.net\/?p=13003\",\"name\":\"Celebran Sesi\u00f3n Abierta de Cabildo en Tepetlixpa - Volcanes\",\"isPartOf\":{\"@id\":\"https:\/\/volcanes.net\/#website\"},\"primaryImageOfPage\":{\"@id\":\"https:\/\/volcanes.net\/?p=13003#primaryimage\"},\"image\":{\"@id\":\"https:\/\/volcanes.net\/?p=13003#primaryimage\"},\"thumbnailUrl\":\"https:\/\/volcanes.net\/wp-content\/uploads\/2022\/07\/Screenshot_20220705-220817_Lite.jpg\",\"datePublished\":\"2022-07-06T03:20:06+00:00\",\"breadcrumb\":{\"@id\":\"https:\/\/volcanes.net\/?p=13003#breadcrumb\"},\"inLanguage\":\"es\",\"potentialAction\":[{\"@type\":\"ReadAction\",\"target\":[\"https:\/\/volcanes.net\/?p=13003\"]}]},{\"@type\":\"ImageObject\",\"inLanguage\":\"es\",\"@id\":\"https:\/\/volcanes.net\/?p=13003#primaryimage\",\"url\":\"https:\/\/volcanes.net\/wp-content\/uploads\/2022\/07\/Screenshot_20220705-220817_Lite.jpg\",\"contentUrl\":\"https:\/\/volcanes.net\/wp-content\/uploads\/2022\/07\/Screenshot_20220705-220817_Lite.jpg\",\"width\":1080,\"height\":584},{\"@type\":\"BreadcrumbList\",\"@id\":\"https:\/\/volcanes.net\/?p=13003#breadcrumb\",\"itemListElement\":[{\"@type\":\"ListItem\",\"position\":1,\"name\":\"Portada\",\"item\":\"https:\/\/volcanes.net\/\"},{\"@type\":\"ListItem\",\"position\":2,\"name\":\"Celebran Sesi\u00f3n Abierta de Cabildo en Tepetlixpa\"}]},{\"@type\":\"WebSite\",\"@id\":\"https:\/\/volcanes.net\/#website\",\"url\":\"https:\/\/volcanes.net\/\",\"name\":\"Volcanes.Net\",\"description\":\"Periodismo Profesional\",\"publisher\":{\"@id\":\"https:\/\/volcanes.net\/#organization\"},\"potentialAction\":[{\"@type\":\"SearchAction\",\"target\":{\"@type\":\"EntryPoint\",\"urlTemplate\":\"https:\/\/volcanes.net\/?s={search_term_string}\"},\"query-input\":{\"@type\":\"PropertyValueSpecification\",\"valueRequired\":true,\"valueName\":\"search_term_string\"}}],\"inLanguage\":\"es\"},{\"@type\":\"Organization\",\"@id\":\"https:\/\/volcanes.net\/#organization\",\"name\":\"Grupo Volcanes\",\"url\":\"https:\/\/volcanes.net\/\",\"logo\":{\"@type\":\"ImageObject\",\"inLanguage\":\"es\",\"@id\":\"https:\/\/volcanes.net\/#\/schema\/logo\/image\/\",\"url\":\"http:\/\/volcanes.net\/wp-content\/uploads\/2017\/12\/Avatar2.jpg\",\"contentUrl\":\"http:\/\/volcanes.net\/wp-content\/uploads\/2017\/12\/Avatar2.jpg\",\"width\":378,\"height\":378,\"caption\":\"Grupo Volcanes\"},\"image\":{\"@id\":\"https:\/\/volcanes.net\/#\/schema\/logo\/image\/\"},\"sameAs\":[\"https:\/\/www.facebook.com\/volcanes.net\/\"]},{\"@type\":\"Person\",\"@id\":\"https:\/\/volcanes.net\/#\/schema\/person\/4bf0f383940966a4abd53f5048c0e6b9\",\"name\":\"admin\",\"image\":{\"@type\":\"ImageObject\",\"inLanguage\":\"es\",\"@id\":\"https:\/\/volcanes.net\/#\/schema\/person\/image\/\",\"url\":\"https:\/\/secure.gravatar.com\/avatar\/ca004e6cba8462b8cb7abc86e382930c?s=96&d=mm&r=g\",\"contentUrl\":\"https:\/\/secure.gravatar.com\/avatar\/ca004e6cba8462b8cb7abc86e382930c?s=96&d=mm&r=g\",\"caption\":\"admin\"}}]}<\/script>\n<!-- \/ Yoast SEO plugin. -->","yoast_head_json":{"title":"Celebran Sesi\u00f3n Abierta de Cabildo en Tepetlixpa - Volcanes","robots":{"index":"index","follow":"follow","max-snippet":"max-snippet:-1","max-image-preview":"max-image-preview:large","max-video-preview":"max-video-preview:-1"},"canonical":"https:\/\/volcanes.net\/?p=13003","og_locale":"es_MX","og_type":"article","og_title":"Celebran Sesi\u00f3n Abierta de Cabildo en Tepetlixpa - Volcanes","og_description":"Tepetlixpa, Estado de M\u00e9xico.- El pasado jueves 30 de junio, el Gobierno Municipal de Tepetlixpa,","og_url":"https:\/\/volcanes.net\/?p=13003","og_site_name":"Volcanes","article_publisher":"https:\/\/www.facebook.com\/volcanes.net\/","article_published_time":"2022-07-06T03:20:06+00:00","og_image":[{"width":1080,"height":584,"url":"https:\/\/volcanes.net\/wp-content\/uploads\/2022\/07\/Screenshot_20220705-220817_Lite.jpg","type":"image\/jpeg"}],"author":"admin","twitter_card":"summary_large_image","twitter_misc":{"Escrito por":"admin","Tiempo de lectura":"1 minuto"},"schema":{"@context":"https:\/\/schema.org","@graph":[{"@type":"Article","@id":"https:\/\/volcanes.net\/?p=13003#article","isPartOf":{"@id":"https:\/\/volcanes.net\/?p=13003"},"author":{"name":"admin","@id":"https:\/\/volcanes.net\/#\/schema\/person\/4bf0f383940966a4abd53f5048c0e6b9"},"headline":"Celebran Sesi\u00f3n Abierta de Cabildo en Tepetlixpa","datePublished":"2022-07-06T03:20:06+00:00","mainEntityOfPage":{"@id":"https:\/\/volcanes.net\/?p=13003"},"wordCount":188,"commentCount":0,"publisher":{"@id":"https:\/\/volcanes.net\/#organization"},"image":{"@id":"https:\/\/volcanes.net\/?p=13003#primaryimage"},"thumbnailUrl":"https:\/\/volcanes.net\/wp-content\/uploads\/2022\/07\/Screenshot_20220705-220817_Lite.jpg","keywords":["Tepetlixpa"],"articleSection":["Municipales"],"inLanguage":"es","potentialAction":[{"@type":"CommentAction","name":"Comment","target":["https:\/\/volcanes.net\/?p=13003#respond"]}]},{"@type":"WebPage","@id":"https:\/\/volcanes.net\/?p=13003","url":"https:\/\/volcanes.net\/?p=13003","name":"Celebran Sesi\u00f3n Abierta de Cabildo en Tepetlixpa - Volcanes","isPartOf":{"@id":"https:\/\/volcanes.net\/#website"},"primaryImageOfPage":{"@id":"https:\/\/volcanes.net\/?p=13003#primaryimage"},"image":{"@id":"https:\/\/volcanes.net\/?p=13003#primaryimage"},"thumbnailUrl":"https:\/\/volcanes.net\/wp-content\/uploads\/2022\/07\/Screenshot_20220705-220817_Lite.jpg","datePublished":"2022-07-06T03:20:06+00:00","breadcrumb":{"@id":"https:\/\/volcanes.net\/?p=13003#breadcrumb"},"inLanguage":"es","potentialAction":[{"@type":"ReadAction","target":["https:\/\/volcanes.net\/?p=13003"]}]},{"@type":"ImageObject","inLanguage":"es","@id":"https:\/\/volcanes.net\/?p=13003#primaryimage","url":"https:\/\/volcanes.net\/wp-content\/uploads\/2022\/07\/Screenshot_20220705-220817_Lite.jpg","contentUrl":"https:\/\/volcanes.net\/wp-content\/uploads\/2022\/07\/Screenshot_20220705-220817_Lite.jpg","width":1080,"height":584},{"@type":"BreadcrumbList","@id":"https:\/\/volcanes.net\/?p=13003#breadcrumb","itemListElement":[{"@type":"ListItem","position":1,"name":"Portada","item":"https:\/\/volcanes.net\/"},{"@type":"ListItem","position":2,"name":"Celebran Sesi\u00f3n Abierta de Cabildo en Tepetlixpa"}]},{"@type":"WebSite","@id":"https:\/\/volcanes.net\/#website","url":"https:\/\/volcanes.net\/","name":"Volcanes.Net","description":"Periodismo Profesional","publisher":{"@id":"https:\/\/volcanes.net\/#organization"},"potentialAction":[{"@type":"SearchAction","target":{"@type":"EntryPoint","urlTemplate":"https:\/\/volcanes.net\/?s={search_term_string}"},"query-input":{"@type":"PropertyValueSpecification","valueRequired":true,"valueName":"search_term_string"}}],"inLanguage":"es"},{"@type":"Organization","@id":"https:\/\/volcanes.net\/#organization","name":"Grupo Volcanes","url":"https:\/\/volcanes.net\/","logo":{"@type":"ImageObject","inLanguage":"es","@id":"https:\/\/volcanes.net\/#\/schema\/logo\/image\/","url":"http:\/\/volcanes.net\/wp-content\/uploads\/2017\/12\/Avatar2.jpg","contentUrl":"http:\/\/volcanes.net\/wp-content\/uploads\/2017\/12\/Avatar2.jpg","width":378,"height":378,"caption":"Grupo Volcanes"},"image":{"@id":"https:\/\/volcanes.net\/#\/schema\/logo\/image\/"},"sameAs":["https:\/\/www.facebook.com\/volcanes.net\/"]},{"@type":"Person","@id":"https:\/\/volcanes.net\/#\/schema\/person\/4bf0f383940966a4abd53f5048c0e6b9","name":"admin","image":{"@type":"ImageObject","inLanguage":"es","@id":"https:\/\/volcanes.net\/#\/schema\/person\/image\/","url":"https:\/\/secure.gravatar.com\/avatar\/ca004e6cba8462b8cb7abc86e382930c?s=96&d=mm&r=g","contentUrl":"https:\/\/secure.gravatar.com\/avatar\/ca004e6cba8462b8cb7abc86e382930c?s=96&d=mm&r=g","caption":"admin"}}]}},"_links":{"self":[{"href":"https:\/\/volcanes.net\/index.php?rest_route=\/wp\/v2\/posts\/13003"}],"collection":[{"href":"https:\/\/volcanes.net\/index.php?rest_route=\/wp\/v2\/posts"}],"about":[{"href":"https:\/\/volcanes.net\/index.php?rest_route=\/wp\/v2\/types\/post"}],"author":[{"embeddable":true,"href":"https:\/\/volcanes.net\/index.php?rest_route=\/wp\/v2\/users\/1"}],"replies":[{"embeddable":true,"href":"https:\/\/volcanes.net\/index.php?rest_route=%2Fwp%2Fv2%2Fcomments&post=13003"}],"version-history":[{"count":1,"href":"https:\/\/volcanes.net\/index.php?rest_route=\/wp\/v2\/posts\/13003\/revisions"}],"predecessor-version":[{"id":13005,"href":"https:\/\/volcanes.net\/index.php?rest_route=\/wp\/v2\/posts\/13003\/revisions\/13005"}],"wp:featuredmedia":[{"embeddable":true,"href":"https:\/\/volcanes.net\/index.php?rest_route=\/wp\/v2\/media\/13004"}],"wp:attachment":[{"href":"https:\/\/volcanes.net\/index.php?rest_route=%2Fwp%2Fv2%2Fmedia&parent=13003"}],"wp:term":[{"taxonomy":"category","embeddable":true,"href":"https:\/\/volcanes.net\/index.php?rest_route=%2Fwp%2Fv2%2Fcategories&post=13003"},{"taxonomy":"post_tag","embeddable":true,"href":"https:\/\/volcanes.net\/index.php?rest_route=%2Fwp%2Fv2%2Ftags&post=13003"}],"curies":[{"name":"wp","href":"https:\/\/api.w.org\/{rel}","templated":true}]}}