{"id":13014,"date":"2022-07-12T05:50:26","date_gmt":"2022-07-12T11:50:26","guid":{"rendered":"http:\/\/volcanes.net\/?p=13014"},"modified":"2022-07-12T05:50:26","modified_gmt":"2022-07-12T11:50:26","slug":"gobierno-de-tepetlixpa-enfocado-en-mejorar-la-imagen-urbana","status":"publish","type":"post","link":"https:\/\/volcanes.net\/?p=13014","title":{"rendered":"Gobierno de Tepetlixpa enfocado en mejorar la imagen urbana"},"content":{"rendered":"<div style=\"margin-top: 0px; margin-bottom: 0px;\" class=\"sharethis-inline-share-buttons\" ><\/div><div dir=\"auto\">Tepetlixpa 12 de Junio del 2022.- Con la finalidad de mejorar la imagen urbana y movilidad del municipio, el presidente municipal Abelardo Rodr\u00edguez Garc\u00eda en compa\u00f1\u00eda de integrantes de su administraci\u00f3n, realizan mesas de trabajo con l\u00edderes de comerciantes y transporte p\u00fablico para que juntos puedan llegar a acciones y acuerdos en beneficio de toda la poblaci\u00f3n.<\/div>\n<div dir=\"auto\">En materia de mejoramiento de la imagen urbana de Tepetlixpa, el gobierno local realiz\u00f3 una reuni\u00f3n con los comerciantes del municipio y sus delegaciones para llegar a acuerdos que sean beneficiosos para todos mediante el comercio ordenado y la organizaci\u00f3n econ\u00f3mica con la promoci\u00f3n del consumo local.<\/div>\n<div dir=\"auto\">\n<div id=\"M5vO\/cE5YNiGim2X0V53uFGN8iNMQe+PAh6re+94adU=_181de7b46f0:2363b9:f91e4d1e_entryBody\" class=\"entryBody\" title=\"\">\n<div class=\"content\">\n<div dir=\"auto\">\n<div dir=\"auto\">El alcalde agradeci\u00f3 a los comerciantes que se dieron cita &#8220;para poner su granito de arena y trabajar en coordinaci\u00f3n con el Ayuntamiento&#8221;, se\u00f1al\u00f3 el Edil.<\/div>\n<div dir=\"auto\">De igual forma se tuvieron reuniones\u00a0 de trabajo con los l\u00edderes de las diferentes rutas que brindan servicio de transporte p\u00fablico en el municipio como son, Ruta Emiliano Zapata, Ruta 68 y Ruta 68 base Nepantla, Ruta \u00abPueblito\u00bb, Ruta 36 y Ruta 85 \u00abGrupo Aeropuerto\u00bb con el objetivo de generar un transporte seguro, ordenado y mostrando una imagen institucionalizada.<\/div>\n<\/div>\n<\/div>\n<\/div>\n<\/div>\n","protected":false},"excerpt":{"rendered":"<p>Tepetlixpa 12 de Junio del 2022.- Con la finalidad de mejorar la imagen urbana y<\/p>\n","protected":false},"author":1,"featured_media":13015,"comment_status":"open","ping_status":"open","sticky":false,"template":"","format":"standard","meta":{"footnotes":""},"categories":[1],"tags":[16],"class_list":["post-13014","post","type-post","status-publish","format-standard","has-post-thumbnail","hentry","category-municipales","tag-tepetlixpa"],"yoast_head":"<!-- This site is optimized with the Yoast SEO plugin v25.3 - https:\/\/yoast.com\/wordpress\/plugins\/seo\/ -->\n<title>Gobierno de Tepetlixpa enfocado en mejorar la imagen urbana - Volcanes<\/title>\n<meta name=\"description\" content=\"En materia de mejoramiento de la imagen urbana de Tepetlixpa, el gobierno local realiz\u00f3 una reuni\u00f3n con los comerciantes del municipio y sus delegaciones para llegar a acuerdos que sean beneficiosos para todos mediante el comercio ordenado y la organizaci\u00f3n econ\u00f3mica con la promoci\u00f3n del consumo local.\" \/>\n<meta name=\"robots\" content=\"index, follow, max-snippet:-1, max-image-preview:large, max-video-preview:-1\" \/>\n<link rel=\"canonical\" href=\"https:\/\/volcanes.net\/?p=13014\" \/>\n<meta property=\"og:locale\" content=\"es_MX\" \/>\n<meta property=\"og:type\" content=\"article\" \/>\n<meta property=\"og:title\" content=\"Gobierno de Tepetlixpa enfocado en mejorar la imagen urbana - Volcanes\" \/>\n<meta property=\"og:description\" content=\"En materia de mejoramiento de la imagen urbana de Tepetlixpa, el gobierno local realiz\u00f3 una reuni\u00f3n con los comerciantes del municipio y sus delegaciones para llegar a acuerdos que sean beneficiosos para todos mediante el comercio ordenado y la organizaci\u00f3n econ\u00f3mica con la promoci\u00f3n del consumo local.\" \/>\n<meta property=\"og:url\" content=\"https:\/\/volcanes.net\/?p=13014\" \/>\n<meta property=\"og:site_name\" content=\"Volcanes\" \/>\n<meta property=\"article:publisher\" content=\"https:\/\/www.facebook.com\/volcanes.net\/\" \/>\n<meta property=\"article:published_time\" content=\"2022-07-12T11:50:26+00:00\" \/>\n<meta property=\"og:image\" content=\"https:\/\/volcanes.net\/wp-content\/uploads\/2022\/07\/tepe1-e1657625976437.jpg\" \/>\n\t<meta property=\"og:image:width\" content=\"800\" \/>\n\t<meta property=\"og:image:height\" content=\"533\" \/>\n\t<meta property=\"og:image:type\" content=\"image\/jpeg\" \/>\n<meta name=\"author\" content=\"admin\" \/>\n<meta name=\"twitter:card\" content=\"summary_large_image\" \/>\n<meta name=\"twitter:label1\" content=\"Escrito por\" \/>\n\t<meta name=\"twitter:data1\" content=\"admin\" \/>\n\t<meta name=\"twitter:label2\" content=\"Tiempo de lectura\" \/>\n\t<meta name=\"twitter:data2\" content=\"1 minuto\" \/>\n<script type=\"application\/ld+json\" class=\"yoast-schema-graph\">{\"@context\":\"https:\/\/schema.org\",\"@graph\":[{\"@type\":\"Article\",\"@id\":\"https:\/\/volcanes.net\/?p=13014#article\",\"isPartOf\":{\"@id\":\"https:\/\/volcanes.net\/?p=13014\"},\"author\":{\"name\":\"admin\",\"@id\":\"https:\/\/volcanes.net\/#\/schema\/person\/4bf0f383940966a4abd53f5048c0e6b9\"},\"headline\":\"Gobierno de Tepetlixpa enfocado en mejorar la imagen urbana\",\"datePublished\":\"2022-07-12T11:50:26+00:00\",\"mainEntityOfPage\":{\"@id\":\"https:\/\/volcanes.net\/?p=13014\"},\"wordCount\":208,\"commentCount\":0,\"publisher\":{\"@id\":\"https:\/\/volcanes.net\/#organization\"},\"image\":{\"@id\":\"https:\/\/volcanes.net\/?p=13014#primaryimage\"},\"thumbnailUrl\":\"https:\/\/volcanes.net\/wp-content\/uploads\/2022\/07\/tepe1-e1657625976437.jpg\",\"keywords\":[\"Tepetlixpa\"],\"articleSection\":[\"Municipales\"],\"inLanguage\":\"es\",\"potentialAction\":[{\"@type\":\"CommentAction\",\"name\":\"Comment\",\"target\":[\"https:\/\/volcanes.net\/?p=13014#respond\"]}]},{\"@type\":\"WebPage\",\"@id\":\"https:\/\/volcanes.net\/?p=13014\",\"url\":\"https:\/\/volcanes.net\/?p=13014\",\"name\":\"Gobierno de Tepetlixpa enfocado en mejorar la imagen urbana - Volcanes\",\"isPartOf\":{\"@id\":\"https:\/\/volcanes.net\/#website\"},\"primaryImageOfPage\":{\"@id\":\"https:\/\/volcanes.net\/?p=13014#primaryimage\"},\"image\":{\"@id\":\"https:\/\/volcanes.net\/?p=13014#primaryimage\"},\"thumbnailUrl\":\"https:\/\/volcanes.net\/wp-content\/uploads\/2022\/07\/tepe1-e1657625976437.jpg\",\"datePublished\":\"2022-07-12T11:50:26+00:00\",\"description\":\"En materia de mejoramiento de la imagen urbana de Tepetlixpa, el gobierno local realiz\u00f3 una reuni\u00f3n con los comerciantes del municipio y sus delegaciones para llegar a acuerdos que sean beneficiosos para todos mediante el comercio ordenado y la organizaci\u00f3n econ\u00f3mica con la promoci\u00f3n del consumo local.\",\"breadcrumb\":{\"@id\":\"https:\/\/volcanes.net\/?p=13014#breadcrumb\"},\"inLanguage\":\"es\",\"potentialAction\":[{\"@type\":\"ReadAction\",\"target\":[\"https:\/\/volcanes.net\/?p=13014\"]}]},{\"@type\":\"ImageObject\",\"inLanguage\":\"es\",\"@id\":\"https:\/\/volcanes.net\/?p=13014#primaryimage\",\"url\":\"https:\/\/volcanes.net\/wp-content\/uploads\/2022\/07\/tepe1-e1657625976437.jpg\",\"contentUrl\":\"https:\/\/volcanes.net\/wp-content\/uploads\/2022\/07\/tepe1-e1657625976437.jpg\",\"width\":800,\"height\":533},{\"@type\":\"BreadcrumbList\",\"@id\":\"https:\/\/volcanes.net\/?p=13014#breadcrumb\",\"itemListElement\":[{\"@type\":\"ListItem\",\"position\":1,\"name\":\"Portada\",\"item\":\"https:\/\/volcanes.net\/\"},{\"@type\":\"ListItem\",\"position\":2,\"name\":\"Gobierno de Tepetlixpa enfocado en mejorar la imagen urbana\"}]},{\"@type\":\"WebSite\",\"@id\":\"https:\/\/volcanes.net\/#website\",\"url\":\"https:\/\/volcanes.net\/\",\"name\":\"Volcanes.Net\",\"description\":\"Periodismo Profesional\",\"publisher\":{\"@id\":\"https:\/\/volcanes.net\/#organization\"},\"potentialAction\":[{\"@type\":\"SearchAction\",\"target\":{\"@type\":\"EntryPoint\",\"urlTemplate\":\"https:\/\/volcanes.net\/?s={search_term_string}\"},\"query-input\":{\"@type\":\"PropertyValueSpecification\",\"valueRequired\":true,\"valueName\":\"search_term_string\"}}],\"inLanguage\":\"es\"},{\"@type\":\"Organization\",\"@id\":\"https:\/\/volcanes.net\/#organization\",\"name\":\"Grupo Volcanes\",\"url\":\"https:\/\/volcanes.net\/\",\"logo\":{\"@type\":\"ImageObject\",\"inLanguage\":\"es\",\"@id\":\"https:\/\/volcanes.net\/#\/schema\/logo\/image\/\",\"url\":\"http:\/\/volcanes.net\/wp-content\/uploads\/2017\/12\/Avatar2.jpg\",\"contentUrl\":\"http:\/\/volcanes.net\/wp-content\/uploads\/2017\/12\/Avatar2.jpg\",\"width\":378,\"height\":378,\"caption\":\"Grupo Volcanes\"},\"image\":{\"@id\":\"https:\/\/volcanes.net\/#\/schema\/logo\/image\/\"},\"sameAs\":[\"https:\/\/www.facebook.com\/volcanes.net\/\"]},{\"@type\":\"Person\",\"@id\":\"https:\/\/volcanes.net\/#\/schema\/person\/4bf0f383940966a4abd53f5048c0e6b9\",\"name\":\"admin\",\"image\":{\"@type\":\"ImageObject\",\"inLanguage\":\"es\",\"@id\":\"https:\/\/volcanes.net\/#\/schema\/person\/image\/\",\"url\":\"https:\/\/secure.gravatar.com\/avatar\/ca004e6cba8462b8cb7abc86e382930c?s=96&d=mm&r=g\",\"contentUrl\":\"https:\/\/secure.gravatar.com\/avatar\/ca004e6cba8462b8cb7abc86e382930c?s=96&d=mm&r=g\",\"caption\":\"admin\"}}]}<\/script>\n<!-- \/ Yoast SEO plugin. -->","yoast_head_json":{"title":"Gobierno de Tepetlixpa enfocado en mejorar la imagen urbana - Volcanes","description":"En materia de mejoramiento de la imagen urbana de Tepetlixpa, el gobierno local realiz\u00f3 una reuni\u00f3n con los comerciantes del municipio y sus delegaciones para llegar a acuerdos que sean beneficiosos para todos mediante el comercio ordenado y la organizaci\u00f3n econ\u00f3mica con la promoci\u00f3n del consumo local.","robots":{"index":"index","follow":"follow","max-snippet":"max-snippet:-1","max-image-preview":"max-image-preview:large","max-video-preview":"max-video-preview:-1"},"canonical":"https:\/\/volcanes.net\/?p=13014","og_locale":"es_MX","og_type":"article","og_title":"Gobierno de Tepetlixpa enfocado en mejorar la imagen urbana - Volcanes","og_description":"En materia de mejoramiento de la imagen urbana de Tepetlixpa, el gobierno local realiz\u00f3 una reuni\u00f3n con los comerciantes del municipio y sus delegaciones para llegar a acuerdos que sean beneficiosos para todos mediante el comercio ordenado y la organizaci\u00f3n econ\u00f3mica con la promoci\u00f3n del consumo local.","og_url":"https:\/\/volcanes.net\/?p=13014","og_site_name":"Volcanes","article_publisher":"https:\/\/www.facebook.com\/volcanes.net\/","article_published_time":"2022-07-12T11:50:26+00:00","og_image":[{"width":800,"height":533,"url":"https:\/\/volcanes.net\/wp-content\/uploads\/2022\/07\/tepe1-e1657625976437.jpg","type":"image\/jpeg"}],"author":"admin","twitter_card":"summary_large_image","twitter_misc":{"Escrito por":"admin","Tiempo de lectura":"1 minuto"},"schema":{"@context":"https:\/\/schema.org","@graph":[{"@type":"Article","@id":"https:\/\/volcanes.net\/?p=13014#article","isPartOf":{"@id":"https:\/\/volcanes.net\/?p=13014"},"author":{"name":"admin","@id":"https:\/\/volcanes.net\/#\/schema\/person\/4bf0f383940966a4abd53f5048c0e6b9"},"headline":"Gobierno de Tepetlixpa enfocado en mejorar la imagen urbana","datePublished":"2022-07-12T11:50:26+00:00","mainEntityOfPage":{"@id":"https:\/\/volcanes.net\/?p=13014"},"wordCount":208,"commentCount":0,"publisher":{"@id":"https:\/\/volcanes.net\/#organization"},"image":{"@id":"https:\/\/volcanes.net\/?p=13014#primaryimage"},"thumbnailUrl":"https:\/\/volcanes.net\/wp-content\/uploads\/2022\/07\/tepe1-e1657625976437.jpg","keywords":["Tepetlixpa"],"articleSection":["Municipales"],"inLanguage":"es","potentialAction":[{"@type":"CommentAction","name":"Comment","target":["https:\/\/volcanes.net\/?p=13014#respond"]}]},{"@type":"WebPage","@id":"https:\/\/volcanes.net\/?p=13014","url":"https:\/\/volcanes.net\/?p=13014","name":"Gobierno de Tepetlixpa enfocado en mejorar la imagen urbana - Volcanes","isPartOf":{"@id":"https:\/\/volcanes.net\/#website"},"primaryImageOfPage":{"@id":"https:\/\/volcanes.net\/?p=13014#primaryimage"},"image":{"@id":"https:\/\/volcanes.net\/?p=13014#primaryimage"},"thumbnailUrl":"https:\/\/volcanes.net\/wp-content\/uploads\/2022\/07\/tepe1-e1657625976437.jpg","datePublished":"2022-07-12T11:50:26+00:00","description":"En materia de mejoramiento de la imagen urbana de Tepetlixpa, el gobierno local realiz\u00f3 una reuni\u00f3n con los comerciantes del municipio y sus delegaciones para llegar a acuerdos que sean beneficiosos para todos mediante el comercio ordenado y la organizaci\u00f3n econ\u00f3mica con la promoci\u00f3n del consumo local.","breadcrumb":{"@id":"https:\/\/volcanes.net\/?p=13014#breadcrumb"},"inLanguage":"es","potentialAction":[{"@type":"ReadAction","target":["https:\/\/volcanes.net\/?p=13014"]}]},{"@type":"ImageObject","inLanguage":"es","@id":"https:\/\/volcanes.net\/?p=13014#primaryimage","url":"https:\/\/volcanes.net\/wp-content\/uploads\/2022\/07\/tepe1-e1657625976437.jpg","contentUrl":"https:\/\/volcanes.net\/wp-content\/uploads\/2022\/07\/tepe1-e1657625976437.jpg","width":800,"height":533},{"@type":"BreadcrumbList","@id":"https:\/\/volcanes.net\/?p=13014#breadcrumb","itemListElement":[{"@type":"ListItem","position":1,"name":"Portada","item":"https:\/\/volcanes.net\/"},{"@type":"ListItem","position":2,"name":"Gobierno de Tepetlixpa enfocado en mejorar la imagen urbana"}]},{"@type":"WebSite","@id":"https:\/\/volcanes.net\/#website","url":"https:\/\/volcanes.net\/","name":"Volcanes.Net","description":"Periodismo Profesional","publisher":{"@id":"https:\/\/volcanes.net\/#organization"},"potentialAction":[{"@type":"SearchAction","target":{"@type":"EntryPoint","urlTemplate":"https:\/\/volcanes.net\/?s={search_term_string}"},"query-input":{"@type":"PropertyValueSpecification","valueRequired":true,"valueName":"search_term_string"}}],"inLanguage":"es"},{"@type":"Organization","@id":"https:\/\/volcanes.net\/#organization","name":"Grupo Volcanes","url":"https:\/\/volcanes.net\/","logo":{"@type":"ImageObject","inLanguage":"es","@id":"https:\/\/volcanes.net\/#\/schema\/logo\/image\/","url":"http:\/\/volcanes.net\/wp-content\/uploads\/2017\/12\/Avatar2.jpg","contentUrl":"http:\/\/volcanes.net\/wp-content\/uploads\/2017\/12\/Avatar2.jpg","width":378,"height":378,"caption":"Grupo Volcanes"},"image":{"@id":"https:\/\/volcanes.net\/#\/schema\/logo\/image\/"},"sameAs":["https:\/\/www.facebook.com\/volcanes.net\/"]},{"@type":"Person","@id":"https:\/\/volcanes.net\/#\/schema\/person\/4bf0f383940966a4abd53f5048c0e6b9","name":"admin","image":{"@type":"ImageObject","inLanguage":"es","@id":"https:\/\/volcanes.net\/#\/schema\/person\/image\/","url":"https:\/\/secure.gravatar.com\/avatar\/ca004e6cba8462b8cb7abc86e382930c?s=96&d=mm&r=g","contentUrl":"https:\/\/secure.gravatar.com\/avatar\/ca004e6cba8462b8cb7abc86e382930c?s=96&d=mm&r=g","caption":"admin"}}]}},"_links":{"self":[{"href":"https:\/\/volcanes.net\/index.php?rest_route=\/wp\/v2\/posts\/13014"}],"collection":[{"href":"https:\/\/volcanes.net\/index.php?rest_route=\/wp\/v2\/posts"}],"about":[{"href":"https:\/\/volcanes.net\/index.php?rest_route=\/wp\/v2\/types\/post"}],"author":[{"embeddable":true,"href":"https:\/\/volcanes.net\/index.php?rest_route=\/wp\/v2\/users\/1"}],"replies":[{"embeddable":true,"href":"https:\/\/volcanes.net\/index.php?rest_route=%2Fwp%2Fv2%2Fcomments&post=13014"}],"version-history":[{"count":1,"href":"https:\/\/volcanes.net\/index.php?rest_route=\/wp\/v2\/posts\/13014\/revisions"}],"predecessor-version":[{"id":13016,"href":"https:\/\/volcanes.net\/index.php?rest_route=\/wp\/v2\/posts\/13014\/revisions\/13016"}],"wp:featuredmedia":[{"embeddable":true,"href":"https:\/\/volcanes.net\/index.php?rest_route=\/wp\/v2\/media\/13015"}],"wp:attachment":[{"href":"https:\/\/volcanes.net\/index.php?rest_route=%2Fwp%2Fv2%2Fmedia&parent=13014"}],"wp:term":[{"taxonomy":"category","embeddable":true,"href":"https:\/\/volcanes.net\/index.php?rest_route=%2Fwp%2Fv2%2Fcategories&post=13014"},{"taxonomy":"post_tag","embeddable":true,"href":"https:\/\/volcanes.net\/index.php?rest_route=%2Fwp%2Fv2%2Ftags&post=13014"}],"curies":[{"name":"wp","href":"https:\/\/api.w.org\/{rel}","templated":true}]}}