{"id":13029,"date":"2022-07-12T07:20:42","date_gmt":"2022-07-12T13:20:42","guid":{"rendered":"http:\/\/volcanes.net\/?p=13029"},"modified":"2022-07-12T07:20:42","modified_gmt":"2022-07-12T13:20:42","slug":"realizaron-el-festival-de-las-luciernagas-en-amecameca","status":"publish","type":"post","link":"https:\/\/volcanes.net\/?p=13029","title":{"rendered":"Realizaron el festival de las luci\u00e9rnagas en Amecameca"},"content":{"rendered":"<div style=\"margin-top: 0px; margin-bottom: 0px;\" class=\"sharethis-inline-share-buttons\" ><\/div><p>Amecameca estado de M\u00e9xico.- Con el prop\u00f3sito de fomentar la recuperaci\u00f3n econ\u00f3mica del comercio regional y el sector tur\u00edstico, este s\u00e1bado 9 y 10 de julio se llev\u00f3 a cabo el Festival de la Luci\u00e9rnaga en Amecameca, con una muestra artesanal, gastron\u00f3mica y cultural, donde participaron comerciantes del municipio.<br \/>\nM\u00e1s de 250 empleos directos y al menos 400 familias de la regi\u00f3n se vieron beneficiadas econ\u00f3micamente con su participaci\u00f3n en los pabellones artesanal y gastron\u00f3mico que le Secretar\u00eda de Turismo en coordinaci\u00f3n el Gobierno de Amecameca organizaron.<br \/>\nEn entrevista la presidenta municipal, Ivette Topete Garc\u00eda inform\u00f3 que el evento fue de gran beneficio para la poblaci\u00f3n de la regi\u00f3n pues hasta el momento la ocupaci\u00f3n hotelera lleg\u00f3 al 100 por ciento lo que garantiz\u00f3 una importante asistencia durante los dos d\u00edas de actividades.<br \/>\nDestac\u00f3 que el municipio requiere de un impulso al sector tur\u00edstico, el cual se vio afectado durante la pandemia, por lo que este a\u00f1o adem\u00e1s del festival de la Luci\u00e9rnaga los eventos inmediatos son la Feria del Hongo los d\u00edas 30 y 31 de junio en la comunidad de San Pedro Nexapa y el Festival de la Nuez del 6 al 14 de agosto.<\/p>\n<p>&nbsp;<\/p>\n<p>Por su parte Denisse Ugalde Alegr\u00eda, subsecretaria de Turismo del Estado de M\u00e9xico destac\u00f3 que el Festival tiene el objetivo de invitar a los mexiquenses para que no tengan que ir a otro estado a disfrutar de este espect\u00e1culo natural.<br \/>\nEn ese sentido invit\u00f3 a la gente a conocer los ecoparques Panohaya, \u00c1rboles de Navidad, Rancho Alegr\u00eda, Bosques Esmeralda, Rancho del Valle, y Chalma Tetlalcolulco, entre otros, donde ofrecen desde caba\u00f1as, espacios para acampar y un sin n\u00famero de atractivos.<br \/>\nA la inauguraci\u00f3n asisti\u00f3 Carolina Charbel Montesinos Mendoza, directora General del Instituto de Investigaci\u00f3n y Fomento de las Artesan\u00edas, quien coordin\u00f3 la exposici\u00f3n artesanal.<br \/>\nEl avistamiento de luci\u00e9rnagas ocurre cada a\u00f1o durante la temporada de lluvias, principalmente durante el mes de julio, en los municipios de la regi\u00f3n de los volcanes como Tlalmanalco, Atlautla y Ecatzingo entre otros, pero principalmente en los cinco ecoparques localizados en Amecameca.<\/p>\n","protected":false},"excerpt":{"rendered":"<p>Amecameca estado de M\u00e9xico.- Con el prop\u00f3sito de fomentar la recuperaci\u00f3n econ\u00f3mica del comercio regional<\/p>\n","protected":false},"author":1,"featured_media":13030,"comment_status":"open","ping_status":"open","sticky":false,"template":"","format":"standard","meta":{"footnotes":""},"categories":[1],"tags":[7],"class_list":["post-13029","post","type-post","status-publish","format-standard","has-post-thumbnail","hentry","category-municipales","tag-amecameca"],"yoast_head":"<!-- This site is optimized with the Yoast SEO plugin v25.3 - https:\/\/yoast.com\/wordpress\/plugins\/seo\/ -->\n<title>Realizaron el festival de las luci\u00e9rnagas en Amecameca - Volcanes<\/title>\n<meta name=\"description\" content=\"M\u00e1s de 250 empleos directos y al menos 400 familias de la regi\u00f3n se vieron beneficiadas econ\u00f3micamente con su participaci\u00f3n en los pabellones artesanal y gastron\u00f3mico que le Secretar\u00eda de Turismo en coordinaci\u00f3n el Gobierno de Amecameca organizaron.\" \/>\n<meta name=\"robots\" content=\"index, follow, max-snippet:-1, max-image-preview:large, max-video-preview:-1\" \/>\n<link rel=\"canonical\" href=\"https:\/\/volcanes.net\/?p=13029\" \/>\n<meta property=\"og:locale\" content=\"es_MX\" \/>\n<meta property=\"og:type\" content=\"article\" \/>\n<meta property=\"og:title\" content=\"Realizaron el festival de las luci\u00e9rnagas en Amecameca - Volcanes\" \/>\n<meta property=\"og:description\" content=\"M\u00e1s de 250 empleos directos y al menos 400 familias de la regi\u00f3n se vieron beneficiadas econ\u00f3micamente con su participaci\u00f3n en los pabellones artesanal y gastron\u00f3mico que le Secretar\u00eda de Turismo en coordinaci\u00f3n el Gobierno de Amecameca organizaron.\" \/>\n<meta property=\"og:url\" content=\"https:\/\/volcanes.net\/?p=13029\" \/>\n<meta property=\"og:site_name\" content=\"Volcanes\" \/>\n<meta property=\"article:publisher\" content=\"https:\/\/www.facebook.com\/volcanes.net\/\" \/>\n<meta property=\"article:published_time\" content=\"2022-07-12T13:20:42+00:00\" \/>\n<meta property=\"og:image\" content=\"https:\/\/volcanes.net\/wp-content\/uploads\/2022\/07\/IMG-20220709-WA0136.jpg\" \/>\n\t<meta property=\"og:image:width\" content=\"1280\" \/>\n\t<meta property=\"og:image:height\" content=\"960\" \/>\n\t<meta property=\"og:image:type\" content=\"image\/jpeg\" \/>\n<meta name=\"author\" content=\"admin\" \/>\n<meta name=\"twitter:card\" content=\"summary_large_image\" \/>\n<meta name=\"twitter:label1\" content=\"Escrito por\" \/>\n\t<meta name=\"twitter:data1\" content=\"admin\" \/>\n\t<meta name=\"twitter:label2\" content=\"Tiempo de lectura\" \/>\n\t<meta name=\"twitter:data2\" content=\"2 minutos\" \/>\n<script type=\"application\/ld+json\" class=\"yoast-schema-graph\">{\"@context\":\"https:\/\/schema.org\",\"@graph\":[{\"@type\":\"Article\",\"@id\":\"https:\/\/volcanes.net\/?p=13029#article\",\"isPartOf\":{\"@id\":\"https:\/\/volcanes.net\/?p=13029\"},\"author\":{\"name\":\"admin\",\"@id\":\"https:\/\/volcanes.net\/#\/schema\/person\/4bf0f383940966a4abd53f5048c0e6b9\"},\"headline\":\"Realizaron el festival de las luci\u00e9rnagas en Amecameca\",\"datePublished\":\"2022-07-12T13:20:42+00:00\",\"mainEntityOfPage\":{\"@id\":\"https:\/\/volcanes.net\/?p=13029\"},\"wordCount\":384,\"commentCount\":0,\"publisher\":{\"@id\":\"https:\/\/volcanes.net\/#organization\"},\"image\":{\"@id\":\"https:\/\/volcanes.net\/?p=13029#primaryimage\"},\"thumbnailUrl\":\"https:\/\/volcanes.net\/wp-content\/uploads\/2022\/07\/IMG-20220709-WA0136.jpg\",\"keywords\":[\"Amecameca\"],\"articleSection\":[\"Municipales\"],\"inLanguage\":\"es\",\"potentialAction\":[{\"@type\":\"CommentAction\",\"name\":\"Comment\",\"target\":[\"https:\/\/volcanes.net\/?p=13029#respond\"]}]},{\"@type\":\"WebPage\",\"@id\":\"https:\/\/volcanes.net\/?p=13029\",\"url\":\"https:\/\/volcanes.net\/?p=13029\",\"name\":\"Realizaron el festival de las luci\u00e9rnagas en Amecameca - Volcanes\",\"isPartOf\":{\"@id\":\"https:\/\/volcanes.net\/#website\"},\"primaryImageOfPage\":{\"@id\":\"https:\/\/volcanes.net\/?p=13029#primaryimage\"},\"image\":{\"@id\":\"https:\/\/volcanes.net\/?p=13029#primaryimage\"},\"thumbnailUrl\":\"https:\/\/volcanes.net\/wp-content\/uploads\/2022\/07\/IMG-20220709-WA0136.jpg\",\"datePublished\":\"2022-07-12T13:20:42+00:00\",\"description\":\"M\u00e1s de 250 empleos directos y al menos 400 familias de la regi\u00f3n se vieron beneficiadas econ\u00f3micamente con su participaci\u00f3n en los pabellones artesanal y gastron\u00f3mico que le Secretar\u00eda de Turismo en coordinaci\u00f3n el Gobierno de Amecameca organizaron.\",\"breadcrumb\":{\"@id\":\"https:\/\/volcanes.net\/?p=13029#breadcrumb\"},\"inLanguage\":\"es\",\"potentialAction\":[{\"@type\":\"ReadAction\",\"target\":[\"https:\/\/volcanes.net\/?p=13029\"]}]},{\"@type\":\"ImageObject\",\"inLanguage\":\"es\",\"@id\":\"https:\/\/volcanes.net\/?p=13029#primaryimage\",\"url\":\"https:\/\/volcanes.net\/wp-content\/uploads\/2022\/07\/IMG-20220709-WA0136.jpg\",\"contentUrl\":\"https:\/\/volcanes.net\/wp-content\/uploads\/2022\/07\/IMG-20220709-WA0136.jpg\",\"width\":1280,\"height\":960},{\"@type\":\"BreadcrumbList\",\"@id\":\"https:\/\/volcanes.net\/?p=13029#breadcrumb\",\"itemListElement\":[{\"@type\":\"ListItem\",\"position\":1,\"name\":\"Portada\",\"item\":\"https:\/\/volcanes.net\/\"},{\"@type\":\"ListItem\",\"position\":2,\"name\":\"Realizaron el festival de las luci\u00e9rnagas en Amecameca\"}]},{\"@type\":\"WebSite\",\"@id\":\"https:\/\/volcanes.net\/#website\",\"url\":\"https:\/\/volcanes.net\/\",\"name\":\"Volcanes.Net\",\"description\":\"Periodismo Profesional\",\"publisher\":{\"@id\":\"https:\/\/volcanes.net\/#organization\"},\"potentialAction\":[{\"@type\":\"SearchAction\",\"target\":{\"@type\":\"EntryPoint\",\"urlTemplate\":\"https:\/\/volcanes.net\/?s={search_term_string}\"},\"query-input\":{\"@type\":\"PropertyValueSpecification\",\"valueRequired\":true,\"valueName\":\"search_term_string\"}}],\"inLanguage\":\"es\"},{\"@type\":\"Organization\",\"@id\":\"https:\/\/volcanes.net\/#organization\",\"name\":\"Grupo Volcanes\",\"url\":\"https:\/\/volcanes.net\/\",\"logo\":{\"@type\":\"ImageObject\",\"inLanguage\":\"es\",\"@id\":\"https:\/\/volcanes.net\/#\/schema\/logo\/image\/\",\"url\":\"http:\/\/volcanes.net\/wp-content\/uploads\/2017\/12\/Avatar2.jpg\",\"contentUrl\":\"http:\/\/volcanes.net\/wp-content\/uploads\/2017\/12\/Avatar2.jpg\",\"width\":378,\"height\":378,\"caption\":\"Grupo Volcanes\"},\"image\":{\"@id\":\"https:\/\/volcanes.net\/#\/schema\/logo\/image\/\"},\"sameAs\":[\"https:\/\/www.facebook.com\/volcanes.net\/\"]},{\"@type\":\"Person\",\"@id\":\"https:\/\/volcanes.net\/#\/schema\/person\/4bf0f383940966a4abd53f5048c0e6b9\",\"name\":\"admin\",\"image\":{\"@type\":\"ImageObject\",\"inLanguage\":\"es\",\"@id\":\"https:\/\/volcanes.net\/#\/schema\/person\/image\/\",\"url\":\"https:\/\/secure.gravatar.com\/avatar\/ca004e6cba8462b8cb7abc86e382930c?s=96&d=mm&r=g\",\"contentUrl\":\"https:\/\/secure.gravatar.com\/avatar\/ca004e6cba8462b8cb7abc86e382930c?s=96&d=mm&r=g\",\"caption\":\"admin\"}}]}<\/script>\n<!-- \/ Yoast SEO plugin. -->","yoast_head_json":{"title":"Realizaron el festival de las luci\u00e9rnagas en Amecameca - Volcanes","description":"M\u00e1s de 250 empleos directos y al menos 400 familias de la regi\u00f3n se vieron beneficiadas econ\u00f3micamente con su participaci\u00f3n en los pabellones artesanal y gastron\u00f3mico que le Secretar\u00eda de Turismo en coordinaci\u00f3n el Gobierno de Amecameca organizaron.","robots":{"index":"index","follow":"follow","max-snippet":"max-snippet:-1","max-image-preview":"max-image-preview:large","max-video-preview":"max-video-preview:-1"},"canonical":"https:\/\/volcanes.net\/?p=13029","og_locale":"es_MX","og_type":"article","og_title":"Realizaron el festival de las luci\u00e9rnagas en Amecameca - Volcanes","og_description":"M\u00e1s de 250 empleos directos y al menos 400 familias de la regi\u00f3n se vieron beneficiadas econ\u00f3micamente con su participaci\u00f3n en los pabellones artesanal y gastron\u00f3mico que le Secretar\u00eda de Turismo en coordinaci\u00f3n el Gobierno de Amecameca organizaron.","og_url":"https:\/\/volcanes.net\/?p=13029","og_site_name":"Volcanes","article_publisher":"https:\/\/www.facebook.com\/volcanes.net\/","article_published_time":"2022-07-12T13:20:42+00:00","og_image":[{"width":1280,"height":960,"url":"https:\/\/volcanes.net\/wp-content\/uploads\/2022\/07\/IMG-20220709-WA0136.jpg","type":"image\/jpeg"}],"author":"admin","twitter_card":"summary_large_image","twitter_misc":{"Escrito por":"admin","Tiempo de lectura":"2 minutos"},"schema":{"@context":"https:\/\/schema.org","@graph":[{"@type":"Article","@id":"https:\/\/volcanes.net\/?p=13029#article","isPartOf":{"@id":"https:\/\/volcanes.net\/?p=13029"},"author":{"name":"admin","@id":"https:\/\/volcanes.net\/#\/schema\/person\/4bf0f383940966a4abd53f5048c0e6b9"},"headline":"Realizaron el festival de las luci\u00e9rnagas en Amecameca","datePublished":"2022-07-12T13:20:42+00:00","mainEntityOfPage":{"@id":"https:\/\/volcanes.net\/?p=13029"},"wordCount":384,"commentCount":0,"publisher":{"@id":"https:\/\/volcanes.net\/#organization"},"image":{"@id":"https:\/\/volcanes.net\/?p=13029#primaryimage"},"thumbnailUrl":"https:\/\/volcanes.net\/wp-content\/uploads\/2022\/07\/IMG-20220709-WA0136.jpg","keywords":["Amecameca"],"articleSection":["Municipales"],"inLanguage":"es","potentialAction":[{"@type":"CommentAction","name":"Comment","target":["https:\/\/volcanes.net\/?p=13029#respond"]}]},{"@type":"WebPage","@id":"https:\/\/volcanes.net\/?p=13029","url":"https:\/\/volcanes.net\/?p=13029","name":"Realizaron el festival de las luci\u00e9rnagas en Amecameca - Volcanes","isPartOf":{"@id":"https:\/\/volcanes.net\/#website"},"primaryImageOfPage":{"@id":"https:\/\/volcanes.net\/?p=13029#primaryimage"},"image":{"@id":"https:\/\/volcanes.net\/?p=13029#primaryimage"},"thumbnailUrl":"https:\/\/volcanes.net\/wp-content\/uploads\/2022\/07\/IMG-20220709-WA0136.jpg","datePublished":"2022-07-12T13:20:42+00:00","description":"M\u00e1s de 250 empleos directos y al menos 400 familias de la regi\u00f3n se vieron beneficiadas econ\u00f3micamente con su participaci\u00f3n en los pabellones artesanal y gastron\u00f3mico que le Secretar\u00eda de Turismo en coordinaci\u00f3n el Gobierno de Amecameca organizaron.","breadcrumb":{"@id":"https:\/\/volcanes.net\/?p=13029#breadcrumb"},"inLanguage":"es","potentialAction":[{"@type":"ReadAction","target":["https:\/\/volcanes.net\/?p=13029"]}]},{"@type":"ImageObject","inLanguage":"es","@id":"https:\/\/volcanes.net\/?p=13029#primaryimage","url":"https:\/\/volcanes.net\/wp-content\/uploads\/2022\/07\/IMG-20220709-WA0136.jpg","contentUrl":"https:\/\/volcanes.net\/wp-content\/uploads\/2022\/07\/IMG-20220709-WA0136.jpg","width":1280,"height":960},{"@type":"BreadcrumbList","@id":"https:\/\/volcanes.net\/?p=13029#breadcrumb","itemListElement":[{"@type":"ListItem","position":1,"name":"Portada","item":"https:\/\/volcanes.net\/"},{"@type":"ListItem","position":2,"name":"Realizaron el festival de las luci\u00e9rnagas en Amecameca"}]},{"@type":"WebSite","@id":"https:\/\/volcanes.net\/#website","url":"https:\/\/volcanes.net\/","name":"Volcanes.Net","description":"Periodismo Profesional","publisher":{"@id":"https:\/\/volcanes.net\/#organization"},"potentialAction":[{"@type":"SearchAction","target":{"@type":"EntryPoint","urlTemplate":"https:\/\/volcanes.net\/?s={search_term_string}"},"query-input":{"@type":"PropertyValueSpecification","valueRequired":true,"valueName":"search_term_string"}}],"inLanguage":"es"},{"@type":"Organization","@id":"https:\/\/volcanes.net\/#organization","name":"Grupo Volcanes","url":"https:\/\/volcanes.net\/","logo":{"@type":"ImageObject","inLanguage":"es","@id":"https:\/\/volcanes.net\/#\/schema\/logo\/image\/","url":"http:\/\/volcanes.net\/wp-content\/uploads\/2017\/12\/Avatar2.jpg","contentUrl":"http:\/\/volcanes.net\/wp-content\/uploads\/2017\/12\/Avatar2.jpg","width":378,"height":378,"caption":"Grupo Volcanes"},"image":{"@id":"https:\/\/volcanes.net\/#\/schema\/logo\/image\/"},"sameAs":["https:\/\/www.facebook.com\/volcanes.net\/"]},{"@type":"Person","@id":"https:\/\/volcanes.net\/#\/schema\/person\/4bf0f383940966a4abd53f5048c0e6b9","name":"admin","image":{"@type":"ImageObject","inLanguage":"es","@id":"https:\/\/volcanes.net\/#\/schema\/person\/image\/","url":"https:\/\/secure.gravatar.com\/avatar\/ca004e6cba8462b8cb7abc86e382930c?s=96&d=mm&r=g","contentUrl":"https:\/\/secure.gravatar.com\/avatar\/ca004e6cba8462b8cb7abc86e382930c?s=96&d=mm&r=g","caption":"admin"}}]}},"_links":{"self":[{"href":"https:\/\/volcanes.net\/index.php?rest_route=\/wp\/v2\/posts\/13029"}],"collection":[{"href":"https:\/\/volcanes.net\/index.php?rest_route=\/wp\/v2\/posts"}],"about":[{"href":"https:\/\/volcanes.net\/index.php?rest_route=\/wp\/v2\/types\/post"}],"author":[{"embeddable":true,"href":"https:\/\/volcanes.net\/index.php?rest_route=\/wp\/v2\/users\/1"}],"replies":[{"embeddable":true,"href":"https:\/\/volcanes.net\/index.php?rest_route=%2Fwp%2Fv2%2Fcomments&post=13029"}],"version-history":[{"count":1,"href":"https:\/\/volcanes.net\/index.php?rest_route=\/wp\/v2\/posts\/13029\/revisions"}],"predecessor-version":[{"id":13031,"href":"https:\/\/volcanes.net\/index.php?rest_route=\/wp\/v2\/posts\/13029\/revisions\/13031"}],"wp:featuredmedia":[{"embeddable":true,"href":"https:\/\/volcanes.net\/index.php?rest_route=\/wp\/v2\/media\/13030"}],"wp:attachment":[{"href":"https:\/\/volcanes.net\/index.php?rest_route=%2Fwp%2Fv2%2Fmedia&parent=13029"}],"wp:term":[{"taxonomy":"category","embeddable":true,"href":"https:\/\/volcanes.net\/index.php?rest_route=%2Fwp%2Fv2%2Fcategories&post=13029"},{"taxonomy":"post_tag","embeddable":true,"href":"https:\/\/volcanes.net\/index.php?rest_route=%2Fwp%2Fv2%2Ftags&post=13029"}],"curies":[{"name":"wp","href":"https:\/\/api.w.org\/{rel}","templated":true}]}}