{"id":13033,"date":"2022-07-12T08:26:18","date_gmt":"2022-07-12T14:26:18","guid":{"rendered":"http:\/\/volcanes.net\/?p=13033"},"modified":"2022-07-12T08:26:18","modified_gmt":"2022-07-12T14:26:18","slug":"roberto-avila-anuncio-dos-servicios-mas-en-beneficio-de-la-poblacion","status":"publish","type":"post","link":"https:\/\/volcanes.net\/?p=13033","title":{"rendered":"Roberto \u00c1vila anunci\u00f3 dos servicios m\u00e1s en beneficio de la poblaci\u00f3n"},"content":{"rendered":"<div style=\"margin-top: 0px; margin-bottom: 0px;\" class=\"sharethis-inline-share-buttons\" ><\/div><p>Roberto Avila Ventura, inform\u00f3 en la cuarta jornada de salud itinerante ahora en Santiago Tepopula, que los trabajos en materia de salud est\u00e1n a cargo del DIF, &#8220;estamos ocupados en realizar este tipo de jornada y que adem\u00e1s llegar\u00e1n a todas las comunidades del municipio por que es un gobierno plural y equitativa&#8221; Expres\u00f3 el alcalde.<\/p>\n<p>En el marco de la jornada de salud el edil anunci\u00f3 dos servicios m\u00e1s en beneficio de la poblaci\u00f3n en primer lugar la re inauguraci\u00f3n de la lecher\u00eda Liconsa y el servicio de laboratorios, los cuales tendr\u00e1n un descuento adicional Gracias al convenio realizado con la administraci\u00f3n, lo \u00fanico que tienes que presentar es un documento sellado por DIF municipal.<br \/>\n&#8220;Estamos todos los d\u00edas de la semana al servicio de la comunidad con horarios de 8:00 am a 1:00pm. En las instalaciones del dif. En la toma de muestras y si es algo m\u00e1s especializado podr\u00e1n dirigirse a Chalco, Valle de Chalco o Nezahualc\u00f3yotl, fue enf\u00e1tico al mencionar que de ser necesario brindar\u00e1n el servicio de traslado&#8221; Indic\u00f3 \u00c1vila Ventura.<\/p>\n","protected":false},"excerpt":{"rendered":"<p>Roberto Avila Ventura, inform\u00f3 en la cuarta jornada de salud itinerante ahora en Santiago Tepopula,<\/p>\n","protected":false},"author":1,"featured_media":13034,"comment_status":"open","ping_status":"open","sticky":false,"template":"","format":"standard","meta":{"footnotes":""},"categories":[1],"tags":[17],"class_list":["post-13033","post","type-post","status-publish","format-standard","has-post-thumbnail","hentry","category-municipales","tag-tenango-del-aire"],"yoast_head":"<!-- This site is optimized with the Yoast SEO plugin v25.3 - https:\/\/yoast.com\/wordpress\/plugins\/seo\/ -->\n<title>Roberto \u00c1vila anunci\u00f3 dos servicios m\u00e1s en beneficio de la poblaci\u00f3n - Volcanes<\/title>\n<meta name=\"description\" content=\"En el marco de la jornada de salud el edil anunci\u00f3 dos servicios m\u00e1s en beneficio de la poblaci\u00f3n en primer lugar la re inauguraci\u00f3n de la lecher\u00eda Liconsa y el servicio de laboratorios, los cuales tendr\u00e1n un descuento adicional Gracias al convenio realizado con la administraci\u00f3n\" \/>\n<meta name=\"robots\" content=\"index, follow, max-snippet:-1, max-image-preview:large, max-video-preview:-1\" \/>\n<link rel=\"canonical\" href=\"https:\/\/volcanes.net\/?p=13033\" \/>\n<meta property=\"og:locale\" content=\"es_MX\" \/>\n<meta property=\"og:type\" content=\"article\" \/>\n<meta property=\"og:title\" content=\"Roberto \u00c1vila anunci\u00f3 dos servicios m\u00e1s en beneficio de la poblaci\u00f3n - Volcanes\" \/>\n<meta property=\"og:description\" content=\"En el marco de la jornada de salud el edil anunci\u00f3 dos servicios m\u00e1s en beneficio de la poblaci\u00f3n en primer lugar la re inauguraci\u00f3n de la lecher\u00eda Liconsa y el servicio de laboratorios, los cuales tendr\u00e1n un descuento adicional Gracias al convenio realizado con la administraci\u00f3n\" \/>\n<meta property=\"og:url\" content=\"https:\/\/volcanes.net\/?p=13033\" \/>\n<meta property=\"og:site_name\" content=\"Volcanes\" \/>\n<meta property=\"article:publisher\" content=\"https:\/\/www.facebook.com\/volcanes.net\/\" \/>\n<meta property=\"article:published_time\" content=\"2022-07-12T14:26:18+00:00\" \/>\n<meta property=\"og:image\" content=\"https:\/\/volcanes.net\/wp-content\/uploads\/2022\/07\/WhatsApp-Image-2022-07-12-at-9.11.20-AM-1.jpeg\" \/>\n\t<meta property=\"og:image:width\" content=\"1280\" \/>\n\t<meta property=\"og:image:height\" content=\"813\" \/>\n\t<meta property=\"og:image:type\" content=\"image\/jpeg\" \/>\n<meta name=\"author\" content=\"admin\" \/>\n<meta name=\"twitter:card\" content=\"summary_large_image\" \/>\n<meta name=\"twitter:label1\" content=\"Escrito por\" \/>\n\t<meta name=\"twitter:data1\" content=\"admin\" \/>\n\t<meta name=\"twitter:label2\" content=\"Tiempo de lectura\" \/>\n\t<meta name=\"twitter:data2\" content=\"1 minuto\" \/>\n<script type=\"application\/ld+json\" class=\"yoast-schema-graph\">{\"@context\":\"https:\/\/schema.org\",\"@graph\":[{\"@type\":\"Article\",\"@id\":\"https:\/\/volcanes.net\/?p=13033#article\",\"isPartOf\":{\"@id\":\"https:\/\/volcanes.net\/?p=13033\"},\"author\":{\"name\":\"admin\",\"@id\":\"https:\/\/volcanes.net\/#\/schema\/person\/4bf0f383940966a4abd53f5048c0e6b9\"},\"headline\":\"Roberto \u00c1vila anunci\u00f3 dos servicios m\u00e1s en beneficio de la poblaci\u00f3n\",\"datePublished\":\"2022-07-12T14:26:18+00:00\",\"mainEntityOfPage\":{\"@id\":\"https:\/\/volcanes.net\/?p=13033\"},\"wordCount\":203,\"commentCount\":0,\"publisher\":{\"@id\":\"https:\/\/volcanes.net\/#organization\"},\"image\":{\"@id\":\"https:\/\/volcanes.net\/?p=13033#primaryimage\"},\"thumbnailUrl\":\"https:\/\/volcanes.net\/wp-content\/uploads\/2022\/07\/WhatsApp-Image-2022-07-12-at-9.11.20-AM-1.jpeg\",\"keywords\":[\"Tenango del Aire\"],\"articleSection\":[\"Municipales\"],\"inLanguage\":\"es\",\"potentialAction\":[{\"@type\":\"CommentAction\",\"name\":\"Comment\",\"target\":[\"https:\/\/volcanes.net\/?p=13033#respond\"]}]},{\"@type\":\"WebPage\",\"@id\":\"https:\/\/volcanes.net\/?p=13033\",\"url\":\"https:\/\/volcanes.net\/?p=13033\",\"name\":\"Roberto \u00c1vila anunci\u00f3 dos servicios m\u00e1s en beneficio de la poblaci\u00f3n - Volcanes\",\"isPartOf\":{\"@id\":\"https:\/\/volcanes.net\/#website\"},\"primaryImageOfPage\":{\"@id\":\"https:\/\/volcanes.net\/?p=13033#primaryimage\"},\"image\":{\"@id\":\"https:\/\/volcanes.net\/?p=13033#primaryimage\"},\"thumbnailUrl\":\"https:\/\/volcanes.net\/wp-content\/uploads\/2022\/07\/WhatsApp-Image-2022-07-12-at-9.11.20-AM-1.jpeg\",\"datePublished\":\"2022-07-12T14:26:18+00:00\",\"description\":\"En el marco de la jornada de salud el edil anunci\u00f3 dos servicios m\u00e1s en beneficio de la poblaci\u00f3n en primer lugar la re inauguraci\u00f3n de la lecher\u00eda Liconsa y el servicio de laboratorios, los cuales tendr\u00e1n un descuento adicional Gracias al convenio realizado con la administraci\u00f3n\",\"breadcrumb\":{\"@id\":\"https:\/\/volcanes.net\/?p=13033#breadcrumb\"},\"inLanguage\":\"es\",\"potentialAction\":[{\"@type\":\"ReadAction\",\"target\":[\"https:\/\/volcanes.net\/?p=13033\"]}]},{\"@type\":\"ImageObject\",\"inLanguage\":\"es\",\"@id\":\"https:\/\/volcanes.net\/?p=13033#primaryimage\",\"url\":\"https:\/\/volcanes.net\/wp-content\/uploads\/2022\/07\/WhatsApp-Image-2022-07-12-at-9.11.20-AM-1.jpeg\",\"contentUrl\":\"https:\/\/volcanes.net\/wp-content\/uploads\/2022\/07\/WhatsApp-Image-2022-07-12-at-9.11.20-AM-1.jpeg\",\"width\":1280,\"height\":813},{\"@type\":\"BreadcrumbList\",\"@id\":\"https:\/\/volcanes.net\/?p=13033#breadcrumb\",\"itemListElement\":[{\"@type\":\"ListItem\",\"position\":1,\"name\":\"Portada\",\"item\":\"https:\/\/volcanes.net\/\"},{\"@type\":\"ListItem\",\"position\":2,\"name\":\"Roberto \u00c1vila anunci\u00f3 dos servicios m\u00e1s en beneficio de la poblaci\u00f3n\"}]},{\"@type\":\"WebSite\",\"@id\":\"https:\/\/volcanes.net\/#website\",\"url\":\"https:\/\/volcanes.net\/\",\"name\":\"Volcanes.Net\",\"description\":\"Periodismo Profesional\",\"publisher\":{\"@id\":\"https:\/\/volcanes.net\/#organization\"},\"potentialAction\":[{\"@type\":\"SearchAction\",\"target\":{\"@type\":\"EntryPoint\",\"urlTemplate\":\"https:\/\/volcanes.net\/?s={search_term_string}\"},\"query-input\":{\"@type\":\"PropertyValueSpecification\",\"valueRequired\":true,\"valueName\":\"search_term_string\"}}],\"inLanguage\":\"es\"},{\"@type\":\"Organization\",\"@id\":\"https:\/\/volcanes.net\/#organization\",\"name\":\"Grupo Volcanes\",\"url\":\"https:\/\/volcanes.net\/\",\"logo\":{\"@type\":\"ImageObject\",\"inLanguage\":\"es\",\"@id\":\"https:\/\/volcanes.net\/#\/schema\/logo\/image\/\",\"url\":\"http:\/\/volcanes.net\/wp-content\/uploads\/2017\/12\/Avatar2.jpg\",\"contentUrl\":\"http:\/\/volcanes.net\/wp-content\/uploads\/2017\/12\/Avatar2.jpg\",\"width\":378,\"height\":378,\"caption\":\"Grupo Volcanes\"},\"image\":{\"@id\":\"https:\/\/volcanes.net\/#\/schema\/logo\/image\/\"},\"sameAs\":[\"https:\/\/www.facebook.com\/volcanes.net\/\"]},{\"@type\":\"Person\",\"@id\":\"https:\/\/volcanes.net\/#\/schema\/person\/4bf0f383940966a4abd53f5048c0e6b9\",\"name\":\"admin\",\"image\":{\"@type\":\"ImageObject\",\"inLanguage\":\"es\",\"@id\":\"https:\/\/volcanes.net\/#\/schema\/person\/image\/\",\"url\":\"https:\/\/secure.gravatar.com\/avatar\/ca004e6cba8462b8cb7abc86e382930c?s=96&d=mm&r=g\",\"contentUrl\":\"https:\/\/secure.gravatar.com\/avatar\/ca004e6cba8462b8cb7abc86e382930c?s=96&d=mm&r=g\",\"caption\":\"admin\"}}]}<\/script>\n<!-- \/ Yoast SEO plugin. -->","yoast_head_json":{"title":"Roberto \u00c1vila anunci\u00f3 dos servicios m\u00e1s en beneficio de la poblaci\u00f3n - Volcanes","description":"En el marco de la jornada de salud el edil anunci\u00f3 dos servicios m\u00e1s en beneficio de la poblaci\u00f3n en primer lugar la re inauguraci\u00f3n de la lecher\u00eda Liconsa y el servicio de laboratorios, los cuales tendr\u00e1n un descuento adicional Gracias al convenio realizado con la administraci\u00f3n","robots":{"index":"index","follow":"follow","max-snippet":"max-snippet:-1","max-image-preview":"max-image-preview:large","max-video-preview":"max-video-preview:-1"},"canonical":"https:\/\/volcanes.net\/?p=13033","og_locale":"es_MX","og_type":"article","og_title":"Roberto \u00c1vila anunci\u00f3 dos servicios m\u00e1s en beneficio de la poblaci\u00f3n - Volcanes","og_description":"En el marco de la jornada de salud el edil anunci\u00f3 dos servicios m\u00e1s en beneficio de la poblaci\u00f3n en primer lugar la re inauguraci\u00f3n de la lecher\u00eda Liconsa y el servicio de laboratorios, los cuales tendr\u00e1n un descuento adicional Gracias al convenio realizado con la administraci\u00f3n","og_url":"https:\/\/volcanes.net\/?p=13033","og_site_name":"Volcanes","article_publisher":"https:\/\/www.facebook.com\/volcanes.net\/","article_published_time":"2022-07-12T14:26:18+00:00","og_image":[{"width":1280,"height":813,"url":"https:\/\/volcanes.net\/wp-content\/uploads\/2022\/07\/WhatsApp-Image-2022-07-12-at-9.11.20-AM-1.jpeg","type":"image\/jpeg"}],"author":"admin","twitter_card":"summary_large_image","twitter_misc":{"Escrito por":"admin","Tiempo de lectura":"1 minuto"},"schema":{"@context":"https:\/\/schema.org","@graph":[{"@type":"Article","@id":"https:\/\/volcanes.net\/?p=13033#article","isPartOf":{"@id":"https:\/\/volcanes.net\/?p=13033"},"author":{"name":"admin","@id":"https:\/\/volcanes.net\/#\/schema\/person\/4bf0f383940966a4abd53f5048c0e6b9"},"headline":"Roberto \u00c1vila anunci\u00f3 dos servicios m\u00e1s en beneficio de la poblaci\u00f3n","datePublished":"2022-07-12T14:26:18+00:00","mainEntityOfPage":{"@id":"https:\/\/volcanes.net\/?p=13033"},"wordCount":203,"commentCount":0,"publisher":{"@id":"https:\/\/volcanes.net\/#organization"},"image":{"@id":"https:\/\/volcanes.net\/?p=13033#primaryimage"},"thumbnailUrl":"https:\/\/volcanes.net\/wp-content\/uploads\/2022\/07\/WhatsApp-Image-2022-07-12-at-9.11.20-AM-1.jpeg","keywords":["Tenango del Aire"],"articleSection":["Municipales"],"inLanguage":"es","potentialAction":[{"@type":"CommentAction","name":"Comment","target":["https:\/\/volcanes.net\/?p=13033#respond"]}]},{"@type":"WebPage","@id":"https:\/\/volcanes.net\/?p=13033","url":"https:\/\/volcanes.net\/?p=13033","name":"Roberto \u00c1vila anunci\u00f3 dos servicios m\u00e1s en beneficio de la poblaci\u00f3n - Volcanes","isPartOf":{"@id":"https:\/\/volcanes.net\/#website"},"primaryImageOfPage":{"@id":"https:\/\/volcanes.net\/?p=13033#primaryimage"},"image":{"@id":"https:\/\/volcanes.net\/?p=13033#primaryimage"},"thumbnailUrl":"https:\/\/volcanes.net\/wp-content\/uploads\/2022\/07\/WhatsApp-Image-2022-07-12-at-9.11.20-AM-1.jpeg","datePublished":"2022-07-12T14:26:18+00:00","description":"En el marco de la jornada de salud el edil anunci\u00f3 dos servicios m\u00e1s en beneficio de la poblaci\u00f3n en primer lugar la re inauguraci\u00f3n de la lecher\u00eda Liconsa y el servicio de laboratorios, los cuales tendr\u00e1n un descuento adicional Gracias al convenio realizado con la administraci\u00f3n","breadcrumb":{"@id":"https:\/\/volcanes.net\/?p=13033#breadcrumb"},"inLanguage":"es","potentialAction":[{"@type":"ReadAction","target":["https:\/\/volcanes.net\/?p=13033"]}]},{"@type":"ImageObject","inLanguage":"es","@id":"https:\/\/volcanes.net\/?p=13033#primaryimage","url":"https:\/\/volcanes.net\/wp-content\/uploads\/2022\/07\/WhatsApp-Image-2022-07-12-at-9.11.20-AM-1.jpeg","contentUrl":"https:\/\/volcanes.net\/wp-content\/uploads\/2022\/07\/WhatsApp-Image-2022-07-12-at-9.11.20-AM-1.jpeg","width":1280,"height":813},{"@type":"BreadcrumbList","@id":"https:\/\/volcanes.net\/?p=13033#breadcrumb","itemListElement":[{"@type":"ListItem","position":1,"name":"Portada","item":"https:\/\/volcanes.net\/"},{"@type":"ListItem","position":2,"name":"Roberto \u00c1vila anunci\u00f3 dos servicios m\u00e1s en beneficio de la poblaci\u00f3n"}]},{"@type":"WebSite","@id":"https:\/\/volcanes.net\/#website","url":"https:\/\/volcanes.net\/","name":"Volcanes.Net","description":"Periodismo Profesional","publisher":{"@id":"https:\/\/volcanes.net\/#organization"},"potentialAction":[{"@type":"SearchAction","target":{"@type":"EntryPoint","urlTemplate":"https:\/\/volcanes.net\/?s={search_term_string}"},"query-input":{"@type":"PropertyValueSpecification","valueRequired":true,"valueName":"search_term_string"}}],"inLanguage":"es"},{"@type":"Organization","@id":"https:\/\/volcanes.net\/#organization","name":"Grupo Volcanes","url":"https:\/\/volcanes.net\/","logo":{"@type":"ImageObject","inLanguage":"es","@id":"https:\/\/volcanes.net\/#\/schema\/logo\/image\/","url":"http:\/\/volcanes.net\/wp-content\/uploads\/2017\/12\/Avatar2.jpg","contentUrl":"http:\/\/volcanes.net\/wp-content\/uploads\/2017\/12\/Avatar2.jpg","width":378,"height":378,"caption":"Grupo Volcanes"},"image":{"@id":"https:\/\/volcanes.net\/#\/schema\/logo\/image\/"},"sameAs":["https:\/\/www.facebook.com\/volcanes.net\/"]},{"@type":"Person","@id":"https:\/\/volcanes.net\/#\/schema\/person\/4bf0f383940966a4abd53f5048c0e6b9","name":"admin","image":{"@type":"ImageObject","inLanguage":"es","@id":"https:\/\/volcanes.net\/#\/schema\/person\/image\/","url":"https:\/\/secure.gravatar.com\/avatar\/ca004e6cba8462b8cb7abc86e382930c?s=96&d=mm&r=g","contentUrl":"https:\/\/secure.gravatar.com\/avatar\/ca004e6cba8462b8cb7abc86e382930c?s=96&d=mm&r=g","caption":"admin"}}]}},"_links":{"self":[{"href":"https:\/\/volcanes.net\/index.php?rest_route=\/wp\/v2\/posts\/13033"}],"collection":[{"href":"https:\/\/volcanes.net\/index.php?rest_route=\/wp\/v2\/posts"}],"about":[{"href":"https:\/\/volcanes.net\/index.php?rest_route=\/wp\/v2\/types\/post"}],"author":[{"embeddable":true,"href":"https:\/\/volcanes.net\/index.php?rest_route=\/wp\/v2\/users\/1"}],"replies":[{"embeddable":true,"href":"https:\/\/volcanes.net\/index.php?rest_route=%2Fwp%2Fv2%2Fcomments&post=13033"}],"version-history":[{"count":1,"href":"https:\/\/volcanes.net\/index.php?rest_route=\/wp\/v2\/posts\/13033\/revisions"}],"predecessor-version":[{"id":13035,"href":"https:\/\/volcanes.net\/index.php?rest_route=\/wp\/v2\/posts\/13033\/revisions\/13035"}],"wp:featuredmedia":[{"embeddable":true,"href":"https:\/\/volcanes.net\/index.php?rest_route=\/wp\/v2\/media\/13034"}],"wp:attachment":[{"href":"https:\/\/volcanes.net\/index.php?rest_route=%2Fwp%2Fv2%2Fmedia&parent=13033"}],"wp:term":[{"taxonomy":"category","embeddable":true,"href":"https:\/\/volcanes.net\/index.php?rest_route=%2Fwp%2Fv2%2Fcategories&post=13033"},{"taxonomy":"post_tag","embeddable":true,"href":"https:\/\/volcanes.net\/index.php?rest_route=%2Fwp%2Fv2%2Ftags&post=13033"}],"curies":[{"name":"wp","href":"https:\/\/api.w.org\/{rel}","templated":true}]}}