{"id":13040,"date":"2022-07-13T06:41:59","date_gmt":"2022-07-13T12:41:59","guid":{"rendered":"http:\/\/volcanes.net\/?p=13040"},"modified":"2022-07-13T06:41:59","modified_gmt":"2022-07-13T12:41:59","slug":"anuncia-alcalde-de-tenango-del-aire-la-construccion-mas-obras-en-apoyo-a-la-educacion","status":"publish","type":"post","link":"https:\/\/volcanes.net\/?p=13040","title":{"rendered":"Anuncia alcalde de Tenango del Aire la construcci\u00f3n m\u00e1s obras en apoyo a la educaci\u00f3n"},"content":{"rendered":"<div style=\"margin-top: 0px; margin-bottom: 0px;\" class=\"sharethis-inline-share-buttons\" ><\/div><p>En la escuela Primaria Jos\u00e9 Mar\u00eda Morelos, del municipio de Tenango del Aire, se realiz\u00f3 el izamiento de la bandera blanca lo que representa que es una escuela libre de adicciones, as\u00ed lo afirm\u00f3 el presidente municipal Roberto Avila Ventura, al asistir a este evento acompa\u00f1ado de personal de la juridificaci\u00f3n sanitaria Amecameca.<br \/>\nEn esta escuela recibieron al alcalde con el reconocimiento de exalumno de esta instituci\u00f3n educativa, el,presidente municipal aprovech\u00f3 para enviar un mensaje a los estudiantes para motivarlos a trabajar cada d\u00eda en sus sue\u00f1os.<br \/>\n&#8220;Recordemos que el humo del tabaco no solo da\u00f1a al consumidor sino a los que lo rodean ya que se convierten en fumadores pasivos y tienen la misma posibilidad de contraer c\u00e1ncer de pulm\u00f3n ya que el humo que expulsa el consumidor se mezcla con otros elementos que contiene el ox\u00edgeno al mismo tiempo que es inhalado sin ning\u00fan filtro, por ello es para m\u00ed un gran gusto que cada vez m\u00e1s escuelas se sumen a esta iniciativa ya que de esta forma cuidamos a las ni\u00f1as y ni\u00f1os de nuestro hermoso municipio&#8221;, declar\u00f3 el alcalde.<br \/>\nPor otra parte \u00c1vila Ventura, dio buenas noticias a los alumnos y personal docente de esta instituci\u00f3n educativa al informar que se iniciar\u00e1n los trabajos de contribuci\u00f3n de una nueva aula, que hab\u00eda sido pedida por los directivos escolares, mencion\u00f3 que se aprovechar\u00e1 las vacaciones para la construcci\u00f3n de esta obra que mejorar\u00e1 las condiciones educativas de la escuela Jos\u00e9 Mar\u00eda Morelos.<\/p>\n","protected":false},"excerpt":{"rendered":"<p>En la escuela Primaria Jos\u00e9 Mar\u00eda Morelos, del municipio de Tenango del Aire, se realiz\u00f3<\/p>\n","protected":false},"author":1,"featured_media":13041,"comment_status":"open","ping_status":"open","sticky":false,"template":"","format":"standard","meta":{"footnotes":""},"categories":[1],"tags":[17],"class_list":["post-13040","post","type-post","status-publish","format-standard","has-post-thumbnail","hentry","category-municipales","tag-tenango-del-aire"],"yoast_head":"<!-- This site is optimized with the Yoast SEO plugin v25.3 - https:\/\/yoast.com\/wordpress\/plugins\/seo\/ -->\n<title>Anuncia alcalde de Tenango del Aire la construcci\u00f3n m\u00e1s obras en apoyo a la educaci\u00f3n - Volcanes<\/title>\n<meta name=\"description\" content=\"\u00c1vila Ventura, dio buenas noticias a los alumnos y personal docente de esta instituci\u00f3n educativa al informar que se iniciar\u00e1n los trabajos de contribuci\u00f3n de una nueva aula.\" \/>\n<meta name=\"robots\" content=\"index, follow, max-snippet:-1, max-image-preview:large, max-video-preview:-1\" \/>\n<link rel=\"canonical\" href=\"https:\/\/volcanes.net\/?p=13040\" \/>\n<meta property=\"og:locale\" content=\"es_MX\" \/>\n<meta property=\"og:type\" content=\"article\" \/>\n<meta property=\"og:title\" content=\"Anuncia alcalde de Tenango del Aire la construcci\u00f3n m\u00e1s obras en apoyo a la educaci\u00f3n - Volcanes\" \/>\n<meta property=\"og:description\" content=\"\u00c1vila Ventura, dio buenas noticias a los alumnos y personal docente de esta instituci\u00f3n educativa al informar que se iniciar\u00e1n los trabajos de contribuci\u00f3n de una nueva aula.\" \/>\n<meta property=\"og:url\" content=\"https:\/\/volcanes.net\/?p=13040\" \/>\n<meta property=\"og:site_name\" content=\"Volcanes\" \/>\n<meta property=\"article:publisher\" content=\"https:\/\/www.facebook.com\/volcanes.net\/\" \/>\n<meta property=\"article:published_time\" content=\"2022-07-13T12:41:59+00:00\" \/>\n<meta property=\"og:image\" content=\"https:\/\/volcanes.net\/wp-content\/uploads\/2022\/07\/banderablanca.jpg\" \/>\n\t<meta property=\"og:image:width\" content=\"960\" \/>\n\t<meta property=\"og:image:height\" content=\"640\" \/>\n\t<meta property=\"og:image:type\" content=\"image\/jpeg\" \/>\n<meta name=\"author\" content=\"admin\" \/>\n<meta name=\"twitter:card\" content=\"summary_large_image\" \/>\n<meta name=\"twitter:label1\" content=\"Escrito por\" \/>\n\t<meta name=\"twitter:data1\" content=\"admin\" \/>\n\t<meta name=\"twitter:label2\" content=\"Tiempo de lectura\" \/>\n\t<meta name=\"twitter:data2\" content=\"2 minutos\" \/>\n<script type=\"application\/ld+json\" class=\"yoast-schema-graph\">{\"@context\":\"https:\/\/schema.org\",\"@graph\":[{\"@type\":\"Article\",\"@id\":\"https:\/\/volcanes.net\/?p=13040#article\",\"isPartOf\":{\"@id\":\"https:\/\/volcanes.net\/?p=13040\"},\"author\":{\"name\":\"admin\",\"@id\":\"https:\/\/volcanes.net\/#\/schema\/person\/4bf0f383940966a4abd53f5048c0e6b9\"},\"headline\":\"Anuncia alcalde de Tenango del Aire la construcci\u00f3n m\u00e1s obras en apoyo a la educaci\u00f3n\",\"datePublished\":\"2022-07-13T12:41:59+00:00\",\"mainEntityOfPage\":{\"@id\":\"https:\/\/volcanes.net\/?p=13040\"},\"wordCount\":284,\"commentCount\":0,\"publisher\":{\"@id\":\"https:\/\/volcanes.net\/#organization\"},\"image\":{\"@id\":\"https:\/\/volcanes.net\/?p=13040#primaryimage\"},\"thumbnailUrl\":\"https:\/\/volcanes.net\/wp-content\/uploads\/2022\/07\/banderablanca.jpg\",\"keywords\":[\"Tenango del Aire\"],\"articleSection\":[\"Municipales\"],\"inLanguage\":\"es\",\"potentialAction\":[{\"@type\":\"CommentAction\",\"name\":\"Comment\",\"target\":[\"https:\/\/volcanes.net\/?p=13040#respond\"]}]},{\"@type\":\"WebPage\",\"@id\":\"https:\/\/volcanes.net\/?p=13040\",\"url\":\"https:\/\/volcanes.net\/?p=13040\",\"name\":\"Anuncia alcalde de Tenango del Aire la construcci\u00f3n m\u00e1s obras en apoyo a la educaci\u00f3n - Volcanes\",\"isPartOf\":{\"@id\":\"https:\/\/volcanes.net\/#website\"},\"primaryImageOfPage\":{\"@id\":\"https:\/\/volcanes.net\/?p=13040#primaryimage\"},\"image\":{\"@id\":\"https:\/\/volcanes.net\/?p=13040#primaryimage\"},\"thumbnailUrl\":\"https:\/\/volcanes.net\/wp-content\/uploads\/2022\/07\/banderablanca.jpg\",\"datePublished\":\"2022-07-13T12:41:59+00:00\",\"description\":\"\u00c1vila Ventura, dio buenas noticias a los alumnos y personal docente de esta instituci\u00f3n educativa al informar que se iniciar\u00e1n los trabajos de contribuci\u00f3n de una nueva aula.\",\"breadcrumb\":{\"@id\":\"https:\/\/volcanes.net\/?p=13040#breadcrumb\"},\"inLanguage\":\"es\",\"potentialAction\":[{\"@type\":\"ReadAction\",\"target\":[\"https:\/\/volcanes.net\/?p=13040\"]}]},{\"@type\":\"ImageObject\",\"inLanguage\":\"es\",\"@id\":\"https:\/\/volcanes.net\/?p=13040#primaryimage\",\"url\":\"https:\/\/volcanes.net\/wp-content\/uploads\/2022\/07\/banderablanca.jpg\",\"contentUrl\":\"https:\/\/volcanes.net\/wp-content\/uploads\/2022\/07\/banderablanca.jpg\",\"width\":960,\"height\":640},{\"@type\":\"BreadcrumbList\",\"@id\":\"https:\/\/volcanes.net\/?p=13040#breadcrumb\",\"itemListElement\":[{\"@type\":\"ListItem\",\"position\":1,\"name\":\"Portada\",\"item\":\"https:\/\/volcanes.net\/\"},{\"@type\":\"ListItem\",\"position\":2,\"name\":\"Anuncia alcalde de Tenango del Aire la construcci\u00f3n m\u00e1s obras en apoyo a la educaci\u00f3n\"}]},{\"@type\":\"WebSite\",\"@id\":\"https:\/\/volcanes.net\/#website\",\"url\":\"https:\/\/volcanes.net\/\",\"name\":\"Volcanes.Net\",\"description\":\"Periodismo Profesional\",\"publisher\":{\"@id\":\"https:\/\/volcanes.net\/#organization\"},\"potentialAction\":[{\"@type\":\"SearchAction\",\"target\":{\"@type\":\"EntryPoint\",\"urlTemplate\":\"https:\/\/volcanes.net\/?s={search_term_string}\"},\"query-input\":{\"@type\":\"PropertyValueSpecification\",\"valueRequired\":true,\"valueName\":\"search_term_string\"}}],\"inLanguage\":\"es\"},{\"@type\":\"Organization\",\"@id\":\"https:\/\/volcanes.net\/#organization\",\"name\":\"Grupo Volcanes\",\"url\":\"https:\/\/volcanes.net\/\",\"logo\":{\"@type\":\"ImageObject\",\"inLanguage\":\"es\",\"@id\":\"https:\/\/volcanes.net\/#\/schema\/logo\/image\/\",\"url\":\"http:\/\/volcanes.net\/wp-content\/uploads\/2017\/12\/Avatar2.jpg\",\"contentUrl\":\"http:\/\/volcanes.net\/wp-content\/uploads\/2017\/12\/Avatar2.jpg\",\"width\":378,\"height\":378,\"caption\":\"Grupo Volcanes\"},\"image\":{\"@id\":\"https:\/\/volcanes.net\/#\/schema\/logo\/image\/\"},\"sameAs\":[\"https:\/\/www.facebook.com\/volcanes.net\/\"]},{\"@type\":\"Person\",\"@id\":\"https:\/\/volcanes.net\/#\/schema\/person\/4bf0f383940966a4abd53f5048c0e6b9\",\"name\":\"admin\",\"image\":{\"@type\":\"ImageObject\",\"inLanguage\":\"es\",\"@id\":\"https:\/\/volcanes.net\/#\/schema\/person\/image\/\",\"url\":\"https:\/\/secure.gravatar.com\/avatar\/ca004e6cba8462b8cb7abc86e382930c?s=96&d=mm&r=g\",\"contentUrl\":\"https:\/\/secure.gravatar.com\/avatar\/ca004e6cba8462b8cb7abc86e382930c?s=96&d=mm&r=g\",\"caption\":\"admin\"}}]}<\/script>\n<!-- \/ Yoast SEO plugin. -->","yoast_head_json":{"title":"Anuncia alcalde de Tenango del Aire la construcci\u00f3n m\u00e1s obras en apoyo a la educaci\u00f3n - Volcanes","description":"\u00c1vila Ventura, dio buenas noticias a los alumnos y personal docente de esta instituci\u00f3n educativa al informar que se iniciar\u00e1n los trabajos de contribuci\u00f3n de una nueva aula.","robots":{"index":"index","follow":"follow","max-snippet":"max-snippet:-1","max-image-preview":"max-image-preview:large","max-video-preview":"max-video-preview:-1"},"canonical":"https:\/\/volcanes.net\/?p=13040","og_locale":"es_MX","og_type":"article","og_title":"Anuncia alcalde de Tenango del Aire la construcci\u00f3n m\u00e1s obras en apoyo a la educaci\u00f3n - Volcanes","og_description":"\u00c1vila Ventura, dio buenas noticias a los alumnos y personal docente de esta instituci\u00f3n educativa al informar que se iniciar\u00e1n los trabajos de contribuci\u00f3n de una nueva aula.","og_url":"https:\/\/volcanes.net\/?p=13040","og_site_name":"Volcanes","article_publisher":"https:\/\/www.facebook.com\/volcanes.net\/","article_published_time":"2022-07-13T12:41:59+00:00","og_image":[{"width":960,"height":640,"url":"https:\/\/volcanes.net\/wp-content\/uploads\/2022\/07\/banderablanca.jpg","type":"image\/jpeg"}],"author":"admin","twitter_card":"summary_large_image","twitter_misc":{"Escrito por":"admin","Tiempo de lectura":"2 minutos"},"schema":{"@context":"https:\/\/schema.org","@graph":[{"@type":"Article","@id":"https:\/\/volcanes.net\/?p=13040#article","isPartOf":{"@id":"https:\/\/volcanes.net\/?p=13040"},"author":{"name":"admin","@id":"https:\/\/volcanes.net\/#\/schema\/person\/4bf0f383940966a4abd53f5048c0e6b9"},"headline":"Anuncia alcalde de Tenango del Aire la construcci\u00f3n m\u00e1s obras en apoyo a la educaci\u00f3n","datePublished":"2022-07-13T12:41:59+00:00","mainEntityOfPage":{"@id":"https:\/\/volcanes.net\/?p=13040"},"wordCount":284,"commentCount":0,"publisher":{"@id":"https:\/\/volcanes.net\/#organization"},"image":{"@id":"https:\/\/volcanes.net\/?p=13040#primaryimage"},"thumbnailUrl":"https:\/\/volcanes.net\/wp-content\/uploads\/2022\/07\/banderablanca.jpg","keywords":["Tenango del Aire"],"articleSection":["Municipales"],"inLanguage":"es","potentialAction":[{"@type":"CommentAction","name":"Comment","target":["https:\/\/volcanes.net\/?p=13040#respond"]}]},{"@type":"WebPage","@id":"https:\/\/volcanes.net\/?p=13040","url":"https:\/\/volcanes.net\/?p=13040","name":"Anuncia alcalde de Tenango del Aire la construcci\u00f3n m\u00e1s obras en apoyo a la educaci\u00f3n - Volcanes","isPartOf":{"@id":"https:\/\/volcanes.net\/#website"},"primaryImageOfPage":{"@id":"https:\/\/volcanes.net\/?p=13040#primaryimage"},"image":{"@id":"https:\/\/volcanes.net\/?p=13040#primaryimage"},"thumbnailUrl":"https:\/\/volcanes.net\/wp-content\/uploads\/2022\/07\/banderablanca.jpg","datePublished":"2022-07-13T12:41:59+00:00","description":"\u00c1vila Ventura, dio buenas noticias a los alumnos y personal docente de esta instituci\u00f3n educativa al informar que se iniciar\u00e1n los trabajos de contribuci\u00f3n de una nueva aula.","breadcrumb":{"@id":"https:\/\/volcanes.net\/?p=13040#breadcrumb"},"inLanguage":"es","potentialAction":[{"@type":"ReadAction","target":["https:\/\/volcanes.net\/?p=13040"]}]},{"@type":"ImageObject","inLanguage":"es","@id":"https:\/\/volcanes.net\/?p=13040#primaryimage","url":"https:\/\/volcanes.net\/wp-content\/uploads\/2022\/07\/banderablanca.jpg","contentUrl":"https:\/\/volcanes.net\/wp-content\/uploads\/2022\/07\/banderablanca.jpg","width":960,"height":640},{"@type":"BreadcrumbList","@id":"https:\/\/volcanes.net\/?p=13040#breadcrumb","itemListElement":[{"@type":"ListItem","position":1,"name":"Portada","item":"https:\/\/volcanes.net\/"},{"@type":"ListItem","position":2,"name":"Anuncia alcalde de Tenango del Aire la construcci\u00f3n m\u00e1s obras en apoyo a la educaci\u00f3n"}]},{"@type":"WebSite","@id":"https:\/\/volcanes.net\/#website","url":"https:\/\/volcanes.net\/","name":"Volcanes.Net","description":"Periodismo Profesional","publisher":{"@id":"https:\/\/volcanes.net\/#organization"},"potentialAction":[{"@type":"SearchAction","target":{"@type":"EntryPoint","urlTemplate":"https:\/\/volcanes.net\/?s={search_term_string}"},"query-input":{"@type":"PropertyValueSpecification","valueRequired":true,"valueName":"search_term_string"}}],"inLanguage":"es"},{"@type":"Organization","@id":"https:\/\/volcanes.net\/#organization","name":"Grupo Volcanes","url":"https:\/\/volcanes.net\/","logo":{"@type":"ImageObject","inLanguage":"es","@id":"https:\/\/volcanes.net\/#\/schema\/logo\/image\/","url":"http:\/\/volcanes.net\/wp-content\/uploads\/2017\/12\/Avatar2.jpg","contentUrl":"http:\/\/volcanes.net\/wp-content\/uploads\/2017\/12\/Avatar2.jpg","width":378,"height":378,"caption":"Grupo Volcanes"},"image":{"@id":"https:\/\/volcanes.net\/#\/schema\/logo\/image\/"},"sameAs":["https:\/\/www.facebook.com\/volcanes.net\/"]},{"@type":"Person","@id":"https:\/\/volcanes.net\/#\/schema\/person\/4bf0f383940966a4abd53f5048c0e6b9","name":"admin","image":{"@type":"ImageObject","inLanguage":"es","@id":"https:\/\/volcanes.net\/#\/schema\/person\/image\/","url":"https:\/\/secure.gravatar.com\/avatar\/ca004e6cba8462b8cb7abc86e382930c?s=96&d=mm&r=g","contentUrl":"https:\/\/secure.gravatar.com\/avatar\/ca004e6cba8462b8cb7abc86e382930c?s=96&d=mm&r=g","caption":"admin"}}]}},"_links":{"self":[{"href":"https:\/\/volcanes.net\/index.php?rest_route=\/wp\/v2\/posts\/13040"}],"collection":[{"href":"https:\/\/volcanes.net\/index.php?rest_route=\/wp\/v2\/posts"}],"about":[{"href":"https:\/\/volcanes.net\/index.php?rest_route=\/wp\/v2\/types\/post"}],"author":[{"embeddable":true,"href":"https:\/\/volcanes.net\/index.php?rest_route=\/wp\/v2\/users\/1"}],"replies":[{"embeddable":true,"href":"https:\/\/volcanes.net\/index.php?rest_route=%2Fwp%2Fv2%2Fcomments&post=13040"}],"version-history":[{"count":1,"href":"https:\/\/volcanes.net\/index.php?rest_route=\/wp\/v2\/posts\/13040\/revisions"}],"predecessor-version":[{"id":13042,"href":"https:\/\/volcanes.net\/index.php?rest_route=\/wp\/v2\/posts\/13040\/revisions\/13042"}],"wp:featuredmedia":[{"embeddable":true,"href":"https:\/\/volcanes.net\/index.php?rest_route=\/wp\/v2\/media\/13041"}],"wp:attachment":[{"href":"https:\/\/volcanes.net\/index.php?rest_route=%2Fwp%2Fv2%2Fmedia&parent=13040"}],"wp:term":[{"taxonomy":"category","embeddable":true,"href":"https:\/\/volcanes.net\/index.php?rest_route=%2Fwp%2Fv2%2Fcategories&post=13040"},{"taxonomy":"post_tag","embeddable":true,"href":"https:\/\/volcanes.net\/index.php?rest_route=%2Fwp%2Fv2%2Ftags&post=13040"}],"curies":[{"name":"wp","href":"https:\/\/api.w.org\/{rel}","templated":true}]}}