{"id":1307,"date":"2018-02-21T01:05:21","date_gmt":"2018-02-21T01:05:21","guid":{"rendered":"http:\/\/volcanes.net\/?p=1307"},"modified":"2018-02-21T01:05:21","modified_gmt":"2018-02-21T01:05:21","slug":"impulsan-equidad-de-genero-como-factor-de-crecimiento-de-la-economia-mexiquense","status":"publish","type":"post","link":"https:\/\/volcanes.net\/?p=1307","title":{"rendered":"Impulsan equidad de g\u00e9nero como factor de crecimiento de la econom\u00eda mexiquense"},"content":{"rendered":"<div style=\"margin-top: 0px; margin-bottom: 0px;\" class=\"sharethis-inline-share-buttons\" ><\/div><p>La productividad de las empresas y competitividad del Estado de M\u00e9xico y del pa\u00eds est\u00e1 vinculada al incremento de las mujeres en el mercado laboral, pues ellas en los \u00faltimos 50 a\u00f1os aumentaron su participaci\u00f3n en los espacios de trabajo del 17 al 43 por ciento a nivel nacional, se\u00f1al\u00f3 la Secretar\u00eda del Trabajo estatal. Por ello,\u00a0 esta dependencia organiza una serie de actividades encaminadas a concientizar al sector econ\u00f3mico, sobre la importancia de la equidad de g\u00e9nero en t\u00e9rminos productivos.<\/p>\n<p>Pr\u00f3ximos a la conmemoraci\u00f3n del D\u00eda Internacional de la Mujer, que se festeja el 8 de marzo de cada a\u00f1o, Ignacio Rub\u00ed, secretario del Trabajo, inform\u00f3 que entre las acciones que se tiene programado promover en esta fecha, se encuentra la difusi\u00f3n del Protocolo de actuaci\u00f3n frente a casos de violencia laboral, hostigamiento y acoso sexual.<\/p>\n<p>Al asistir como invitado especial a la Sesi\u00f3n del Consejo de la C\u00e1mara Nacional de Comercio, Servicios y Turismo (Canaco Servytur) del Valle de Toluca, presidido por Laura Gonz\u00e1lez Hern\u00e1ndez, expres\u00f3 que tambi\u00e9n se abordar\u00e1 la incorporaci\u00f3n de cl\u00e1usulas en los Contratos Colectivos de Trabajo que combatan la violencia laboral, as\u00ed como la promoci\u00f3n para la obtenci\u00f3n de la Norma Mexicana en Igualdad Laboral y No Discriminaci\u00f3n por parte de las empresas.<\/p>\n<p>Destac\u00f3 que en la actualidad a\u00fan se presentan elementos de fondo que inhiben la incorporaci\u00f3n de la mujer en las actividades remuneradas, que impactan en la productividad de las empresas y competitividad del pa\u00eds y del Estado de M\u00e9xico.<\/p>\n<p>Ignacio Rub\u00ed inform\u00f3 que la tasa de participaci\u00f3n de las mujeres ha avanzado significativamente en comparaci\u00f3n con hace 50 a\u00f1os, \u201cen 1970 la tasa de participaci\u00f3n econ\u00f3mica de la mujer en M\u00e9xico, era del 17 por ciento, aproximadamente, hoy es del 43 por ciento\u201d, puntualiz\u00f3. Resalt\u00f3 que el esfuerzo que los gobiernos deben realizar en materia de equidad de g\u00e9nero en el \u00e1mbito laboral es \u201cenorme\u201d, pero sumamente importante porque est\u00e1 asociado a su potencial de crecimiento y desarrollo.<\/p>\n","protected":false},"excerpt":{"rendered":"<p>La productividad de las empresas y competitividad del Estado de M\u00e9xico y del pa\u00eds est\u00e1<\/p>\n","protected":false},"author":1,"featured_media":1308,"comment_status":"open","ping_status":"open","sticky":false,"template":"","format":"standard","meta":{"footnotes":""},"categories":[3],"tags":[4,41],"class_list":["post-1307","post","type-post","status-publish","format-standard","has-post-thumbnail","hentry","category-estatales","tag-gobierno-del-estado-de-mexico","tag-toluca"],"yoast_head":"<!-- This site is optimized with the Yoast SEO plugin v25.3 - https:\/\/yoast.com\/wordpress\/plugins\/seo\/ -->\n<title>Impulsan equidad de g\u00e9nero como factor de crecimiento de la econom\u00eda mexiquense - Volcanes<\/title>\n<meta name=\"robots\" content=\"index, follow, max-snippet:-1, max-image-preview:large, max-video-preview:-1\" \/>\n<link rel=\"canonical\" href=\"https:\/\/volcanes.net\/?p=1307\" \/>\n<meta property=\"og:locale\" content=\"es_MX\" \/>\n<meta property=\"og:type\" content=\"article\" \/>\n<meta property=\"og:title\" content=\"Impulsan equidad de g\u00e9nero como factor de crecimiento de la econom\u00eda mexiquense - Volcanes\" \/>\n<meta property=\"og:description\" content=\"La productividad de las empresas y competitividad del Estado de M\u00e9xico y del pa\u00eds est\u00e1\" \/>\n<meta property=\"og:url\" content=\"https:\/\/volcanes.net\/?p=1307\" \/>\n<meta property=\"og:site_name\" content=\"Volcanes\" \/>\n<meta property=\"article:publisher\" content=\"https:\/\/www.facebook.com\/volcanes.net\/\" \/>\n<meta property=\"article:published_time\" content=\"2018-02-21T01:05:21+00:00\" \/>\n<meta property=\"og:image\" content=\"https:\/\/volcanes.net\/wp-content\/uploads\/2018\/02\/Trabajo-2-325x244.jpeg\" \/>\n\t<meta property=\"og:image:width\" content=\"325\" \/>\n\t<meta property=\"og:image:height\" content=\"244\" \/>\n\t<meta property=\"og:image:type\" content=\"image\/jpeg\" \/>\n<meta name=\"author\" content=\"admin\" \/>\n<meta name=\"twitter:card\" content=\"summary_large_image\" \/>\n<meta name=\"twitter:label1\" content=\"Escrito por\" \/>\n\t<meta name=\"twitter:data1\" content=\"admin\" \/>\n\t<meta name=\"twitter:label2\" content=\"Tiempo de lectura\" \/>\n\t<meta name=\"twitter:data2\" content=\"2 minutos\" \/>\n<script type=\"application\/ld+json\" class=\"yoast-schema-graph\">{\"@context\":\"https:\/\/schema.org\",\"@graph\":[{\"@type\":\"Article\",\"@id\":\"https:\/\/volcanes.net\/?p=1307#article\",\"isPartOf\":{\"@id\":\"https:\/\/volcanes.net\/?p=1307\"},\"author\":{\"name\":\"admin\",\"@id\":\"https:\/\/volcanes.net\/#\/schema\/person\/4bf0f383940966a4abd53f5048c0e6b9\"},\"headline\":\"Impulsan equidad de g\u00e9nero como factor de crecimiento de la econom\u00eda mexiquense\",\"datePublished\":\"2018-02-21T01:05:21+00:00\",\"mainEntityOfPage\":{\"@id\":\"https:\/\/volcanes.net\/?p=1307\"},\"wordCount\":369,\"commentCount\":0,\"publisher\":{\"@id\":\"https:\/\/volcanes.net\/#organization\"},\"image\":{\"@id\":\"https:\/\/volcanes.net\/?p=1307#primaryimage\"},\"thumbnailUrl\":\"https:\/\/volcanes.net\/wp-content\/uploads\/2018\/02\/Trabajo-2-325x244.jpeg\",\"keywords\":[\"Gobierno del Estado de M\u00e9xico\",\"Toluca\"],\"articleSection\":[\"Estatales\"],\"inLanguage\":\"es\",\"potentialAction\":[{\"@type\":\"CommentAction\",\"name\":\"Comment\",\"target\":[\"https:\/\/volcanes.net\/?p=1307#respond\"]}]},{\"@type\":\"WebPage\",\"@id\":\"https:\/\/volcanes.net\/?p=1307\",\"url\":\"https:\/\/volcanes.net\/?p=1307\",\"name\":\"Impulsan equidad de g\u00e9nero como factor de crecimiento de la econom\u00eda mexiquense - Volcanes\",\"isPartOf\":{\"@id\":\"https:\/\/volcanes.net\/#website\"},\"primaryImageOfPage\":{\"@id\":\"https:\/\/volcanes.net\/?p=1307#primaryimage\"},\"image\":{\"@id\":\"https:\/\/volcanes.net\/?p=1307#primaryimage\"},\"thumbnailUrl\":\"https:\/\/volcanes.net\/wp-content\/uploads\/2018\/02\/Trabajo-2-325x244.jpeg\",\"datePublished\":\"2018-02-21T01:05:21+00:00\",\"breadcrumb\":{\"@id\":\"https:\/\/volcanes.net\/?p=1307#breadcrumb\"},\"inLanguage\":\"es\",\"potentialAction\":[{\"@type\":\"ReadAction\",\"target\":[\"https:\/\/volcanes.net\/?p=1307\"]}]},{\"@type\":\"ImageObject\",\"inLanguage\":\"es\",\"@id\":\"https:\/\/volcanes.net\/?p=1307#primaryimage\",\"url\":\"https:\/\/volcanes.net\/wp-content\/uploads\/2018\/02\/Trabajo-2-325x244.jpeg\",\"contentUrl\":\"https:\/\/volcanes.net\/wp-content\/uploads\/2018\/02\/Trabajo-2-325x244.jpeg\",\"width\":325,\"height\":244},{\"@type\":\"BreadcrumbList\",\"@id\":\"https:\/\/volcanes.net\/?p=1307#breadcrumb\",\"itemListElement\":[{\"@type\":\"ListItem\",\"position\":1,\"name\":\"Portada\",\"item\":\"https:\/\/volcanes.net\/\"},{\"@type\":\"ListItem\",\"position\":2,\"name\":\"Impulsan equidad de g\u00e9nero como factor de crecimiento de la econom\u00eda mexiquense\"}]},{\"@type\":\"WebSite\",\"@id\":\"https:\/\/volcanes.net\/#website\",\"url\":\"https:\/\/volcanes.net\/\",\"name\":\"Volcanes.Net\",\"description\":\"Periodismo Profesional\",\"publisher\":{\"@id\":\"https:\/\/volcanes.net\/#organization\"},\"potentialAction\":[{\"@type\":\"SearchAction\",\"target\":{\"@type\":\"EntryPoint\",\"urlTemplate\":\"https:\/\/volcanes.net\/?s={search_term_string}\"},\"query-input\":{\"@type\":\"PropertyValueSpecification\",\"valueRequired\":true,\"valueName\":\"search_term_string\"}}],\"inLanguage\":\"es\"},{\"@type\":\"Organization\",\"@id\":\"https:\/\/volcanes.net\/#organization\",\"name\":\"Grupo Volcanes\",\"url\":\"https:\/\/volcanes.net\/\",\"logo\":{\"@type\":\"ImageObject\",\"inLanguage\":\"es\",\"@id\":\"https:\/\/volcanes.net\/#\/schema\/logo\/image\/\",\"url\":\"http:\/\/volcanes.net\/wp-content\/uploads\/2017\/12\/Avatar2.jpg\",\"contentUrl\":\"http:\/\/volcanes.net\/wp-content\/uploads\/2017\/12\/Avatar2.jpg\",\"width\":378,\"height\":378,\"caption\":\"Grupo Volcanes\"},\"image\":{\"@id\":\"https:\/\/volcanes.net\/#\/schema\/logo\/image\/\"},\"sameAs\":[\"https:\/\/www.facebook.com\/volcanes.net\/\"]},{\"@type\":\"Person\",\"@id\":\"https:\/\/volcanes.net\/#\/schema\/person\/4bf0f383940966a4abd53f5048c0e6b9\",\"name\":\"admin\",\"image\":{\"@type\":\"ImageObject\",\"inLanguage\":\"es\",\"@id\":\"https:\/\/volcanes.net\/#\/schema\/person\/image\/\",\"url\":\"https:\/\/secure.gravatar.com\/avatar\/ca004e6cba8462b8cb7abc86e382930c?s=96&d=mm&r=g\",\"contentUrl\":\"https:\/\/secure.gravatar.com\/avatar\/ca004e6cba8462b8cb7abc86e382930c?s=96&d=mm&r=g\",\"caption\":\"admin\"}}]}<\/script>\n<!-- \/ Yoast SEO plugin. -->","yoast_head_json":{"title":"Impulsan equidad de g\u00e9nero como factor de crecimiento de la econom\u00eda mexiquense - Volcanes","robots":{"index":"index","follow":"follow","max-snippet":"max-snippet:-1","max-image-preview":"max-image-preview:large","max-video-preview":"max-video-preview:-1"},"canonical":"https:\/\/volcanes.net\/?p=1307","og_locale":"es_MX","og_type":"article","og_title":"Impulsan equidad de g\u00e9nero como factor de crecimiento de la econom\u00eda mexiquense - Volcanes","og_description":"La productividad de las empresas y competitividad del Estado de M\u00e9xico y del pa\u00eds est\u00e1","og_url":"https:\/\/volcanes.net\/?p=1307","og_site_name":"Volcanes","article_publisher":"https:\/\/www.facebook.com\/volcanes.net\/","article_published_time":"2018-02-21T01:05:21+00:00","og_image":[{"width":325,"height":244,"url":"https:\/\/volcanes.net\/wp-content\/uploads\/2018\/02\/Trabajo-2-325x244.jpeg","type":"image\/jpeg"}],"author":"admin","twitter_card":"summary_large_image","twitter_misc":{"Escrito por":"admin","Tiempo de lectura":"2 minutos"},"schema":{"@context":"https:\/\/schema.org","@graph":[{"@type":"Article","@id":"https:\/\/volcanes.net\/?p=1307#article","isPartOf":{"@id":"https:\/\/volcanes.net\/?p=1307"},"author":{"name":"admin","@id":"https:\/\/volcanes.net\/#\/schema\/person\/4bf0f383940966a4abd53f5048c0e6b9"},"headline":"Impulsan equidad de g\u00e9nero como factor de crecimiento de la econom\u00eda mexiquense","datePublished":"2018-02-21T01:05:21+00:00","mainEntityOfPage":{"@id":"https:\/\/volcanes.net\/?p=1307"},"wordCount":369,"commentCount":0,"publisher":{"@id":"https:\/\/volcanes.net\/#organization"},"image":{"@id":"https:\/\/volcanes.net\/?p=1307#primaryimage"},"thumbnailUrl":"https:\/\/volcanes.net\/wp-content\/uploads\/2018\/02\/Trabajo-2-325x244.jpeg","keywords":["Gobierno del Estado de M\u00e9xico","Toluca"],"articleSection":["Estatales"],"inLanguage":"es","potentialAction":[{"@type":"CommentAction","name":"Comment","target":["https:\/\/volcanes.net\/?p=1307#respond"]}]},{"@type":"WebPage","@id":"https:\/\/volcanes.net\/?p=1307","url":"https:\/\/volcanes.net\/?p=1307","name":"Impulsan equidad de g\u00e9nero como factor de crecimiento de la econom\u00eda mexiquense - Volcanes","isPartOf":{"@id":"https:\/\/volcanes.net\/#website"},"primaryImageOfPage":{"@id":"https:\/\/volcanes.net\/?p=1307#primaryimage"},"image":{"@id":"https:\/\/volcanes.net\/?p=1307#primaryimage"},"thumbnailUrl":"https:\/\/volcanes.net\/wp-content\/uploads\/2018\/02\/Trabajo-2-325x244.jpeg","datePublished":"2018-02-21T01:05:21+00:00","breadcrumb":{"@id":"https:\/\/volcanes.net\/?p=1307#breadcrumb"},"inLanguage":"es","potentialAction":[{"@type":"ReadAction","target":["https:\/\/volcanes.net\/?p=1307"]}]},{"@type":"ImageObject","inLanguage":"es","@id":"https:\/\/volcanes.net\/?p=1307#primaryimage","url":"https:\/\/volcanes.net\/wp-content\/uploads\/2018\/02\/Trabajo-2-325x244.jpeg","contentUrl":"https:\/\/volcanes.net\/wp-content\/uploads\/2018\/02\/Trabajo-2-325x244.jpeg","width":325,"height":244},{"@type":"BreadcrumbList","@id":"https:\/\/volcanes.net\/?p=1307#breadcrumb","itemListElement":[{"@type":"ListItem","position":1,"name":"Portada","item":"https:\/\/volcanes.net\/"},{"@type":"ListItem","position":2,"name":"Impulsan equidad de g\u00e9nero como factor de crecimiento de la econom\u00eda mexiquense"}]},{"@type":"WebSite","@id":"https:\/\/volcanes.net\/#website","url":"https:\/\/volcanes.net\/","name":"Volcanes.Net","description":"Periodismo Profesional","publisher":{"@id":"https:\/\/volcanes.net\/#organization"},"potentialAction":[{"@type":"SearchAction","target":{"@type":"EntryPoint","urlTemplate":"https:\/\/volcanes.net\/?s={search_term_string}"},"query-input":{"@type":"PropertyValueSpecification","valueRequired":true,"valueName":"search_term_string"}}],"inLanguage":"es"},{"@type":"Organization","@id":"https:\/\/volcanes.net\/#organization","name":"Grupo Volcanes","url":"https:\/\/volcanes.net\/","logo":{"@type":"ImageObject","inLanguage":"es","@id":"https:\/\/volcanes.net\/#\/schema\/logo\/image\/","url":"http:\/\/volcanes.net\/wp-content\/uploads\/2017\/12\/Avatar2.jpg","contentUrl":"http:\/\/volcanes.net\/wp-content\/uploads\/2017\/12\/Avatar2.jpg","width":378,"height":378,"caption":"Grupo Volcanes"},"image":{"@id":"https:\/\/volcanes.net\/#\/schema\/logo\/image\/"},"sameAs":["https:\/\/www.facebook.com\/volcanes.net\/"]},{"@type":"Person","@id":"https:\/\/volcanes.net\/#\/schema\/person\/4bf0f383940966a4abd53f5048c0e6b9","name":"admin","image":{"@type":"ImageObject","inLanguage":"es","@id":"https:\/\/volcanes.net\/#\/schema\/person\/image\/","url":"https:\/\/secure.gravatar.com\/avatar\/ca004e6cba8462b8cb7abc86e382930c?s=96&d=mm&r=g","contentUrl":"https:\/\/secure.gravatar.com\/avatar\/ca004e6cba8462b8cb7abc86e382930c?s=96&d=mm&r=g","caption":"admin"}}]}},"_links":{"self":[{"href":"https:\/\/volcanes.net\/index.php?rest_route=\/wp\/v2\/posts\/1307"}],"collection":[{"href":"https:\/\/volcanes.net\/index.php?rest_route=\/wp\/v2\/posts"}],"about":[{"href":"https:\/\/volcanes.net\/index.php?rest_route=\/wp\/v2\/types\/post"}],"author":[{"embeddable":true,"href":"https:\/\/volcanes.net\/index.php?rest_route=\/wp\/v2\/users\/1"}],"replies":[{"embeddable":true,"href":"https:\/\/volcanes.net\/index.php?rest_route=%2Fwp%2Fv2%2Fcomments&post=1307"}],"version-history":[{"count":1,"href":"https:\/\/volcanes.net\/index.php?rest_route=\/wp\/v2\/posts\/1307\/revisions"}],"predecessor-version":[{"id":1309,"href":"https:\/\/volcanes.net\/index.php?rest_route=\/wp\/v2\/posts\/1307\/revisions\/1309"}],"wp:featuredmedia":[{"embeddable":true,"href":"https:\/\/volcanes.net\/index.php?rest_route=\/wp\/v2\/media\/1308"}],"wp:attachment":[{"href":"https:\/\/volcanes.net\/index.php?rest_route=%2Fwp%2Fv2%2Fmedia&parent=1307"}],"wp:term":[{"taxonomy":"category","embeddable":true,"href":"https:\/\/volcanes.net\/index.php?rest_route=%2Fwp%2Fv2%2Fcategories&post=1307"},{"taxonomy":"post_tag","embeddable":true,"href":"https:\/\/volcanes.net\/index.php?rest_route=%2Fwp%2Fv2%2Ftags&post=1307"}],"curies":[{"name":"wp","href":"https:\/\/api.w.org\/{rel}","templated":true}]}}