{"id":13090,"date":"2022-08-03T08:28:34","date_gmt":"2022-08-03T14:28:34","guid":{"rendered":"http:\/\/volcanes.net\/?p=13090"},"modified":"2022-08-04T10:53:33","modified_gmt":"2022-08-04T16:53:33","slug":"presentan-en-amecameca-el-festival-cultural-de-la-nuez","status":"publish","type":"post","link":"https:\/\/volcanes.net\/?p=13090","title":{"rendered":"Presentan en Amecameca el festival cultural de la Nuez"},"content":{"rendered":"<div style=\"margin-top: 0px; margin-bottom: 0px;\" class=\"sharethis-inline-share-buttons\" ><\/div><p>&nbsp;<\/p>\n<p><em>Con recursos propios se organiza el Festival tras dos a\u00f1os de confinamiento<\/em><\/p>\n<p>Amecameca, estado de M\u00e9xico.- Con el prop\u00f3sito de impulsar la recuperaci\u00f3n econ\u00f3mica y fomentar el consumo local, tras dos a\u00f1os de confinamiento por la pandemia de Covid-19, el gobierno de Amecameca anunci\u00f3 el \u201cFestival Cultural de la Nuez 2022\u201d del 6 a 14 de agosto, donde adem\u00e1s se impulsar\u00e1 a los grupos musicales y talentos locales.<br \/>\nEn conferencia de prensa, la presidente municipal, Ivette Topete Garc\u00eda, destac\u00f3 el esfuerzo de la administraci\u00f3n para organizar esta primera edici\u00f3n del festival luego de la pandemia, pues se ha tenido que realizar con recursos propios, toda vez que para obtener apoyo federal debe haber continuidad en el evento, lo cual no pudo ser posible por la pandemia.<br \/>\nEn ese sentido se\u00f1al\u00f3 que no obtuvieron la ayuda del gobierno federal para la realizaci\u00f3n de esta edici\u00f3n de la feria, pero los regidores del gobierno de Amecameca aprobaron alrededor de 900 mil para los gastos.<br \/>\nAgreg\u00f3 que el objetivo del Festival, adem\u00e1s de impulsar al comercio local, es conservar la tradici\u00f3n de la venta de nueces, por la cual es conocido este municipio, donde a\u00fan se conservan nogaleras, las cuales dan su fruto en esta temporada del a\u00f1o.<br \/>\nPor ello invit\u00f3 a todos a presenciar los eventos preparados para todas las edades, pues adem\u00e1s de las presentaciones art\u00edsticas, podr\u00e1n divertirse en los juegos mec\u00e1nicos, as\u00ed como con el jaripeo o los grupos musicales, entre los que destacan, Yaguar\u00fa, los Giles, Maribel Guardia y Cepill\u00edn Jr entre muchos otros.<br \/>\nComent\u00f3 que los turistas y visitantes locales podr\u00e1n tener la certeza de que en todo momento se privilegiar\u00e1 el uso de cubrebocas y la instalaci\u00f3n de filtros sanitarios para evitar contagios o alg\u00fan otro problema de salud. Adem\u00e1s, habr\u00e1 durante todos los eventos personal de seguridad y Protecci\u00f3n Civil, listos para acudir ante cualquier llamado.<br \/>\nDesde el a\u00f1o de 1983 se realiza el Festival de la Nuez de Castilla, sin embargo, por la Pandemia del COVID-19, se dej\u00f3 de realizar dos a\u00f1os, sin embargo, el Festival de la Nuez est\u00e1 de pie y habr\u00e1 muchas sorpresas para el p\u00fablico, enfatiz\u00f3 la alcaldesa.<br \/>\nLa presidenta municipal estuvo acompa\u00f1ada por el expresidente municipal Daniel Reyes Valencia, quien en su momento inici\u00f3 esta tradici\u00f3n festiva, Trilce L\u00f3pez Rasc\u00f3n y Francisco Natera, integrantes del comit\u00e9 organizador, as\u00ed como Andrea Meneses, reina del Festival Cultural de la Nuez 2022.<br \/>\nEn esta edici\u00f3n del Festival Cultural participar\u00e1n m\u00e1s de 700 artistas locales que fueron seleccionados por el comit\u00e9 organizador.<br \/>\nEntre otros espect\u00e1culos habr\u00e1 escaramuzas, estar\u00e1 la representaci\u00f3n de la Guelaguetza, danzas tradicionales, rondallas, m\u00fasica ranchera, ballet y grupos musicales, entre otros.<\/p>\n","protected":false},"excerpt":{"rendered":"<p>&nbsp; Con recursos propios se organiza el Festival tras dos a\u00f1os de confinamiento Amecameca, estado<\/p>\n","protected":false},"author":1,"featured_media":13091,"comment_status":"open","ping_status":"open","sticky":false,"template":"","format":"video","meta":{"footnotes":""},"categories":[1],"tags":[7],"class_list":["post-13090","post","type-post","status-publish","format-video","has-post-thumbnail","hentry","category-municipales","tag-amecameca","post_format-post-format-video","has-post-video"],"yoast_head":"<!-- This site is optimized with the Yoast SEO plugin v25.3 - https:\/\/yoast.com\/wordpress\/plugins\/seo\/ -->\n<title>Presentan en Amecameca el festival cultural de la Nuez - Volcanes<\/title>\n<meta name=\"description\" content=\"Presentan en Amecameca el festival cultural de la Nuez.En conferencia de prensa, la presidente municipal, Ivette Topete Garc\u00eda, destac\u00f3 el esfuerzo de la administraci\u00f3n para organizar esta primera edici\u00f3n del festival luego de la pandemia, pues se ha tenido que realizar con recursos propios\" \/>\n<meta name=\"robots\" content=\"index, follow, max-snippet:-1, max-image-preview:large, max-video-preview:-1\" \/>\n<link rel=\"canonical\" href=\"https:\/\/volcanes.net\/?p=13090\" \/>\n<meta property=\"og:locale\" content=\"es_MX\" \/>\n<meta property=\"og:type\" content=\"article\" \/>\n<meta property=\"og:title\" content=\"Presentan en Amecameca el festival cultural de la Nuez - Volcanes\" \/>\n<meta property=\"og:description\" content=\"Presentan en Amecameca el festival cultural de la Nuez.En conferencia de prensa, la presidente municipal, Ivette Topete Garc\u00eda, destac\u00f3 el esfuerzo de la administraci\u00f3n para organizar esta primera edici\u00f3n del festival luego de la pandemia, pues se ha tenido que realizar con recursos propios\" \/>\n<meta property=\"og:url\" content=\"https:\/\/volcanes.net\/?p=13090\" \/>\n<meta property=\"og:site_name\" content=\"Volcanes\" \/>\n<meta property=\"article:publisher\" content=\"https:\/\/www.facebook.com\/volcanes.net\/\" \/>\n<meta property=\"article:published_time\" content=\"2022-08-03T14:28:34+00:00\" \/>\n<meta property=\"article:modified_time\" content=\"2022-08-04T16:53:33+00:00\" \/>\n<meta property=\"og:image\" content=\"https:\/\/volcanes.net\/wp-content\/uploads\/2022\/08\/Presentan-en-Amecameca-el-festival-cultural-de-la-Nuez.jpeg\" \/>\n\t<meta property=\"og:image:width\" content=\"1280\" \/>\n\t<meta property=\"og:image:height\" content=\"720\" \/>\n\t<meta property=\"og:image:type\" content=\"image\/jpeg\" \/>\n<meta name=\"author\" content=\"admin\" \/>\n<meta name=\"twitter:card\" content=\"summary_large_image\" \/>\n<meta name=\"twitter:label1\" content=\"Escrito por\" \/>\n\t<meta name=\"twitter:data1\" content=\"admin\" \/>\n\t<meta name=\"twitter:label2\" content=\"Tiempo de lectura\" \/>\n\t<meta name=\"twitter:data2\" content=\"3 minutos\" \/>\n<script type=\"application\/ld+json\" class=\"yoast-schema-graph\">{\"@context\":\"https:\/\/schema.org\",\"@graph\":[{\"@type\":\"Article\",\"@id\":\"https:\/\/volcanes.net\/?p=13090#article\",\"isPartOf\":{\"@id\":\"https:\/\/volcanes.net\/?p=13090\"},\"author\":{\"name\":\"admin\",\"@id\":\"https:\/\/volcanes.net\/#\/schema\/person\/4bf0f383940966a4abd53f5048c0e6b9\"},\"headline\":\"Presentan en Amecameca el festival cultural de la Nuez\",\"datePublished\":\"2022-08-03T14:28:34+00:00\",\"dateModified\":\"2022-08-04T16:53:33+00:00\",\"mainEntityOfPage\":{\"@id\":\"https:\/\/volcanes.net\/?p=13090\"},\"wordCount\":484,\"commentCount\":0,\"publisher\":{\"@id\":\"https:\/\/volcanes.net\/#organization\"},\"image\":{\"@id\":\"https:\/\/volcanes.net\/?p=13090#primaryimage\"},\"thumbnailUrl\":\"https:\/\/volcanes.net\/wp-content\/uploads\/2022\/08\/Presentan-en-Amecameca-el-festival-cultural-de-la-Nuez.jpeg\",\"keywords\":[\"Amecameca\"],\"articleSection\":[\"Municipales\"],\"inLanguage\":\"es\",\"potentialAction\":[{\"@type\":\"CommentAction\",\"name\":\"Comment\",\"target\":[\"https:\/\/volcanes.net\/?p=13090#respond\"]}]},{\"@type\":\"WebPage\",\"@id\":\"https:\/\/volcanes.net\/?p=13090\",\"url\":\"https:\/\/volcanes.net\/?p=13090\",\"name\":\"Presentan en Amecameca el festival cultural de la Nuez - Volcanes\",\"isPartOf\":{\"@id\":\"https:\/\/volcanes.net\/#website\"},\"primaryImageOfPage\":{\"@id\":\"https:\/\/volcanes.net\/?p=13090#primaryimage\"},\"image\":{\"@id\":\"https:\/\/volcanes.net\/?p=13090#primaryimage\"},\"thumbnailUrl\":\"https:\/\/volcanes.net\/wp-content\/uploads\/2022\/08\/Presentan-en-Amecameca-el-festival-cultural-de-la-Nuez.jpeg\",\"datePublished\":\"2022-08-03T14:28:34+00:00\",\"dateModified\":\"2022-08-04T16:53:33+00:00\",\"description\":\"Presentan en Amecameca el festival cultural de la Nuez.En conferencia de prensa, la presidente municipal, Ivette Topete Garc\u00eda, destac\u00f3 el esfuerzo de la administraci\u00f3n para organizar esta primera edici\u00f3n del festival luego de la pandemia, pues se ha tenido que realizar con recursos propios\",\"breadcrumb\":{\"@id\":\"https:\/\/volcanes.net\/?p=13090#breadcrumb\"},\"inLanguage\":\"es\",\"potentialAction\":[{\"@type\":\"ReadAction\",\"target\":[\"https:\/\/volcanes.net\/?p=13090\"]}]},{\"@type\":\"ImageObject\",\"inLanguage\":\"es\",\"@id\":\"https:\/\/volcanes.net\/?p=13090#primaryimage\",\"url\":\"https:\/\/volcanes.net\/wp-content\/uploads\/2022\/08\/Presentan-en-Amecameca-el-festival-cultural-de-la-Nuez.jpeg\",\"contentUrl\":\"https:\/\/volcanes.net\/wp-content\/uploads\/2022\/08\/Presentan-en-Amecameca-el-festival-cultural-de-la-Nuez.jpeg\",\"width\":1280,\"height\":720},{\"@type\":\"BreadcrumbList\",\"@id\":\"https:\/\/volcanes.net\/?p=13090#breadcrumb\",\"itemListElement\":[{\"@type\":\"ListItem\",\"position\":1,\"name\":\"Portada\",\"item\":\"https:\/\/volcanes.net\/\"},{\"@type\":\"ListItem\",\"position\":2,\"name\":\"Presentan en Amecameca el festival cultural de la Nuez\"}]},{\"@type\":\"WebSite\",\"@id\":\"https:\/\/volcanes.net\/#website\",\"url\":\"https:\/\/volcanes.net\/\",\"name\":\"Volcanes.Net\",\"description\":\"Periodismo Profesional\",\"publisher\":{\"@id\":\"https:\/\/volcanes.net\/#organization\"},\"potentialAction\":[{\"@type\":\"SearchAction\",\"target\":{\"@type\":\"EntryPoint\",\"urlTemplate\":\"https:\/\/volcanes.net\/?s={search_term_string}\"},\"query-input\":{\"@type\":\"PropertyValueSpecification\",\"valueRequired\":true,\"valueName\":\"search_term_string\"}}],\"inLanguage\":\"es\"},{\"@type\":\"Organization\",\"@id\":\"https:\/\/volcanes.net\/#organization\",\"name\":\"Grupo Volcanes\",\"url\":\"https:\/\/volcanes.net\/\",\"logo\":{\"@type\":\"ImageObject\",\"inLanguage\":\"es\",\"@id\":\"https:\/\/volcanes.net\/#\/schema\/logo\/image\/\",\"url\":\"http:\/\/volcanes.net\/wp-content\/uploads\/2017\/12\/Avatar2.jpg\",\"contentUrl\":\"http:\/\/volcanes.net\/wp-content\/uploads\/2017\/12\/Avatar2.jpg\",\"width\":378,\"height\":378,\"caption\":\"Grupo Volcanes\"},\"image\":{\"@id\":\"https:\/\/volcanes.net\/#\/schema\/logo\/image\/\"},\"sameAs\":[\"https:\/\/www.facebook.com\/volcanes.net\/\"]},{\"@type\":\"Person\",\"@id\":\"https:\/\/volcanes.net\/#\/schema\/person\/4bf0f383940966a4abd53f5048c0e6b9\",\"name\":\"admin\",\"image\":{\"@type\":\"ImageObject\",\"inLanguage\":\"es\",\"@id\":\"https:\/\/volcanes.net\/#\/schema\/person\/image\/\",\"url\":\"https:\/\/secure.gravatar.com\/avatar\/ca004e6cba8462b8cb7abc86e382930c?s=96&d=mm&r=g\",\"contentUrl\":\"https:\/\/secure.gravatar.com\/avatar\/ca004e6cba8462b8cb7abc86e382930c?s=96&d=mm&r=g\",\"caption\":\"admin\"}}]}<\/script>\n<!-- \/ Yoast SEO plugin. -->","yoast_head_json":{"title":"Presentan en Amecameca el festival cultural de la Nuez - Volcanes","description":"Presentan en Amecameca el festival cultural de la Nuez.En conferencia de prensa, la presidente municipal, Ivette Topete Garc\u00eda, destac\u00f3 el esfuerzo de la administraci\u00f3n para organizar esta primera edici\u00f3n del festival luego de la pandemia, pues se ha tenido que realizar con recursos propios","robots":{"index":"index","follow":"follow","max-snippet":"max-snippet:-1","max-image-preview":"max-image-preview:large","max-video-preview":"max-video-preview:-1"},"canonical":"https:\/\/volcanes.net\/?p=13090","og_locale":"es_MX","og_type":"article","og_title":"Presentan en Amecameca el festival cultural de la Nuez - Volcanes","og_description":"Presentan en Amecameca el festival cultural de la Nuez.En conferencia de prensa, la presidente municipal, Ivette Topete Garc\u00eda, destac\u00f3 el esfuerzo de la administraci\u00f3n para organizar esta primera edici\u00f3n del festival luego de la pandemia, pues se ha tenido que realizar con recursos propios","og_url":"https:\/\/volcanes.net\/?p=13090","og_site_name":"Volcanes","article_publisher":"https:\/\/www.facebook.com\/volcanes.net\/","article_published_time":"2022-08-03T14:28:34+00:00","article_modified_time":"2022-08-04T16:53:33+00:00","og_image":[{"width":1280,"height":720,"url":"https:\/\/volcanes.net\/wp-content\/uploads\/2022\/08\/Presentan-en-Amecameca-el-festival-cultural-de-la-Nuez.jpeg","type":"image\/jpeg"}],"author":"admin","twitter_card":"summary_large_image","twitter_misc":{"Escrito por":"admin","Tiempo de lectura":"3 minutos"},"schema":{"@context":"https:\/\/schema.org","@graph":[{"@type":"Article","@id":"https:\/\/volcanes.net\/?p=13090#article","isPartOf":{"@id":"https:\/\/volcanes.net\/?p=13090"},"author":{"name":"admin","@id":"https:\/\/volcanes.net\/#\/schema\/person\/4bf0f383940966a4abd53f5048c0e6b9"},"headline":"Presentan en Amecameca el festival cultural de la Nuez","datePublished":"2022-08-03T14:28:34+00:00","dateModified":"2022-08-04T16:53:33+00:00","mainEntityOfPage":{"@id":"https:\/\/volcanes.net\/?p=13090"},"wordCount":484,"commentCount":0,"publisher":{"@id":"https:\/\/volcanes.net\/#organization"},"image":{"@id":"https:\/\/volcanes.net\/?p=13090#primaryimage"},"thumbnailUrl":"https:\/\/volcanes.net\/wp-content\/uploads\/2022\/08\/Presentan-en-Amecameca-el-festival-cultural-de-la-Nuez.jpeg","keywords":["Amecameca"],"articleSection":["Municipales"],"inLanguage":"es","potentialAction":[{"@type":"CommentAction","name":"Comment","target":["https:\/\/volcanes.net\/?p=13090#respond"]}]},{"@type":"WebPage","@id":"https:\/\/volcanes.net\/?p=13090","url":"https:\/\/volcanes.net\/?p=13090","name":"Presentan en Amecameca el festival cultural de la Nuez - Volcanes","isPartOf":{"@id":"https:\/\/volcanes.net\/#website"},"primaryImageOfPage":{"@id":"https:\/\/volcanes.net\/?p=13090#primaryimage"},"image":{"@id":"https:\/\/volcanes.net\/?p=13090#primaryimage"},"thumbnailUrl":"https:\/\/volcanes.net\/wp-content\/uploads\/2022\/08\/Presentan-en-Amecameca-el-festival-cultural-de-la-Nuez.jpeg","datePublished":"2022-08-03T14:28:34+00:00","dateModified":"2022-08-04T16:53:33+00:00","description":"Presentan en Amecameca el festival cultural de la Nuez.En conferencia de prensa, la presidente municipal, Ivette Topete Garc\u00eda, destac\u00f3 el esfuerzo de la administraci\u00f3n para organizar esta primera edici\u00f3n del festival luego de la pandemia, pues se ha tenido que realizar con recursos propios","breadcrumb":{"@id":"https:\/\/volcanes.net\/?p=13090#breadcrumb"},"inLanguage":"es","potentialAction":[{"@type":"ReadAction","target":["https:\/\/volcanes.net\/?p=13090"]}]},{"@type":"ImageObject","inLanguage":"es","@id":"https:\/\/volcanes.net\/?p=13090#primaryimage","url":"https:\/\/volcanes.net\/wp-content\/uploads\/2022\/08\/Presentan-en-Amecameca-el-festival-cultural-de-la-Nuez.jpeg","contentUrl":"https:\/\/volcanes.net\/wp-content\/uploads\/2022\/08\/Presentan-en-Amecameca-el-festival-cultural-de-la-Nuez.jpeg","width":1280,"height":720},{"@type":"BreadcrumbList","@id":"https:\/\/volcanes.net\/?p=13090#breadcrumb","itemListElement":[{"@type":"ListItem","position":1,"name":"Portada","item":"https:\/\/volcanes.net\/"},{"@type":"ListItem","position":2,"name":"Presentan en Amecameca el festival cultural de la Nuez"}]},{"@type":"WebSite","@id":"https:\/\/volcanes.net\/#website","url":"https:\/\/volcanes.net\/","name":"Volcanes.Net","description":"Periodismo Profesional","publisher":{"@id":"https:\/\/volcanes.net\/#organization"},"potentialAction":[{"@type":"SearchAction","target":{"@type":"EntryPoint","urlTemplate":"https:\/\/volcanes.net\/?s={search_term_string}"},"query-input":{"@type":"PropertyValueSpecification","valueRequired":true,"valueName":"search_term_string"}}],"inLanguage":"es"},{"@type":"Organization","@id":"https:\/\/volcanes.net\/#organization","name":"Grupo Volcanes","url":"https:\/\/volcanes.net\/","logo":{"@type":"ImageObject","inLanguage":"es","@id":"https:\/\/volcanes.net\/#\/schema\/logo\/image\/","url":"http:\/\/volcanes.net\/wp-content\/uploads\/2017\/12\/Avatar2.jpg","contentUrl":"http:\/\/volcanes.net\/wp-content\/uploads\/2017\/12\/Avatar2.jpg","width":378,"height":378,"caption":"Grupo Volcanes"},"image":{"@id":"https:\/\/volcanes.net\/#\/schema\/logo\/image\/"},"sameAs":["https:\/\/www.facebook.com\/volcanes.net\/"]},{"@type":"Person","@id":"https:\/\/volcanes.net\/#\/schema\/person\/4bf0f383940966a4abd53f5048c0e6b9","name":"admin","image":{"@type":"ImageObject","inLanguage":"es","@id":"https:\/\/volcanes.net\/#\/schema\/person\/image\/","url":"https:\/\/secure.gravatar.com\/avatar\/ca004e6cba8462b8cb7abc86e382930c?s=96&d=mm&r=g","contentUrl":"https:\/\/secure.gravatar.com\/avatar\/ca004e6cba8462b8cb7abc86e382930c?s=96&d=mm&r=g","caption":"admin"}}]}},"_links":{"self":[{"href":"https:\/\/volcanes.net\/index.php?rest_route=\/wp\/v2\/posts\/13090"}],"collection":[{"href":"https:\/\/volcanes.net\/index.php?rest_route=\/wp\/v2\/posts"}],"about":[{"href":"https:\/\/volcanes.net\/index.php?rest_route=\/wp\/v2\/types\/post"}],"author":[{"embeddable":true,"href":"https:\/\/volcanes.net\/index.php?rest_route=\/wp\/v2\/users\/1"}],"replies":[{"embeddable":true,"href":"https:\/\/volcanes.net\/index.php?rest_route=%2Fwp%2Fv2%2Fcomments&post=13090"}],"version-history":[{"count":3,"href":"https:\/\/volcanes.net\/index.php?rest_route=\/wp\/v2\/posts\/13090\/revisions"}],"predecessor-version":[{"id":13099,"href":"https:\/\/volcanes.net\/index.php?rest_route=\/wp\/v2\/posts\/13090\/revisions\/13099"}],"wp:featuredmedia":[{"embeddable":true,"href":"https:\/\/volcanes.net\/index.php?rest_route=\/wp\/v2\/media\/13091"}],"wp:attachment":[{"href":"https:\/\/volcanes.net\/index.php?rest_route=%2Fwp%2Fv2%2Fmedia&parent=13090"}],"wp:term":[{"taxonomy":"category","embeddable":true,"href":"https:\/\/volcanes.net\/index.php?rest_route=%2Fwp%2Fv2%2Fcategories&post=13090"},{"taxonomy":"post_tag","embeddable":true,"href":"https:\/\/volcanes.net\/index.php?rest_route=%2Fwp%2Fv2%2Ftags&post=13090"}],"curies":[{"name":"wp","href":"https:\/\/api.w.org\/{rel}","templated":true}]}}