{"id":13093,"date":"2022-07-06T08:39:33","date_gmt":"2022-07-06T14:39:33","guid":{"rendered":"http:\/\/volcanes.net\/?p=13093"},"modified":"2022-08-03T18:31:32","modified_gmt":"2022-08-04T00:31:32","slug":"construyen-la-barda-perimetral-de-la-escuela-primaria-jose-antonio-alzate","status":"publish","type":"post","link":"https:\/\/volcanes.net\/?p=13093","title":{"rendered":"Construyen la barda perimetral de la escuela primaria Jos\u00e9 Antonio Alzate en Ozumba"},"content":{"rendered":"<div style=\"margin-top: 0px; margin-bottom: 0px;\" class=\"sharethis-inline-share-buttons\" ><\/div><p>Ozumba, Estado de M\u00e9xico.-\u00c9l Ayuntamiento ozumbense que encabeza Valent\u00edn Mart\u00ednez Castillo, inici\u00f3 la reconstrucci\u00f3n de la barda perimetral de la Escuela Primaria Jos\u00e9 Antonio Alzate, la cual\u00a0 estaba a punto de colapsar debido a que ya se encontraba muy da\u00f1ada por los \u00e1rboles, lo cual representaba un riesgo para los alumnos, maestros y personal que labora en la escuela primaria, \u201cnuestro compromiso con la educaci\u00f3n es mejorar las condiciones en las escuelas donde se vienen formando las nuevas generaciones\u201d, manifest\u00f3 el alcalde.<\/p>\n<p>Adem\u00e1s de dar inicio a la obra de la barda perimetral, Mart\u00ednez Castillo, estuvo presente en el homenaje que realiz\u00f3 la escuela durante el cual reconoci\u00f3 el trabajo de alumnos destacados haciendo la entrega de un presente, resaltando que no hay una causa m\u00e1s especial que ser \u00fatiles a la ni\u00f1ez y a la juventud \u201c\u2026cuando no pasamos por alto los logros de los ni\u00f1os lo que estamos haciendo es incentivarlos para que ellos se inspiren a alcanzar sus metas y objetivos\u201d, puntualiz\u00f3.<\/p>\n<p>Por su parte, la Directora Escolar de la Escuela Primaria Jos\u00e9 Antonio Alzate, destac\u00f3 la importancia de la realizaci\u00f3n de esta obra porque implica la seguridad y protecci\u00f3n de los ni\u00f1os; \u201c\u2026estamos hablando de salvar la vida de los ni\u00f1os, pues el reciente estado de la barda implicaba un riesgo total. Ahora con la colaboraci\u00f3n de la presidencia municipal estamos seguros que tendremos el apoyo para que los ni\u00f1os est\u00e9n bien\u201d, expres\u00f3.<\/p>\n<p>\u201cEstamos trabajando por una causa unida, hoy no s\u00f3lo fue el inicio de la obra, sino que tuve la oportunidad de estar el en homenaje y ver el trabajo de los ni\u00f1os\u201d, finaliz\u00f3 el edil.<\/p>\n","protected":false},"excerpt":{"rendered":"<p>Ozumba, Estado de M\u00e9xico.-\u00c9l Ayuntamiento ozumbense que encabeza Valent\u00edn Mart\u00ednez Castillo, inici\u00f3 la reconstrucci\u00f3n de<\/p>\n","protected":false},"author":1,"featured_media":13094,"comment_status":"open","ping_status":"open","sticky":false,"template":"","format":"video","meta":{"footnotes":""},"categories":[1],"tags":[14],"class_list":["post-13093","post","type-post","status-publish","format-video","has-post-thumbnail","hentry","category-municipales","tag-ozumba","post_format-post-format-video","has-post-video"],"yoast_head":"<!-- This site is optimized with the Yoast SEO plugin v25.3 - https:\/\/yoast.com\/wordpress\/plugins\/seo\/ -->\n<title>Construyen la barda perimetral de la escuela primaria Jos\u00e9 Antonio Alzate en Ozumba - Volcanes<\/title>\n<meta name=\"robots\" content=\"index, follow, max-snippet:-1, max-image-preview:large, max-video-preview:-1\" \/>\n<link rel=\"canonical\" href=\"https:\/\/volcanes.net\/?p=13093\" \/>\n<meta property=\"og:locale\" content=\"es_MX\" \/>\n<meta property=\"og:type\" content=\"article\" \/>\n<meta property=\"og:title\" content=\"Construyen la barda perimetral de la escuela primaria Jos\u00e9 Antonio Alzate en Ozumba - Volcanes\" \/>\n<meta property=\"og:description\" content=\"Ozumba, Estado de M\u00e9xico.-\u00c9l Ayuntamiento ozumbense que encabeza Valent\u00edn Mart\u00ednez Castillo, inici\u00f3 la reconstrucci\u00f3n de\" \/>\n<meta property=\"og:url\" content=\"https:\/\/volcanes.net\/?p=13093\" \/>\n<meta property=\"og:site_name\" content=\"Volcanes\" \/>\n<meta property=\"article:publisher\" content=\"https:\/\/www.facebook.com\/volcanes.net\/\" \/>\n<meta property=\"article:published_time\" content=\"2022-07-06T14:39:33+00:00\" \/>\n<meta property=\"article:modified_time\" content=\"2022-08-04T00:31:32+00:00\" \/>\n<meta property=\"og:image\" content=\"https:\/\/volcanes.net\/wp-content\/uploads\/2022\/08\/Construyen-la-barda-perimetral-de-la-escuela-primaria-Jose-Antonio-Alzate.jpeg\" \/>\n\t<meta property=\"og:image:width\" content=\"1280\" \/>\n\t<meta property=\"og:image:height\" content=\"720\" \/>\n\t<meta property=\"og:image:type\" content=\"image\/jpeg\" \/>\n<meta name=\"author\" content=\"admin\" \/>\n<meta name=\"twitter:card\" content=\"summary_large_image\" \/>\n<meta name=\"twitter:label1\" content=\"Escrito por\" \/>\n\t<meta name=\"twitter:data1\" content=\"admin\" \/>\n\t<meta name=\"twitter:label2\" content=\"Tiempo de lectura\" \/>\n\t<meta name=\"twitter:data2\" content=\"2 minutos\" \/>\n<script type=\"application\/ld+json\" class=\"yoast-schema-graph\">{\"@context\":\"https:\/\/schema.org\",\"@graph\":[{\"@type\":\"Article\",\"@id\":\"https:\/\/volcanes.net\/?p=13093#article\",\"isPartOf\":{\"@id\":\"https:\/\/volcanes.net\/?p=13093\"},\"author\":{\"name\":\"admin\",\"@id\":\"https:\/\/volcanes.net\/#\/schema\/person\/4bf0f383940966a4abd53f5048c0e6b9\"},\"headline\":\"Construyen la barda perimetral de la escuela primaria Jos\u00e9 Antonio Alzate en Ozumba\",\"datePublished\":\"2022-07-06T14:39:33+00:00\",\"dateModified\":\"2022-08-04T00:31:32+00:00\",\"mainEntityOfPage\":{\"@id\":\"https:\/\/volcanes.net\/?p=13093\"},\"wordCount\":307,\"commentCount\":0,\"publisher\":{\"@id\":\"https:\/\/volcanes.net\/#organization\"},\"image\":{\"@id\":\"https:\/\/volcanes.net\/?p=13093#primaryimage\"},\"thumbnailUrl\":\"https:\/\/volcanes.net\/wp-content\/uploads\/2022\/08\/Construyen-la-barda-perimetral-de-la-escuela-primaria-Jose-Antonio-Alzate.jpeg\",\"keywords\":[\"Ozumba\"],\"articleSection\":[\"Municipales\"],\"inLanguage\":\"es\",\"potentialAction\":[{\"@type\":\"CommentAction\",\"name\":\"Comment\",\"target\":[\"https:\/\/volcanes.net\/?p=13093#respond\"]}]},{\"@type\":\"WebPage\",\"@id\":\"https:\/\/volcanes.net\/?p=13093\",\"url\":\"https:\/\/volcanes.net\/?p=13093\",\"name\":\"Construyen la barda perimetral de la escuela primaria Jos\u00e9 Antonio Alzate en Ozumba - Volcanes\",\"isPartOf\":{\"@id\":\"https:\/\/volcanes.net\/#website\"},\"primaryImageOfPage\":{\"@id\":\"https:\/\/volcanes.net\/?p=13093#primaryimage\"},\"image\":{\"@id\":\"https:\/\/volcanes.net\/?p=13093#primaryimage\"},\"thumbnailUrl\":\"https:\/\/volcanes.net\/wp-content\/uploads\/2022\/08\/Construyen-la-barda-perimetral-de-la-escuela-primaria-Jose-Antonio-Alzate.jpeg\",\"datePublished\":\"2022-07-06T14:39:33+00:00\",\"dateModified\":\"2022-08-04T00:31:32+00:00\",\"breadcrumb\":{\"@id\":\"https:\/\/volcanes.net\/?p=13093#breadcrumb\"},\"inLanguage\":\"es\",\"potentialAction\":[{\"@type\":\"ReadAction\",\"target\":[\"https:\/\/volcanes.net\/?p=13093\"]}]},{\"@type\":\"ImageObject\",\"inLanguage\":\"es\",\"@id\":\"https:\/\/volcanes.net\/?p=13093#primaryimage\",\"url\":\"https:\/\/volcanes.net\/wp-content\/uploads\/2022\/08\/Construyen-la-barda-perimetral-de-la-escuela-primaria-Jose-Antonio-Alzate.jpeg\",\"contentUrl\":\"https:\/\/volcanes.net\/wp-content\/uploads\/2022\/08\/Construyen-la-barda-perimetral-de-la-escuela-primaria-Jose-Antonio-Alzate.jpeg\",\"width\":1280,\"height\":720},{\"@type\":\"BreadcrumbList\",\"@id\":\"https:\/\/volcanes.net\/?p=13093#breadcrumb\",\"itemListElement\":[{\"@type\":\"ListItem\",\"position\":1,\"name\":\"Portada\",\"item\":\"https:\/\/volcanes.net\/\"},{\"@type\":\"ListItem\",\"position\":2,\"name\":\"Construyen la barda perimetral de la escuela primaria Jos\u00e9 Antonio Alzate en Ozumba\"}]},{\"@type\":\"WebSite\",\"@id\":\"https:\/\/volcanes.net\/#website\",\"url\":\"https:\/\/volcanes.net\/\",\"name\":\"Volcanes.Net\",\"description\":\"Periodismo Profesional\",\"publisher\":{\"@id\":\"https:\/\/volcanes.net\/#organization\"},\"potentialAction\":[{\"@type\":\"SearchAction\",\"target\":{\"@type\":\"EntryPoint\",\"urlTemplate\":\"https:\/\/volcanes.net\/?s={search_term_string}\"},\"query-input\":{\"@type\":\"PropertyValueSpecification\",\"valueRequired\":true,\"valueName\":\"search_term_string\"}}],\"inLanguage\":\"es\"},{\"@type\":\"Organization\",\"@id\":\"https:\/\/volcanes.net\/#organization\",\"name\":\"Grupo Volcanes\",\"url\":\"https:\/\/volcanes.net\/\",\"logo\":{\"@type\":\"ImageObject\",\"inLanguage\":\"es\",\"@id\":\"https:\/\/volcanes.net\/#\/schema\/logo\/image\/\",\"url\":\"http:\/\/volcanes.net\/wp-content\/uploads\/2017\/12\/Avatar2.jpg\",\"contentUrl\":\"http:\/\/volcanes.net\/wp-content\/uploads\/2017\/12\/Avatar2.jpg\",\"width\":378,\"height\":378,\"caption\":\"Grupo Volcanes\"},\"image\":{\"@id\":\"https:\/\/volcanes.net\/#\/schema\/logo\/image\/\"},\"sameAs\":[\"https:\/\/www.facebook.com\/volcanes.net\/\"]},{\"@type\":\"Person\",\"@id\":\"https:\/\/volcanes.net\/#\/schema\/person\/4bf0f383940966a4abd53f5048c0e6b9\",\"name\":\"admin\",\"image\":{\"@type\":\"ImageObject\",\"inLanguage\":\"es\",\"@id\":\"https:\/\/volcanes.net\/#\/schema\/person\/image\/\",\"url\":\"https:\/\/secure.gravatar.com\/avatar\/ca004e6cba8462b8cb7abc86e382930c?s=96&d=mm&r=g\",\"contentUrl\":\"https:\/\/secure.gravatar.com\/avatar\/ca004e6cba8462b8cb7abc86e382930c?s=96&d=mm&r=g\",\"caption\":\"admin\"}}]}<\/script>\n<!-- \/ Yoast SEO plugin. -->","yoast_head_json":{"title":"Construyen la barda perimetral de la escuela primaria Jos\u00e9 Antonio Alzate en Ozumba - Volcanes","robots":{"index":"index","follow":"follow","max-snippet":"max-snippet:-1","max-image-preview":"max-image-preview:large","max-video-preview":"max-video-preview:-1"},"canonical":"https:\/\/volcanes.net\/?p=13093","og_locale":"es_MX","og_type":"article","og_title":"Construyen la barda perimetral de la escuela primaria Jos\u00e9 Antonio Alzate en Ozumba - Volcanes","og_description":"Ozumba, Estado de M\u00e9xico.-\u00c9l Ayuntamiento ozumbense que encabeza Valent\u00edn Mart\u00ednez Castillo, inici\u00f3 la reconstrucci\u00f3n de","og_url":"https:\/\/volcanes.net\/?p=13093","og_site_name":"Volcanes","article_publisher":"https:\/\/www.facebook.com\/volcanes.net\/","article_published_time":"2022-07-06T14:39:33+00:00","article_modified_time":"2022-08-04T00:31:32+00:00","og_image":[{"width":1280,"height":720,"url":"https:\/\/volcanes.net\/wp-content\/uploads\/2022\/08\/Construyen-la-barda-perimetral-de-la-escuela-primaria-Jose-Antonio-Alzate.jpeg","type":"image\/jpeg"}],"author":"admin","twitter_card":"summary_large_image","twitter_misc":{"Escrito por":"admin","Tiempo de lectura":"2 minutos"},"schema":{"@context":"https:\/\/schema.org","@graph":[{"@type":"Article","@id":"https:\/\/volcanes.net\/?p=13093#article","isPartOf":{"@id":"https:\/\/volcanes.net\/?p=13093"},"author":{"name":"admin","@id":"https:\/\/volcanes.net\/#\/schema\/person\/4bf0f383940966a4abd53f5048c0e6b9"},"headline":"Construyen la barda perimetral de la escuela primaria Jos\u00e9 Antonio Alzate en Ozumba","datePublished":"2022-07-06T14:39:33+00:00","dateModified":"2022-08-04T00:31:32+00:00","mainEntityOfPage":{"@id":"https:\/\/volcanes.net\/?p=13093"},"wordCount":307,"commentCount":0,"publisher":{"@id":"https:\/\/volcanes.net\/#organization"},"image":{"@id":"https:\/\/volcanes.net\/?p=13093#primaryimage"},"thumbnailUrl":"https:\/\/volcanes.net\/wp-content\/uploads\/2022\/08\/Construyen-la-barda-perimetral-de-la-escuela-primaria-Jose-Antonio-Alzate.jpeg","keywords":["Ozumba"],"articleSection":["Municipales"],"inLanguage":"es","potentialAction":[{"@type":"CommentAction","name":"Comment","target":["https:\/\/volcanes.net\/?p=13093#respond"]}]},{"@type":"WebPage","@id":"https:\/\/volcanes.net\/?p=13093","url":"https:\/\/volcanes.net\/?p=13093","name":"Construyen la barda perimetral de la escuela primaria Jos\u00e9 Antonio Alzate en Ozumba - Volcanes","isPartOf":{"@id":"https:\/\/volcanes.net\/#website"},"primaryImageOfPage":{"@id":"https:\/\/volcanes.net\/?p=13093#primaryimage"},"image":{"@id":"https:\/\/volcanes.net\/?p=13093#primaryimage"},"thumbnailUrl":"https:\/\/volcanes.net\/wp-content\/uploads\/2022\/08\/Construyen-la-barda-perimetral-de-la-escuela-primaria-Jose-Antonio-Alzate.jpeg","datePublished":"2022-07-06T14:39:33+00:00","dateModified":"2022-08-04T00:31:32+00:00","breadcrumb":{"@id":"https:\/\/volcanes.net\/?p=13093#breadcrumb"},"inLanguage":"es","potentialAction":[{"@type":"ReadAction","target":["https:\/\/volcanes.net\/?p=13093"]}]},{"@type":"ImageObject","inLanguage":"es","@id":"https:\/\/volcanes.net\/?p=13093#primaryimage","url":"https:\/\/volcanes.net\/wp-content\/uploads\/2022\/08\/Construyen-la-barda-perimetral-de-la-escuela-primaria-Jose-Antonio-Alzate.jpeg","contentUrl":"https:\/\/volcanes.net\/wp-content\/uploads\/2022\/08\/Construyen-la-barda-perimetral-de-la-escuela-primaria-Jose-Antonio-Alzate.jpeg","width":1280,"height":720},{"@type":"BreadcrumbList","@id":"https:\/\/volcanes.net\/?p=13093#breadcrumb","itemListElement":[{"@type":"ListItem","position":1,"name":"Portada","item":"https:\/\/volcanes.net\/"},{"@type":"ListItem","position":2,"name":"Construyen la barda perimetral de la escuela primaria Jos\u00e9 Antonio Alzate en Ozumba"}]},{"@type":"WebSite","@id":"https:\/\/volcanes.net\/#website","url":"https:\/\/volcanes.net\/","name":"Volcanes.Net","description":"Periodismo Profesional","publisher":{"@id":"https:\/\/volcanes.net\/#organization"},"potentialAction":[{"@type":"SearchAction","target":{"@type":"EntryPoint","urlTemplate":"https:\/\/volcanes.net\/?s={search_term_string}"},"query-input":{"@type":"PropertyValueSpecification","valueRequired":true,"valueName":"search_term_string"}}],"inLanguage":"es"},{"@type":"Organization","@id":"https:\/\/volcanes.net\/#organization","name":"Grupo Volcanes","url":"https:\/\/volcanes.net\/","logo":{"@type":"ImageObject","inLanguage":"es","@id":"https:\/\/volcanes.net\/#\/schema\/logo\/image\/","url":"http:\/\/volcanes.net\/wp-content\/uploads\/2017\/12\/Avatar2.jpg","contentUrl":"http:\/\/volcanes.net\/wp-content\/uploads\/2017\/12\/Avatar2.jpg","width":378,"height":378,"caption":"Grupo Volcanes"},"image":{"@id":"https:\/\/volcanes.net\/#\/schema\/logo\/image\/"},"sameAs":["https:\/\/www.facebook.com\/volcanes.net\/"]},{"@type":"Person","@id":"https:\/\/volcanes.net\/#\/schema\/person\/4bf0f383940966a4abd53f5048c0e6b9","name":"admin","image":{"@type":"ImageObject","inLanguage":"es","@id":"https:\/\/volcanes.net\/#\/schema\/person\/image\/","url":"https:\/\/secure.gravatar.com\/avatar\/ca004e6cba8462b8cb7abc86e382930c?s=96&d=mm&r=g","contentUrl":"https:\/\/secure.gravatar.com\/avatar\/ca004e6cba8462b8cb7abc86e382930c?s=96&d=mm&r=g","caption":"admin"}}]}},"_links":{"self":[{"href":"https:\/\/volcanes.net\/index.php?rest_route=\/wp\/v2\/posts\/13093"}],"collection":[{"href":"https:\/\/volcanes.net\/index.php?rest_route=\/wp\/v2\/posts"}],"about":[{"href":"https:\/\/volcanes.net\/index.php?rest_route=\/wp\/v2\/types\/post"}],"author":[{"embeddable":true,"href":"https:\/\/volcanes.net\/index.php?rest_route=\/wp\/v2\/users\/1"}],"replies":[{"embeddable":true,"href":"https:\/\/volcanes.net\/index.php?rest_route=%2Fwp%2Fv2%2Fcomments&post=13093"}],"version-history":[{"count":2,"href":"https:\/\/volcanes.net\/index.php?rest_route=\/wp\/v2\/posts\/13093\/revisions"}],"predecessor-version":[{"id":13096,"href":"https:\/\/volcanes.net\/index.php?rest_route=\/wp\/v2\/posts\/13093\/revisions\/13096"}],"wp:featuredmedia":[{"embeddable":true,"href":"https:\/\/volcanes.net\/index.php?rest_route=\/wp\/v2\/media\/13094"}],"wp:attachment":[{"href":"https:\/\/volcanes.net\/index.php?rest_route=%2Fwp%2Fv2%2Fmedia&parent=13093"}],"wp:term":[{"taxonomy":"category","embeddable":true,"href":"https:\/\/volcanes.net\/index.php?rest_route=%2Fwp%2Fv2%2Fcategories&post=13093"},{"taxonomy":"post_tag","embeddable":true,"href":"https:\/\/volcanes.net\/index.php?rest_route=%2Fwp%2Fv2%2Ftags&post=13093"}],"curies":[{"name":"wp","href":"https:\/\/api.w.org\/{rel}","templated":true}]}}