{"id":13102,"date":"2022-08-05T11:16:14","date_gmt":"2022-08-05T17:16:14","guid":{"rendered":"http:\/\/volcanes.net\/?p=13102"},"modified":"2022-08-05T11:16:14","modified_gmt":"2022-08-05T17:16:14","slug":"exitosa-jornada-de-vacunacion-contra-covid-19-para-ninas-y-ninos","status":"publish","type":"post","link":"https:\/\/volcanes.net\/?p=13102","title":{"rendered":"Exitosa jornada de vacunaci\u00f3n contra Covid-19 para ni\u00f1as y ni\u00f1os"},"content":{"rendered":"<div style=\"margin-top: 0px; margin-bottom: 0px;\" class=\"sharethis-inline-share-buttons\" ><\/div><p>&nbsp;<\/p>\n<p>\u2022\u2022\u2022 Se contin\u00faa con las medidas preventivas necesarias ante la presencia del covid-19.<\/p>\n<p>Atlautla, M\u00e9x.&#8212; El presidente municipal Ra\u00fal Navarro Rivera, en coordinaci\u00f3n con el sector salud de los gobiernos federal y estatal llevaron a cabo la jornada de vacunaci\u00f3n para ni\u00f1as y ni\u00f1os de 9 a\u00f1os y la aplicaci\u00f3n de la segunda dosis para 12 y 13 a\u00f1os.<\/p>\n<p>Desde temprano arribaron al auditorio municipal los menores acompa\u00f1ados de un familiar, para recibir el biol\u00f3gico de la marca Pfizer, acudiendo de la cabecera municipal y de las seis delegaciones.<\/p>\n<p>&#8220;Mi compromiso es seguir cuidando a nuestros peque\u00f1os ante el esparcimiento del covid-19, por ello no debemos bajar la guardia&#8221;, se\u00f1al\u00f3 el mun\u00edcipe Ra\u00fal Navarro.<\/p>\n<p>Explic\u00f3 que la jornada de vacunaci\u00f3n fue exitosa y se realiz\u00f3 con los protocolos correspondientes del uso de cubre-bocas, gel antibacterial, sanitizaci\u00f3n y sana distancia&#8221;, a\u00f1adi\u00f3<\/p>\n<p>Indic\u00f3 que a esta acci\u00f3n se sumaron personal de la administraci\u00f3n municipal y estuvo cordinada por elementos de protecci\u00f3n civil.<\/p>\n<p>Sostuvo que en primera dosis para nueve a\u00f1os se aplicaron 420 vacunas y 249 dosis para 12 y 13 a\u00f1os.<\/p>\n<p>Abund\u00f3 que el Gobierno Municipal seguir\u00e1 trabajando para el bienestar y protecci\u00f3n de la juventud y de toda la ciudadan\u00eda.<\/p>\n","protected":false},"excerpt":{"rendered":"<p>&nbsp; \u2022\u2022\u2022 Se contin\u00faa con las medidas preventivas necesarias ante la presencia del covid-19. Atlautla,<\/p>\n","protected":false},"author":1,"featured_media":13103,"comment_status":"open","ping_status":"open","sticky":false,"template":"","format":"standard","meta":{"footnotes":""},"categories":[1],"tags":[80],"class_list":["post-13102","post","type-post","status-publish","format-standard","has-post-thumbnail","hentry","category-municipales","tag-atlautla"],"yoast_head":"<!-- This site is optimized with the Yoast SEO plugin v25.3 - https:\/\/yoast.com\/wordpress\/plugins\/seo\/ -->\n<title>Exitosa jornada de vacunaci\u00f3n contra Covid-19 para ni\u00f1as y ni\u00f1os - Volcanes<\/title>\n<meta name=\"description\" content=\"Desde temprano arribaron al auditorio municipal los menores acompa\u00f1ados de un familiar.\" \/>\n<meta name=\"robots\" content=\"index, follow, max-snippet:-1, max-image-preview:large, max-video-preview:-1\" \/>\n<link rel=\"canonical\" href=\"https:\/\/volcanes.net\/?p=13102\" \/>\n<meta property=\"og:locale\" content=\"es_MX\" \/>\n<meta property=\"og:type\" content=\"article\" \/>\n<meta property=\"og:title\" content=\"Exitosa jornada de vacunaci\u00f3n contra Covid-19 para ni\u00f1as y ni\u00f1os - Volcanes\" \/>\n<meta property=\"og:description\" content=\"Desde temprano arribaron al auditorio municipal los menores acompa\u00f1ados de un familiar.\" \/>\n<meta property=\"og:url\" content=\"https:\/\/volcanes.net\/?p=13102\" \/>\n<meta property=\"og:site_name\" content=\"Volcanes\" \/>\n<meta property=\"article:publisher\" content=\"https:\/\/www.facebook.com\/volcanes.net\/\" \/>\n<meta property=\"article:published_time\" content=\"2022-08-05T17:16:14+00:00\" \/>\n<meta property=\"og:image\" content=\"https:\/\/volcanes.net\/wp-content\/uploads\/2022\/08\/IMG-20220805-WA0007.jpg\" \/>\n\t<meta property=\"og:image:width\" content=\"1080\" \/>\n\t<meta property=\"og:image:height\" content=\"810\" \/>\n\t<meta property=\"og:image:type\" content=\"image\/jpeg\" \/>\n<meta name=\"author\" content=\"admin\" \/>\n<meta name=\"twitter:card\" content=\"summary_large_image\" \/>\n<meta name=\"twitter:label1\" content=\"Escrito por\" \/>\n\t<meta name=\"twitter:data1\" content=\"admin\" \/>\n\t<meta name=\"twitter:label2\" content=\"Tiempo de lectura\" \/>\n\t<meta name=\"twitter:data2\" content=\"1 minuto\" \/>\n<script type=\"application\/ld+json\" class=\"yoast-schema-graph\">{\"@context\":\"https:\/\/schema.org\",\"@graph\":[{\"@type\":\"Article\",\"@id\":\"https:\/\/volcanes.net\/?p=13102#article\",\"isPartOf\":{\"@id\":\"https:\/\/volcanes.net\/?p=13102\"},\"author\":{\"name\":\"admin\",\"@id\":\"https:\/\/volcanes.net\/#\/schema\/person\/4bf0f383940966a4abd53f5048c0e6b9\"},\"headline\":\"Exitosa jornada de vacunaci\u00f3n contra Covid-19 para ni\u00f1as y ni\u00f1os\",\"datePublished\":\"2022-08-05T17:16:14+00:00\",\"mainEntityOfPage\":{\"@id\":\"https:\/\/volcanes.net\/?p=13102\"},\"wordCount\":233,\"commentCount\":0,\"publisher\":{\"@id\":\"https:\/\/volcanes.net\/#organization\"},\"image\":{\"@id\":\"https:\/\/volcanes.net\/?p=13102#primaryimage\"},\"thumbnailUrl\":\"https:\/\/volcanes.net\/wp-content\/uploads\/2022\/08\/IMG-20220805-WA0007.jpg\",\"keywords\":[\"Atlautla\"],\"articleSection\":[\"Municipales\"],\"inLanguage\":\"es\",\"potentialAction\":[{\"@type\":\"CommentAction\",\"name\":\"Comment\",\"target\":[\"https:\/\/volcanes.net\/?p=13102#respond\"]}]},{\"@type\":\"WebPage\",\"@id\":\"https:\/\/volcanes.net\/?p=13102\",\"url\":\"https:\/\/volcanes.net\/?p=13102\",\"name\":\"Exitosa jornada de vacunaci\u00f3n contra Covid-19 para ni\u00f1as y ni\u00f1os - Volcanes\",\"isPartOf\":{\"@id\":\"https:\/\/volcanes.net\/#website\"},\"primaryImageOfPage\":{\"@id\":\"https:\/\/volcanes.net\/?p=13102#primaryimage\"},\"image\":{\"@id\":\"https:\/\/volcanes.net\/?p=13102#primaryimage\"},\"thumbnailUrl\":\"https:\/\/volcanes.net\/wp-content\/uploads\/2022\/08\/IMG-20220805-WA0007.jpg\",\"datePublished\":\"2022-08-05T17:16:14+00:00\",\"description\":\"Desde temprano arribaron al auditorio municipal los menores acompa\u00f1ados de un familiar.\",\"breadcrumb\":{\"@id\":\"https:\/\/volcanes.net\/?p=13102#breadcrumb\"},\"inLanguage\":\"es\",\"potentialAction\":[{\"@type\":\"ReadAction\",\"target\":[\"https:\/\/volcanes.net\/?p=13102\"]}]},{\"@type\":\"ImageObject\",\"inLanguage\":\"es\",\"@id\":\"https:\/\/volcanes.net\/?p=13102#primaryimage\",\"url\":\"https:\/\/volcanes.net\/wp-content\/uploads\/2022\/08\/IMG-20220805-WA0007.jpg\",\"contentUrl\":\"https:\/\/volcanes.net\/wp-content\/uploads\/2022\/08\/IMG-20220805-WA0007.jpg\",\"width\":1080,\"height\":810},{\"@type\":\"BreadcrumbList\",\"@id\":\"https:\/\/volcanes.net\/?p=13102#breadcrumb\",\"itemListElement\":[{\"@type\":\"ListItem\",\"position\":1,\"name\":\"Portada\",\"item\":\"https:\/\/volcanes.net\/\"},{\"@type\":\"ListItem\",\"position\":2,\"name\":\"Exitosa jornada de vacunaci\u00f3n contra Covid-19 para ni\u00f1as y ni\u00f1os\"}]},{\"@type\":\"WebSite\",\"@id\":\"https:\/\/volcanes.net\/#website\",\"url\":\"https:\/\/volcanes.net\/\",\"name\":\"Volcanes.Net\",\"description\":\"Periodismo Profesional\",\"publisher\":{\"@id\":\"https:\/\/volcanes.net\/#organization\"},\"potentialAction\":[{\"@type\":\"SearchAction\",\"target\":{\"@type\":\"EntryPoint\",\"urlTemplate\":\"https:\/\/volcanes.net\/?s={search_term_string}\"},\"query-input\":{\"@type\":\"PropertyValueSpecification\",\"valueRequired\":true,\"valueName\":\"search_term_string\"}}],\"inLanguage\":\"es\"},{\"@type\":\"Organization\",\"@id\":\"https:\/\/volcanes.net\/#organization\",\"name\":\"Grupo Volcanes\",\"url\":\"https:\/\/volcanes.net\/\",\"logo\":{\"@type\":\"ImageObject\",\"inLanguage\":\"es\",\"@id\":\"https:\/\/volcanes.net\/#\/schema\/logo\/image\/\",\"url\":\"http:\/\/volcanes.net\/wp-content\/uploads\/2017\/12\/Avatar2.jpg\",\"contentUrl\":\"http:\/\/volcanes.net\/wp-content\/uploads\/2017\/12\/Avatar2.jpg\",\"width\":378,\"height\":378,\"caption\":\"Grupo Volcanes\"},\"image\":{\"@id\":\"https:\/\/volcanes.net\/#\/schema\/logo\/image\/\"},\"sameAs\":[\"https:\/\/www.facebook.com\/volcanes.net\/\"]},{\"@type\":\"Person\",\"@id\":\"https:\/\/volcanes.net\/#\/schema\/person\/4bf0f383940966a4abd53f5048c0e6b9\",\"name\":\"admin\",\"image\":{\"@type\":\"ImageObject\",\"inLanguage\":\"es\",\"@id\":\"https:\/\/volcanes.net\/#\/schema\/person\/image\/\",\"url\":\"https:\/\/secure.gravatar.com\/avatar\/ca004e6cba8462b8cb7abc86e382930c?s=96&d=mm&r=g\",\"contentUrl\":\"https:\/\/secure.gravatar.com\/avatar\/ca004e6cba8462b8cb7abc86e382930c?s=96&d=mm&r=g\",\"caption\":\"admin\"}}]}<\/script>\n<!-- \/ Yoast SEO plugin. -->","yoast_head_json":{"title":"Exitosa jornada de vacunaci\u00f3n contra Covid-19 para ni\u00f1as y ni\u00f1os - Volcanes","description":"Desde temprano arribaron al auditorio municipal los menores acompa\u00f1ados de un familiar.","robots":{"index":"index","follow":"follow","max-snippet":"max-snippet:-1","max-image-preview":"max-image-preview:large","max-video-preview":"max-video-preview:-1"},"canonical":"https:\/\/volcanes.net\/?p=13102","og_locale":"es_MX","og_type":"article","og_title":"Exitosa jornada de vacunaci\u00f3n contra Covid-19 para ni\u00f1as y ni\u00f1os - Volcanes","og_description":"Desde temprano arribaron al auditorio municipal los menores acompa\u00f1ados de un familiar.","og_url":"https:\/\/volcanes.net\/?p=13102","og_site_name":"Volcanes","article_publisher":"https:\/\/www.facebook.com\/volcanes.net\/","article_published_time":"2022-08-05T17:16:14+00:00","og_image":[{"width":1080,"height":810,"url":"https:\/\/volcanes.net\/wp-content\/uploads\/2022\/08\/IMG-20220805-WA0007.jpg","type":"image\/jpeg"}],"author":"admin","twitter_card":"summary_large_image","twitter_misc":{"Escrito por":"admin","Tiempo de lectura":"1 minuto"},"schema":{"@context":"https:\/\/schema.org","@graph":[{"@type":"Article","@id":"https:\/\/volcanes.net\/?p=13102#article","isPartOf":{"@id":"https:\/\/volcanes.net\/?p=13102"},"author":{"name":"admin","@id":"https:\/\/volcanes.net\/#\/schema\/person\/4bf0f383940966a4abd53f5048c0e6b9"},"headline":"Exitosa jornada de vacunaci\u00f3n contra Covid-19 para ni\u00f1as y ni\u00f1os","datePublished":"2022-08-05T17:16:14+00:00","mainEntityOfPage":{"@id":"https:\/\/volcanes.net\/?p=13102"},"wordCount":233,"commentCount":0,"publisher":{"@id":"https:\/\/volcanes.net\/#organization"},"image":{"@id":"https:\/\/volcanes.net\/?p=13102#primaryimage"},"thumbnailUrl":"https:\/\/volcanes.net\/wp-content\/uploads\/2022\/08\/IMG-20220805-WA0007.jpg","keywords":["Atlautla"],"articleSection":["Municipales"],"inLanguage":"es","potentialAction":[{"@type":"CommentAction","name":"Comment","target":["https:\/\/volcanes.net\/?p=13102#respond"]}]},{"@type":"WebPage","@id":"https:\/\/volcanes.net\/?p=13102","url":"https:\/\/volcanes.net\/?p=13102","name":"Exitosa jornada de vacunaci\u00f3n contra Covid-19 para ni\u00f1as y ni\u00f1os - Volcanes","isPartOf":{"@id":"https:\/\/volcanes.net\/#website"},"primaryImageOfPage":{"@id":"https:\/\/volcanes.net\/?p=13102#primaryimage"},"image":{"@id":"https:\/\/volcanes.net\/?p=13102#primaryimage"},"thumbnailUrl":"https:\/\/volcanes.net\/wp-content\/uploads\/2022\/08\/IMG-20220805-WA0007.jpg","datePublished":"2022-08-05T17:16:14+00:00","description":"Desde temprano arribaron al auditorio municipal los menores acompa\u00f1ados de un familiar.","breadcrumb":{"@id":"https:\/\/volcanes.net\/?p=13102#breadcrumb"},"inLanguage":"es","potentialAction":[{"@type":"ReadAction","target":["https:\/\/volcanes.net\/?p=13102"]}]},{"@type":"ImageObject","inLanguage":"es","@id":"https:\/\/volcanes.net\/?p=13102#primaryimage","url":"https:\/\/volcanes.net\/wp-content\/uploads\/2022\/08\/IMG-20220805-WA0007.jpg","contentUrl":"https:\/\/volcanes.net\/wp-content\/uploads\/2022\/08\/IMG-20220805-WA0007.jpg","width":1080,"height":810},{"@type":"BreadcrumbList","@id":"https:\/\/volcanes.net\/?p=13102#breadcrumb","itemListElement":[{"@type":"ListItem","position":1,"name":"Portada","item":"https:\/\/volcanes.net\/"},{"@type":"ListItem","position":2,"name":"Exitosa jornada de vacunaci\u00f3n contra Covid-19 para ni\u00f1as y ni\u00f1os"}]},{"@type":"WebSite","@id":"https:\/\/volcanes.net\/#website","url":"https:\/\/volcanes.net\/","name":"Volcanes.Net","description":"Periodismo Profesional","publisher":{"@id":"https:\/\/volcanes.net\/#organization"},"potentialAction":[{"@type":"SearchAction","target":{"@type":"EntryPoint","urlTemplate":"https:\/\/volcanes.net\/?s={search_term_string}"},"query-input":{"@type":"PropertyValueSpecification","valueRequired":true,"valueName":"search_term_string"}}],"inLanguage":"es"},{"@type":"Organization","@id":"https:\/\/volcanes.net\/#organization","name":"Grupo Volcanes","url":"https:\/\/volcanes.net\/","logo":{"@type":"ImageObject","inLanguage":"es","@id":"https:\/\/volcanes.net\/#\/schema\/logo\/image\/","url":"http:\/\/volcanes.net\/wp-content\/uploads\/2017\/12\/Avatar2.jpg","contentUrl":"http:\/\/volcanes.net\/wp-content\/uploads\/2017\/12\/Avatar2.jpg","width":378,"height":378,"caption":"Grupo Volcanes"},"image":{"@id":"https:\/\/volcanes.net\/#\/schema\/logo\/image\/"},"sameAs":["https:\/\/www.facebook.com\/volcanes.net\/"]},{"@type":"Person","@id":"https:\/\/volcanes.net\/#\/schema\/person\/4bf0f383940966a4abd53f5048c0e6b9","name":"admin","image":{"@type":"ImageObject","inLanguage":"es","@id":"https:\/\/volcanes.net\/#\/schema\/person\/image\/","url":"https:\/\/secure.gravatar.com\/avatar\/ca004e6cba8462b8cb7abc86e382930c?s=96&d=mm&r=g","contentUrl":"https:\/\/secure.gravatar.com\/avatar\/ca004e6cba8462b8cb7abc86e382930c?s=96&d=mm&r=g","caption":"admin"}}]}},"_links":{"self":[{"href":"https:\/\/volcanes.net\/index.php?rest_route=\/wp\/v2\/posts\/13102"}],"collection":[{"href":"https:\/\/volcanes.net\/index.php?rest_route=\/wp\/v2\/posts"}],"about":[{"href":"https:\/\/volcanes.net\/index.php?rest_route=\/wp\/v2\/types\/post"}],"author":[{"embeddable":true,"href":"https:\/\/volcanes.net\/index.php?rest_route=\/wp\/v2\/users\/1"}],"replies":[{"embeddable":true,"href":"https:\/\/volcanes.net\/index.php?rest_route=%2Fwp%2Fv2%2Fcomments&post=13102"}],"version-history":[{"count":1,"href":"https:\/\/volcanes.net\/index.php?rest_route=\/wp\/v2\/posts\/13102\/revisions"}],"predecessor-version":[{"id":13104,"href":"https:\/\/volcanes.net\/index.php?rest_route=\/wp\/v2\/posts\/13102\/revisions\/13104"}],"wp:featuredmedia":[{"embeddable":true,"href":"https:\/\/volcanes.net\/index.php?rest_route=\/wp\/v2\/media\/13103"}],"wp:attachment":[{"href":"https:\/\/volcanes.net\/index.php?rest_route=%2Fwp%2Fv2%2Fmedia&parent=13102"}],"wp:term":[{"taxonomy":"category","embeddable":true,"href":"https:\/\/volcanes.net\/index.php?rest_route=%2Fwp%2Fv2%2Fcategories&post=13102"},{"taxonomy":"post_tag","embeddable":true,"href":"https:\/\/volcanes.net\/index.php?rest_route=%2Fwp%2Fv2%2Ftags&post=13102"}],"curies":[{"name":"wp","href":"https:\/\/api.w.org\/{rel}","templated":true}]}}