{"id":13140,"date":"2022-08-27T12:33:21","date_gmt":"2022-08-27T18:33:21","guid":{"rendered":"http:\/\/volcanes.net\/?p=13140"},"modified":"2022-09-01T12:40:24","modified_gmt":"2022-09-01T18:40:24","slug":"el-gobierno-municipal-de-tlalmanalco-conmemora-el-dia-del-adulto-mayor","status":"publish","type":"post","link":"https:\/\/volcanes.net\/?p=13140","title":{"rendered":"El gobierno municipal de Tlalmanalco conmemora el d\u00eda del adulto mayor"},"content":{"rendered":"<div style=\"margin-top: 0px; margin-bottom: 0px;\" class=\"sharethis-inline-share-buttons\" ><\/div><p>Tlalmanalco, estado de M\u00e9xico.- Como parte de la conmemoraci\u00f3n del D\u00eda del Adulto Mayor, el Gobierno de la Gente presidido por Luis Enrique S\u00e1nchez Reyes en coordinaci\u00f3n con el Sistema Municipal DIF de Tlalmanalco celebr\u00f3 a los abuelitos con un espect\u00e1culo musical de la Sonora Santanera De Carlos Colorado Con Mar\u00eda Fernanda, en la explanada municipal de la cabecera municipal.<br \/>\nLa presidenta del DIF, Violeta Yedid Palma Mendoza agradeci\u00f3 a los adultos mayores la confianza en el trabajo del subsistema DIF, pues al inicio de la administraci\u00f3n contaban con una matr\u00edcula de 40 adultos mayores y hoy en d\u00eda son 280 adultos inscritos en los diferentes talleres de cachibol, caminata, danz\u00f3n, yoga, tejido, cocina y activaci\u00f3n f\u00edsica, adem\u00e1s de contar con pl\u00e1ticas motivacionales.<br \/>\n&#8220;Tenemos el personal adecuado para estar al pendiente de ustedes, como son m\u00e9dicos y enfermeras, gracias por confiar en nosotros&#8221;, agreg\u00f3.<br \/>\nMientras que, el presidente municipal G\u00fcicho S\u00e1nchez mencion\u00f3 &#8220;Los adultos mayores se merecen un festejo digno, no quise que se perdiera esa tradici\u00f3n ni la oportunidad de demostrar mi amor y admiraci\u00f3n por ustedes\u201d.<br \/>\n\u201cNo me queda m\u00e1s que agradecerles por la confianza que me han brindado&#8221;, culmin\u00f3.<\/p>\n","protected":false},"excerpt":{"rendered":"<p>Tlalmanalco, estado de M\u00e9xico.- Como parte de la conmemoraci\u00f3n del D\u00eda del Adulto Mayor, el<\/p>\n","protected":false},"author":1,"featured_media":13141,"comment_status":"open","ping_status":"open","sticky":false,"template":"","format":"standard","meta":{"footnotes":""},"categories":[1],"tags":[81],"class_list":["post-13140","post","type-post","status-publish","format-standard","has-post-thumbnail","hentry","category-municipales","tag-tlalmanalco","has-post-video"],"yoast_head":"<!-- This site is optimized with the Yoast SEO plugin v25.3 - https:\/\/yoast.com\/wordpress\/plugins\/seo\/ -->\n<title>El gobierno municipal de Tlalmanalco conmemora el d\u00eda del adulto mayor - Volcanes<\/title>\n<meta name=\"description\" content=\"Hubo un espect\u00e1culo musical de la Sonora Santanera De Carlos Colorado Con Mar\u00eda Fernanda, en la explanada municipal de la cabecera municipal.\" \/>\n<meta name=\"robots\" content=\"index, follow, max-snippet:-1, max-image-preview:large, max-video-preview:-1\" \/>\n<link rel=\"canonical\" href=\"https:\/\/volcanes.net\/?p=13140\" \/>\n<meta property=\"og:locale\" content=\"es_MX\" \/>\n<meta property=\"og:type\" content=\"article\" \/>\n<meta property=\"og:title\" content=\"El gobierno municipal de Tlalmanalco conmemora el d\u00eda del adulto mayor - Volcanes\" \/>\n<meta property=\"og:description\" content=\"Hubo un espect\u00e1culo musical de la Sonora Santanera De Carlos Colorado Con Mar\u00eda Fernanda, en la explanada municipal de la cabecera municipal.\" \/>\n<meta property=\"og:url\" content=\"https:\/\/volcanes.net\/?p=13140\" \/>\n<meta property=\"og:site_name\" content=\"Volcanes\" \/>\n<meta property=\"article:publisher\" content=\"https:\/\/www.facebook.com\/volcanes.net\/\" \/>\n<meta property=\"article:published_time\" content=\"2022-08-27T18:33:21+00:00\" \/>\n<meta property=\"article:modified_time\" content=\"2022-09-01T18:40:24+00:00\" \/>\n<meta property=\"og:image\" content=\"https:\/\/volcanes.net\/wp-content\/uploads\/2022\/09\/El-gobierno-municipal-de-Tlalmanalco-festeja-en-grande-a-los-adultos-mayores.jpeg\" \/>\n\t<meta property=\"og:image:width\" content=\"1280\" \/>\n\t<meta property=\"og:image:height\" content=\"720\" \/>\n\t<meta property=\"og:image:type\" content=\"image\/jpeg\" \/>\n<meta name=\"author\" content=\"admin\" \/>\n<meta name=\"twitter:card\" content=\"summary_large_image\" \/>\n<meta name=\"twitter:label1\" content=\"Escrito por\" \/>\n\t<meta name=\"twitter:data1\" content=\"admin\" \/>\n\t<meta name=\"twitter:label2\" content=\"Tiempo de lectura\" \/>\n\t<meta name=\"twitter:data2\" content=\"1 minuto\" \/>\n<script type=\"application\/ld+json\" class=\"yoast-schema-graph\">{\"@context\":\"https:\/\/schema.org\",\"@graph\":[{\"@type\":\"Article\",\"@id\":\"https:\/\/volcanes.net\/?p=13140#article\",\"isPartOf\":{\"@id\":\"https:\/\/volcanes.net\/?p=13140\"},\"author\":{\"name\":\"admin\",\"@id\":\"https:\/\/volcanes.net\/#\/schema\/person\/4bf0f383940966a4abd53f5048c0e6b9\"},\"headline\":\"El gobierno municipal de Tlalmanalco conmemora el d\u00eda del adulto mayor\",\"datePublished\":\"2022-08-27T18:33:21+00:00\",\"dateModified\":\"2022-09-01T18:40:24+00:00\",\"mainEntityOfPage\":{\"@id\":\"https:\/\/volcanes.net\/?p=13140\"},\"wordCount\":224,\"commentCount\":0,\"publisher\":{\"@id\":\"https:\/\/volcanes.net\/#organization\"},\"image\":{\"@id\":\"https:\/\/volcanes.net\/?p=13140#primaryimage\"},\"thumbnailUrl\":\"https:\/\/volcanes.net\/wp-content\/uploads\/2022\/09\/El-gobierno-municipal-de-Tlalmanalco-festeja-en-grande-a-los-adultos-mayores.jpeg\",\"keywords\":[\"Tlalmanalco\"],\"articleSection\":[\"Municipales\"],\"inLanguage\":\"es\",\"potentialAction\":[{\"@type\":\"CommentAction\",\"name\":\"Comment\",\"target\":[\"https:\/\/volcanes.net\/?p=13140#respond\"]}]},{\"@type\":\"WebPage\",\"@id\":\"https:\/\/volcanes.net\/?p=13140\",\"url\":\"https:\/\/volcanes.net\/?p=13140\",\"name\":\"El gobierno municipal de Tlalmanalco conmemora el d\u00eda del adulto mayor - Volcanes\",\"isPartOf\":{\"@id\":\"https:\/\/volcanes.net\/#website\"},\"primaryImageOfPage\":{\"@id\":\"https:\/\/volcanes.net\/?p=13140#primaryimage\"},\"image\":{\"@id\":\"https:\/\/volcanes.net\/?p=13140#primaryimage\"},\"thumbnailUrl\":\"https:\/\/volcanes.net\/wp-content\/uploads\/2022\/09\/El-gobierno-municipal-de-Tlalmanalco-festeja-en-grande-a-los-adultos-mayores.jpeg\",\"datePublished\":\"2022-08-27T18:33:21+00:00\",\"dateModified\":\"2022-09-01T18:40:24+00:00\",\"description\":\"Hubo un espect\u00e1culo musical de la Sonora Santanera De Carlos Colorado Con Mar\u00eda Fernanda, en la explanada municipal de la cabecera municipal.\",\"breadcrumb\":{\"@id\":\"https:\/\/volcanes.net\/?p=13140#breadcrumb\"},\"inLanguage\":\"es\",\"potentialAction\":[{\"@type\":\"ReadAction\",\"target\":[\"https:\/\/volcanes.net\/?p=13140\"]}]},{\"@type\":\"ImageObject\",\"inLanguage\":\"es\",\"@id\":\"https:\/\/volcanes.net\/?p=13140#primaryimage\",\"url\":\"https:\/\/volcanes.net\/wp-content\/uploads\/2022\/09\/El-gobierno-municipal-de-Tlalmanalco-festeja-en-grande-a-los-adultos-mayores.jpeg\",\"contentUrl\":\"https:\/\/volcanes.net\/wp-content\/uploads\/2022\/09\/El-gobierno-municipal-de-Tlalmanalco-festeja-en-grande-a-los-adultos-mayores.jpeg\",\"width\":1280,\"height\":720},{\"@type\":\"BreadcrumbList\",\"@id\":\"https:\/\/volcanes.net\/?p=13140#breadcrumb\",\"itemListElement\":[{\"@type\":\"ListItem\",\"position\":1,\"name\":\"Portada\",\"item\":\"https:\/\/volcanes.net\/\"},{\"@type\":\"ListItem\",\"position\":2,\"name\":\"El gobierno municipal de Tlalmanalco conmemora el d\u00eda del adulto mayor\"}]},{\"@type\":\"WebSite\",\"@id\":\"https:\/\/volcanes.net\/#website\",\"url\":\"https:\/\/volcanes.net\/\",\"name\":\"Volcanes.Net\",\"description\":\"Periodismo Profesional\",\"publisher\":{\"@id\":\"https:\/\/volcanes.net\/#organization\"},\"potentialAction\":[{\"@type\":\"SearchAction\",\"target\":{\"@type\":\"EntryPoint\",\"urlTemplate\":\"https:\/\/volcanes.net\/?s={search_term_string}\"},\"query-input\":{\"@type\":\"PropertyValueSpecification\",\"valueRequired\":true,\"valueName\":\"search_term_string\"}}],\"inLanguage\":\"es\"},{\"@type\":\"Organization\",\"@id\":\"https:\/\/volcanes.net\/#organization\",\"name\":\"Grupo Volcanes\",\"url\":\"https:\/\/volcanes.net\/\",\"logo\":{\"@type\":\"ImageObject\",\"inLanguage\":\"es\",\"@id\":\"https:\/\/volcanes.net\/#\/schema\/logo\/image\/\",\"url\":\"http:\/\/volcanes.net\/wp-content\/uploads\/2017\/12\/Avatar2.jpg\",\"contentUrl\":\"http:\/\/volcanes.net\/wp-content\/uploads\/2017\/12\/Avatar2.jpg\",\"width\":378,\"height\":378,\"caption\":\"Grupo Volcanes\"},\"image\":{\"@id\":\"https:\/\/volcanes.net\/#\/schema\/logo\/image\/\"},\"sameAs\":[\"https:\/\/www.facebook.com\/volcanes.net\/\"]},{\"@type\":\"Person\",\"@id\":\"https:\/\/volcanes.net\/#\/schema\/person\/4bf0f383940966a4abd53f5048c0e6b9\",\"name\":\"admin\",\"image\":{\"@type\":\"ImageObject\",\"inLanguage\":\"es\",\"@id\":\"https:\/\/volcanes.net\/#\/schema\/person\/image\/\",\"url\":\"https:\/\/secure.gravatar.com\/avatar\/ca004e6cba8462b8cb7abc86e382930c?s=96&d=mm&r=g\",\"contentUrl\":\"https:\/\/secure.gravatar.com\/avatar\/ca004e6cba8462b8cb7abc86e382930c?s=96&d=mm&r=g\",\"caption\":\"admin\"}}]}<\/script>\n<!-- \/ Yoast SEO plugin. -->","yoast_head_json":{"title":"El gobierno municipal de Tlalmanalco conmemora el d\u00eda del adulto mayor - Volcanes","description":"Hubo un espect\u00e1culo musical de la Sonora Santanera De Carlos Colorado Con Mar\u00eda Fernanda, en la explanada municipal de la cabecera municipal.","robots":{"index":"index","follow":"follow","max-snippet":"max-snippet:-1","max-image-preview":"max-image-preview:large","max-video-preview":"max-video-preview:-1"},"canonical":"https:\/\/volcanes.net\/?p=13140","og_locale":"es_MX","og_type":"article","og_title":"El gobierno municipal de Tlalmanalco conmemora el d\u00eda del adulto mayor - Volcanes","og_description":"Hubo un espect\u00e1culo musical de la Sonora Santanera De Carlos Colorado Con Mar\u00eda Fernanda, en la explanada municipal de la cabecera municipal.","og_url":"https:\/\/volcanes.net\/?p=13140","og_site_name":"Volcanes","article_publisher":"https:\/\/www.facebook.com\/volcanes.net\/","article_published_time":"2022-08-27T18:33:21+00:00","article_modified_time":"2022-09-01T18:40:24+00:00","og_image":[{"width":1280,"height":720,"url":"https:\/\/volcanes.net\/wp-content\/uploads\/2022\/09\/El-gobierno-municipal-de-Tlalmanalco-festeja-en-grande-a-los-adultos-mayores.jpeg","type":"image\/jpeg"}],"author":"admin","twitter_card":"summary_large_image","twitter_misc":{"Escrito por":"admin","Tiempo de lectura":"1 minuto"},"schema":{"@context":"https:\/\/schema.org","@graph":[{"@type":"Article","@id":"https:\/\/volcanes.net\/?p=13140#article","isPartOf":{"@id":"https:\/\/volcanes.net\/?p=13140"},"author":{"name":"admin","@id":"https:\/\/volcanes.net\/#\/schema\/person\/4bf0f383940966a4abd53f5048c0e6b9"},"headline":"El gobierno municipal de Tlalmanalco conmemora el d\u00eda del adulto mayor","datePublished":"2022-08-27T18:33:21+00:00","dateModified":"2022-09-01T18:40:24+00:00","mainEntityOfPage":{"@id":"https:\/\/volcanes.net\/?p=13140"},"wordCount":224,"commentCount":0,"publisher":{"@id":"https:\/\/volcanes.net\/#organization"},"image":{"@id":"https:\/\/volcanes.net\/?p=13140#primaryimage"},"thumbnailUrl":"https:\/\/volcanes.net\/wp-content\/uploads\/2022\/09\/El-gobierno-municipal-de-Tlalmanalco-festeja-en-grande-a-los-adultos-mayores.jpeg","keywords":["Tlalmanalco"],"articleSection":["Municipales"],"inLanguage":"es","potentialAction":[{"@type":"CommentAction","name":"Comment","target":["https:\/\/volcanes.net\/?p=13140#respond"]}]},{"@type":"WebPage","@id":"https:\/\/volcanes.net\/?p=13140","url":"https:\/\/volcanes.net\/?p=13140","name":"El gobierno municipal de Tlalmanalco conmemora el d\u00eda del adulto mayor - Volcanes","isPartOf":{"@id":"https:\/\/volcanes.net\/#website"},"primaryImageOfPage":{"@id":"https:\/\/volcanes.net\/?p=13140#primaryimage"},"image":{"@id":"https:\/\/volcanes.net\/?p=13140#primaryimage"},"thumbnailUrl":"https:\/\/volcanes.net\/wp-content\/uploads\/2022\/09\/El-gobierno-municipal-de-Tlalmanalco-festeja-en-grande-a-los-adultos-mayores.jpeg","datePublished":"2022-08-27T18:33:21+00:00","dateModified":"2022-09-01T18:40:24+00:00","description":"Hubo un espect\u00e1culo musical de la Sonora Santanera De Carlos Colorado Con Mar\u00eda Fernanda, en la explanada municipal de la cabecera municipal.","breadcrumb":{"@id":"https:\/\/volcanes.net\/?p=13140#breadcrumb"},"inLanguage":"es","potentialAction":[{"@type":"ReadAction","target":["https:\/\/volcanes.net\/?p=13140"]}]},{"@type":"ImageObject","inLanguage":"es","@id":"https:\/\/volcanes.net\/?p=13140#primaryimage","url":"https:\/\/volcanes.net\/wp-content\/uploads\/2022\/09\/El-gobierno-municipal-de-Tlalmanalco-festeja-en-grande-a-los-adultos-mayores.jpeg","contentUrl":"https:\/\/volcanes.net\/wp-content\/uploads\/2022\/09\/El-gobierno-municipal-de-Tlalmanalco-festeja-en-grande-a-los-adultos-mayores.jpeg","width":1280,"height":720},{"@type":"BreadcrumbList","@id":"https:\/\/volcanes.net\/?p=13140#breadcrumb","itemListElement":[{"@type":"ListItem","position":1,"name":"Portada","item":"https:\/\/volcanes.net\/"},{"@type":"ListItem","position":2,"name":"El gobierno municipal de Tlalmanalco conmemora el d\u00eda del adulto mayor"}]},{"@type":"WebSite","@id":"https:\/\/volcanes.net\/#website","url":"https:\/\/volcanes.net\/","name":"Volcanes.Net","description":"Periodismo Profesional","publisher":{"@id":"https:\/\/volcanes.net\/#organization"},"potentialAction":[{"@type":"SearchAction","target":{"@type":"EntryPoint","urlTemplate":"https:\/\/volcanes.net\/?s={search_term_string}"},"query-input":{"@type":"PropertyValueSpecification","valueRequired":true,"valueName":"search_term_string"}}],"inLanguage":"es"},{"@type":"Organization","@id":"https:\/\/volcanes.net\/#organization","name":"Grupo Volcanes","url":"https:\/\/volcanes.net\/","logo":{"@type":"ImageObject","inLanguage":"es","@id":"https:\/\/volcanes.net\/#\/schema\/logo\/image\/","url":"http:\/\/volcanes.net\/wp-content\/uploads\/2017\/12\/Avatar2.jpg","contentUrl":"http:\/\/volcanes.net\/wp-content\/uploads\/2017\/12\/Avatar2.jpg","width":378,"height":378,"caption":"Grupo Volcanes"},"image":{"@id":"https:\/\/volcanes.net\/#\/schema\/logo\/image\/"},"sameAs":["https:\/\/www.facebook.com\/volcanes.net\/"]},{"@type":"Person","@id":"https:\/\/volcanes.net\/#\/schema\/person\/4bf0f383940966a4abd53f5048c0e6b9","name":"admin","image":{"@type":"ImageObject","inLanguage":"es","@id":"https:\/\/volcanes.net\/#\/schema\/person\/image\/","url":"https:\/\/secure.gravatar.com\/avatar\/ca004e6cba8462b8cb7abc86e382930c?s=96&d=mm&r=g","contentUrl":"https:\/\/secure.gravatar.com\/avatar\/ca004e6cba8462b8cb7abc86e382930c?s=96&d=mm&r=g","caption":"admin"}}]}},"_links":{"self":[{"href":"https:\/\/volcanes.net\/index.php?rest_route=\/wp\/v2\/posts\/13140"}],"collection":[{"href":"https:\/\/volcanes.net\/index.php?rest_route=\/wp\/v2\/posts"}],"about":[{"href":"https:\/\/volcanes.net\/index.php?rest_route=\/wp\/v2\/types\/post"}],"author":[{"embeddable":true,"href":"https:\/\/volcanes.net\/index.php?rest_route=\/wp\/v2\/users\/1"}],"replies":[{"embeddable":true,"href":"https:\/\/volcanes.net\/index.php?rest_route=%2Fwp%2Fv2%2Fcomments&post=13140"}],"version-history":[{"count":1,"href":"https:\/\/volcanes.net\/index.php?rest_route=\/wp\/v2\/posts\/13140\/revisions"}],"predecessor-version":[{"id":13142,"href":"https:\/\/volcanes.net\/index.php?rest_route=\/wp\/v2\/posts\/13140\/revisions\/13142"}],"wp:featuredmedia":[{"embeddable":true,"href":"https:\/\/volcanes.net\/index.php?rest_route=\/wp\/v2\/media\/13141"}],"wp:attachment":[{"href":"https:\/\/volcanes.net\/index.php?rest_route=%2Fwp%2Fv2%2Fmedia&parent=13140"}],"wp:term":[{"taxonomy":"category","embeddable":true,"href":"https:\/\/volcanes.net\/index.php?rest_route=%2Fwp%2Fv2%2Fcategories&post=13140"},{"taxonomy":"post_tag","embeddable":true,"href":"https:\/\/volcanes.net\/index.php?rest_route=%2Fwp%2Fv2%2Ftags&post=13140"}],"curies":[{"name":"wp","href":"https:\/\/api.w.org\/{rel}","templated":true}]}}