{"id":13144,"date":"2022-08-29T20:00:48","date_gmt":"2022-08-30T02:00:48","guid":{"rendered":"http:\/\/volcanes.net\/?p=13144"},"modified":"2022-09-06T10:56:15","modified_gmt":"2022-09-06T16:56:15","slug":"festejan-a-lo-grande-el-dia-de-los-abuelos-en-tepetlixpa","status":"publish","type":"post","link":"https:\/\/volcanes.net\/?p=13144","title":{"rendered":"Festejan a lo Grande el \u201cD\u00eda de los Abuelos\u201d en Tepetlixpa"},"content":{"rendered":"<div style=\"margin-top: 0px; margin-bottom: 0px;\" class=\"sharethis-inline-share-buttons\" ><\/div><p><b>Festejan a lo Grande el \u201cD\u00eda de los Abuelos\u201d en Tepetlixpa<\/b><\/p>\n<p><b>Tepetlixpa, Edom\u00e9x<\/b>. Con gran entusiasmo los adultos mayores de Tepelixpa, festejaron a lo grande su d\u00eda el pasado 28 de agosto, \u201cD\u00eda de los abuelos\u201d, con una fiesta preparada por el Ayuntamiento que preside Abelardo Rodr\u00edguez, alcalde de este municipio quien reconoci\u00f3 la energ\u00eda y el entusiasmo de las personas mayores quienes recientemente inauguraron la Casa de d\u00eda del Adulto Mayor.<\/p>\n<p>\u201cLa edad no es un impedimento para demostrar esa energ\u00eda que mantienen los adultos a pesar de los a\u00f1os\u201d apunt\u00f3 el edil tepetlixpense, pues pudo observarse durante este festejo la participaci\u00f3n activa de las personas adultas en esta fecha la cual esperan cada a\u00f1o, as\u00ed como la alegr\u00eda de convivir y de disfrutar de las actividades preparadas para ellos, donde tuvieron la oportunidad de bailar con el Presidente Municipal quien se integr\u00f3 al baile y todas las actividades con las personas mayores.<\/p>\n<p>Mariachis, comida, baile y sobre todo, sana convivencia tuvieron lugar en esta celebraci\u00f3n que permiti\u00f3 a los adultos un momento dedicado s\u00f3lo a ellos mismos en el cual se sintieron c\u00f3modos y se olvidaron de su rutina diaria al dejarse consentir en este evento cuidadosamente planeado por las autoridades municipales, sobre todo, el DIF municipal, presidido por Citlali Rodr\u00edguez, quien explic\u00f3 en entrevista para este medio informativo, que los adultos mayores son un grupo vulnerable al cual se le ha brindado la atenci\u00f3n pues se est\u00e1n implementando diversos cursos, clases y actividades en la nueva Casa de D\u00eda, los cuales permiten el desarrollo de sus habilidades y los mantiene activos.<\/p>\n<p>La presidente del DIF hizo la atenta invitaci\u00f3n para que las personas que deseen integrarse a estas actividades acudan a las instalaciones del DIF, ya que \u201cel \u00fanico requisito es tener el \u00e1nimo y la disposici\u00f3n para disfrutar de todo lo que se tiene a\u00fan preparado para los adultos mayores, concluy\u00f3.<\/p>\n","protected":false},"excerpt":{"rendered":"<p>Festejan a lo Grande el \u201cD\u00eda de los Abuelos\u201d en Tepetlixpa Tepetlixpa, Edom\u00e9x. Con gran<\/p>\n","protected":false},"author":1,"featured_media":13145,"comment_status":"open","ping_status":"open","sticky":false,"template":"","format":"video","meta":{"footnotes":""},"categories":[1],"tags":[16],"class_list":["post-13144","post","type-post","status-publish","format-video","has-post-thumbnail","hentry","category-municipales","tag-tepetlixpa","post_format-post-format-video","has-post-video"],"yoast_head":"<!-- This site is optimized with the Yoast SEO plugin v25.3 - https:\/\/yoast.com\/wordpress\/plugins\/seo\/ -->\n<title>Festejan a lo Grande el \u201cD\u00eda de los Abuelos\u201d en Tepetlixpa - Volcanes<\/title>\n<meta name=\"description\" content=\"\u201cLa edad no es un impedimento para demostrar esa energ\u00eda que mantienen los adultos a pesar de los a\u00f1os\u201d apunt\u00f3 el edil tepetlixpense.\" \/>\n<meta name=\"robots\" content=\"index, follow, max-snippet:-1, max-image-preview:large, max-video-preview:-1\" \/>\n<link rel=\"canonical\" href=\"https:\/\/volcanes.net\/?p=13144\" \/>\n<meta property=\"og:locale\" content=\"es_MX\" \/>\n<meta property=\"og:type\" content=\"article\" \/>\n<meta property=\"og:title\" content=\"Festejan a lo Grande el \u201cD\u00eda de los Abuelos\u201d en Tepetlixpa - Volcanes\" \/>\n<meta property=\"og:description\" content=\"\u201cLa edad no es un impedimento para demostrar esa energ\u00eda que mantienen los adultos a pesar de los a\u00f1os\u201d apunt\u00f3 el edil tepetlixpense.\" \/>\n<meta property=\"og:url\" content=\"https:\/\/volcanes.net\/?p=13144\" \/>\n<meta property=\"og:site_name\" content=\"Volcanes\" \/>\n<meta property=\"article:publisher\" content=\"https:\/\/www.facebook.com\/volcanes.net\/\" \/>\n<meta property=\"article:published_time\" content=\"2022-08-30T02:00:48+00:00\" \/>\n<meta property=\"article:modified_time\" content=\"2022-09-06T16:56:15+00:00\" \/>\n<meta property=\"og:image\" content=\"https:\/\/volcanes.net\/wp-content\/uploads\/2022\/09\/Festejan-con-gran-entusiasmo-a-los-adultos-mayores-de-Tepetlixpa.jpeg\" \/>\n\t<meta property=\"og:image:width\" content=\"1280\" \/>\n\t<meta property=\"og:image:height\" content=\"720\" \/>\n\t<meta property=\"og:image:type\" content=\"image\/jpeg\" \/>\n<meta name=\"author\" content=\"admin\" \/>\n<meta name=\"twitter:card\" content=\"summary_large_image\" \/>\n<meta name=\"twitter:label1\" content=\"Escrito por\" \/>\n\t<meta name=\"twitter:data1\" content=\"admin\" \/>\n\t<meta name=\"twitter:label2\" content=\"Tiempo de lectura\" \/>\n\t<meta name=\"twitter:data2\" content=\"2 minutos\" \/>\n<script type=\"application\/ld+json\" class=\"yoast-schema-graph\">{\"@context\":\"https:\/\/schema.org\",\"@graph\":[{\"@type\":\"Article\",\"@id\":\"https:\/\/volcanes.net\/?p=13144#article\",\"isPartOf\":{\"@id\":\"https:\/\/volcanes.net\/?p=13144\"},\"author\":{\"name\":\"admin\",\"@id\":\"https:\/\/volcanes.net\/#\/schema\/person\/4bf0f383940966a4abd53f5048c0e6b9\"},\"headline\":\"Festejan a lo Grande el \u201cD\u00eda de los Abuelos\u201d en Tepetlixpa\",\"datePublished\":\"2022-08-30T02:00:48+00:00\",\"dateModified\":\"2022-09-06T16:56:15+00:00\",\"mainEntityOfPage\":{\"@id\":\"https:\/\/volcanes.net\/?p=13144\"},\"wordCount\":348,\"commentCount\":0,\"publisher\":{\"@id\":\"https:\/\/volcanes.net\/#organization\"},\"image\":{\"@id\":\"https:\/\/volcanes.net\/?p=13144#primaryimage\"},\"thumbnailUrl\":\"https:\/\/volcanes.net\/wp-content\/uploads\/2022\/09\/Festejan-con-gran-entusiasmo-a-los-adultos-mayores-de-Tepetlixpa.jpeg\",\"keywords\":[\"Tepetlixpa\"],\"articleSection\":[\"Municipales\"],\"inLanguage\":\"es\",\"potentialAction\":[{\"@type\":\"CommentAction\",\"name\":\"Comment\",\"target\":[\"https:\/\/volcanes.net\/?p=13144#respond\"]}]},{\"@type\":\"WebPage\",\"@id\":\"https:\/\/volcanes.net\/?p=13144\",\"url\":\"https:\/\/volcanes.net\/?p=13144\",\"name\":\"Festejan a lo Grande el \u201cD\u00eda de los Abuelos\u201d en Tepetlixpa - Volcanes\",\"isPartOf\":{\"@id\":\"https:\/\/volcanes.net\/#website\"},\"primaryImageOfPage\":{\"@id\":\"https:\/\/volcanes.net\/?p=13144#primaryimage\"},\"image\":{\"@id\":\"https:\/\/volcanes.net\/?p=13144#primaryimage\"},\"thumbnailUrl\":\"https:\/\/volcanes.net\/wp-content\/uploads\/2022\/09\/Festejan-con-gran-entusiasmo-a-los-adultos-mayores-de-Tepetlixpa.jpeg\",\"datePublished\":\"2022-08-30T02:00:48+00:00\",\"dateModified\":\"2022-09-06T16:56:15+00:00\",\"description\":\"\u201cLa edad no es un impedimento para demostrar esa energ\u00eda que mantienen los adultos a pesar de los a\u00f1os\u201d apunt\u00f3 el edil tepetlixpense.\",\"breadcrumb\":{\"@id\":\"https:\/\/volcanes.net\/?p=13144#breadcrumb\"},\"inLanguage\":\"es\",\"potentialAction\":[{\"@type\":\"ReadAction\",\"target\":[\"https:\/\/volcanes.net\/?p=13144\"]}]},{\"@type\":\"ImageObject\",\"inLanguage\":\"es\",\"@id\":\"https:\/\/volcanes.net\/?p=13144#primaryimage\",\"url\":\"https:\/\/volcanes.net\/wp-content\/uploads\/2022\/09\/Festejan-con-gran-entusiasmo-a-los-adultos-mayores-de-Tepetlixpa.jpeg\",\"contentUrl\":\"https:\/\/volcanes.net\/wp-content\/uploads\/2022\/09\/Festejan-con-gran-entusiasmo-a-los-adultos-mayores-de-Tepetlixpa.jpeg\",\"width\":1280,\"height\":720},{\"@type\":\"BreadcrumbList\",\"@id\":\"https:\/\/volcanes.net\/?p=13144#breadcrumb\",\"itemListElement\":[{\"@type\":\"ListItem\",\"position\":1,\"name\":\"Portada\",\"item\":\"https:\/\/volcanes.net\/\"},{\"@type\":\"ListItem\",\"position\":2,\"name\":\"Festejan a lo Grande el \u201cD\u00eda de los Abuelos\u201d en Tepetlixpa\"}]},{\"@type\":\"WebSite\",\"@id\":\"https:\/\/volcanes.net\/#website\",\"url\":\"https:\/\/volcanes.net\/\",\"name\":\"Volcanes.Net\",\"description\":\"Periodismo Profesional\",\"publisher\":{\"@id\":\"https:\/\/volcanes.net\/#organization\"},\"potentialAction\":[{\"@type\":\"SearchAction\",\"target\":{\"@type\":\"EntryPoint\",\"urlTemplate\":\"https:\/\/volcanes.net\/?s={search_term_string}\"},\"query-input\":{\"@type\":\"PropertyValueSpecification\",\"valueRequired\":true,\"valueName\":\"search_term_string\"}}],\"inLanguage\":\"es\"},{\"@type\":\"Organization\",\"@id\":\"https:\/\/volcanes.net\/#organization\",\"name\":\"Grupo Volcanes\",\"url\":\"https:\/\/volcanes.net\/\",\"logo\":{\"@type\":\"ImageObject\",\"inLanguage\":\"es\",\"@id\":\"https:\/\/volcanes.net\/#\/schema\/logo\/image\/\",\"url\":\"http:\/\/volcanes.net\/wp-content\/uploads\/2017\/12\/Avatar2.jpg\",\"contentUrl\":\"http:\/\/volcanes.net\/wp-content\/uploads\/2017\/12\/Avatar2.jpg\",\"width\":378,\"height\":378,\"caption\":\"Grupo Volcanes\"},\"image\":{\"@id\":\"https:\/\/volcanes.net\/#\/schema\/logo\/image\/\"},\"sameAs\":[\"https:\/\/www.facebook.com\/volcanes.net\/\"]},{\"@type\":\"Person\",\"@id\":\"https:\/\/volcanes.net\/#\/schema\/person\/4bf0f383940966a4abd53f5048c0e6b9\",\"name\":\"admin\",\"image\":{\"@type\":\"ImageObject\",\"inLanguage\":\"es\",\"@id\":\"https:\/\/volcanes.net\/#\/schema\/person\/image\/\",\"url\":\"https:\/\/secure.gravatar.com\/avatar\/ca004e6cba8462b8cb7abc86e382930c?s=96&d=mm&r=g\",\"contentUrl\":\"https:\/\/secure.gravatar.com\/avatar\/ca004e6cba8462b8cb7abc86e382930c?s=96&d=mm&r=g\",\"caption\":\"admin\"}}]}<\/script>\n<!-- \/ Yoast SEO plugin. -->","yoast_head_json":{"title":"Festejan a lo Grande el \u201cD\u00eda de los Abuelos\u201d en Tepetlixpa - Volcanes","description":"\u201cLa edad no es un impedimento para demostrar esa energ\u00eda que mantienen los adultos a pesar de los a\u00f1os\u201d apunt\u00f3 el edil tepetlixpense.","robots":{"index":"index","follow":"follow","max-snippet":"max-snippet:-1","max-image-preview":"max-image-preview:large","max-video-preview":"max-video-preview:-1"},"canonical":"https:\/\/volcanes.net\/?p=13144","og_locale":"es_MX","og_type":"article","og_title":"Festejan a lo Grande el \u201cD\u00eda de los Abuelos\u201d en Tepetlixpa - Volcanes","og_description":"\u201cLa edad no es un impedimento para demostrar esa energ\u00eda que mantienen los adultos a pesar de los a\u00f1os\u201d apunt\u00f3 el edil tepetlixpense.","og_url":"https:\/\/volcanes.net\/?p=13144","og_site_name":"Volcanes","article_publisher":"https:\/\/www.facebook.com\/volcanes.net\/","article_published_time":"2022-08-30T02:00:48+00:00","article_modified_time":"2022-09-06T16:56:15+00:00","og_image":[{"width":1280,"height":720,"url":"https:\/\/volcanes.net\/wp-content\/uploads\/2022\/09\/Festejan-con-gran-entusiasmo-a-los-adultos-mayores-de-Tepetlixpa.jpeg","type":"image\/jpeg"}],"author":"admin","twitter_card":"summary_large_image","twitter_misc":{"Escrito por":"admin","Tiempo de lectura":"2 minutos"},"schema":{"@context":"https:\/\/schema.org","@graph":[{"@type":"Article","@id":"https:\/\/volcanes.net\/?p=13144#article","isPartOf":{"@id":"https:\/\/volcanes.net\/?p=13144"},"author":{"name":"admin","@id":"https:\/\/volcanes.net\/#\/schema\/person\/4bf0f383940966a4abd53f5048c0e6b9"},"headline":"Festejan a lo Grande el \u201cD\u00eda de los Abuelos\u201d en Tepetlixpa","datePublished":"2022-08-30T02:00:48+00:00","dateModified":"2022-09-06T16:56:15+00:00","mainEntityOfPage":{"@id":"https:\/\/volcanes.net\/?p=13144"},"wordCount":348,"commentCount":0,"publisher":{"@id":"https:\/\/volcanes.net\/#organization"},"image":{"@id":"https:\/\/volcanes.net\/?p=13144#primaryimage"},"thumbnailUrl":"https:\/\/volcanes.net\/wp-content\/uploads\/2022\/09\/Festejan-con-gran-entusiasmo-a-los-adultos-mayores-de-Tepetlixpa.jpeg","keywords":["Tepetlixpa"],"articleSection":["Municipales"],"inLanguage":"es","potentialAction":[{"@type":"CommentAction","name":"Comment","target":["https:\/\/volcanes.net\/?p=13144#respond"]}]},{"@type":"WebPage","@id":"https:\/\/volcanes.net\/?p=13144","url":"https:\/\/volcanes.net\/?p=13144","name":"Festejan a lo Grande el \u201cD\u00eda de los Abuelos\u201d en Tepetlixpa - Volcanes","isPartOf":{"@id":"https:\/\/volcanes.net\/#website"},"primaryImageOfPage":{"@id":"https:\/\/volcanes.net\/?p=13144#primaryimage"},"image":{"@id":"https:\/\/volcanes.net\/?p=13144#primaryimage"},"thumbnailUrl":"https:\/\/volcanes.net\/wp-content\/uploads\/2022\/09\/Festejan-con-gran-entusiasmo-a-los-adultos-mayores-de-Tepetlixpa.jpeg","datePublished":"2022-08-30T02:00:48+00:00","dateModified":"2022-09-06T16:56:15+00:00","description":"\u201cLa edad no es un impedimento para demostrar esa energ\u00eda que mantienen los adultos a pesar de los a\u00f1os\u201d apunt\u00f3 el edil tepetlixpense.","breadcrumb":{"@id":"https:\/\/volcanes.net\/?p=13144#breadcrumb"},"inLanguage":"es","potentialAction":[{"@type":"ReadAction","target":["https:\/\/volcanes.net\/?p=13144"]}]},{"@type":"ImageObject","inLanguage":"es","@id":"https:\/\/volcanes.net\/?p=13144#primaryimage","url":"https:\/\/volcanes.net\/wp-content\/uploads\/2022\/09\/Festejan-con-gran-entusiasmo-a-los-adultos-mayores-de-Tepetlixpa.jpeg","contentUrl":"https:\/\/volcanes.net\/wp-content\/uploads\/2022\/09\/Festejan-con-gran-entusiasmo-a-los-adultos-mayores-de-Tepetlixpa.jpeg","width":1280,"height":720},{"@type":"BreadcrumbList","@id":"https:\/\/volcanes.net\/?p=13144#breadcrumb","itemListElement":[{"@type":"ListItem","position":1,"name":"Portada","item":"https:\/\/volcanes.net\/"},{"@type":"ListItem","position":2,"name":"Festejan a lo Grande el \u201cD\u00eda de los Abuelos\u201d en Tepetlixpa"}]},{"@type":"WebSite","@id":"https:\/\/volcanes.net\/#website","url":"https:\/\/volcanes.net\/","name":"Volcanes.Net","description":"Periodismo Profesional","publisher":{"@id":"https:\/\/volcanes.net\/#organization"},"potentialAction":[{"@type":"SearchAction","target":{"@type":"EntryPoint","urlTemplate":"https:\/\/volcanes.net\/?s={search_term_string}"},"query-input":{"@type":"PropertyValueSpecification","valueRequired":true,"valueName":"search_term_string"}}],"inLanguage":"es"},{"@type":"Organization","@id":"https:\/\/volcanes.net\/#organization","name":"Grupo Volcanes","url":"https:\/\/volcanes.net\/","logo":{"@type":"ImageObject","inLanguage":"es","@id":"https:\/\/volcanes.net\/#\/schema\/logo\/image\/","url":"http:\/\/volcanes.net\/wp-content\/uploads\/2017\/12\/Avatar2.jpg","contentUrl":"http:\/\/volcanes.net\/wp-content\/uploads\/2017\/12\/Avatar2.jpg","width":378,"height":378,"caption":"Grupo Volcanes"},"image":{"@id":"https:\/\/volcanes.net\/#\/schema\/logo\/image\/"},"sameAs":["https:\/\/www.facebook.com\/volcanes.net\/"]},{"@type":"Person","@id":"https:\/\/volcanes.net\/#\/schema\/person\/4bf0f383940966a4abd53f5048c0e6b9","name":"admin","image":{"@type":"ImageObject","inLanguage":"es","@id":"https:\/\/volcanes.net\/#\/schema\/person\/image\/","url":"https:\/\/secure.gravatar.com\/avatar\/ca004e6cba8462b8cb7abc86e382930c?s=96&d=mm&r=g","contentUrl":"https:\/\/secure.gravatar.com\/avatar\/ca004e6cba8462b8cb7abc86e382930c?s=96&d=mm&r=g","caption":"admin"}}]}},"_links":{"self":[{"href":"https:\/\/volcanes.net\/index.php?rest_route=\/wp\/v2\/posts\/13144"}],"collection":[{"href":"https:\/\/volcanes.net\/index.php?rest_route=\/wp\/v2\/posts"}],"about":[{"href":"https:\/\/volcanes.net\/index.php?rest_route=\/wp\/v2\/types\/post"}],"author":[{"embeddable":true,"href":"https:\/\/volcanes.net\/index.php?rest_route=\/wp\/v2\/users\/1"}],"replies":[{"embeddable":true,"href":"https:\/\/volcanes.net\/index.php?rest_route=%2Fwp%2Fv2%2Fcomments&post=13144"}],"version-history":[{"count":2,"href":"https:\/\/volcanes.net\/index.php?rest_route=\/wp\/v2\/posts\/13144\/revisions"}],"predecessor-version":[{"id":13147,"href":"https:\/\/volcanes.net\/index.php?rest_route=\/wp\/v2\/posts\/13144\/revisions\/13147"}],"wp:featuredmedia":[{"embeddable":true,"href":"https:\/\/volcanes.net\/index.php?rest_route=\/wp\/v2\/media\/13145"}],"wp:attachment":[{"href":"https:\/\/volcanes.net\/index.php?rest_route=%2Fwp%2Fv2%2Fmedia&parent=13144"}],"wp:term":[{"taxonomy":"category","embeddable":true,"href":"https:\/\/volcanes.net\/index.php?rest_route=%2Fwp%2Fv2%2Fcategories&post=13144"},{"taxonomy":"post_tag","embeddable":true,"href":"https:\/\/volcanes.net\/index.php?rest_route=%2Fwp%2Fv2%2Ftags&post=13144"}],"curies":[{"name":"wp","href":"https:\/\/api.w.org\/{rel}","templated":true}]}}