{"id":13152,"date":"2022-09-06T11:58:21","date_gmt":"2022-09-06T17:58:21","guid":{"rendered":"http:\/\/volcanes.net\/?p=13152"},"modified":"2022-09-06T11:58:21","modified_gmt":"2022-09-06T17:58:21","slug":"en-atlautla-se-garantizan-los-derechos-de-la-ninez-raul-navarro","status":"publish","type":"post","link":"https:\/\/volcanes.net\/?p=13152","title":{"rendered":"En Atlautla se garantizan los derechos de la ni\u00f1ez: Ra\u00fal Navarro"},"content":{"rendered":"<div style=\"margin-top: 0px; margin-bottom: 0px;\" class=\"sharethis-inline-share-buttons\" ><\/div><p>*** El presidente municipal tom\u00f3 protesta a los integrantes de la Comisi\u00f3n para la prevenci\u00f3n y erradicaci\u00f3n del trabajo infantil.<\/p>\n<p>Atlautla, M\u00e9x.&#8212; El presidente municipal Ra\u00fal Navarro Rivera encabez\u00f3 la instalaci\u00f3n de la Comisi\u00f3n Interinstitucional para la Prevenci\u00f3n y Erradicaci\u00f3n del Trabajo Infantil, que tiene como objetivo garantizarle a la ni\u00f1ez el disfrute irrestricto de sus derechos, como a la educaci\u00f3n, al juego, a vivir en un entorno familiar y social sin violencia, entre otros.<\/p>\n<p>Navarro Rivera exhort\u00f3 a los integrantes de esta Comisi\u00f3n a poner todo su empe\u00f1o y dedicaci\u00f3n ya que en su administraci\u00f3n el combate al trabajo infantil ser\u00e1 una responsabilidad de car\u00e1cter permanente; y con acciones espec\u00edficas promover\u00e1n la sinergia entre las leyes, las pol\u00edticas p\u00fablicas y, lo m\u00e1s importante, la participaci\u00f3n de la sociedad en general.<\/p>\n<p>Agreg\u00f3 que deber\u00e1n trabajar con mucha sensibilidad y responsabilidad social, ya que la ni\u00f1ez es el futuro de este municipio, por ello desde adentro del Ayuntamiento se impulsar\u00e1 una comunidad sin Trabajo Infantil y brindar\u00e1 la protecci\u00f3n a los adolescentes trabajadores en edad permitida.<\/p>\n<p>Indic\u00f3 que se cuenta con el Modelo de Identificaci\u00f3n de Riesgo de Trabajo Infantil (MIRTI) de la OIT (Organizaci\u00f3n Internacional del Trabajo) con quienes se llevar\u00e1n a cabo acciones para cumplir con las acciones que se han establecido.<\/p>\n<p>Luego de llamar a no normalizar pr\u00e1cticas que afectan los derechos de la ni\u00f1ez, el mun\u00edcipe agreg\u00f3 que la instalaci\u00f3n de la Comisi\u00f3n Municipal para Erradicar el Trabajo Infantil es ejemplo de trabajo corresponsable y leal a la poblaci\u00f3n.<\/p>\n<p>\u201cEn Atlautla la agenda de la ni\u00f1ez tiene un car\u00e1cter primordial y mi gobierno contribuir\u00e1 a la eliminaci\u00f3n del trabajo infantil en todas sus formas para el a\u00f1o 2025, como lo establecen los acuerdos internacionales, sentaremos as\u00ed un precedente hist\u00f3rico\u201d, abund\u00f3.<\/p>\n<p>Al tomarle protesta a las y los integrantes de la Comisi\u00f3n, indic\u00f3 que el Plan de Desarrollo Municipal, el Presupuesto de egresos y el Bando Municipal de Polic\u00eda y Buen Gobierno del 2023 estar\u00e1n elaborados con base en la perspectiva de infancia a fin de garantizar a las ni\u00f1as, ni\u00f1os y adolescentes el respeto a sus derechos humanos y a su sano desarrollo.<\/p>\n<p>En el evento, se inform\u00f3 que el Comit\u00e9 trabajar\u00e1 con base en estrategias y l\u00edneas de acci\u00f3n para promover la cultura de la prevenci\u00f3n, informar y sensibilizar a la ciudadan\u00eda, fortalecer los mecanismos para detectar y combatir el trabajo infantil, brindar protecci\u00f3n social y garantizar el derecho de acceso a la educaci\u00f3n, a la recreaci\u00f3n y al desarrollo pleno de la ni\u00f1ez.<\/p>\n","protected":false},"excerpt":{"rendered":"<p>*** El presidente municipal tom\u00f3 protesta a los integrantes de la Comisi\u00f3n para la prevenci\u00f3n<\/p>\n","protected":false},"author":1,"featured_media":13153,"comment_status":"open","ping_status":"open","sticky":false,"template":"","format":"standard","meta":{"footnotes":""},"categories":[1],"tags":[],"class_list":["post-13152","post","type-post","status-publish","format-standard","has-post-thumbnail","hentry","category-municipales"],"yoast_head":"<!-- This site is optimized with the Yoast SEO plugin v25.3 - https:\/\/yoast.com\/wordpress\/plugins\/seo\/ -->\n<title>En Atlautla se garantizan los derechos de la ni\u00f1ez: Ra\u00fal Navarro - Volcanes<\/title>\n<meta name=\"description\" content=\"El presidente municipal Ra\u00fal Navarro Rivera encabez\u00f3 la instalaci\u00f3n de la Comisi\u00f3n Interinstitucional para la Prevenci\u00f3n y Erradicaci\u00f3n del Trabajo Infantil.\" \/>\n<meta name=\"robots\" content=\"index, follow, max-snippet:-1, max-image-preview:large, max-video-preview:-1\" \/>\n<link rel=\"canonical\" href=\"https:\/\/volcanes.net\/?p=13152\" \/>\n<meta property=\"og:locale\" content=\"es_MX\" \/>\n<meta property=\"og:type\" content=\"article\" \/>\n<meta property=\"og:title\" content=\"En Atlautla se garantizan los derechos de la ni\u00f1ez: Ra\u00fal Navarro - Volcanes\" \/>\n<meta property=\"og:description\" content=\"El presidente municipal Ra\u00fal Navarro Rivera encabez\u00f3 la instalaci\u00f3n de la Comisi\u00f3n Interinstitucional para la Prevenci\u00f3n y Erradicaci\u00f3n del Trabajo Infantil.\" \/>\n<meta property=\"og:url\" content=\"https:\/\/volcanes.net\/?p=13152\" \/>\n<meta property=\"og:site_name\" content=\"Volcanes\" \/>\n<meta property=\"article:publisher\" content=\"https:\/\/www.facebook.com\/volcanes.net\/\" \/>\n<meta property=\"article:published_time\" content=\"2022-09-06T17:58:21+00:00\" \/>\n<meta property=\"og:image\" content=\"https:\/\/volcanes.net\/wp-content\/uploads\/2022\/09\/IMG-20220905-WA0080.jpg\" \/>\n\t<meta property=\"og:image:width\" content=\"1599\" \/>\n\t<meta property=\"og:image:height\" content=\"899\" \/>\n\t<meta property=\"og:image:type\" content=\"image\/jpeg\" \/>\n<meta name=\"author\" content=\"admin\" \/>\n<meta name=\"twitter:card\" content=\"summary_large_image\" \/>\n<meta name=\"twitter:label1\" content=\"Escrito por\" \/>\n\t<meta name=\"twitter:data1\" content=\"admin\" \/>\n\t<meta name=\"twitter:label2\" content=\"Tiempo de lectura\" \/>\n\t<meta name=\"twitter:data2\" content=\"2 minutos\" \/>\n<script type=\"application\/ld+json\" class=\"yoast-schema-graph\">{\"@context\":\"https:\/\/schema.org\",\"@graph\":[{\"@type\":\"Article\",\"@id\":\"https:\/\/volcanes.net\/?p=13152#article\",\"isPartOf\":{\"@id\":\"https:\/\/volcanes.net\/?p=13152\"},\"author\":{\"name\":\"admin\",\"@id\":\"https:\/\/volcanes.net\/#\/schema\/person\/4bf0f383940966a4abd53f5048c0e6b9\"},\"headline\":\"En Atlautla se garantizan los derechos de la ni\u00f1ez: Ra\u00fal Navarro\",\"datePublished\":\"2022-09-06T17:58:21+00:00\",\"mainEntityOfPage\":{\"@id\":\"https:\/\/volcanes.net\/?p=13152\"},\"wordCount\":481,\"commentCount\":0,\"publisher\":{\"@id\":\"https:\/\/volcanes.net\/#organization\"},\"image\":{\"@id\":\"https:\/\/volcanes.net\/?p=13152#primaryimage\"},\"thumbnailUrl\":\"https:\/\/volcanes.net\/wp-content\/uploads\/2022\/09\/IMG-20220905-WA0080.jpg\",\"articleSection\":[\"Municipales\"],\"inLanguage\":\"es\",\"potentialAction\":[{\"@type\":\"CommentAction\",\"name\":\"Comment\",\"target\":[\"https:\/\/volcanes.net\/?p=13152#respond\"]}]},{\"@type\":\"WebPage\",\"@id\":\"https:\/\/volcanes.net\/?p=13152\",\"url\":\"https:\/\/volcanes.net\/?p=13152\",\"name\":\"En Atlautla se garantizan los derechos de la ni\u00f1ez: Ra\u00fal Navarro - Volcanes\",\"isPartOf\":{\"@id\":\"https:\/\/volcanes.net\/#website\"},\"primaryImageOfPage\":{\"@id\":\"https:\/\/volcanes.net\/?p=13152#primaryimage\"},\"image\":{\"@id\":\"https:\/\/volcanes.net\/?p=13152#primaryimage\"},\"thumbnailUrl\":\"https:\/\/volcanes.net\/wp-content\/uploads\/2022\/09\/IMG-20220905-WA0080.jpg\",\"datePublished\":\"2022-09-06T17:58:21+00:00\",\"description\":\"El presidente municipal Ra\u00fal Navarro Rivera encabez\u00f3 la instalaci\u00f3n de la Comisi\u00f3n Interinstitucional para la Prevenci\u00f3n y Erradicaci\u00f3n del Trabajo Infantil.\",\"breadcrumb\":{\"@id\":\"https:\/\/volcanes.net\/?p=13152#breadcrumb\"},\"inLanguage\":\"es\",\"potentialAction\":[{\"@type\":\"ReadAction\",\"target\":[\"https:\/\/volcanes.net\/?p=13152\"]}]},{\"@type\":\"ImageObject\",\"inLanguage\":\"es\",\"@id\":\"https:\/\/volcanes.net\/?p=13152#primaryimage\",\"url\":\"https:\/\/volcanes.net\/wp-content\/uploads\/2022\/09\/IMG-20220905-WA0080.jpg\",\"contentUrl\":\"https:\/\/volcanes.net\/wp-content\/uploads\/2022\/09\/IMG-20220905-WA0080.jpg\",\"width\":1599,\"height\":899},{\"@type\":\"BreadcrumbList\",\"@id\":\"https:\/\/volcanes.net\/?p=13152#breadcrumb\",\"itemListElement\":[{\"@type\":\"ListItem\",\"position\":1,\"name\":\"Portada\",\"item\":\"https:\/\/volcanes.net\/\"},{\"@type\":\"ListItem\",\"position\":2,\"name\":\"En Atlautla se garantizan los derechos de la ni\u00f1ez: Ra\u00fal Navarro\"}]},{\"@type\":\"WebSite\",\"@id\":\"https:\/\/volcanes.net\/#website\",\"url\":\"https:\/\/volcanes.net\/\",\"name\":\"Volcanes.Net\",\"description\":\"Periodismo Profesional\",\"publisher\":{\"@id\":\"https:\/\/volcanes.net\/#organization\"},\"potentialAction\":[{\"@type\":\"SearchAction\",\"target\":{\"@type\":\"EntryPoint\",\"urlTemplate\":\"https:\/\/volcanes.net\/?s={search_term_string}\"},\"query-input\":{\"@type\":\"PropertyValueSpecification\",\"valueRequired\":true,\"valueName\":\"search_term_string\"}}],\"inLanguage\":\"es\"},{\"@type\":\"Organization\",\"@id\":\"https:\/\/volcanes.net\/#organization\",\"name\":\"Grupo Volcanes\",\"url\":\"https:\/\/volcanes.net\/\",\"logo\":{\"@type\":\"ImageObject\",\"inLanguage\":\"es\",\"@id\":\"https:\/\/volcanes.net\/#\/schema\/logo\/image\/\",\"url\":\"http:\/\/volcanes.net\/wp-content\/uploads\/2017\/12\/Avatar2.jpg\",\"contentUrl\":\"http:\/\/volcanes.net\/wp-content\/uploads\/2017\/12\/Avatar2.jpg\",\"width\":378,\"height\":378,\"caption\":\"Grupo Volcanes\"},\"image\":{\"@id\":\"https:\/\/volcanes.net\/#\/schema\/logo\/image\/\"},\"sameAs\":[\"https:\/\/www.facebook.com\/volcanes.net\/\"]},{\"@type\":\"Person\",\"@id\":\"https:\/\/volcanes.net\/#\/schema\/person\/4bf0f383940966a4abd53f5048c0e6b9\",\"name\":\"admin\",\"image\":{\"@type\":\"ImageObject\",\"inLanguage\":\"es\",\"@id\":\"https:\/\/volcanes.net\/#\/schema\/person\/image\/\",\"url\":\"https:\/\/secure.gravatar.com\/avatar\/ca004e6cba8462b8cb7abc86e382930c?s=96&d=mm&r=g\",\"contentUrl\":\"https:\/\/secure.gravatar.com\/avatar\/ca004e6cba8462b8cb7abc86e382930c?s=96&d=mm&r=g\",\"caption\":\"admin\"}}]}<\/script>\n<!-- \/ Yoast SEO plugin. -->","yoast_head_json":{"title":"En Atlautla se garantizan los derechos de la ni\u00f1ez: Ra\u00fal Navarro - Volcanes","description":"El presidente municipal Ra\u00fal Navarro Rivera encabez\u00f3 la instalaci\u00f3n de la Comisi\u00f3n Interinstitucional para la Prevenci\u00f3n y Erradicaci\u00f3n del Trabajo Infantil.","robots":{"index":"index","follow":"follow","max-snippet":"max-snippet:-1","max-image-preview":"max-image-preview:large","max-video-preview":"max-video-preview:-1"},"canonical":"https:\/\/volcanes.net\/?p=13152","og_locale":"es_MX","og_type":"article","og_title":"En Atlautla se garantizan los derechos de la ni\u00f1ez: Ra\u00fal Navarro - Volcanes","og_description":"El presidente municipal Ra\u00fal Navarro Rivera encabez\u00f3 la instalaci\u00f3n de la Comisi\u00f3n Interinstitucional para la Prevenci\u00f3n y Erradicaci\u00f3n del Trabajo Infantil.","og_url":"https:\/\/volcanes.net\/?p=13152","og_site_name":"Volcanes","article_publisher":"https:\/\/www.facebook.com\/volcanes.net\/","article_published_time":"2022-09-06T17:58:21+00:00","og_image":[{"width":1599,"height":899,"url":"https:\/\/volcanes.net\/wp-content\/uploads\/2022\/09\/IMG-20220905-WA0080.jpg","type":"image\/jpeg"}],"author":"admin","twitter_card":"summary_large_image","twitter_misc":{"Escrito por":"admin","Tiempo de lectura":"2 minutos"},"schema":{"@context":"https:\/\/schema.org","@graph":[{"@type":"Article","@id":"https:\/\/volcanes.net\/?p=13152#article","isPartOf":{"@id":"https:\/\/volcanes.net\/?p=13152"},"author":{"name":"admin","@id":"https:\/\/volcanes.net\/#\/schema\/person\/4bf0f383940966a4abd53f5048c0e6b9"},"headline":"En Atlautla se garantizan los derechos de la ni\u00f1ez: Ra\u00fal Navarro","datePublished":"2022-09-06T17:58:21+00:00","mainEntityOfPage":{"@id":"https:\/\/volcanes.net\/?p=13152"},"wordCount":481,"commentCount":0,"publisher":{"@id":"https:\/\/volcanes.net\/#organization"},"image":{"@id":"https:\/\/volcanes.net\/?p=13152#primaryimage"},"thumbnailUrl":"https:\/\/volcanes.net\/wp-content\/uploads\/2022\/09\/IMG-20220905-WA0080.jpg","articleSection":["Municipales"],"inLanguage":"es","potentialAction":[{"@type":"CommentAction","name":"Comment","target":["https:\/\/volcanes.net\/?p=13152#respond"]}]},{"@type":"WebPage","@id":"https:\/\/volcanes.net\/?p=13152","url":"https:\/\/volcanes.net\/?p=13152","name":"En Atlautla se garantizan los derechos de la ni\u00f1ez: Ra\u00fal Navarro - Volcanes","isPartOf":{"@id":"https:\/\/volcanes.net\/#website"},"primaryImageOfPage":{"@id":"https:\/\/volcanes.net\/?p=13152#primaryimage"},"image":{"@id":"https:\/\/volcanes.net\/?p=13152#primaryimage"},"thumbnailUrl":"https:\/\/volcanes.net\/wp-content\/uploads\/2022\/09\/IMG-20220905-WA0080.jpg","datePublished":"2022-09-06T17:58:21+00:00","description":"El presidente municipal Ra\u00fal Navarro Rivera encabez\u00f3 la instalaci\u00f3n de la Comisi\u00f3n Interinstitucional para la Prevenci\u00f3n y Erradicaci\u00f3n del Trabajo Infantil.","breadcrumb":{"@id":"https:\/\/volcanes.net\/?p=13152#breadcrumb"},"inLanguage":"es","potentialAction":[{"@type":"ReadAction","target":["https:\/\/volcanes.net\/?p=13152"]}]},{"@type":"ImageObject","inLanguage":"es","@id":"https:\/\/volcanes.net\/?p=13152#primaryimage","url":"https:\/\/volcanes.net\/wp-content\/uploads\/2022\/09\/IMG-20220905-WA0080.jpg","contentUrl":"https:\/\/volcanes.net\/wp-content\/uploads\/2022\/09\/IMG-20220905-WA0080.jpg","width":1599,"height":899},{"@type":"BreadcrumbList","@id":"https:\/\/volcanes.net\/?p=13152#breadcrumb","itemListElement":[{"@type":"ListItem","position":1,"name":"Portada","item":"https:\/\/volcanes.net\/"},{"@type":"ListItem","position":2,"name":"En Atlautla se garantizan los derechos de la ni\u00f1ez: Ra\u00fal Navarro"}]},{"@type":"WebSite","@id":"https:\/\/volcanes.net\/#website","url":"https:\/\/volcanes.net\/","name":"Volcanes.Net","description":"Periodismo Profesional","publisher":{"@id":"https:\/\/volcanes.net\/#organization"},"potentialAction":[{"@type":"SearchAction","target":{"@type":"EntryPoint","urlTemplate":"https:\/\/volcanes.net\/?s={search_term_string}"},"query-input":{"@type":"PropertyValueSpecification","valueRequired":true,"valueName":"search_term_string"}}],"inLanguage":"es"},{"@type":"Organization","@id":"https:\/\/volcanes.net\/#organization","name":"Grupo Volcanes","url":"https:\/\/volcanes.net\/","logo":{"@type":"ImageObject","inLanguage":"es","@id":"https:\/\/volcanes.net\/#\/schema\/logo\/image\/","url":"http:\/\/volcanes.net\/wp-content\/uploads\/2017\/12\/Avatar2.jpg","contentUrl":"http:\/\/volcanes.net\/wp-content\/uploads\/2017\/12\/Avatar2.jpg","width":378,"height":378,"caption":"Grupo Volcanes"},"image":{"@id":"https:\/\/volcanes.net\/#\/schema\/logo\/image\/"},"sameAs":["https:\/\/www.facebook.com\/volcanes.net\/"]},{"@type":"Person","@id":"https:\/\/volcanes.net\/#\/schema\/person\/4bf0f383940966a4abd53f5048c0e6b9","name":"admin","image":{"@type":"ImageObject","inLanguage":"es","@id":"https:\/\/volcanes.net\/#\/schema\/person\/image\/","url":"https:\/\/secure.gravatar.com\/avatar\/ca004e6cba8462b8cb7abc86e382930c?s=96&d=mm&r=g","contentUrl":"https:\/\/secure.gravatar.com\/avatar\/ca004e6cba8462b8cb7abc86e382930c?s=96&d=mm&r=g","caption":"admin"}}]}},"_links":{"self":[{"href":"https:\/\/volcanes.net\/index.php?rest_route=\/wp\/v2\/posts\/13152"}],"collection":[{"href":"https:\/\/volcanes.net\/index.php?rest_route=\/wp\/v2\/posts"}],"about":[{"href":"https:\/\/volcanes.net\/index.php?rest_route=\/wp\/v2\/types\/post"}],"author":[{"embeddable":true,"href":"https:\/\/volcanes.net\/index.php?rest_route=\/wp\/v2\/users\/1"}],"replies":[{"embeddable":true,"href":"https:\/\/volcanes.net\/index.php?rest_route=%2Fwp%2Fv2%2Fcomments&post=13152"}],"version-history":[{"count":2,"href":"https:\/\/volcanes.net\/index.php?rest_route=\/wp\/v2\/posts\/13152\/revisions"}],"predecessor-version":[{"id":13155,"href":"https:\/\/volcanes.net\/index.php?rest_route=\/wp\/v2\/posts\/13152\/revisions\/13155"}],"wp:featuredmedia":[{"embeddable":true,"href":"https:\/\/volcanes.net\/index.php?rest_route=\/wp\/v2\/media\/13153"}],"wp:attachment":[{"href":"https:\/\/volcanes.net\/index.php?rest_route=%2Fwp%2Fv2%2Fmedia&parent=13152"}],"wp:term":[{"taxonomy":"category","embeddable":true,"href":"https:\/\/volcanes.net\/index.php?rest_route=%2Fwp%2Fv2%2Fcategories&post=13152"},{"taxonomy":"post_tag","embeddable":true,"href":"https:\/\/volcanes.net\/index.php?rest_route=%2Fwp%2Fv2%2Ftags&post=13152"}],"curies":[{"name":"wp","href":"https:\/\/api.w.org\/{rel}","templated":true}]}}