{"id":13160,"date":"2022-09-21T21:39:59","date_gmt":"2022-09-22T03:39:59","guid":{"rendered":"http:\/\/volcanes.net\/?p=13160"},"modified":"2022-09-21T21:42:40","modified_gmt":"2022-09-22T03:42:40","slug":"video-realizan-el-primer-cabildo-juvenil-en-ayapango","status":"publish","type":"post","link":"https:\/\/volcanes.net\/?p=13160","title":{"rendered":"Video: Realizan el primer cabildo juvenil en Ayapango"},"content":{"rendered":"<div style=\"margin-top: 0px; margin-bottom: 0px;\" class=\"sharethis-inline-share-buttons\" ><\/div><p>Ayapango, estado de M\u00e9xico.- El gobierno municipal de Ayapango realiz\u00f3 el primer cabildo juvenil donde j\u00f3venes participaron abiertamente sobre temas de inter\u00e9s para todos los j\u00f3venes.<br \/>\nLa sede fue el CBT Dr. Ruy P\u00e9rez Tamayo d\u00f3nde el cabildo se di\u00f3 cita para sesionar en este primer cabildo juvenil.<br \/>\nEl presidente municipal Ren\u00e9 Vel\u00e1zquez Soriano, di\u00f3 a conocer en esta importante instituci\u00f3n educativa que se encuentra en la cabecera municipal se llev\u00f3 a cabo el primer cabildo juvenil para los j\u00f3venes<br \/>\nAgreg\u00f3 el alcalde que ya se ten\u00eda planeado este cabildo, por lo que se dieron a la tarea de visualizar las necesidades de otras instituciones educativa.<br \/>\nAdelant\u00f3 que en unos d\u00edas m\u00e1s estar\u00e1n acudiendo a la telesecundaria ubicada en la delegaci\u00f3n de Pahuac\u00e1n en d\u00f3nde se construir\u00e1n 2 aulas beneficiando a los j\u00f3venes estudiantes.<br \/>\nEl presidente municipal Tambi\u00e9n hizo una invitaci\u00f3n el pr\u00f3ximo 30 de septiembre a la inauguraci\u00f3n del corredor artesanal en Ayapango, un espacio que pretende impulsar la econom\u00eda municipal y fomentar el desarrollo social y econ\u00f3mico.<\/p>\n","protected":false},"excerpt":{"rendered":"<p>Ayapango, estado de M\u00e9xico.- El gobierno municipal de Ayapango realiz\u00f3 el primer cabildo juvenil donde<\/p>\n","protected":false},"author":1,"featured_media":13161,"comment_status":"open","ping_status":"open","sticky":false,"template":"","format":"standard","meta":{"footnotes":""},"categories":[1],"tags":[],"class_list":["post-13160","post","type-post","status-publish","format-standard","has-post-thumbnail","hentry","category-municipales","has-post-video"],"yoast_head":"<!-- This site is optimized with the Yoast SEO plugin v25.3 - https:\/\/yoast.com\/wordpress\/plugins\/seo\/ -->\n<title>Video: Realizan el primer cabildo juvenil en Ayapango - Volcanes<\/title>\n<meta name=\"robots\" content=\"index, follow, max-snippet:-1, max-image-preview:large, max-video-preview:-1\" \/>\n<link rel=\"canonical\" href=\"https:\/\/volcanes.net\/?p=13160\" \/>\n<meta property=\"og:locale\" content=\"es_MX\" \/>\n<meta property=\"og:type\" content=\"article\" \/>\n<meta property=\"og:title\" content=\"Video: Realizan el primer cabildo juvenil en Ayapango - Volcanes\" \/>\n<meta property=\"og:description\" content=\"Ayapango, estado de M\u00e9xico.- El gobierno municipal de Ayapango realiz\u00f3 el primer cabildo juvenil donde\" \/>\n<meta property=\"og:url\" content=\"https:\/\/volcanes.net\/?p=13160\" \/>\n<meta property=\"og:site_name\" content=\"Volcanes\" \/>\n<meta property=\"article:publisher\" content=\"https:\/\/www.facebook.com\/volcanes.net\/\" \/>\n<meta property=\"article:published_time\" content=\"2022-09-22T03:39:59+00:00\" \/>\n<meta property=\"article:modified_time\" content=\"2022-09-22T03:42:40+00:00\" \/>\n<meta property=\"og:image\" content=\"https:\/\/volcanes.net\/wp-content\/uploads\/2022\/09\/Realizan-el-primer-cabildo-juvenil-en-Ayapango.jpeg\" \/>\n\t<meta property=\"og:image:width\" content=\"480\" \/>\n\t<meta property=\"og:image:height\" content=\"360\" \/>\n\t<meta property=\"og:image:type\" content=\"image\/jpeg\" \/>\n<meta name=\"author\" content=\"admin\" \/>\n<meta name=\"twitter:card\" content=\"summary_large_image\" \/>\n<meta name=\"twitter:label1\" content=\"Escrito por\" \/>\n\t<meta name=\"twitter:data1\" content=\"admin\" \/>\n\t<meta name=\"twitter:label2\" content=\"Tiempo de lectura\" \/>\n\t<meta name=\"twitter:data2\" content=\"1 minuto\" \/>\n<script type=\"application\/ld+json\" class=\"yoast-schema-graph\">{\"@context\":\"https:\/\/schema.org\",\"@graph\":[{\"@type\":\"Article\",\"@id\":\"https:\/\/volcanes.net\/?p=13160#article\",\"isPartOf\":{\"@id\":\"https:\/\/volcanes.net\/?p=13160\"},\"author\":{\"name\":\"admin\",\"@id\":\"https:\/\/volcanes.net\/#\/schema\/person\/4bf0f383940966a4abd53f5048c0e6b9\"},\"headline\":\"Video: Realizan el primer cabildo juvenil en Ayapango\",\"datePublished\":\"2022-09-22T03:39:59+00:00\",\"dateModified\":\"2022-09-22T03:42:40+00:00\",\"mainEntityOfPage\":{\"@id\":\"https:\/\/volcanes.net\/?p=13160\"},\"wordCount\":200,\"commentCount\":0,\"publisher\":{\"@id\":\"https:\/\/volcanes.net\/#organization\"},\"image\":{\"@id\":\"https:\/\/volcanes.net\/?p=13160#primaryimage\"},\"thumbnailUrl\":\"https:\/\/volcanes.net\/wp-content\/uploads\/2022\/09\/Realizan-el-primer-cabildo-juvenil-en-Ayapango.jpeg\",\"articleSection\":[\"Municipales\"],\"inLanguage\":\"es\",\"potentialAction\":[{\"@type\":\"CommentAction\",\"name\":\"Comment\",\"target\":[\"https:\/\/volcanes.net\/?p=13160#respond\"]}]},{\"@type\":\"WebPage\",\"@id\":\"https:\/\/volcanes.net\/?p=13160\",\"url\":\"https:\/\/volcanes.net\/?p=13160\",\"name\":\"Video: Realizan el primer cabildo juvenil en Ayapango - Volcanes\",\"isPartOf\":{\"@id\":\"https:\/\/volcanes.net\/#website\"},\"primaryImageOfPage\":{\"@id\":\"https:\/\/volcanes.net\/?p=13160#primaryimage\"},\"image\":{\"@id\":\"https:\/\/volcanes.net\/?p=13160#primaryimage\"},\"thumbnailUrl\":\"https:\/\/volcanes.net\/wp-content\/uploads\/2022\/09\/Realizan-el-primer-cabildo-juvenil-en-Ayapango.jpeg\",\"datePublished\":\"2022-09-22T03:39:59+00:00\",\"dateModified\":\"2022-09-22T03:42:40+00:00\",\"breadcrumb\":{\"@id\":\"https:\/\/volcanes.net\/?p=13160#breadcrumb\"},\"inLanguage\":\"es\",\"potentialAction\":[{\"@type\":\"ReadAction\",\"target\":[\"https:\/\/volcanes.net\/?p=13160\"]}]},{\"@type\":\"ImageObject\",\"inLanguage\":\"es\",\"@id\":\"https:\/\/volcanes.net\/?p=13160#primaryimage\",\"url\":\"https:\/\/volcanes.net\/wp-content\/uploads\/2022\/09\/Realizan-el-primer-cabildo-juvenil-en-Ayapango.jpeg\",\"contentUrl\":\"https:\/\/volcanes.net\/wp-content\/uploads\/2022\/09\/Realizan-el-primer-cabildo-juvenil-en-Ayapango.jpeg\",\"width\":480,\"height\":360},{\"@type\":\"BreadcrumbList\",\"@id\":\"https:\/\/volcanes.net\/?p=13160#breadcrumb\",\"itemListElement\":[{\"@type\":\"ListItem\",\"position\":1,\"name\":\"Portada\",\"item\":\"https:\/\/volcanes.net\/\"},{\"@type\":\"ListItem\",\"position\":2,\"name\":\"Video: Realizan el primer cabildo juvenil en Ayapango\"}]},{\"@type\":\"WebSite\",\"@id\":\"https:\/\/volcanes.net\/#website\",\"url\":\"https:\/\/volcanes.net\/\",\"name\":\"Volcanes.Net\",\"description\":\"Periodismo Profesional\",\"publisher\":{\"@id\":\"https:\/\/volcanes.net\/#organization\"},\"potentialAction\":[{\"@type\":\"SearchAction\",\"target\":{\"@type\":\"EntryPoint\",\"urlTemplate\":\"https:\/\/volcanes.net\/?s={search_term_string}\"},\"query-input\":{\"@type\":\"PropertyValueSpecification\",\"valueRequired\":true,\"valueName\":\"search_term_string\"}}],\"inLanguage\":\"es\"},{\"@type\":\"Organization\",\"@id\":\"https:\/\/volcanes.net\/#organization\",\"name\":\"Grupo Volcanes\",\"url\":\"https:\/\/volcanes.net\/\",\"logo\":{\"@type\":\"ImageObject\",\"inLanguage\":\"es\",\"@id\":\"https:\/\/volcanes.net\/#\/schema\/logo\/image\/\",\"url\":\"http:\/\/volcanes.net\/wp-content\/uploads\/2017\/12\/Avatar2.jpg\",\"contentUrl\":\"http:\/\/volcanes.net\/wp-content\/uploads\/2017\/12\/Avatar2.jpg\",\"width\":378,\"height\":378,\"caption\":\"Grupo Volcanes\"},\"image\":{\"@id\":\"https:\/\/volcanes.net\/#\/schema\/logo\/image\/\"},\"sameAs\":[\"https:\/\/www.facebook.com\/volcanes.net\/\"]},{\"@type\":\"Person\",\"@id\":\"https:\/\/volcanes.net\/#\/schema\/person\/4bf0f383940966a4abd53f5048c0e6b9\",\"name\":\"admin\",\"image\":{\"@type\":\"ImageObject\",\"inLanguage\":\"es\",\"@id\":\"https:\/\/volcanes.net\/#\/schema\/person\/image\/\",\"url\":\"https:\/\/secure.gravatar.com\/avatar\/ca004e6cba8462b8cb7abc86e382930c?s=96&d=mm&r=g\",\"contentUrl\":\"https:\/\/secure.gravatar.com\/avatar\/ca004e6cba8462b8cb7abc86e382930c?s=96&d=mm&r=g\",\"caption\":\"admin\"}}]}<\/script>\n<!-- \/ Yoast SEO plugin. -->","yoast_head_json":{"title":"Video: Realizan el primer cabildo juvenil en Ayapango - Volcanes","robots":{"index":"index","follow":"follow","max-snippet":"max-snippet:-1","max-image-preview":"max-image-preview:large","max-video-preview":"max-video-preview:-1"},"canonical":"https:\/\/volcanes.net\/?p=13160","og_locale":"es_MX","og_type":"article","og_title":"Video: Realizan el primer cabildo juvenil en Ayapango - Volcanes","og_description":"Ayapango, estado de M\u00e9xico.- El gobierno municipal de Ayapango realiz\u00f3 el primer cabildo juvenil donde","og_url":"https:\/\/volcanes.net\/?p=13160","og_site_name":"Volcanes","article_publisher":"https:\/\/www.facebook.com\/volcanes.net\/","article_published_time":"2022-09-22T03:39:59+00:00","article_modified_time":"2022-09-22T03:42:40+00:00","og_image":[{"width":480,"height":360,"url":"https:\/\/volcanes.net\/wp-content\/uploads\/2022\/09\/Realizan-el-primer-cabildo-juvenil-en-Ayapango.jpeg","type":"image\/jpeg"}],"author":"admin","twitter_card":"summary_large_image","twitter_misc":{"Escrito por":"admin","Tiempo de lectura":"1 minuto"},"schema":{"@context":"https:\/\/schema.org","@graph":[{"@type":"Article","@id":"https:\/\/volcanes.net\/?p=13160#article","isPartOf":{"@id":"https:\/\/volcanes.net\/?p=13160"},"author":{"name":"admin","@id":"https:\/\/volcanes.net\/#\/schema\/person\/4bf0f383940966a4abd53f5048c0e6b9"},"headline":"Video: Realizan el primer cabildo juvenil en Ayapango","datePublished":"2022-09-22T03:39:59+00:00","dateModified":"2022-09-22T03:42:40+00:00","mainEntityOfPage":{"@id":"https:\/\/volcanes.net\/?p=13160"},"wordCount":200,"commentCount":0,"publisher":{"@id":"https:\/\/volcanes.net\/#organization"},"image":{"@id":"https:\/\/volcanes.net\/?p=13160#primaryimage"},"thumbnailUrl":"https:\/\/volcanes.net\/wp-content\/uploads\/2022\/09\/Realizan-el-primer-cabildo-juvenil-en-Ayapango.jpeg","articleSection":["Municipales"],"inLanguage":"es","potentialAction":[{"@type":"CommentAction","name":"Comment","target":["https:\/\/volcanes.net\/?p=13160#respond"]}]},{"@type":"WebPage","@id":"https:\/\/volcanes.net\/?p=13160","url":"https:\/\/volcanes.net\/?p=13160","name":"Video: Realizan el primer cabildo juvenil en Ayapango - Volcanes","isPartOf":{"@id":"https:\/\/volcanes.net\/#website"},"primaryImageOfPage":{"@id":"https:\/\/volcanes.net\/?p=13160#primaryimage"},"image":{"@id":"https:\/\/volcanes.net\/?p=13160#primaryimage"},"thumbnailUrl":"https:\/\/volcanes.net\/wp-content\/uploads\/2022\/09\/Realizan-el-primer-cabildo-juvenil-en-Ayapango.jpeg","datePublished":"2022-09-22T03:39:59+00:00","dateModified":"2022-09-22T03:42:40+00:00","breadcrumb":{"@id":"https:\/\/volcanes.net\/?p=13160#breadcrumb"},"inLanguage":"es","potentialAction":[{"@type":"ReadAction","target":["https:\/\/volcanes.net\/?p=13160"]}]},{"@type":"ImageObject","inLanguage":"es","@id":"https:\/\/volcanes.net\/?p=13160#primaryimage","url":"https:\/\/volcanes.net\/wp-content\/uploads\/2022\/09\/Realizan-el-primer-cabildo-juvenil-en-Ayapango.jpeg","contentUrl":"https:\/\/volcanes.net\/wp-content\/uploads\/2022\/09\/Realizan-el-primer-cabildo-juvenil-en-Ayapango.jpeg","width":480,"height":360},{"@type":"BreadcrumbList","@id":"https:\/\/volcanes.net\/?p=13160#breadcrumb","itemListElement":[{"@type":"ListItem","position":1,"name":"Portada","item":"https:\/\/volcanes.net\/"},{"@type":"ListItem","position":2,"name":"Video: Realizan el primer cabildo juvenil en Ayapango"}]},{"@type":"WebSite","@id":"https:\/\/volcanes.net\/#website","url":"https:\/\/volcanes.net\/","name":"Volcanes.Net","description":"Periodismo Profesional","publisher":{"@id":"https:\/\/volcanes.net\/#organization"},"potentialAction":[{"@type":"SearchAction","target":{"@type":"EntryPoint","urlTemplate":"https:\/\/volcanes.net\/?s={search_term_string}"},"query-input":{"@type":"PropertyValueSpecification","valueRequired":true,"valueName":"search_term_string"}}],"inLanguage":"es"},{"@type":"Organization","@id":"https:\/\/volcanes.net\/#organization","name":"Grupo Volcanes","url":"https:\/\/volcanes.net\/","logo":{"@type":"ImageObject","inLanguage":"es","@id":"https:\/\/volcanes.net\/#\/schema\/logo\/image\/","url":"http:\/\/volcanes.net\/wp-content\/uploads\/2017\/12\/Avatar2.jpg","contentUrl":"http:\/\/volcanes.net\/wp-content\/uploads\/2017\/12\/Avatar2.jpg","width":378,"height":378,"caption":"Grupo Volcanes"},"image":{"@id":"https:\/\/volcanes.net\/#\/schema\/logo\/image\/"},"sameAs":["https:\/\/www.facebook.com\/volcanes.net\/"]},{"@type":"Person","@id":"https:\/\/volcanes.net\/#\/schema\/person\/4bf0f383940966a4abd53f5048c0e6b9","name":"admin","image":{"@type":"ImageObject","inLanguage":"es","@id":"https:\/\/volcanes.net\/#\/schema\/person\/image\/","url":"https:\/\/secure.gravatar.com\/avatar\/ca004e6cba8462b8cb7abc86e382930c?s=96&d=mm&r=g","contentUrl":"https:\/\/secure.gravatar.com\/avatar\/ca004e6cba8462b8cb7abc86e382930c?s=96&d=mm&r=g","caption":"admin"}}]}},"_links":{"self":[{"href":"https:\/\/volcanes.net\/index.php?rest_route=\/wp\/v2\/posts\/13160"}],"collection":[{"href":"https:\/\/volcanes.net\/index.php?rest_route=\/wp\/v2\/posts"}],"about":[{"href":"https:\/\/volcanes.net\/index.php?rest_route=\/wp\/v2\/types\/post"}],"author":[{"embeddable":true,"href":"https:\/\/volcanes.net\/index.php?rest_route=\/wp\/v2\/users\/1"}],"replies":[{"embeddable":true,"href":"https:\/\/volcanes.net\/index.php?rest_route=%2Fwp%2Fv2%2Fcomments&post=13160"}],"version-history":[{"count":2,"href":"https:\/\/volcanes.net\/index.php?rest_route=\/wp\/v2\/posts\/13160\/revisions"}],"predecessor-version":[{"id":13163,"href":"https:\/\/volcanes.net\/index.php?rest_route=\/wp\/v2\/posts\/13160\/revisions\/13163"}],"wp:featuredmedia":[{"embeddable":true,"href":"https:\/\/volcanes.net\/index.php?rest_route=\/wp\/v2\/media\/13161"}],"wp:attachment":[{"href":"https:\/\/volcanes.net\/index.php?rest_route=%2Fwp%2Fv2%2Fmedia&parent=13160"}],"wp:term":[{"taxonomy":"category","embeddable":true,"href":"https:\/\/volcanes.net\/index.php?rest_route=%2Fwp%2Fv2%2Fcategories&post=13160"},{"taxonomy":"post_tag","embeddable":true,"href":"https:\/\/volcanes.net\/index.php?rest_route=%2Fwp%2Fv2%2Ftags&post=13160"}],"curies":[{"name":"wp","href":"https:\/\/api.w.org\/{rel}","templated":true}]}}