{"id":13167,"date":"2022-09-30T21:00:35","date_gmt":"2022-10-01T03:00:35","guid":{"rendered":"http:\/\/volcanes.net\/?p=13167"},"modified":"2022-09-30T21:00:35","modified_gmt":"2022-10-01T03:00:35","slug":"video-anais-burgos-presenta-el-proyecto-enchulame-mi-barrio","status":"publish","type":"post","link":"https:\/\/volcanes.net\/?p=13167","title":{"rendered":"#Video: Anais Burgos presenta el proyecto &#8220;Ench\u00falame mi barrio&#8221;"},"content":{"rendered":"<div style=\"margin-top: 0px; margin-bottom: 0px;\" class=\"sharethis-inline-share-buttons\" ><\/div><p>#ChecaEsto\u270d\ufe0f |Presenta la diputada Anais Burgos el proyecto &#8220;Ench\u00falame mi barrio&#8221; donde j\u00f3venes muralistas de diversos barrios de Chalco plasmar\u00e1n su obras.<\/p>\n","protected":false},"excerpt":{"rendered":"<p>#ChecaEsto\u270d\ufe0f |Presenta la diputada Anais Burgos el proyecto &#8220;Ench\u00falame mi barrio&#8221; donde j\u00f3venes muralistas de<\/p>\n","protected":false},"author":1,"featured_media":13168,"comment_status":"open","ping_status":"open","sticky":false,"template":"","format":"video","meta":{"footnotes":""},"categories":[1],"tags":[],"class_list":["post-13167","post","type-post","status-publish","format-video","has-post-thumbnail","hentry","category-municipales","post_format-post-format-video","has-post-video"],"yoast_head":"<!-- This site is optimized with the Yoast SEO plugin v25.3 - https:\/\/yoast.com\/wordpress\/plugins\/seo\/ -->\n<title>#Video: Anais Burgos presenta el proyecto &quot;Ench\u00falame mi barrio&quot; - Volcanes<\/title>\n<meta name=\"robots\" content=\"index, follow, max-snippet:-1, max-image-preview:large, max-video-preview:-1\" \/>\n<link rel=\"canonical\" href=\"https:\/\/volcanes.net\/?p=13167\" \/>\n<meta property=\"og:locale\" content=\"es_MX\" \/>\n<meta property=\"og:type\" content=\"article\" \/>\n<meta property=\"og:title\" content=\"#Video: Anais Burgos presenta el proyecto &quot;Ench\u00falame mi barrio&quot; - Volcanes\" \/>\n<meta property=\"og:description\" content=\"#ChecaEsto\u270d\ufe0f |Presenta la diputada Anais Burgos el proyecto &#8220;Ench\u00falame mi barrio&#8221; donde j\u00f3venes muralistas de\" \/>\n<meta property=\"og:url\" content=\"https:\/\/volcanes.net\/?p=13167\" \/>\n<meta property=\"og:site_name\" content=\"Volcanes\" \/>\n<meta property=\"article:publisher\" content=\"https:\/\/www.facebook.com\/volcanes.net\/\" \/>\n<meta property=\"article:published_time\" content=\"2022-10-01T03:00:35+00:00\" \/>\n<meta property=\"og:image\" content=\"https:\/\/volcanes.net\/wp-content\/uploads\/2022\/09\/Presenta-la-diputada-Anais-Burgos-el-proyecto-Enchulame-mi-barrio..jpeg\" \/>\n\t<meta property=\"og:image:width\" content=\"1280\" \/>\n\t<meta property=\"og:image:height\" content=\"720\" \/>\n\t<meta property=\"og:image:type\" content=\"image\/jpeg\" \/>\n<meta name=\"author\" content=\"admin\" \/>\n<meta name=\"twitter:card\" content=\"summary_large_image\" \/>\n<meta name=\"twitter:label1\" content=\"Escrito por\" \/>\n\t<meta name=\"twitter:data1\" content=\"admin\" \/>\n\t<meta name=\"twitter:label2\" content=\"Tiempo de lectura\" \/>\n\t<meta name=\"twitter:data2\" content=\"1 minuto\" \/>\n<script type=\"application\/ld+json\" class=\"yoast-schema-graph\">{\"@context\":\"https:\/\/schema.org\",\"@graph\":[{\"@type\":\"Article\",\"@id\":\"https:\/\/volcanes.net\/?p=13167#article\",\"isPartOf\":{\"@id\":\"https:\/\/volcanes.net\/?p=13167\"},\"author\":{\"name\":\"admin\",\"@id\":\"https:\/\/volcanes.net\/#\/schema\/person\/4bf0f383940966a4abd53f5048c0e6b9\"},\"headline\":\"#Video: Anais Burgos presenta el proyecto &#8220;Ench\u00falame mi barrio&#8221;\",\"datePublished\":\"2022-10-01T03:00:35+00:00\",\"mainEntityOfPage\":{\"@id\":\"https:\/\/volcanes.net\/?p=13167\"},\"wordCount\":35,\"commentCount\":0,\"publisher\":{\"@id\":\"https:\/\/volcanes.net\/#organization\"},\"image\":{\"@id\":\"https:\/\/volcanes.net\/?p=13167#primaryimage\"},\"thumbnailUrl\":\"https:\/\/volcanes.net\/wp-content\/uploads\/2022\/09\/Presenta-la-diputada-Anais-Burgos-el-proyecto-Enchulame-mi-barrio..jpeg\",\"articleSection\":[\"Municipales\"],\"inLanguage\":\"es\",\"potentialAction\":[{\"@type\":\"CommentAction\",\"name\":\"Comment\",\"target\":[\"https:\/\/volcanes.net\/?p=13167#respond\"]}]},{\"@type\":\"WebPage\",\"@id\":\"https:\/\/volcanes.net\/?p=13167\",\"url\":\"https:\/\/volcanes.net\/?p=13167\",\"name\":\"#Video: Anais Burgos presenta el proyecto \\\"Ench\u00falame mi barrio\\\" - Volcanes\",\"isPartOf\":{\"@id\":\"https:\/\/volcanes.net\/#website\"},\"primaryImageOfPage\":{\"@id\":\"https:\/\/volcanes.net\/?p=13167#primaryimage\"},\"image\":{\"@id\":\"https:\/\/volcanes.net\/?p=13167#primaryimage\"},\"thumbnailUrl\":\"https:\/\/volcanes.net\/wp-content\/uploads\/2022\/09\/Presenta-la-diputada-Anais-Burgos-el-proyecto-Enchulame-mi-barrio..jpeg\",\"datePublished\":\"2022-10-01T03:00:35+00:00\",\"breadcrumb\":{\"@id\":\"https:\/\/volcanes.net\/?p=13167#breadcrumb\"},\"inLanguage\":\"es\",\"potentialAction\":[{\"@type\":\"ReadAction\",\"target\":[\"https:\/\/volcanes.net\/?p=13167\"]}]},{\"@type\":\"ImageObject\",\"inLanguage\":\"es\",\"@id\":\"https:\/\/volcanes.net\/?p=13167#primaryimage\",\"url\":\"https:\/\/volcanes.net\/wp-content\/uploads\/2022\/09\/Presenta-la-diputada-Anais-Burgos-el-proyecto-Enchulame-mi-barrio..jpeg\",\"contentUrl\":\"https:\/\/volcanes.net\/wp-content\/uploads\/2022\/09\/Presenta-la-diputada-Anais-Burgos-el-proyecto-Enchulame-mi-barrio..jpeg\",\"width\":1280,\"height\":720},{\"@type\":\"BreadcrumbList\",\"@id\":\"https:\/\/volcanes.net\/?p=13167#breadcrumb\",\"itemListElement\":[{\"@type\":\"ListItem\",\"position\":1,\"name\":\"Portada\",\"item\":\"https:\/\/volcanes.net\/\"},{\"@type\":\"ListItem\",\"position\":2,\"name\":\"#Video: Anais Burgos presenta el proyecto &#8220;Ench\u00falame mi barrio&#8221;\"}]},{\"@type\":\"WebSite\",\"@id\":\"https:\/\/volcanes.net\/#website\",\"url\":\"https:\/\/volcanes.net\/\",\"name\":\"Volcanes.Net\",\"description\":\"Periodismo Profesional\",\"publisher\":{\"@id\":\"https:\/\/volcanes.net\/#organization\"},\"potentialAction\":[{\"@type\":\"SearchAction\",\"target\":{\"@type\":\"EntryPoint\",\"urlTemplate\":\"https:\/\/volcanes.net\/?s={search_term_string}\"},\"query-input\":{\"@type\":\"PropertyValueSpecification\",\"valueRequired\":true,\"valueName\":\"search_term_string\"}}],\"inLanguage\":\"es\"},{\"@type\":\"Organization\",\"@id\":\"https:\/\/volcanes.net\/#organization\",\"name\":\"Grupo Volcanes\",\"url\":\"https:\/\/volcanes.net\/\",\"logo\":{\"@type\":\"ImageObject\",\"inLanguage\":\"es\",\"@id\":\"https:\/\/volcanes.net\/#\/schema\/logo\/image\/\",\"url\":\"http:\/\/volcanes.net\/wp-content\/uploads\/2017\/12\/Avatar2.jpg\",\"contentUrl\":\"http:\/\/volcanes.net\/wp-content\/uploads\/2017\/12\/Avatar2.jpg\",\"width\":378,\"height\":378,\"caption\":\"Grupo Volcanes\"},\"image\":{\"@id\":\"https:\/\/volcanes.net\/#\/schema\/logo\/image\/\"},\"sameAs\":[\"https:\/\/www.facebook.com\/volcanes.net\/\"]},{\"@type\":\"Person\",\"@id\":\"https:\/\/volcanes.net\/#\/schema\/person\/4bf0f383940966a4abd53f5048c0e6b9\",\"name\":\"admin\",\"image\":{\"@type\":\"ImageObject\",\"inLanguage\":\"es\",\"@id\":\"https:\/\/volcanes.net\/#\/schema\/person\/image\/\",\"url\":\"https:\/\/secure.gravatar.com\/avatar\/ca004e6cba8462b8cb7abc86e382930c?s=96&d=mm&r=g\",\"contentUrl\":\"https:\/\/secure.gravatar.com\/avatar\/ca004e6cba8462b8cb7abc86e382930c?s=96&d=mm&r=g\",\"caption\":\"admin\"}}]}<\/script>\n<!-- \/ Yoast SEO plugin. -->","yoast_head_json":{"title":"#Video: Anais Burgos presenta el proyecto \"Ench\u00falame mi barrio\" - Volcanes","robots":{"index":"index","follow":"follow","max-snippet":"max-snippet:-1","max-image-preview":"max-image-preview:large","max-video-preview":"max-video-preview:-1"},"canonical":"https:\/\/volcanes.net\/?p=13167","og_locale":"es_MX","og_type":"article","og_title":"#Video: Anais Burgos presenta el proyecto \"Ench\u00falame mi barrio\" - Volcanes","og_description":"#ChecaEsto\u270d\ufe0f |Presenta la diputada Anais Burgos el proyecto &#8220;Ench\u00falame mi barrio&#8221; donde j\u00f3venes muralistas de","og_url":"https:\/\/volcanes.net\/?p=13167","og_site_name":"Volcanes","article_publisher":"https:\/\/www.facebook.com\/volcanes.net\/","article_published_time":"2022-10-01T03:00:35+00:00","og_image":[{"width":1280,"height":720,"url":"https:\/\/volcanes.net\/wp-content\/uploads\/2022\/09\/Presenta-la-diputada-Anais-Burgos-el-proyecto-Enchulame-mi-barrio..jpeg","type":"image\/jpeg"}],"author":"admin","twitter_card":"summary_large_image","twitter_misc":{"Escrito por":"admin","Tiempo de lectura":"1 minuto"},"schema":{"@context":"https:\/\/schema.org","@graph":[{"@type":"Article","@id":"https:\/\/volcanes.net\/?p=13167#article","isPartOf":{"@id":"https:\/\/volcanes.net\/?p=13167"},"author":{"name":"admin","@id":"https:\/\/volcanes.net\/#\/schema\/person\/4bf0f383940966a4abd53f5048c0e6b9"},"headline":"#Video: Anais Burgos presenta el proyecto &#8220;Ench\u00falame mi barrio&#8221;","datePublished":"2022-10-01T03:00:35+00:00","mainEntityOfPage":{"@id":"https:\/\/volcanes.net\/?p=13167"},"wordCount":35,"commentCount":0,"publisher":{"@id":"https:\/\/volcanes.net\/#organization"},"image":{"@id":"https:\/\/volcanes.net\/?p=13167#primaryimage"},"thumbnailUrl":"https:\/\/volcanes.net\/wp-content\/uploads\/2022\/09\/Presenta-la-diputada-Anais-Burgos-el-proyecto-Enchulame-mi-barrio..jpeg","articleSection":["Municipales"],"inLanguage":"es","potentialAction":[{"@type":"CommentAction","name":"Comment","target":["https:\/\/volcanes.net\/?p=13167#respond"]}]},{"@type":"WebPage","@id":"https:\/\/volcanes.net\/?p=13167","url":"https:\/\/volcanes.net\/?p=13167","name":"#Video: Anais Burgos presenta el proyecto \"Ench\u00falame mi barrio\" - Volcanes","isPartOf":{"@id":"https:\/\/volcanes.net\/#website"},"primaryImageOfPage":{"@id":"https:\/\/volcanes.net\/?p=13167#primaryimage"},"image":{"@id":"https:\/\/volcanes.net\/?p=13167#primaryimage"},"thumbnailUrl":"https:\/\/volcanes.net\/wp-content\/uploads\/2022\/09\/Presenta-la-diputada-Anais-Burgos-el-proyecto-Enchulame-mi-barrio..jpeg","datePublished":"2022-10-01T03:00:35+00:00","breadcrumb":{"@id":"https:\/\/volcanes.net\/?p=13167#breadcrumb"},"inLanguage":"es","potentialAction":[{"@type":"ReadAction","target":["https:\/\/volcanes.net\/?p=13167"]}]},{"@type":"ImageObject","inLanguage":"es","@id":"https:\/\/volcanes.net\/?p=13167#primaryimage","url":"https:\/\/volcanes.net\/wp-content\/uploads\/2022\/09\/Presenta-la-diputada-Anais-Burgos-el-proyecto-Enchulame-mi-barrio..jpeg","contentUrl":"https:\/\/volcanes.net\/wp-content\/uploads\/2022\/09\/Presenta-la-diputada-Anais-Burgos-el-proyecto-Enchulame-mi-barrio..jpeg","width":1280,"height":720},{"@type":"BreadcrumbList","@id":"https:\/\/volcanes.net\/?p=13167#breadcrumb","itemListElement":[{"@type":"ListItem","position":1,"name":"Portada","item":"https:\/\/volcanes.net\/"},{"@type":"ListItem","position":2,"name":"#Video: Anais Burgos presenta el proyecto &#8220;Ench\u00falame mi barrio&#8221;"}]},{"@type":"WebSite","@id":"https:\/\/volcanes.net\/#website","url":"https:\/\/volcanes.net\/","name":"Volcanes.Net","description":"Periodismo Profesional","publisher":{"@id":"https:\/\/volcanes.net\/#organization"},"potentialAction":[{"@type":"SearchAction","target":{"@type":"EntryPoint","urlTemplate":"https:\/\/volcanes.net\/?s={search_term_string}"},"query-input":{"@type":"PropertyValueSpecification","valueRequired":true,"valueName":"search_term_string"}}],"inLanguage":"es"},{"@type":"Organization","@id":"https:\/\/volcanes.net\/#organization","name":"Grupo Volcanes","url":"https:\/\/volcanes.net\/","logo":{"@type":"ImageObject","inLanguage":"es","@id":"https:\/\/volcanes.net\/#\/schema\/logo\/image\/","url":"http:\/\/volcanes.net\/wp-content\/uploads\/2017\/12\/Avatar2.jpg","contentUrl":"http:\/\/volcanes.net\/wp-content\/uploads\/2017\/12\/Avatar2.jpg","width":378,"height":378,"caption":"Grupo Volcanes"},"image":{"@id":"https:\/\/volcanes.net\/#\/schema\/logo\/image\/"},"sameAs":["https:\/\/www.facebook.com\/volcanes.net\/"]},{"@type":"Person","@id":"https:\/\/volcanes.net\/#\/schema\/person\/4bf0f383940966a4abd53f5048c0e6b9","name":"admin","image":{"@type":"ImageObject","inLanguage":"es","@id":"https:\/\/volcanes.net\/#\/schema\/person\/image\/","url":"https:\/\/secure.gravatar.com\/avatar\/ca004e6cba8462b8cb7abc86e382930c?s=96&d=mm&r=g","contentUrl":"https:\/\/secure.gravatar.com\/avatar\/ca004e6cba8462b8cb7abc86e382930c?s=96&d=mm&r=g","caption":"admin"}}]}},"_links":{"self":[{"href":"https:\/\/volcanes.net\/index.php?rest_route=\/wp\/v2\/posts\/13167"}],"collection":[{"href":"https:\/\/volcanes.net\/index.php?rest_route=\/wp\/v2\/posts"}],"about":[{"href":"https:\/\/volcanes.net\/index.php?rest_route=\/wp\/v2\/types\/post"}],"author":[{"embeddable":true,"href":"https:\/\/volcanes.net\/index.php?rest_route=\/wp\/v2\/users\/1"}],"replies":[{"embeddable":true,"href":"https:\/\/volcanes.net\/index.php?rest_route=%2Fwp%2Fv2%2Fcomments&post=13167"}],"version-history":[{"count":1,"href":"https:\/\/volcanes.net\/index.php?rest_route=\/wp\/v2\/posts\/13167\/revisions"}],"predecessor-version":[{"id":13169,"href":"https:\/\/volcanes.net\/index.php?rest_route=\/wp\/v2\/posts\/13167\/revisions\/13169"}],"wp:featuredmedia":[{"embeddable":true,"href":"https:\/\/volcanes.net\/index.php?rest_route=\/wp\/v2\/media\/13168"}],"wp:attachment":[{"href":"https:\/\/volcanes.net\/index.php?rest_route=%2Fwp%2Fv2%2Fmedia&parent=13167"}],"wp:term":[{"taxonomy":"category","embeddable":true,"href":"https:\/\/volcanes.net\/index.php?rest_route=%2Fwp%2Fv2%2Fcategories&post=13167"},{"taxonomy":"post_tag","embeddable":true,"href":"https:\/\/volcanes.net\/index.php?rest_route=%2Fwp%2Fv2%2Ftags&post=13167"}],"curies":[{"name":"wp","href":"https:\/\/api.w.org\/{rel}","templated":true}]}}