{"id":1317,"date":"2018-02-21T02:06:58","date_gmt":"2018-02-21T02:06:58","guid":{"rendered":"http:\/\/volcanes.net\/?p=1317"},"modified":"2018-02-21T02:06:58","modified_gmt":"2018-02-21T02:06:58","slug":"incluir-yoga-deportivo-en-las-escuelas-de-educacion-basica-como-herramienta-para-revertir-la-violencia-piden-al-senado","status":"publish","type":"post","link":"https:\/\/volcanes.net\/?p=1317","title":{"rendered":"Incluir yoga deportivo en las escuelas de educaci\u00f3n b\u00e1sica como herramienta para revertir la violencia, piden al Senado"},"content":{"rendered":"<div style=\"margin-top: 0px; margin-bottom: 0px;\" class=\"sharethis-inline-share-buttons\" ><\/div><p class=\"m_4263132257306592338m_7834926986920569768gmail-m_7592623131578736993gmail-SUMARIOS\"><span lang=\"ES-TRAD\">\u00b7\u00a0\u00a0\u00a0\u00a0\u00a0\u00a0\u00a0\u00a0\u00a0<\/span><span lang=\"ES-TRAD\">Suman 28 millones los ni\u00f1os y adolescentes que enfrentan acoso y maltrato.<\/span><\/p>\n<p class=\"m_4263132257306592338m_7834926986920569768gmail-m_7592623131578736993gmail-SUMARIOS\"><span lang=\"ES-TRAD\">\u00a0<\/span><\/p>\n<p class=\"m_4263132257306592338m_7834926986920569768gmail-m_7592623131578736993gmail-CUERPO\"><span lang=\"ES-TRAD\">Al reconocer la gravedad de los niveles de acoso o bullying en las escuelas, las senadoras Luz Mar\u00eda Beristain Navarrete y Diva Hadamira Gast\u00e9lum Bajo,\u00a0\u00a0se comprometieron a respaldar la propuesta de organizaciones civiles para incluir el yoga deportivo en las escuelas de educaci\u00f3n b\u00e1sica.<\/span><\/p>\n<p class=\"m_4263132257306592338m_7834926986920569768gmail-m_7592623131578736993gmail-CUERPO\"><span lang=\"ES-TRAD\">\u00a0<\/span><\/p>\n<p class=\"m_4263132257306592338m_7834926986920569768gmail-m_7592623131578736993gmail-CUERPO\"><span lang=\"ES-TRAD\">La legisladora del Grupo Parlamentario del PT recibi\u00f3 la propuesta de los presidentes de la Fundaci\u00f3n Honoris Causa Marco Tardelli y la Federaci\u00f3n Mexicana de Yoga Deportivo, Liliana S\u00e1nchez, durante actividades art\u00edsticas y educativas en la sede del Senado.<\/span><\/p>\n<p class=\"m_4263132257306592338m_7834926986920569768gmail-m_7592623131578736993gmail-CUERPO\"><span lang=\"ES-TRAD\">\u00a0<\/span><\/p>\n<p class=\"m_4263132257306592338m_7834926986920569768gmail-m_7592623131578736993gmail-CUERPO\"><span lang=\"ES-TRAD\">Beristain Navarrete adopt\u00f3 como propia la propuesta de organizaciones civiles y la presentar\u00e1 como iniciativa de adici\u00f3n a la fracci\u00f3n I del art\u00edculo 59 de la Ley General de los Derechos de Ni\u00f1as, Ni\u00f1os y Adolescentes, ante el aumento de violencia entre estudiantes.<\/span><\/p>\n<p class=\"m_4263132257306592338m_7834926986920569768gmail-m_7592623131578736993gmail-CUERPO\"><span lang=\"ES-TRAD\">\u00a0<\/span><\/p>\n<p class=\"m_4263132257306592338m_7834926986920569768gmail-m_7592623131578736993gmail-CUERPO\"><span lang=\"ES-TRAD\">La senadora del Grupo Parlamentario del PRI anunci\u00f3 que respaldar\u00e1 a la propuesta, al ser compromiso de las senadoras y senadores emprender las acciones legislativas que sirvan para restablecer la tranquilidad,\u00a0\u00a0en especial dar garant\u00edas para un \u00f3ptimo desarrollo de ni\u00f1as, ni\u00f1os y adolescentes.<\/span><\/p>\n<p class=\"m_4263132257306592338m_7834926986920569768gmail-m_7592623131578736993gmail-CUERPO\"><span lang=\"ES-TRAD\">\u00a0<\/span><\/p>\n<p class=\"m_4263132257306592338m_7834926986920569768gmail-m_7592623131578736993gmail-CUERPO\"><span lang=\"ES-TRAD\">\u201cNecesitamos de la uni\u00f3n de las senadoras y senadores\u201d, apuntaron Marco Tardelli y Liliana S\u00e1nchez, acompa\u00f1ados de instructores y practicantes de yoga vestidos de blanco, que acompa\u00f1aron a las legisladoras del PT y PRD al escenario instalado en la Plaza Luis Pasteur, donde Ra\u00fal Hern\u00e1ndez\u00a0\u00a0y Guadalupe Olivo, de los Tigres del Norte , interpretaron famosos corridos.<\/span><\/p>\n<p class=\"m_4263132257306592338m_7834926986920569768gmail-m_7592623131578736993gmail-CUERPO\"><span lang=\"ES-TRAD\">\u00a0<\/span><\/p>\n<p class=\"m_4263132257306592338m_7834926986920569768gmail-m_7592623131578736993gmail-CUERPO\"><span lang=\"ES-TRAD\">El estudio del organismo Internacional Bullying Sin Fronteras para Am\u00e9rica Latina y Espa\u00f1a, realizado entre noviembre de 2016 y el mismo mes de 2017, se\u00f1ala que\u00a0\u00a0M\u00e9xico es el pa\u00eds donde m\u00e1s maltrato escolar se registra.<\/span><\/p>\n<p class=\"m_4263132257306592338m_7834926986920569768gmail-m_7592623131578736993gmail-CUERPO\"><span lang=\"ES-TRAD\">\u00a0<\/span><\/p>\n<p class=\"m_4263132257306592338m_7834926986920569768gmail-m_7592623131578736993gmail-CUERPO\"><span lang=\"ES-TRAD\">Precisa que 7 de cada 10 estudiantes del nivel b\u00e1sico sufren a diario alg\u00fan de tipo de acoso; es decir, 28 millones de ni\u00f1os y adolescentes enfrentan\u00a0\u00a0esta situaci\u00f3n, indica la iniciativa de la senadora del Grupo Parlamentario del PT.<\/span><\/p>\n<p class=\"m_4263132257306592338m_7834926986920569768gmail-m_7592623131578736993gmail-CUERPO\"><span lang=\"ES-TRAD\">\u00a0<\/span><\/p>\n<p class=\"m_4263132257306592338m_7834926986920569768gmail-m_7592623131578736993gmail-CUERPO\"><span lang=\"ES-TRAD\">El art\u00edculo 59 de la ley en menci\u00f3n refiere que, \u201csin perjuicio de lo dispuesto en otras disposiciones aplicables, las autoridades competentes llevar\u00e1n a cabo las acciones necesarias para propiciar las condiciones id\u00f3neas para crear un ambiente libre de violencia en las instituciones educativas\u2026\u201d<\/span><\/p>\n<p class=\"m_4263132257306592338m_7834926986920569768gmail-m_7592623131578736993gmail-CUERPO\"><span lang=\"ES-TRAD\">\u00a0<\/span><\/p>\n<p class=\"m_4263132257306592338m_7834926986920569768gmail-m_7592623131578736993gmail-CUERPO\"><span lang=\"ES-TRAD\">La adici\u00f3n propuesta precisa: \u201cDichas estrategias y acciones sin ser limitativo podr\u00e1n complementarse por medio de la impartici\u00f3n de actividades f\u00edsico-deportivas, que fomenten la meditaci\u00f3n y relajaci\u00f3n mental, en el marco del Estado Laico, velando en todo momento por el inter\u00e9s superior de la ni\u00f1ez y en pleno cumplimiento con los tratados internacionales de la materia de los que M\u00e9xico sea parte\u201d.<\/span><\/p>\n<p class=\"m_4263132257306592338m_7834926986920569768gmail-m_7592623131578736993gmail-CUERPO\"><span lang=\"ES-TRAD\">\u00a0<\/span><\/p>\n<p class=\"m_4263132257306592338m_7834926986920569768gmail-m_7592623131578736993gmail-CUERPO\"><span lang=\"ES-TRAD\">Los yoguis procedieron a realizar la Cadena Humana por La Paz al exterior del Senado,\u00a0\u00a0\u00a0posteriormente acompa\u00f1aron a\u00a0\u00a0la senadora Beristain Navarrete a la inauguraci\u00f3n n el Patio del Federalismo la\u00a0\u00a0exposici\u00f3n fotogr\u00e1fica \u201cYoga por la Paz y la Salud\u201d,\u00a0\u00a0del artista Alejandro Loccoco, en la que estuvo presente la diputada federal Norma X\u00f3chitl Hern\u00e1ndez Col\u00edn, de Morena.<\/span><\/p>\n<p class=\"m_4263132257306592338m_7834926986920569768gmail-m_7592623131578736993gmail-CUERPO\"><span lang=\"ES-TRAD\">\u00a0<\/span><\/p>\n<p class=\"m_4263132257306592338m_7834926986920569768gmail-m_7592623131578736993gmail-CUERPO\"><span lang=\"ES-TRAD\">Durante el foro \u201cYoga en la educaci\u00f3n b\u00e1sica\u201d, realizado en salones del edificio del Hemiciclo, los especialistas explicaron que el yoga reduce la ansiedad en los ni\u00f1os, y les fomenta el respeto hacia su persona y los dem\u00e1s, lo cual permite generar un ambiente de cordialidad y tranquilidad.<\/span><\/p>\n<p class=\"m_4263132257306592338m_7834926986920569768gmail-m_7592623131578736993gmail-CUERPO\"><span lang=\"ES-TRAD\">\u00a0<\/span><\/p>\n<p class=\"m_4263132257306592338m_7834926986920569768gmail-m_7592623131578736993gmail-CUERPO\"><span lang=\"ES-TRAD\">Adem\u00e1s, proporciona las herramientas para lograr una mayor atenci\u00f3n y mejor aprendizaje, lo que a su vez mejora el rendimiento escolar.<\/span><\/p>\n","protected":false},"excerpt":{"rendered":"<p>\u00b7\u00a0\u00a0\u00a0\u00a0\u00a0\u00a0\u00a0\u00a0\u00a0Suman 28 millones los ni\u00f1os y adolescentes que enfrentan acoso y maltrato. \u00a0 Al reconocer<\/p>\n","protected":false},"author":1,"featured_media":1318,"comment_status":"open","ping_status":"open","sticky":false,"template":"","format":"standard","meta":{"footnotes":""},"categories":[1],"tags":[72],"class_list":["post-1317","post","type-post","status-publish","format-standard","has-post-thumbnail","hentry","category-municipales","tag-senado-de-la-republica"],"yoast_head":"<!-- This site is optimized with the Yoast SEO plugin v25.3 - https:\/\/yoast.com\/wordpress\/plugins\/seo\/ -->\n<title>Incluir yoga deportivo en las escuelas de educaci\u00f3n b\u00e1sica como herramienta para revertir la violencia, piden al Senado - Volcanes<\/title>\n<meta name=\"robots\" content=\"index, follow, max-snippet:-1, max-image-preview:large, max-video-preview:-1\" \/>\n<link rel=\"canonical\" href=\"https:\/\/volcanes.net\/?p=1317\" \/>\n<meta property=\"og:locale\" content=\"es_MX\" \/>\n<meta property=\"og:type\" content=\"article\" \/>\n<meta property=\"og:title\" content=\"Incluir yoga deportivo en las escuelas de educaci\u00f3n b\u00e1sica como herramienta para revertir la violencia, piden al Senado - Volcanes\" \/>\n<meta property=\"og:description\" content=\"\u00b7\u00a0\u00a0\u00a0\u00a0\u00a0\u00a0\u00a0\u00a0\u00a0Suman 28 millones los ni\u00f1os y adolescentes que enfrentan acoso y maltrato. \u00a0 Al reconocer\" \/>\n<meta property=\"og:url\" content=\"https:\/\/volcanes.net\/?p=1317\" \/>\n<meta property=\"og:site_name\" content=\"Volcanes\" \/>\n<meta property=\"article:publisher\" content=\"https:\/\/www.facebook.com\/volcanes.net\/\" \/>\n<meta property=\"article:published_time\" content=\"2018-02-21T02:06:58+00:00\" \/>\n<meta property=\"og:image\" content=\"https:\/\/volcanes.net\/wp-content\/uploads\/2018\/02\/200218-Foro-Yoga-en-la-Educacio\u0301n-Ba\u0301sica-6.jpg\" \/>\n\t<meta property=\"og:image:width\" content=\"552\" \/>\n\t<meta property=\"og:image:height\" content=\"368\" \/>\n\t<meta property=\"og:image:type\" content=\"image\/jpeg\" \/>\n<meta name=\"author\" content=\"admin\" \/>\n<meta name=\"twitter:card\" content=\"summary_large_image\" \/>\n<meta name=\"twitter:label1\" content=\"Escrito por\" \/>\n\t<meta name=\"twitter:data1\" content=\"admin\" \/>\n\t<meta name=\"twitter:label2\" content=\"Tiempo de lectura\" \/>\n\t<meta name=\"twitter:data2\" content=\"3 minutos\" \/>\n<script type=\"application\/ld+json\" class=\"yoast-schema-graph\">{\"@context\":\"https:\/\/schema.org\",\"@graph\":[{\"@type\":\"Article\",\"@id\":\"https:\/\/volcanes.net\/?p=1317#article\",\"isPartOf\":{\"@id\":\"https:\/\/volcanes.net\/?p=1317\"},\"author\":{\"name\":\"admin\",\"@id\":\"https:\/\/volcanes.net\/#\/schema\/person\/4bf0f383940966a4abd53f5048c0e6b9\"},\"headline\":\"Incluir yoga deportivo en las escuelas de educaci\u00f3n b\u00e1sica como herramienta para revertir la violencia, piden al Senado\",\"datePublished\":\"2018-02-21T02:06:58+00:00\",\"mainEntityOfPage\":{\"@id\":\"https:\/\/volcanes.net\/?p=1317\"},\"wordCount\":619,\"commentCount\":0,\"publisher\":{\"@id\":\"https:\/\/volcanes.net\/#organization\"},\"image\":{\"@id\":\"https:\/\/volcanes.net\/?p=1317#primaryimage\"},\"thumbnailUrl\":\"https:\/\/volcanes.net\/wp-content\/uploads\/2018\/02\/200218-Foro-Yoga-en-la-Educacio\u0301n-Ba\u0301sica-6.jpg\",\"keywords\":[\"Senado de la Rep\u00fablica\"],\"articleSection\":[\"Municipales\"],\"inLanguage\":\"es\",\"potentialAction\":[{\"@type\":\"CommentAction\",\"name\":\"Comment\",\"target\":[\"https:\/\/volcanes.net\/?p=1317#respond\"]}]},{\"@type\":\"WebPage\",\"@id\":\"https:\/\/volcanes.net\/?p=1317\",\"url\":\"https:\/\/volcanes.net\/?p=1317\",\"name\":\"Incluir yoga deportivo en las escuelas de educaci\u00f3n b\u00e1sica como herramienta para revertir la violencia, piden al Senado - Volcanes\",\"isPartOf\":{\"@id\":\"https:\/\/volcanes.net\/#website\"},\"primaryImageOfPage\":{\"@id\":\"https:\/\/volcanes.net\/?p=1317#primaryimage\"},\"image\":{\"@id\":\"https:\/\/volcanes.net\/?p=1317#primaryimage\"},\"thumbnailUrl\":\"https:\/\/volcanes.net\/wp-content\/uploads\/2018\/02\/200218-Foro-Yoga-en-la-Educacio\u0301n-Ba\u0301sica-6.jpg\",\"datePublished\":\"2018-02-21T02:06:58+00:00\",\"breadcrumb\":{\"@id\":\"https:\/\/volcanes.net\/?p=1317#breadcrumb\"},\"inLanguage\":\"es\",\"potentialAction\":[{\"@type\":\"ReadAction\",\"target\":[\"https:\/\/volcanes.net\/?p=1317\"]}]},{\"@type\":\"ImageObject\",\"inLanguage\":\"es\",\"@id\":\"https:\/\/volcanes.net\/?p=1317#primaryimage\",\"url\":\"https:\/\/volcanes.net\/wp-content\/uploads\/2018\/02\/200218-Foro-Yoga-en-la-Educacio\u0301n-Ba\u0301sica-6.jpg\",\"contentUrl\":\"https:\/\/volcanes.net\/wp-content\/uploads\/2018\/02\/200218-Foro-Yoga-en-la-Educacio\u0301n-Ba\u0301sica-6.jpg\",\"width\":552,\"height\":368},{\"@type\":\"BreadcrumbList\",\"@id\":\"https:\/\/volcanes.net\/?p=1317#breadcrumb\",\"itemListElement\":[{\"@type\":\"ListItem\",\"position\":1,\"name\":\"Portada\",\"item\":\"https:\/\/volcanes.net\/\"},{\"@type\":\"ListItem\",\"position\":2,\"name\":\"Incluir yoga deportivo en las escuelas de educaci\u00f3n b\u00e1sica como herramienta para revertir la violencia, piden al Senado\"}]},{\"@type\":\"WebSite\",\"@id\":\"https:\/\/volcanes.net\/#website\",\"url\":\"https:\/\/volcanes.net\/\",\"name\":\"Volcanes.Net\",\"description\":\"Periodismo Profesional\",\"publisher\":{\"@id\":\"https:\/\/volcanes.net\/#organization\"},\"potentialAction\":[{\"@type\":\"SearchAction\",\"target\":{\"@type\":\"EntryPoint\",\"urlTemplate\":\"https:\/\/volcanes.net\/?s={search_term_string}\"},\"query-input\":{\"@type\":\"PropertyValueSpecification\",\"valueRequired\":true,\"valueName\":\"search_term_string\"}}],\"inLanguage\":\"es\"},{\"@type\":\"Organization\",\"@id\":\"https:\/\/volcanes.net\/#organization\",\"name\":\"Grupo Volcanes\",\"url\":\"https:\/\/volcanes.net\/\",\"logo\":{\"@type\":\"ImageObject\",\"inLanguage\":\"es\",\"@id\":\"https:\/\/volcanes.net\/#\/schema\/logo\/image\/\",\"url\":\"http:\/\/volcanes.net\/wp-content\/uploads\/2017\/12\/Avatar2.jpg\",\"contentUrl\":\"http:\/\/volcanes.net\/wp-content\/uploads\/2017\/12\/Avatar2.jpg\",\"width\":378,\"height\":378,\"caption\":\"Grupo Volcanes\"},\"image\":{\"@id\":\"https:\/\/volcanes.net\/#\/schema\/logo\/image\/\"},\"sameAs\":[\"https:\/\/www.facebook.com\/volcanes.net\/\"]},{\"@type\":\"Person\",\"@id\":\"https:\/\/volcanes.net\/#\/schema\/person\/4bf0f383940966a4abd53f5048c0e6b9\",\"name\":\"admin\",\"image\":{\"@type\":\"ImageObject\",\"inLanguage\":\"es\",\"@id\":\"https:\/\/volcanes.net\/#\/schema\/person\/image\/\",\"url\":\"https:\/\/secure.gravatar.com\/avatar\/ca004e6cba8462b8cb7abc86e382930c?s=96&d=mm&r=g\",\"contentUrl\":\"https:\/\/secure.gravatar.com\/avatar\/ca004e6cba8462b8cb7abc86e382930c?s=96&d=mm&r=g\",\"caption\":\"admin\"}}]}<\/script>\n<!-- \/ Yoast SEO plugin. -->","yoast_head_json":{"title":"Incluir yoga deportivo en las escuelas de educaci\u00f3n b\u00e1sica como herramienta para revertir la violencia, piden al Senado - Volcanes","robots":{"index":"index","follow":"follow","max-snippet":"max-snippet:-1","max-image-preview":"max-image-preview:large","max-video-preview":"max-video-preview:-1"},"canonical":"https:\/\/volcanes.net\/?p=1317","og_locale":"es_MX","og_type":"article","og_title":"Incluir yoga deportivo en las escuelas de educaci\u00f3n b\u00e1sica como herramienta para revertir la violencia, piden al Senado - Volcanes","og_description":"\u00b7\u00a0\u00a0\u00a0\u00a0\u00a0\u00a0\u00a0\u00a0\u00a0Suman 28 millones los ni\u00f1os y adolescentes que enfrentan acoso y maltrato. \u00a0 Al reconocer","og_url":"https:\/\/volcanes.net\/?p=1317","og_site_name":"Volcanes","article_publisher":"https:\/\/www.facebook.com\/volcanes.net\/","article_published_time":"2018-02-21T02:06:58+00:00","og_image":[{"width":552,"height":368,"url":"https:\/\/volcanes.net\/wp-content\/uploads\/2018\/02\/200218-Foro-Yoga-en-la-Educacio\u0301n-Ba\u0301sica-6.jpg","type":"image\/jpeg"}],"author":"admin","twitter_card":"summary_large_image","twitter_misc":{"Escrito por":"admin","Tiempo de lectura":"3 minutos"},"schema":{"@context":"https:\/\/schema.org","@graph":[{"@type":"Article","@id":"https:\/\/volcanes.net\/?p=1317#article","isPartOf":{"@id":"https:\/\/volcanes.net\/?p=1317"},"author":{"name":"admin","@id":"https:\/\/volcanes.net\/#\/schema\/person\/4bf0f383940966a4abd53f5048c0e6b9"},"headline":"Incluir yoga deportivo en las escuelas de educaci\u00f3n b\u00e1sica como herramienta para revertir la violencia, piden al Senado","datePublished":"2018-02-21T02:06:58+00:00","mainEntityOfPage":{"@id":"https:\/\/volcanes.net\/?p=1317"},"wordCount":619,"commentCount":0,"publisher":{"@id":"https:\/\/volcanes.net\/#organization"},"image":{"@id":"https:\/\/volcanes.net\/?p=1317#primaryimage"},"thumbnailUrl":"https:\/\/volcanes.net\/wp-content\/uploads\/2018\/02\/200218-Foro-Yoga-en-la-Educacio\u0301n-Ba\u0301sica-6.jpg","keywords":["Senado de la Rep\u00fablica"],"articleSection":["Municipales"],"inLanguage":"es","potentialAction":[{"@type":"CommentAction","name":"Comment","target":["https:\/\/volcanes.net\/?p=1317#respond"]}]},{"@type":"WebPage","@id":"https:\/\/volcanes.net\/?p=1317","url":"https:\/\/volcanes.net\/?p=1317","name":"Incluir yoga deportivo en las escuelas de educaci\u00f3n b\u00e1sica como herramienta para revertir la violencia, piden al Senado - Volcanes","isPartOf":{"@id":"https:\/\/volcanes.net\/#website"},"primaryImageOfPage":{"@id":"https:\/\/volcanes.net\/?p=1317#primaryimage"},"image":{"@id":"https:\/\/volcanes.net\/?p=1317#primaryimage"},"thumbnailUrl":"https:\/\/volcanes.net\/wp-content\/uploads\/2018\/02\/200218-Foro-Yoga-en-la-Educacio\u0301n-Ba\u0301sica-6.jpg","datePublished":"2018-02-21T02:06:58+00:00","breadcrumb":{"@id":"https:\/\/volcanes.net\/?p=1317#breadcrumb"},"inLanguage":"es","potentialAction":[{"@type":"ReadAction","target":["https:\/\/volcanes.net\/?p=1317"]}]},{"@type":"ImageObject","inLanguage":"es","@id":"https:\/\/volcanes.net\/?p=1317#primaryimage","url":"https:\/\/volcanes.net\/wp-content\/uploads\/2018\/02\/200218-Foro-Yoga-en-la-Educacio\u0301n-Ba\u0301sica-6.jpg","contentUrl":"https:\/\/volcanes.net\/wp-content\/uploads\/2018\/02\/200218-Foro-Yoga-en-la-Educacio\u0301n-Ba\u0301sica-6.jpg","width":552,"height":368},{"@type":"BreadcrumbList","@id":"https:\/\/volcanes.net\/?p=1317#breadcrumb","itemListElement":[{"@type":"ListItem","position":1,"name":"Portada","item":"https:\/\/volcanes.net\/"},{"@type":"ListItem","position":2,"name":"Incluir yoga deportivo en las escuelas de educaci\u00f3n b\u00e1sica como herramienta para revertir la violencia, piden al Senado"}]},{"@type":"WebSite","@id":"https:\/\/volcanes.net\/#website","url":"https:\/\/volcanes.net\/","name":"Volcanes.Net","description":"Periodismo Profesional","publisher":{"@id":"https:\/\/volcanes.net\/#organization"},"potentialAction":[{"@type":"SearchAction","target":{"@type":"EntryPoint","urlTemplate":"https:\/\/volcanes.net\/?s={search_term_string}"},"query-input":{"@type":"PropertyValueSpecification","valueRequired":true,"valueName":"search_term_string"}}],"inLanguage":"es"},{"@type":"Organization","@id":"https:\/\/volcanes.net\/#organization","name":"Grupo Volcanes","url":"https:\/\/volcanes.net\/","logo":{"@type":"ImageObject","inLanguage":"es","@id":"https:\/\/volcanes.net\/#\/schema\/logo\/image\/","url":"http:\/\/volcanes.net\/wp-content\/uploads\/2017\/12\/Avatar2.jpg","contentUrl":"http:\/\/volcanes.net\/wp-content\/uploads\/2017\/12\/Avatar2.jpg","width":378,"height":378,"caption":"Grupo Volcanes"},"image":{"@id":"https:\/\/volcanes.net\/#\/schema\/logo\/image\/"},"sameAs":["https:\/\/www.facebook.com\/volcanes.net\/"]},{"@type":"Person","@id":"https:\/\/volcanes.net\/#\/schema\/person\/4bf0f383940966a4abd53f5048c0e6b9","name":"admin","image":{"@type":"ImageObject","inLanguage":"es","@id":"https:\/\/volcanes.net\/#\/schema\/person\/image\/","url":"https:\/\/secure.gravatar.com\/avatar\/ca004e6cba8462b8cb7abc86e382930c?s=96&d=mm&r=g","contentUrl":"https:\/\/secure.gravatar.com\/avatar\/ca004e6cba8462b8cb7abc86e382930c?s=96&d=mm&r=g","caption":"admin"}}]}},"_links":{"self":[{"href":"https:\/\/volcanes.net\/index.php?rest_route=\/wp\/v2\/posts\/1317"}],"collection":[{"href":"https:\/\/volcanes.net\/index.php?rest_route=\/wp\/v2\/posts"}],"about":[{"href":"https:\/\/volcanes.net\/index.php?rest_route=\/wp\/v2\/types\/post"}],"author":[{"embeddable":true,"href":"https:\/\/volcanes.net\/index.php?rest_route=\/wp\/v2\/users\/1"}],"replies":[{"embeddable":true,"href":"https:\/\/volcanes.net\/index.php?rest_route=%2Fwp%2Fv2%2Fcomments&post=1317"}],"version-history":[{"count":1,"href":"https:\/\/volcanes.net\/index.php?rest_route=\/wp\/v2\/posts\/1317\/revisions"}],"predecessor-version":[{"id":1319,"href":"https:\/\/volcanes.net\/index.php?rest_route=\/wp\/v2\/posts\/1317\/revisions\/1319"}],"wp:featuredmedia":[{"embeddable":true,"href":"https:\/\/volcanes.net\/index.php?rest_route=\/wp\/v2\/media\/1318"}],"wp:attachment":[{"href":"https:\/\/volcanes.net\/index.php?rest_route=%2Fwp%2Fv2%2Fmedia&parent=1317"}],"wp:term":[{"taxonomy":"category","embeddable":true,"href":"https:\/\/volcanes.net\/index.php?rest_route=%2Fwp%2Fv2%2Fcategories&post=1317"},{"taxonomy":"post_tag","embeddable":true,"href":"https:\/\/volcanes.net\/index.php?rest_route=%2Fwp%2Fv2%2Ftags&post=1317"}],"curies":[{"name":"wp","href":"https:\/\/api.w.org\/{rel}","templated":true}]}}