{"id":13175,"date":"2022-10-01T19:23:56","date_gmt":"2022-10-02T01:23:56","guid":{"rendered":"http:\/\/volcanes.net\/?p=13175"},"modified":"2022-10-01T19:23:56","modified_gmt":"2022-10-02T01:23:56","slug":"video-fraccionamiento-bosques-de-xico-tiene-certeza-juridica","status":"publish","type":"post","link":"https:\/\/volcanes.net\/?p=13175","title":{"rendered":"Video: Fraccionamiento Bosques de Xico tiene certeza jur\u00eddica"},"content":{"rendered":"<div style=\"margin-top: 0px; margin-bottom: 0px;\" class=\"sharethis-inline-share-buttons\" ><\/div><p>#Atenci\u00f3n \u270d\ufe0f | Se realiz\u00f3 una Asamblea informativa en Bosques de Xico d\u00f3nde los ejidatarios de San Juan Ixtayopan explicaron ampliamente sobre la certeza jur\u00eddica en la posesi\u00f3n de los lotes que tienen los avecindados del fraccionamiento Bosques de Xico.<br \/>\nSe inform\u00f3 que los procesos para la obtenci\u00f3n de sus t\u00edtulos de propiedad est\u00e1n en tr\u00e1mite como se ha informado anteriormente.<\/p>\n","protected":false},"excerpt":{"rendered":"<p>#Atenci\u00f3n \u270d\ufe0f | Se realiz\u00f3 una Asamblea informativa en Bosques de Xico d\u00f3nde los ejidatarios<\/p>\n","protected":false},"author":1,"featured_media":13176,"comment_status":"open","ping_status":"open","sticky":false,"template":"","format":"video","meta":{"footnotes":""},"categories":[1],"tags":[5],"class_list":["post-13175","post","type-post","status-publish","format-video","has-post-thumbnail","hentry","category-municipales","tag-valle-de-chalco","post_format-post-format-video","has-post-video"],"yoast_head":"<!-- This site is optimized with the Yoast SEO plugin v25.3 - https:\/\/yoast.com\/wordpress\/plugins\/seo\/ -->\n<title>Video: Fraccionamiento Bosques de Xico tiene certeza jur\u00eddica - Volcanes<\/title>\n<meta name=\"description\" content=\"Se realiz\u00f3 una Asamblea informativa en Bosques de Xico d\u00f3nde los ejidatarios de San Juan Ixtayopan explicaron ampliamente sobre la certeza jur\u00eddica en la posesi\u00f3n de los lotes que tienen los avecindados del fraccionamiento Bosques de Xico.\" \/>\n<meta name=\"robots\" content=\"index, follow, max-snippet:-1, max-image-preview:large, max-video-preview:-1\" \/>\n<link rel=\"canonical\" href=\"https:\/\/volcanes.net\/?p=13175\" \/>\n<meta property=\"og:locale\" content=\"es_MX\" \/>\n<meta property=\"og:type\" content=\"article\" \/>\n<meta property=\"og:title\" content=\"Video: Fraccionamiento Bosques de Xico tiene certeza jur\u00eddica - Volcanes\" \/>\n<meta property=\"og:description\" content=\"Se realiz\u00f3 una Asamblea informativa en Bosques de Xico d\u00f3nde los ejidatarios de San Juan Ixtayopan explicaron ampliamente sobre la certeza jur\u00eddica en la posesi\u00f3n de los lotes que tienen los avecindados del fraccionamiento Bosques de Xico.\" \/>\n<meta property=\"og:url\" content=\"https:\/\/volcanes.net\/?p=13175\" \/>\n<meta property=\"og:site_name\" content=\"Volcanes\" \/>\n<meta property=\"article:publisher\" content=\"https:\/\/www.facebook.com\/volcanes.net\/\" \/>\n<meta property=\"article:published_time\" content=\"2022-10-02T01:23:56+00:00\" \/>\n<meta property=\"og:image\" content=\"https:\/\/volcanes.net\/wp-content\/uploads\/2022\/10\/Se-realizo-una-Asamblea-informativa-en-Bosques-de-Xico..jpeg\" \/>\n\t<meta property=\"og:image:width\" content=\"1280\" \/>\n\t<meta property=\"og:image:height\" content=\"720\" \/>\n\t<meta property=\"og:image:type\" content=\"image\/jpeg\" \/>\n<meta name=\"author\" content=\"admin\" \/>\n<meta name=\"twitter:card\" content=\"summary_large_image\" \/>\n<meta name=\"twitter:label1\" content=\"Escrito por\" \/>\n\t<meta name=\"twitter:data1\" content=\"admin\" \/>\n\t<meta name=\"twitter:label2\" content=\"Tiempo de lectura\" \/>\n\t<meta name=\"twitter:data2\" content=\"1 minuto\" \/>\n<script type=\"application\/ld+json\" class=\"yoast-schema-graph\">{\"@context\":\"https:\/\/schema.org\",\"@graph\":[{\"@type\":\"Article\",\"@id\":\"https:\/\/volcanes.net\/?p=13175#article\",\"isPartOf\":{\"@id\":\"https:\/\/volcanes.net\/?p=13175\"},\"author\":{\"name\":\"admin\",\"@id\":\"https:\/\/volcanes.net\/#\/schema\/person\/4bf0f383940966a4abd53f5048c0e6b9\"},\"headline\":\"Video: Fraccionamiento Bosques de Xico tiene certeza jur\u00eddica\",\"datePublished\":\"2022-10-02T01:23:56+00:00\",\"mainEntityOfPage\":{\"@id\":\"https:\/\/volcanes.net\/?p=13175\"},\"wordCount\":76,\"commentCount\":0,\"publisher\":{\"@id\":\"https:\/\/volcanes.net\/#organization\"},\"image\":{\"@id\":\"https:\/\/volcanes.net\/?p=13175#primaryimage\"},\"thumbnailUrl\":\"https:\/\/volcanes.net\/wp-content\/uploads\/2022\/10\/Se-realizo-una-Asamblea-informativa-en-Bosques-de-Xico..jpeg\",\"keywords\":[\"Valle de Chalco\"],\"articleSection\":[\"Municipales\"],\"inLanguage\":\"es\",\"potentialAction\":[{\"@type\":\"CommentAction\",\"name\":\"Comment\",\"target\":[\"https:\/\/volcanes.net\/?p=13175#respond\"]}]},{\"@type\":\"WebPage\",\"@id\":\"https:\/\/volcanes.net\/?p=13175\",\"url\":\"https:\/\/volcanes.net\/?p=13175\",\"name\":\"Video: Fraccionamiento Bosques de Xico tiene certeza jur\u00eddica - Volcanes\",\"isPartOf\":{\"@id\":\"https:\/\/volcanes.net\/#website\"},\"primaryImageOfPage\":{\"@id\":\"https:\/\/volcanes.net\/?p=13175#primaryimage\"},\"image\":{\"@id\":\"https:\/\/volcanes.net\/?p=13175#primaryimage\"},\"thumbnailUrl\":\"https:\/\/volcanes.net\/wp-content\/uploads\/2022\/10\/Se-realizo-una-Asamblea-informativa-en-Bosques-de-Xico..jpeg\",\"datePublished\":\"2022-10-02T01:23:56+00:00\",\"description\":\"Se realiz\u00f3 una Asamblea informativa en Bosques de Xico d\u00f3nde los ejidatarios de San Juan Ixtayopan explicaron ampliamente sobre la certeza jur\u00eddica en la posesi\u00f3n de los lotes que tienen los avecindados del fraccionamiento Bosques de Xico.\",\"breadcrumb\":{\"@id\":\"https:\/\/volcanes.net\/?p=13175#breadcrumb\"},\"inLanguage\":\"es\",\"potentialAction\":[{\"@type\":\"ReadAction\",\"target\":[\"https:\/\/volcanes.net\/?p=13175\"]}]},{\"@type\":\"ImageObject\",\"inLanguage\":\"es\",\"@id\":\"https:\/\/volcanes.net\/?p=13175#primaryimage\",\"url\":\"https:\/\/volcanes.net\/wp-content\/uploads\/2022\/10\/Se-realizo-una-Asamblea-informativa-en-Bosques-de-Xico..jpeg\",\"contentUrl\":\"https:\/\/volcanes.net\/wp-content\/uploads\/2022\/10\/Se-realizo-una-Asamblea-informativa-en-Bosques-de-Xico..jpeg\",\"width\":1280,\"height\":720},{\"@type\":\"BreadcrumbList\",\"@id\":\"https:\/\/volcanes.net\/?p=13175#breadcrumb\",\"itemListElement\":[{\"@type\":\"ListItem\",\"position\":1,\"name\":\"Portada\",\"item\":\"https:\/\/volcanes.net\/\"},{\"@type\":\"ListItem\",\"position\":2,\"name\":\"Video: Fraccionamiento Bosques de Xico tiene certeza jur\u00eddica\"}]},{\"@type\":\"WebSite\",\"@id\":\"https:\/\/volcanes.net\/#website\",\"url\":\"https:\/\/volcanes.net\/\",\"name\":\"Volcanes.Net\",\"description\":\"Periodismo Profesional\",\"publisher\":{\"@id\":\"https:\/\/volcanes.net\/#organization\"},\"potentialAction\":[{\"@type\":\"SearchAction\",\"target\":{\"@type\":\"EntryPoint\",\"urlTemplate\":\"https:\/\/volcanes.net\/?s={search_term_string}\"},\"query-input\":{\"@type\":\"PropertyValueSpecification\",\"valueRequired\":true,\"valueName\":\"search_term_string\"}}],\"inLanguage\":\"es\"},{\"@type\":\"Organization\",\"@id\":\"https:\/\/volcanes.net\/#organization\",\"name\":\"Grupo Volcanes\",\"url\":\"https:\/\/volcanes.net\/\",\"logo\":{\"@type\":\"ImageObject\",\"inLanguage\":\"es\",\"@id\":\"https:\/\/volcanes.net\/#\/schema\/logo\/image\/\",\"url\":\"http:\/\/volcanes.net\/wp-content\/uploads\/2017\/12\/Avatar2.jpg\",\"contentUrl\":\"http:\/\/volcanes.net\/wp-content\/uploads\/2017\/12\/Avatar2.jpg\",\"width\":378,\"height\":378,\"caption\":\"Grupo Volcanes\"},\"image\":{\"@id\":\"https:\/\/volcanes.net\/#\/schema\/logo\/image\/\"},\"sameAs\":[\"https:\/\/www.facebook.com\/volcanes.net\/\"]},{\"@type\":\"Person\",\"@id\":\"https:\/\/volcanes.net\/#\/schema\/person\/4bf0f383940966a4abd53f5048c0e6b9\",\"name\":\"admin\",\"image\":{\"@type\":\"ImageObject\",\"inLanguage\":\"es\",\"@id\":\"https:\/\/volcanes.net\/#\/schema\/person\/image\/\",\"url\":\"https:\/\/secure.gravatar.com\/avatar\/ca004e6cba8462b8cb7abc86e382930c?s=96&d=mm&r=g\",\"contentUrl\":\"https:\/\/secure.gravatar.com\/avatar\/ca004e6cba8462b8cb7abc86e382930c?s=96&d=mm&r=g\",\"caption\":\"admin\"}}]}<\/script>\n<!-- \/ Yoast SEO plugin. -->","yoast_head_json":{"title":"Video: Fraccionamiento Bosques de Xico tiene certeza jur\u00eddica - Volcanes","description":"Se realiz\u00f3 una Asamblea informativa en Bosques de Xico d\u00f3nde los ejidatarios de San Juan Ixtayopan explicaron ampliamente sobre la certeza jur\u00eddica en la posesi\u00f3n de los lotes que tienen los avecindados del fraccionamiento Bosques de Xico.","robots":{"index":"index","follow":"follow","max-snippet":"max-snippet:-1","max-image-preview":"max-image-preview:large","max-video-preview":"max-video-preview:-1"},"canonical":"https:\/\/volcanes.net\/?p=13175","og_locale":"es_MX","og_type":"article","og_title":"Video: Fraccionamiento Bosques de Xico tiene certeza jur\u00eddica - Volcanes","og_description":"Se realiz\u00f3 una Asamblea informativa en Bosques de Xico d\u00f3nde los ejidatarios de San Juan Ixtayopan explicaron ampliamente sobre la certeza jur\u00eddica en la posesi\u00f3n de los lotes que tienen los avecindados del fraccionamiento Bosques de Xico.","og_url":"https:\/\/volcanes.net\/?p=13175","og_site_name":"Volcanes","article_publisher":"https:\/\/www.facebook.com\/volcanes.net\/","article_published_time":"2022-10-02T01:23:56+00:00","og_image":[{"width":1280,"height":720,"url":"https:\/\/volcanes.net\/wp-content\/uploads\/2022\/10\/Se-realizo-una-Asamblea-informativa-en-Bosques-de-Xico..jpeg","type":"image\/jpeg"}],"author":"admin","twitter_card":"summary_large_image","twitter_misc":{"Escrito por":"admin","Tiempo de lectura":"1 minuto"},"schema":{"@context":"https:\/\/schema.org","@graph":[{"@type":"Article","@id":"https:\/\/volcanes.net\/?p=13175#article","isPartOf":{"@id":"https:\/\/volcanes.net\/?p=13175"},"author":{"name":"admin","@id":"https:\/\/volcanes.net\/#\/schema\/person\/4bf0f383940966a4abd53f5048c0e6b9"},"headline":"Video: Fraccionamiento Bosques de Xico tiene certeza jur\u00eddica","datePublished":"2022-10-02T01:23:56+00:00","mainEntityOfPage":{"@id":"https:\/\/volcanes.net\/?p=13175"},"wordCount":76,"commentCount":0,"publisher":{"@id":"https:\/\/volcanes.net\/#organization"},"image":{"@id":"https:\/\/volcanes.net\/?p=13175#primaryimage"},"thumbnailUrl":"https:\/\/volcanes.net\/wp-content\/uploads\/2022\/10\/Se-realizo-una-Asamblea-informativa-en-Bosques-de-Xico..jpeg","keywords":["Valle de Chalco"],"articleSection":["Municipales"],"inLanguage":"es","potentialAction":[{"@type":"CommentAction","name":"Comment","target":["https:\/\/volcanes.net\/?p=13175#respond"]}]},{"@type":"WebPage","@id":"https:\/\/volcanes.net\/?p=13175","url":"https:\/\/volcanes.net\/?p=13175","name":"Video: Fraccionamiento Bosques de Xico tiene certeza jur\u00eddica - Volcanes","isPartOf":{"@id":"https:\/\/volcanes.net\/#website"},"primaryImageOfPage":{"@id":"https:\/\/volcanes.net\/?p=13175#primaryimage"},"image":{"@id":"https:\/\/volcanes.net\/?p=13175#primaryimage"},"thumbnailUrl":"https:\/\/volcanes.net\/wp-content\/uploads\/2022\/10\/Se-realizo-una-Asamblea-informativa-en-Bosques-de-Xico..jpeg","datePublished":"2022-10-02T01:23:56+00:00","description":"Se realiz\u00f3 una Asamblea informativa en Bosques de Xico d\u00f3nde los ejidatarios de San Juan Ixtayopan explicaron ampliamente sobre la certeza jur\u00eddica en la posesi\u00f3n de los lotes que tienen los avecindados del fraccionamiento Bosques de Xico.","breadcrumb":{"@id":"https:\/\/volcanes.net\/?p=13175#breadcrumb"},"inLanguage":"es","potentialAction":[{"@type":"ReadAction","target":["https:\/\/volcanes.net\/?p=13175"]}]},{"@type":"ImageObject","inLanguage":"es","@id":"https:\/\/volcanes.net\/?p=13175#primaryimage","url":"https:\/\/volcanes.net\/wp-content\/uploads\/2022\/10\/Se-realizo-una-Asamblea-informativa-en-Bosques-de-Xico..jpeg","contentUrl":"https:\/\/volcanes.net\/wp-content\/uploads\/2022\/10\/Se-realizo-una-Asamblea-informativa-en-Bosques-de-Xico..jpeg","width":1280,"height":720},{"@type":"BreadcrumbList","@id":"https:\/\/volcanes.net\/?p=13175#breadcrumb","itemListElement":[{"@type":"ListItem","position":1,"name":"Portada","item":"https:\/\/volcanes.net\/"},{"@type":"ListItem","position":2,"name":"Video: Fraccionamiento Bosques de Xico tiene certeza jur\u00eddica"}]},{"@type":"WebSite","@id":"https:\/\/volcanes.net\/#website","url":"https:\/\/volcanes.net\/","name":"Volcanes.Net","description":"Periodismo Profesional","publisher":{"@id":"https:\/\/volcanes.net\/#organization"},"potentialAction":[{"@type":"SearchAction","target":{"@type":"EntryPoint","urlTemplate":"https:\/\/volcanes.net\/?s={search_term_string}"},"query-input":{"@type":"PropertyValueSpecification","valueRequired":true,"valueName":"search_term_string"}}],"inLanguage":"es"},{"@type":"Organization","@id":"https:\/\/volcanes.net\/#organization","name":"Grupo Volcanes","url":"https:\/\/volcanes.net\/","logo":{"@type":"ImageObject","inLanguage":"es","@id":"https:\/\/volcanes.net\/#\/schema\/logo\/image\/","url":"http:\/\/volcanes.net\/wp-content\/uploads\/2017\/12\/Avatar2.jpg","contentUrl":"http:\/\/volcanes.net\/wp-content\/uploads\/2017\/12\/Avatar2.jpg","width":378,"height":378,"caption":"Grupo Volcanes"},"image":{"@id":"https:\/\/volcanes.net\/#\/schema\/logo\/image\/"},"sameAs":["https:\/\/www.facebook.com\/volcanes.net\/"]},{"@type":"Person","@id":"https:\/\/volcanes.net\/#\/schema\/person\/4bf0f383940966a4abd53f5048c0e6b9","name":"admin","image":{"@type":"ImageObject","inLanguage":"es","@id":"https:\/\/volcanes.net\/#\/schema\/person\/image\/","url":"https:\/\/secure.gravatar.com\/avatar\/ca004e6cba8462b8cb7abc86e382930c?s=96&d=mm&r=g","contentUrl":"https:\/\/secure.gravatar.com\/avatar\/ca004e6cba8462b8cb7abc86e382930c?s=96&d=mm&r=g","caption":"admin"}}]}},"_links":{"self":[{"href":"https:\/\/volcanes.net\/index.php?rest_route=\/wp\/v2\/posts\/13175"}],"collection":[{"href":"https:\/\/volcanes.net\/index.php?rest_route=\/wp\/v2\/posts"}],"about":[{"href":"https:\/\/volcanes.net\/index.php?rest_route=\/wp\/v2\/types\/post"}],"author":[{"embeddable":true,"href":"https:\/\/volcanes.net\/index.php?rest_route=\/wp\/v2\/users\/1"}],"replies":[{"embeddable":true,"href":"https:\/\/volcanes.net\/index.php?rest_route=%2Fwp%2Fv2%2Fcomments&post=13175"}],"version-history":[{"count":2,"href":"https:\/\/volcanes.net\/index.php?rest_route=\/wp\/v2\/posts\/13175\/revisions"}],"predecessor-version":[{"id":13178,"href":"https:\/\/volcanes.net\/index.php?rest_route=\/wp\/v2\/posts\/13175\/revisions\/13178"}],"wp:featuredmedia":[{"embeddable":true,"href":"https:\/\/volcanes.net\/index.php?rest_route=\/wp\/v2\/media\/13176"}],"wp:attachment":[{"href":"https:\/\/volcanes.net\/index.php?rest_route=%2Fwp%2Fv2%2Fmedia&parent=13175"}],"wp:term":[{"taxonomy":"category","embeddable":true,"href":"https:\/\/volcanes.net\/index.php?rest_route=%2Fwp%2Fv2%2Fcategories&post=13175"},{"taxonomy":"post_tag","embeddable":true,"href":"https:\/\/volcanes.net\/index.php?rest_route=%2Fwp%2Fv2%2Ftags&post=13175"}],"curies":[{"name":"wp","href":"https:\/\/api.w.org\/{rel}","templated":true}]}}