{"id":13180,"date":"2022-09-29T18:26:46","date_gmt":"2022-09-30T00:26:46","guid":{"rendered":"http:\/\/volcanes.net\/?p=13180"},"modified":"2022-10-03T18:29:33","modified_gmt":"2022-10-04T00:29:33","slug":"en-tenango-del-aire-inician-la-construccion-de-otra-aula-en-la-escuela-primaria-jose-maria-morelos","status":"publish","type":"post","link":"https:\/\/volcanes.net\/?p=13180","title":{"rendered":"En Tenango del Aire inician la construcci\u00f3n de otra aula en la escuela Primaria Jos\u00e9 Mar\u00eda Morelos"},"content":{"rendered":"<div style=\"margin-top: 0px; margin-bottom: 0px;\" class=\"sharethis-inline-share-buttons\" ><\/div><p>El gobierno municipal de Tenango del Aire dio inicio a la construcci\u00f3n de otra aula m\u00e1s en la escuela primaria Jos\u00e9 Mar\u00eda y Morelos, el presidente municipal, Roberto Avila Ventura dio a conocer que se est\u00e1n iniciando obras e todo el municipio e inform\u00f3 que en la escuela primaria\u00a0 Jos\u00e9 Mar\u00eda y Morelos ubicada en San mateo Tepopula se construye un aula m\u00e1s de 6&#215;8 metros.<br \/>\nDijo el presidente municipal que como administraci\u00f3n municipal se ha visto por todas las instituciones educativas, agreg\u00f3 el alcalde que pr\u00f3ximamente tambi\u00e9n ser\u00e1 beneficiada la escuela Ni\u00f1os H\u00e9roes nuevamente.<\/p>\n<p>Inform\u00f3 que la escuela primaria Jos\u00e9 Mar\u00eda Morelos ya se han construidas dos aulas y con esta ya sumar\u00edan tres aulas para beneficio de la comunidad estudiantil de esta centro escolar.<\/p>\n<p>Abund\u00f3 el alcalde que tambi\u00e9n se tiene proyectado construir una\u00a0 un comedor para beneficio de los estudiantes de en la telesecundaria San Juan Coxtoc\u00e1n, para de esta manera ir invirtiendo en cada una de las escuelas del municipio de Tenango del Aire, siendo equitativos, &#8220;vamos poniendo nuestro granito de arena para mejorar la educaci\u00f3n de nuestro M\u00e9xico&#8221;, recalc\u00f3 Avila Ventura, alcalde de este municipio.<\/p>\n<p>El presidente municipal inform\u00f3 que para la construcci\u00f3n de esta aula se ha destinado el recurso para que tenga todo lo b\u00e1sico pero sobre todo para que cumpla con las especificaciones que marca el Instituto Mexiquense de la Infraestructura F\u00edsica Educativa, IMIFE.<\/p>\n","protected":false},"excerpt":{"rendered":"<p>El gobierno municipal de Tenango del Aire dio inicio a la construcci\u00f3n de otra aula<\/p>\n","protected":false},"author":1,"featured_media":13181,"comment_status":"open","ping_status":"open","sticky":false,"template":"","format":"video","meta":{"footnotes":""},"categories":[1],"tags":[17],"class_list":["post-13180","post","type-post","status-publish","format-video","has-post-thumbnail","hentry","category-municipales","tag-tenango-del-aire","post_format-post-format-video","has-post-video"],"yoast_head":"<!-- This site is optimized with the Yoast SEO plugin v25.3 - https:\/\/yoast.com\/wordpress\/plugins\/seo\/ -->\n<title>En Tenango del Aire inician la construcci\u00f3n de otra aula en la escuela Primaria Jos\u00e9 Mar\u00eda Morelos - Volcanes<\/title>\n<meta name=\"description\" content=\"En Tenango del Aire inician la construcci\u00f3n de otra aula en la escuela Primaria Jos\u00e9 Mar\u00eda Morelos\" \/>\n<meta name=\"robots\" content=\"index, follow, max-snippet:-1, max-image-preview:large, max-video-preview:-1\" \/>\n<link rel=\"canonical\" href=\"https:\/\/volcanes.net\/?p=13180\" \/>\n<meta property=\"og:locale\" content=\"es_MX\" \/>\n<meta property=\"og:type\" content=\"article\" \/>\n<meta property=\"og:title\" content=\"En Tenango del Aire inician la construcci\u00f3n de otra aula en la escuela Primaria Jos\u00e9 Mar\u00eda Morelos - Volcanes\" \/>\n<meta property=\"og:description\" content=\"En Tenango del Aire inician la construcci\u00f3n de otra aula en la escuela Primaria Jos\u00e9 Mar\u00eda Morelos\" \/>\n<meta property=\"og:url\" content=\"https:\/\/volcanes.net\/?p=13180\" \/>\n<meta property=\"og:site_name\" content=\"Volcanes\" \/>\n<meta property=\"article:publisher\" content=\"https:\/\/www.facebook.com\/volcanes.net\/\" \/>\n<meta property=\"article:published_time\" content=\"2022-09-30T00:26:46+00:00\" \/>\n<meta property=\"article:modified_time\" content=\"2022-10-04T00:29:33+00:00\" \/>\n<meta property=\"og:image\" content=\"https:\/\/volcanes.net\/wp-content\/uploads\/2022\/10\/En-Tenango-del-Aire-inician-la-construccion-de-otra-aula-en-la-escuela-Primaria-Jose-Maria-Morelos..jpeg\" \/>\n\t<meta property=\"og:image:width\" content=\"1280\" \/>\n\t<meta property=\"og:image:height\" content=\"720\" \/>\n\t<meta property=\"og:image:type\" content=\"image\/jpeg\" \/>\n<meta name=\"author\" content=\"admin\" \/>\n<meta name=\"twitter:card\" content=\"summary_large_image\" \/>\n<meta name=\"twitter:label1\" content=\"Escrito por\" \/>\n\t<meta name=\"twitter:data1\" content=\"admin\" \/>\n\t<meta name=\"twitter:label2\" content=\"Tiempo de lectura\" \/>\n\t<meta name=\"twitter:data2\" content=\"2 minutos\" \/>\n<script type=\"application\/ld+json\" class=\"yoast-schema-graph\">{\"@context\":\"https:\/\/schema.org\",\"@graph\":[{\"@type\":\"Article\",\"@id\":\"https:\/\/volcanes.net\/?p=13180#article\",\"isPartOf\":{\"@id\":\"https:\/\/volcanes.net\/?p=13180\"},\"author\":{\"name\":\"admin\",\"@id\":\"https:\/\/volcanes.net\/#\/schema\/person\/4bf0f383940966a4abd53f5048c0e6b9\"},\"headline\":\"En Tenango del Aire inician la construcci\u00f3n de otra aula en la escuela Primaria Jos\u00e9 Mar\u00eda Morelos\",\"datePublished\":\"2022-09-30T00:26:46+00:00\",\"dateModified\":\"2022-10-04T00:29:33+00:00\",\"mainEntityOfPage\":{\"@id\":\"https:\/\/volcanes.net\/?p=13180\"},\"wordCount\":271,\"commentCount\":0,\"publisher\":{\"@id\":\"https:\/\/volcanes.net\/#organization\"},\"image\":{\"@id\":\"https:\/\/volcanes.net\/?p=13180#primaryimage\"},\"thumbnailUrl\":\"https:\/\/volcanes.net\/wp-content\/uploads\/2022\/10\/En-Tenango-del-Aire-inician-la-construccion-de-otra-aula-en-la-escuela-Primaria-Jose-Maria-Morelos..jpeg\",\"keywords\":[\"Tenango del Aire\"],\"articleSection\":[\"Municipales\"],\"inLanguage\":\"es\",\"potentialAction\":[{\"@type\":\"CommentAction\",\"name\":\"Comment\",\"target\":[\"https:\/\/volcanes.net\/?p=13180#respond\"]}]},{\"@type\":\"WebPage\",\"@id\":\"https:\/\/volcanes.net\/?p=13180\",\"url\":\"https:\/\/volcanes.net\/?p=13180\",\"name\":\"En Tenango del Aire inician la construcci\u00f3n de otra aula en la escuela Primaria Jos\u00e9 Mar\u00eda Morelos - Volcanes\",\"isPartOf\":{\"@id\":\"https:\/\/volcanes.net\/#website\"},\"primaryImageOfPage\":{\"@id\":\"https:\/\/volcanes.net\/?p=13180#primaryimage\"},\"image\":{\"@id\":\"https:\/\/volcanes.net\/?p=13180#primaryimage\"},\"thumbnailUrl\":\"https:\/\/volcanes.net\/wp-content\/uploads\/2022\/10\/En-Tenango-del-Aire-inician-la-construccion-de-otra-aula-en-la-escuela-Primaria-Jose-Maria-Morelos..jpeg\",\"datePublished\":\"2022-09-30T00:26:46+00:00\",\"dateModified\":\"2022-10-04T00:29:33+00:00\",\"description\":\"En Tenango del Aire inician la construcci\u00f3n de otra aula en la escuela Primaria Jos\u00e9 Mar\u00eda Morelos\",\"breadcrumb\":{\"@id\":\"https:\/\/volcanes.net\/?p=13180#breadcrumb\"},\"inLanguage\":\"es\",\"potentialAction\":[{\"@type\":\"ReadAction\",\"target\":[\"https:\/\/volcanes.net\/?p=13180\"]}]},{\"@type\":\"ImageObject\",\"inLanguage\":\"es\",\"@id\":\"https:\/\/volcanes.net\/?p=13180#primaryimage\",\"url\":\"https:\/\/volcanes.net\/wp-content\/uploads\/2022\/10\/En-Tenango-del-Aire-inician-la-construccion-de-otra-aula-en-la-escuela-Primaria-Jose-Maria-Morelos..jpeg\",\"contentUrl\":\"https:\/\/volcanes.net\/wp-content\/uploads\/2022\/10\/En-Tenango-del-Aire-inician-la-construccion-de-otra-aula-en-la-escuela-Primaria-Jose-Maria-Morelos..jpeg\",\"width\":1280,\"height\":720},{\"@type\":\"BreadcrumbList\",\"@id\":\"https:\/\/volcanes.net\/?p=13180#breadcrumb\",\"itemListElement\":[{\"@type\":\"ListItem\",\"position\":1,\"name\":\"Portada\",\"item\":\"https:\/\/volcanes.net\/\"},{\"@type\":\"ListItem\",\"position\":2,\"name\":\"En Tenango del Aire inician la construcci\u00f3n de otra aula en la escuela Primaria Jos\u00e9 Mar\u00eda Morelos\"}]},{\"@type\":\"WebSite\",\"@id\":\"https:\/\/volcanes.net\/#website\",\"url\":\"https:\/\/volcanes.net\/\",\"name\":\"Volcanes.Net\",\"description\":\"Periodismo Profesional\",\"publisher\":{\"@id\":\"https:\/\/volcanes.net\/#organization\"},\"potentialAction\":[{\"@type\":\"SearchAction\",\"target\":{\"@type\":\"EntryPoint\",\"urlTemplate\":\"https:\/\/volcanes.net\/?s={search_term_string}\"},\"query-input\":{\"@type\":\"PropertyValueSpecification\",\"valueRequired\":true,\"valueName\":\"search_term_string\"}}],\"inLanguage\":\"es\"},{\"@type\":\"Organization\",\"@id\":\"https:\/\/volcanes.net\/#organization\",\"name\":\"Grupo Volcanes\",\"url\":\"https:\/\/volcanes.net\/\",\"logo\":{\"@type\":\"ImageObject\",\"inLanguage\":\"es\",\"@id\":\"https:\/\/volcanes.net\/#\/schema\/logo\/image\/\",\"url\":\"http:\/\/volcanes.net\/wp-content\/uploads\/2017\/12\/Avatar2.jpg\",\"contentUrl\":\"http:\/\/volcanes.net\/wp-content\/uploads\/2017\/12\/Avatar2.jpg\",\"width\":378,\"height\":378,\"caption\":\"Grupo Volcanes\"},\"image\":{\"@id\":\"https:\/\/volcanes.net\/#\/schema\/logo\/image\/\"},\"sameAs\":[\"https:\/\/www.facebook.com\/volcanes.net\/\"]},{\"@type\":\"Person\",\"@id\":\"https:\/\/volcanes.net\/#\/schema\/person\/4bf0f383940966a4abd53f5048c0e6b9\",\"name\":\"admin\",\"image\":{\"@type\":\"ImageObject\",\"inLanguage\":\"es\",\"@id\":\"https:\/\/volcanes.net\/#\/schema\/person\/image\/\",\"url\":\"https:\/\/secure.gravatar.com\/avatar\/ca004e6cba8462b8cb7abc86e382930c?s=96&d=mm&r=g\",\"contentUrl\":\"https:\/\/secure.gravatar.com\/avatar\/ca004e6cba8462b8cb7abc86e382930c?s=96&d=mm&r=g\",\"caption\":\"admin\"}}]}<\/script>\n<!-- \/ Yoast SEO plugin. -->","yoast_head_json":{"title":"En Tenango del Aire inician la construcci\u00f3n de otra aula en la escuela Primaria Jos\u00e9 Mar\u00eda Morelos - Volcanes","description":"En Tenango del Aire inician la construcci\u00f3n de otra aula en la escuela Primaria Jos\u00e9 Mar\u00eda Morelos","robots":{"index":"index","follow":"follow","max-snippet":"max-snippet:-1","max-image-preview":"max-image-preview:large","max-video-preview":"max-video-preview:-1"},"canonical":"https:\/\/volcanes.net\/?p=13180","og_locale":"es_MX","og_type":"article","og_title":"En Tenango del Aire inician la construcci\u00f3n de otra aula en la escuela Primaria Jos\u00e9 Mar\u00eda Morelos - Volcanes","og_description":"En Tenango del Aire inician la construcci\u00f3n de otra aula en la escuela Primaria Jos\u00e9 Mar\u00eda Morelos","og_url":"https:\/\/volcanes.net\/?p=13180","og_site_name":"Volcanes","article_publisher":"https:\/\/www.facebook.com\/volcanes.net\/","article_published_time":"2022-09-30T00:26:46+00:00","article_modified_time":"2022-10-04T00:29:33+00:00","og_image":[{"width":1280,"height":720,"url":"https:\/\/volcanes.net\/wp-content\/uploads\/2022\/10\/En-Tenango-del-Aire-inician-la-construccion-de-otra-aula-en-la-escuela-Primaria-Jose-Maria-Morelos..jpeg","type":"image\/jpeg"}],"author":"admin","twitter_card":"summary_large_image","twitter_misc":{"Escrito por":"admin","Tiempo de lectura":"2 minutos"},"schema":{"@context":"https:\/\/schema.org","@graph":[{"@type":"Article","@id":"https:\/\/volcanes.net\/?p=13180#article","isPartOf":{"@id":"https:\/\/volcanes.net\/?p=13180"},"author":{"name":"admin","@id":"https:\/\/volcanes.net\/#\/schema\/person\/4bf0f383940966a4abd53f5048c0e6b9"},"headline":"En Tenango del Aire inician la construcci\u00f3n de otra aula en la escuela Primaria Jos\u00e9 Mar\u00eda Morelos","datePublished":"2022-09-30T00:26:46+00:00","dateModified":"2022-10-04T00:29:33+00:00","mainEntityOfPage":{"@id":"https:\/\/volcanes.net\/?p=13180"},"wordCount":271,"commentCount":0,"publisher":{"@id":"https:\/\/volcanes.net\/#organization"},"image":{"@id":"https:\/\/volcanes.net\/?p=13180#primaryimage"},"thumbnailUrl":"https:\/\/volcanes.net\/wp-content\/uploads\/2022\/10\/En-Tenango-del-Aire-inician-la-construccion-de-otra-aula-en-la-escuela-Primaria-Jose-Maria-Morelos..jpeg","keywords":["Tenango del Aire"],"articleSection":["Municipales"],"inLanguage":"es","potentialAction":[{"@type":"CommentAction","name":"Comment","target":["https:\/\/volcanes.net\/?p=13180#respond"]}]},{"@type":"WebPage","@id":"https:\/\/volcanes.net\/?p=13180","url":"https:\/\/volcanes.net\/?p=13180","name":"En Tenango del Aire inician la construcci\u00f3n de otra aula en la escuela Primaria Jos\u00e9 Mar\u00eda Morelos - Volcanes","isPartOf":{"@id":"https:\/\/volcanes.net\/#website"},"primaryImageOfPage":{"@id":"https:\/\/volcanes.net\/?p=13180#primaryimage"},"image":{"@id":"https:\/\/volcanes.net\/?p=13180#primaryimage"},"thumbnailUrl":"https:\/\/volcanes.net\/wp-content\/uploads\/2022\/10\/En-Tenango-del-Aire-inician-la-construccion-de-otra-aula-en-la-escuela-Primaria-Jose-Maria-Morelos..jpeg","datePublished":"2022-09-30T00:26:46+00:00","dateModified":"2022-10-04T00:29:33+00:00","description":"En Tenango del Aire inician la construcci\u00f3n de otra aula en la escuela Primaria Jos\u00e9 Mar\u00eda Morelos","breadcrumb":{"@id":"https:\/\/volcanes.net\/?p=13180#breadcrumb"},"inLanguage":"es","potentialAction":[{"@type":"ReadAction","target":["https:\/\/volcanes.net\/?p=13180"]}]},{"@type":"ImageObject","inLanguage":"es","@id":"https:\/\/volcanes.net\/?p=13180#primaryimage","url":"https:\/\/volcanes.net\/wp-content\/uploads\/2022\/10\/En-Tenango-del-Aire-inician-la-construccion-de-otra-aula-en-la-escuela-Primaria-Jose-Maria-Morelos..jpeg","contentUrl":"https:\/\/volcanes.net\/wp-content\/uploads\/2022\/10\/En-Tenango-del-Aire-inician-la-construccion-de-otra-aula-en-la-escuela-Primaria-Jose-Maria-Morelos..jpeg","width":1280,"height":720},{"@type":"BreadcrumbList","@id":"https:\/\/volcanes.net\/?p=13180#breadcrumb","itemListElement":[{"@type":"ListItem","position":1,"name":"Portada","item":"https:\/\/volcanes.net\/"},{"@type":"ListItem","position":2,"name":"En Tenango del Aire inician la construcci\u00f3n de otra aula en la escuela Primaria Jos\u00e9 Mar\u00eda Morelos"}]},{"@type":"WebSite","@id":"https:\/\/volcanes.net\/#website","url":"https:\/\/volcanes.net\/","name":"Volcanes.Net","description":"Periodismo Profesional","publisher":{"@id":"https:\/\/volcanes.net\/#organization"},"potentialAction":[{"@type":"SearchAction","target":{"@type":"EntryPoint","urlTemplate":"https:\/\/volcanes.net\/?s={search_term_string}"},"query-input":{"@type":"PropertyValueSpecification","valueRequired":true,"valueName":"search_term_string"}}],"inLanguage":"es"},{"@type":"Organization","@id":"https:\/\/volcanes.net\/#organization","name":"Grupo Volcanes","url":"https:\/\/volcanes.net\/","logo":{"@type":"ImageObject","inLanguage":"es","@id":"https:\/\/volcanes.net\/#\/schema\/logo\/image\/","url":"http:\/\/volcanes.net\/wp-content\/uploads\/2017\/12\/Avatar2.jpg","contentUrl":"http:\/\/volcanes.net\/wp-content\/uploads\/2017\/12\/Avatar2.jpg","width":378,"height":378,"caption":"Grupo Volcanes"},"image":{"@id":"https:\/\/volcanes.net\/#\/schema\/logo\/image\/"},"sameAs":["https:\/\/www.facebook.com\/volcanes.net\/"]},{"@type":"Person","@id":"https:\/\/volcanes.net\/#\/schema\/person\/4bf0f383940966a4abd53f5048c0e6b9","name":"admin","image":{"@type":"ImageObject","inLanguage":"es","@id":"https:\/\/volcanes.net\/#\/schema\/person\/image\/","url":"https:\/\/secure.gravatar.com\/avatar\/ca004e6cba8462b8cb7abc86e382930c?s=96&d=mm&r=g","contentUrl":"https:\/\/secure.gravatar.com\/avatar\/ca004e6cba8462b8cb7abc86e382930c?s=96&d=mm&r=g","caption":"admin"}}]}},"_links":{"self":[{"href":"https:\/\/volcanes.net\/index.php?rest_route=\/wp\/v2\/posts\/13180"}],"collection":[{"href":"https:\/\/volcanes.net\/index.php?rest_route=\/wp\/v2\/posts"}],"about":[{"href":"https:\/\/volcanes.net\/index.php?rest_route=\/wp\/v2\/types\/post"}],"author":[{"embeddable":true,"href":"https:\/\/volcanes.net\/index.php?rest_route=\/wp\/v2\/users\/1"}],"replies":[{"embeddable":true,"href":"https:\/\/volcanes.net\/index.php?rest_route=%2Fwp%2Fv2%2Fcomments&post=13180"}],"version-history":[{"count":1,"href":"https:\/\/volcanes.net\/index.php?rest_route=\/wp\/v2\/posts\/13180\/revisions"}],"predecessor-version":[{"id":13182,"href":"https:\/\/volcanes.net\/index.php?rest_route=\/wp\/v2\/posts\/13180\/revisions\/13182"}],"wp:featuredmedia":[{"embeddable":true,"href":"https:\/\/volcanes.net\/index.php?rest_route=\/wp\/v2\/media\/13181"}],"wp:attachment":[{"href":"https:\/\/volcanes.net\/index.php?rest_route=%2Fwp%2Fv2%2Fmedia&parent=13180"}],"wp:term":[{"taxonomy":"category","embeddable":true,"href":"https:\/\/volcanes.net\/index.php?rest_route=%2Fwp%2Fv2%2Fcategories&post=13180"},{"taxonomy":"post_tag","embeddable":true,"href":"https:\/\/volcanes.net\/index.php?rest_route=%2Fwp%2Fv2%2Ftags&post=13180"}],"curies":[{"name":"wp","href":"https:\/\/api.w.org\/{rel}","templated":true}]}}