{"id":13183,"date":"2022-10-09T18:33:03","date_gmt":"2022-10-10T00:33:03","guid":{"rendered":"http:\/\/volcanes.net\/?p=13183"},"modified":"2022-10-09T18:33:28","modified_gmt":"2022-10-10T00:33:28","slug":"en-atlautla-tenemos-un-gobierno-claro-con-rumbo-y-compromiso-raul-navarro-rivera","status":"publish","type":"post","link":"https:\/\/volcanes.net\/?p=13183","title":{"rendered":"En Atlautla tenemos un gobierno claro, con rumbo y compromiso: Ra\u00fal Navarro Rivera"},"content":{"rendered":"<div style=\"margin-top: 0px; margin-bottom: 0px;\" class=\"sharethis-inline-share-buttons\" ><\/div><p>*** El presidente municipal encabez\u00f3 la ceremonia conmemorativa del 148 aniversario de la fundaci\u00f3n de este municipio acompa\u00f1ado por su Ayuntamiento.<\/p>\n<p>*** Atlautla demostr\u00f3 que vive una democracia s\u00f3lida y madura en la que la voluntad de la gente se convierte siempre en mandato popular: Oscar Jim\u00e9nez Ray\u00f3n.<\/p>\n<p>Atlautla, M\u00e9x.&#8212; \u201cNuestro gobierno tiene claro el rumbo y el compromiso de seguir sumando esfuerzos, para que Atlautla sea un referente en la construcci\u00f3n de nuevas oportunidades para todos los habitantes en forma incluyente y participativa\u201d, manifest\u00f3 el presidente municipal Ra\u00fal Navarro Rivera.<\/p>\n<p>En el marco de la ceremonia conmemorativa del 148 aniversario de su fundaci\u00f3n como municipio libre y soberano formando parte de uno de los estados m\u00e1s importantes del pa\u00eds, el Estado de M\u00e9xico y en presencia de los integrantes del Ayuntamiento; de Oscar Jim\u00e9nez Ray\u00f3n, representante del Gobernador Alfredo del Mazo Maza, del presidente municipal de Texcaltitl\u00e1n, Javier Lujano Huerta y del Rector de la Universidad Polit\u00e9cnica Mtro. Juan Manuel G\u00f3mez Lima.<\/p>\n<p>Navarro Rivera destac\u00f3 que en este d\u00eda toda la poblaci\u00f3n se siente orgullosa de seguir construyendo la Paz Social, \u201cpor ello los exhorto a seguir adelante trabajando unidos con su gobierno municipal, con esa firmeza que har\u00e1 realidad los sue\u00f1os de progreso y desarrollo de nuestras ni\u00f1as, ni\u00f1os, j\u00f3venes y de todas las familias que son parte del orgullo de ser Atlautlenses\u201d.<\/p>\n<p>Manifest\u00f3 que en sus primeros 148 a\u00f1os de vida institucional su municipio esta conformado por la cabecera municipal, integrada por nueve barrios y seis delegaciones, lugares llenos de gente que con su esfuerzo y trabajo se comprometen diariamente con el cultivo de los campos, con la crianza de ganado, con la producci\u00f3n de nuez, capul\u00edn, aguacate, ma\u00edz y dem\u00e1s frutas caracter\u00edsticas de la regi\u00f3n.<\/p>\n<p>\u201cSeguiremos preservando nuestras fiestas y tradiciones, sobre todo las ense\u00f1anzas que se han trasmitido por generaciones como la producci\u00f3n del pan de cocol y las artesan\u00edas, a todas las mujeres y amas de casa que gu\u00edan nuestras familias, a todos los hombres que con su trabajo diario siguen formando la econom\u00eda de nuestro municipio les mando un abrazo y mi felicitaci\u00f3n por ser parte del orgullo Atlautlense\u201d, subray\u00f3.<\/p>\n<p>Ra\u00fal Navarro destac\u00f3 que Atlautla seguir\u00e1 escribiendo su propia historia y seguir\u00e1 siendo un pueblo de valores, tradiciones y trabajo, por ello se deben romper las costumbres y los vicios que han limitado el progreso, \u201clleg\u00f3 el momento de convertir las ideas en acciones, las acciones en cambios y las oportunidades en realidades, seguiremos trabajando unidos renovando nuestro municipio\u201d, agreg\u00f3.<\/p>\n<p>A su vez Oscar Jim\u00e9nez Ray\u00f3n, representante del Gobernador Alfredo del Mazo Maza, destac\u00f3 que es un honor conmemorar este aniversario de Atlautla, rindiendo tributo a su pasado, un pasado que comparten todos los municipios de esta bella regi\u00f3n de los volcanes.<\/p>\n<p>\u201cSon 148 a\u00f1os de forjar un municipio pr\u00f3spero y fuerte, de compartir trabajo, metas y logros.<\/p>\n<p>Este aniversario es motivo de celebraci\u00f3n, pero tambi\u00e9n nos marca un punto para reflexionar y es que Atlautla ha hecho historia, construy\u00f3 un legado democr\u00e1tico en el \u00faltimo proceso electoral. Ahora ustedes son un ejemplo de lo que puede lograrse con un pueblo unido esforzado y con fe en s\u00ed mismos. Demostraron que en el Estado de M\u00e9xico vivimos una democracia s\u00f3lida y madura en la que la voluntad de la gente se convierte siempre en mandato popular\u201d, subray\u00f3.<\/p>\n<p>Jim\u00e9nez Ray\u00f3n dijo que el gobernador Alfredo del Mazo Maza, reconoce el trabajo que est\u00e1 haciendo el presidente municipal Ra\u00fal Navarro Rivera y apoya el compromiso que ha contra\u00eddo con su comunidad. \u201cTen la seguridad presidente que el gobierno del Estado de M\u00e9xico va a seguir haciendo equipo contigo, con tu cabildo y con todos los habitantes, para que con acciones y no con palabras demostremos el gran potencial de este municipio\u201d, a\u00f1adi\u00f3.<\/p>\n<p>Abund\u00f3 que todos han participado y tomado una importante decisi\u00f3n en la historia de este municipio en un clima de calma, respeto y civilidad demostrando que en el Estado de M\u00e9xico no hay tiempo para discursos de odio que limitan e inmovilizan a la sociedad. \u201cEs por eso que esta celebraci\u00f3n adem\u00e1s de ser un motivo de festejo y orgullo nos demuestra que hay cosas que nos unen y por las cuales hay que seguir trabajando en equipo\u201d, concluy\u00f3.<\/p>\n","protected":false},"excerpt":{"rendered":"<p>*** El presidente municipal encabez\u00f3 la ceremonia conmemorativa del 148 aniversario de la fundaci\u00f3n de<\/p>\n","protected":false},"author":1,"featured_media":13184,"comment_status":"open","ping_status":"open","sticky":false,"template":"","format":"standard","meta":{"footnotes":""},"categories":[1],"tags":[80],"class_list":["post-13183","post","type-post","status-publish","format-standard","has-post-thumbnail","hentry","category-municipales","tag-atlautla"],"yoast_head":"<!-- This site is optimized with the Yoast SEO plugin v25.3 - https:\/\/yoast.com\/wordpress\/plugins\/seo\/ -->\n<title>En Atlautla tenemos un gobierno claro, con rumbo y compromiso: Ra\u00fal Navarro Rivera - Volcanes<\/title>\n<meta name=\"description\" content=\"El presidente municipal de Atlautla encabez\u00f3 la ceremonia conmemorativa del 148 aniversario de la fundaci\u00f3n de este municipio.\" \/>\n<meta name=\"robots\" content=\"index, follow, max-snippet:-1, max-image-preview:large, max-video-preview:-1\" \/>\n<link rel=\"canonical\" href=\"https:\/\/volcanes.net\/?p=13183\" \/>\n<meta property=\"og:locale\" content=\"es_MX\" \/>\n<meta property=\"og:type\" content=\"article\" \/>\n<meta property=\"og:title\" content=\"En Atlautla tenemos un gobierno claro, con rumbo y compromiso: Ra\u00fal Navarro Rivera - Volcanes\" \/>\n<meta property=\"og:description\" content=\"El presidente municipal de Atlautla encabez\u00f3 la ceremonia conmemorativa del 148 aniversario de la fundaci\u00f3n de este municipio.\" \/>\n<meta property=\"og:url\" content=\"https:\/\/volcanes.net\/?p=13183\" \/>\n<meta property=\"og:site_name\" content=\"Volcanes\" \/>\n<meta property=\"article:publisher\" content=\"https:\/\/www.facebook.com\/volcanes.net\/\" \/>\n<meta property=\"article:published_time\" content=\"2022-10-10T00:33:03+00:00\" \/>\n<meta property=\"article:modified_time\" content=\"2022-10-10T00:33:28+00:00\" \/>\n<meta property=\"og:image\" content=\"https:\/\/volcanes.net\/wp-content\/uploads\/2022\/10\/IMG-20221009-WA0105.jpg\" \/>\n\t<meta property=\"og:image:width\" content=\"1600\" \/>\n\t<meta property=\"og:image:height\" content=\"1200\" \/>\n\t<meta property=\"og:image:type\" content=\"image\/jpeg\" \/>\n<meta name=\"author\" content=\"admin\" \/>\n<meta name=\"twitter:card\" content=\"summary_large_image\" \/>\n<meta name=\"twitter:label1\" content=\"Escrito por\" \/>\n\t<meta name=\"twitter:data1\" content=\"admin\" \/>\n\t<meta name=\"twitter:label2\" content=\"Tiempo de lectura\" \/>\n\t<meta name=\"twitter:data2\" content=\"4 minutos\" \/>\n<script type=\"application\/ld+json\" class=\"yoast-schema-graph\">{\"@context\":\"https:\/\/schema.org\",\"@graph\":[{\"@type\":\"Article\",\"@id\":\"https:\/\/volcanes.net\/?p=13183#article\",\"isPartOf\":{\"@id\":\"https:\/\/volcanes.net\/?p=13183\"},\"author\":{\"name\":\"admin\",\"@id\":\"https:\/\/volcanes.net\/#\/schema\/person\/4bf0f383940966a4abd53f5048c0e6b9\"},\"headline\":\"En Atlautla tenemos un gobierno claro, con rumbo y compromiso: Ra\u00fal Navarro Rivera\",\"datePublished\":\"2022-10-10T00:33:03+00:00\",\"dateModified\":\"2022-10-10T00:33:28+00:00\",\"mainEntityOfPage\":{\"@id\":\"https:\/\/volcanes.net\/?p=13183\"},\"wordCount\":772,\"commentCount\":0,\"publisher\":{\"@id\":\"https:\/\/volcanes.net\/#organization\"},\"image\":{\"@id\":\"https:\/\/volcanes.net\/?p=13183#primaryimage\"},\"thumbnailUrl\":\"https:\/\/volcanes.net\/wp-content\/uploads\/2022\/10\/IMG-20221009-WA0105.jpg\",\"keywords\":[\"Atlautla\"],\"articleSection\":[\"Municipales\"],\"inLanguage\":\"es\",\"potentialAction\":[{\"@type\":\"CommentAction\",\"name\":\"Comment\",\"target\":[\"https:\/\/volcanes.net\/?p=13183#respond\"]}]},{\"@type\":\"WebPage\",\"@id\":\"https:\/\/volcanes.net\/?p=13183\",\"url\":\"https:\/\/volcanes.net\/?p=13183\",\"name\":\"En Atlautla tenemos un gobierno claro, con rumbo y compromiso: Ra\u00fal Navarro Rivera - Volcanes\",\"isPartOf\":{\"@id\":\"https:\/\/volcanes.net\/#website\"},\"primaryImageOfPage\":{\"@id\":\"https:\/\/volcanes.net\/?p=13183#primaryimage\"},\"image\":{\"@id\":\"https:\/\/volcanes.net\/?p=13183#primaryimage\"},\"thumbnailUrl\":\"https:\/\/volcanes.net\/wp-content\/uploads\/2022\/10\/IMG-20221009-WA0105.jpg\",\"datePublished\":\"2022-10-10T00:33:03+00:00\",\"dateModified\":\"2022-10-10T00:33:28+00:00\",\"description\":\"El presidente municipal de Atlautla encabez\u00f3 la ceremonia conmemorativa del 148 aniversario de la fundaci\u00f3n de este municipio.\",\"breadcrumb\":{\"@id\":\"https:\/\/volcanes.net\/?p=13183#breadcrumb\"},\"inLanguage\":\"es\",\"potentialAction\":[{\"@type\":\"ReadAction\",\"target\":[\"https:\/\/volcanes.net\/?p=13183\"]}]},{\"@type\":\"ImageObject\",\"inLanguage\":\"es\",\"@id\":\"https:\/\/volcanes.net\/?p=13183#primaryimage\",\"url\":\"https:\/\/volcanes.net\/wp-content\/uploads\/2022\/10\/IMG-20221009-WA0105.jpg\",\"contentUrl\":\"https:\/\/volcanes.net\/wp-content\/uploads\/2022\/10\/IMG-20221009-WA0105.jpg\",\"width\":1600,\"height\":1200},{\"@type\":\"BreadcrumbList\",\"@id\":\"https:\/\/volcanes.net\/?p=13183#breadcrumb\",\"itemListElement\":[{\"@type\":\"ListItem\",\"position\":1,\"name\":\"Portada\",\"item\":\"https:\/\/volcanes.net\/\"},{\"@type\":\"ListItem\",\"position\":2,\"name\":\"En Atlautla tenemos un gobierno claro, con rumbo y compromiso: Ra\u00fal Navarro Rivera\"}]},{\"@type\":\"WebSite\",\"@id\":\"https:\/\/volcanes.net\/#website\",\"url\":\"https:\/\/volcanes.net\/\",\"name\":\"Volcanes.Net\",\"description\":\"Periodismo Profesional\",\"publisher\":{\"@id\":\"https:\/\/volcanes.net\/#organization\"},\"potentialAction\":[{\"@type\":\"SearchAction\",\"target\":{\"@type\":\"EntryPoint\",\"urlTemplate\":\"https:\/\/volcanes.net\/?s={search_term_string}\"},\"query-input\":{\"@type\":\"PropertyValueSpecification\",\"valueRequired\":true,\"valueName\":\"search_term_string\"}}],\"inLanguage\":\"es\"},{\"@type\":\"Organization\",\"@id\":\"https:\/\/volcanes.net\/#organization\",\"name\":\"Grupo Volcanes\",\"url\":\"https:\/\/volcanes.net\/\",\"logo\":{\"@type\":\"ImageObject\",\"inLanguage\":\"es\",\"@id\":\"https:\/\/volcanes.net\/#\/schema\/logo\/image\/\",\"url\":\"http:\/\/volcanes.net\/wp-content\/uploads\/2017\/12\/Avatar2.jpg\",\"contentUrl\":\"http:\/\/volcanes.net\/wp-content\/uploads\/2017\/12\/Avatar2.jpg\",\"width\":378,\"height\":378,\"caption\":\"Grupo Volcanes\"},\"image\":{\"@id\":\"https:\/\/volcanes.net\/#\/schema\/logo\/image\/\"},\"sameAs\":[\"https:\/\/www.facebook.com\/volcanes.net\/\"]},{\"@type\":\"Person\",\"@id\":\"https:\/\/volcanes.net\/#\/schema\/person\/4bf0f383940966a4abd53f5048c0e6b9\",\"name\":\"admin\",\"image\":{\"@type\":\"ImageObject\",\"inLanguage\":\"es\",\"@id\":\"https:\/\/volcanes.net\/#\/schema\/person\/image\/\",\"url\":\"https:\/\/secure.gravatar.com\/avatar\/ca004e6cba8462b8cb7abc86e382930c?s=96&d=mm&r=g\",\"contentUrl\":\"https:\/\/secure.gravatar.com\/avatar\/ca004e6cba8462b8cb7abc86e382930c?s=96&d=mm&r=g\",\"caption\":\"admin\"}}]}<\/script>\n<!-- \/ Yoast SEO plugin. -->","yoast_head_json":{"title":"En Atlautla tenemos un gobierno claro, con rumbo y compromiso: Ra\u00fal Navarro Rivera - Volcanes","description":"El presidente municipal de Atlautla encabez\u00f3 la ceremonia conmemorativa del 148 aniversario de la fundaci\u00f3n de este municipio.","robots":{"index":"index","follow":"follow","max-snippet":"max-snippet:-1","max-image-preview":"max-image-preview:large","max-video-preview":"max-video-preview:-1"},"canonical":"https:\/\/volcanes.net\/?p=13183","og_locale":"es_MX","og_type":"article","og_title":"En Atlautla tenemos un gobierno claro, con rumbo y compromiso: Ra\u00fal Navarro Rivera - Volcanes","og_description":"El presidente municipal de Atlautla encabez\u00f3 la ceremonia conmemorativa del 148 aniversario de la fundaci\u00f3n de este municipio.","og_url":"https:\/\/volcanes.net\/?p=13183","og_site_name":"Volcanes","article_publisher":"https:\/\/www.facebook.com\/volcanes.net\/","article_published_time":"2022-10-10T00:33:03+00:00","article_modified_time":"2022-10-10T00:33:28+00:00","og_image":[{"width":1600,"height":1200,"url":"https:\/\/volcanes.net\/wp-content\/uploads\/2022\/10\/IMG-20221009-WA0105.jpg","type":"image\/jpeg"}],"author":"admin","twitter_card":"summary_large_image","twitter_misc":{"Escrito por":"admin","Tiempo de lectura":"4 minutos"},"schema":{"@context":"https:\/\/schema.org","@graph":[{"@type":"Article","@id":"https:\/\/volcanes.net\/?p=13183#article","isPartOf":{"@id":"https:\/\/volcanes.net\/?p=13183"},"author":{"name":"admin","@id":"https:\/\/volcanes.net\/#\/schema\/person\/4bf0f383940966a4abd53f5048c0e6b9"},"headline":"En Atlautla tenemos un gobierno claro, con rumbo y compromiso: Ra\u00fal Navarro Rivera","datePublished":"2022-10-10T00:33:03+00:00","dateModified":"2022-10-10T00:33:28+00:00","mainEntityOfPage":{"@id":"https:\/\/volcanes.net\/?p=13183"},"wordCount":772,"commentCount":0,"publisher":{"@id":"https:\/\/volcanes.net\/#organization"},"image":{"@id":"https:\/\/volcanes.net\/?p=13183#primaryimage"},"thumbnailUrl":"https:\/\/volcanes.net\/wp-content\/uploads\/2022\/10\/IMG-20221009-WA0105.jpg","keywords":["Atlautla"],"articleSection":["Municipales"],"inLanguage":"es","potentialAction":[{"@type":"CommentAction","name":"Comment","target":["https:\/\/volcanes.net\/?p=13183#respond"]}]},{"@type":"WebPage","@id":"https:\/\/volcanes.net\/?p=13183","url":"https:\/\/volcanes.net\/?p=13183","name":"En Atlautla tenemos un gobierno claro, con rumbo y compromiso: Ra\u00fal Navarro Rivera - Volcanes","isPartOf":{"@id":"https:\/\/volcanes.net\/#website"},"primaryImageOfPage":{"@id":"https:\/\/volcanes.net\/?p=13183#primaryimage"},"image":{"@id":"https:\/\/volcanes.net\/?p=13183#primaryimage"},"thumbnailUrl":"https:\/\/volcanes.net\/wp-content\/uploads\/2022\/10\/IMG-20221009-WA0105.jpg","datePublished":"2022-10-10T00:33:03+00:00","dateModified":"2022-10-10T00:33:28+00:00","description":"El presidente municipal de Atlautla encabez\u00f3 la ceremonia conmemorativa del 148 aniversario de la fundaci\u00f3n de este municipio.","breadcrumb":{"@id":"https:\/\/volcanes.net\/?p=13183#breadcrumb"},"inLanguage":"es","potentialAction":[{"@type":"ReadAction","target":["https:\/\/volcanes.net\/?p=13183"]}]},{"@type":"ImageObject","inLanguage":"es","@id":"https:\/\/volcanes.net\/?p=13183#primaryimage","url":"https:\/\/volcanes.net\/wp-content\/uploads\/2022\/10\/IMG-20221009-WA0105.jpg","contentUrl":"https:\/\/volcanes.net\/wp-content\/uploads\/2022\/10\/IMG-20221009-WA0105.jpg","width":1600,"height":1200},{"@type":"BreadcrumbList","@id":"https:\/\/volcanes.net\/?p=13183#breadcrumb","itemListElement":[{"@type":"ListItem","position":1,"name":"Portada","item":"https:\/\/volcanes.net\/"},{"@type":"ListItem","position":2,"name":"En Atlautla tenemos un gobierno claro, con rumbo y compromiso: Ra\u00fal Navarro Rivera"}]},{"@type":"WebSite","@id":"https:\/\/volcanes.net\/#website","url":"https:\/\/volcanes.net\/","name":"Volcanes.Net","description":"Periodismo Profesional","publisher":{"@id":"https:\/\/volcanes.net\/#organization"},"potentialAction":[{"@type":"SearchAction","target":{"@type":"EntryPoint","urlTemplate":"https:\/\/volcanes.net\/?s={search_term_string}"},"query-input":{"@type":"PropertyValueSpecification","valueRequired":true,"valueName":"search_term_string"}}],"inLanguage":"es"},{"@type":"Organization","@id":"https:\/\/volcanes.net\/#organization","name":"Grupo Volcanes","url":"https:\/\/volcanes.net\/","logo":{"@type":"ImageObject","inLanguage":"es","@id":"https:\/\/volcanes.net\/#\/schema\/logo\/image\/","url":"http:\/\/volcanes.net\/wp-content\/uploads\/2017\/12\/Avatar2.jpg","contentUrl":"http:\/\/volcanes.net\/wp-content\/uploads\/2017\/12\/Avatar2.jpg","width":378,"height":378,"caption":"Grupo Volcanes"},"image":{"@id":"https:\/\/volcanes.net\/#\/schema\/logo\/image\/"},"sameAs":["https:\/\/www.facebook.com\/volcanes.net\/"]},{"@type":"Person","@id":"https:\/\/volcanes.net\/#\/schema\/person\/4bf0f383940966a4abd53f5048c0e6b9","name":"admin","image":{"@type":"ImageObject","inLanguage":"es","@id":"https:\/\/volcanes.net\/#\/schema\/person\/image\/","url":"https:\/\/secure.gravatar.com\/avatar\/ca004e6cba8462b8cb7abc86e382930c?s=96&d=mm&r=g","contentUrl":"https:\/\/secure.gravatar.com\/avatar\/ca004e6cba8462b8cb7abc86e382930c?s=96&d=mm&r=g","caption":"admin"}}]}},"_links":{"self":[{"href":"https:\/\/volcanes.net\/index.php?rest_route=\/wp\/v2\/posts\/13183"}],"collection":[{"href":"https:\/\/volcanes.net\/index.php?rest_route=\/wp\/v2\/posts"}],"about":[{"href":"https:\/\/volcanes.net\/index.php?rest_route=\/wp\/v2\/types\/post"}],"author":[{"embeddable":true,"href":"https:\/\/volcanes.net\/index.php?rest_route=\/wp\/v2\/users\/1"}],"replies":[{"embeddable":true,"href":"https:\/\/volcanes.net\/index.php?rest_route=%2Fwp%2Fv2%2Fcomments&post=13183"}],"version-history":[{"count":2,"href":"https:\/\/volcanes.net\/index.php?rest_route=\/wp\/v2\/posts\/13183\/revisions"}],"predecessor-version":[{"id":13186,"href":"https:\/\/volcanes.net\/index.php?rest_route=\/wp\/v2\/posts\/13183\/revisions\/13186"}],"wp:featuredmedia":[{"embeddable":true,"href":"https:\/\/volcanes.net\/index.php?rest_route=\/wp\/v2\/media\/13184"}],"wp:attachment":[{"href":"https:\/\/volcanes.net\/index.php?rest_route=%2Fwp%2Fv2%2Fmedia&parent=13183"}],"wp:term":[{"taxonomy":"category","embeddable":true,"href":"https:\/\/volcanes.net\/index.php?rest_route=%2Fwp%2Fv2%2Fcategories&post=13183"},{"taxonomy":"post_tag","embeddable":true,"href":"https:\/\/volcanes.net\/index.php?rest_route=%2Fwp%2Fv2%2Ftags&post=13183"}],"curies":[{"name":"wp","href":"https:\/\/api.w.org\/{rel}","templated":true}]}}