{"id":13190,"date":"2022-10-15T21:33:29","date_gmt":"2022-10-16T03:33:29","guid":{"rendered":"http:\/\/volcanes.net\/?p=13190"},"modified":"2022-10-15T21:33:29","modified_gmt":"2022-10-16T03:33:29","slug":"se-supero-meta-de-siembra-de-arboles-frutales-en-atlautla","status":"publish","type":"post","link":"https:\/\/volcanes.net\/?p=13190","title":{"rendered":"Se super\u00f3 meta de siembra de \u00e1rboles frutales en Atlautla"},"content":{"rendered":"<div style=\"margin-top: 0px; margin-bottom: 0px;\" class=\"sharethis-inline-share-buttons\" ><\/div><p>De\u2022\u2022\u2022 El edil Ra\u00fal Navarro Rivera, destac\u00f3 que se dio un gran paso y se continuar\u00e1 con el programa.<\/p>\n<p>Atlautla, M\u00e9x &#8212; Se super\u00f3 la meta en venta de \u00e1rboles frutales con apoyo del gobierno municipal, para fomentar la siembra y producci\u00f3n de traspatio y en terrenos para huertas productivas de aguacate, lim\u00f3n y durazno, inform\u00f3 el alcalde Ra\u00fal Navarro Rivera.<\/p>\n<p>Se\u00f1al\u00f3 que a trav\u00e9s del programa desarrollado por la Direcci\u00f3n de Fomento Agropecuario y Forestal se entregaron m\u00e1s de tres mil plantas que vendr\u00e1n a reforzar las huertas de aguacate hass mejorado Jim\u00e9nez y M\u00e9ndez de alta calidad; mil de durazno y mil de limones injertados.<\/p>\n<p>De esta forma se le apoya al productor y se incentiva la siembra de traspatio en las viviendas de la cabecera municipal y delegaciones, para que en cada casa haya un \u00e1rbol frutal y se inici\u00f3 exitosamente con el respaldo de los habitantes, esta acci\u00f3n de gobierno.<\/p>\n<p>Indic\u00f3 que de igual forma se entregaron m\u00e1s de 300 plantas de fresas mejoradas y 200 de mora azul (blue berry), a costos accesibles y de alta calidad para que en esta temporada se haya iniciado con el pie derecho la siembra de \u00e1rboles y se fomente entre la poblaci\u00f3n estos cultivos.<\/p>\n<p>Navarro expres\u00f3 su benepl\u00e1cito por superar las expectativas de m\u00e1s de cinco mil 500 plantas de \u00e1rboles frutales diversos y que sin duda alguna ser\u00e1n de gran beneficio para toda la poblaci\u00f3n en su consumo y generaci\u00f3n de econom\u00eda familiar en un futuro cercano.<\/p>\n","protected":false},"excerpt":{"rendered":"<p>De\u2022\u2022\u2022 El edil Ra\u00fal Navarro Rivera, destac\u00f3 que se dio un gran paso y se<\/p>\n","protected":false},"author":1,"featured_media":13191,"comment_status":"open","ping_status":"open","sticky":false,"template":"","format":"standard","meta":{"footnotes":""},"categories":[1],"tags":[],"class_list":["post-13190","post","type-post","status-publish","format-standard","has-post-thumbnail","hentry","category-municipales"],"yoast_head":"<!-- This site is optimized with the Yoast SEO plugin v25.3 - https:\/\/yoast.com\/wordpress\/plugins\/seo\/ -->\n<title>Se super\u00f3 meta de siembra de \u00e1rboles frutales en Atlautla - Volcanes<\/title>\n<meta name=\"description\" content=\"Se super\u00f3 meta de siembra de \u00e1rboles frutales en Atlautla.\" \/>\n<meta name=\"robots\" content=\"index, follow, max-snippet:-1, max-image-preview:large, max-video-preview:-1\" \/>\n<link rel=\"canonical\" href=\"https:\/\/volcanes.net\/?p=13190\" \/>\n<meta property=\"og:locale\" content=\"es_MX\" \/>\n<meta property=\"og:type\" content=\"article\" \/>\n<meta property=\"og:title\" content=\"Se super\u00f3 meta de siembra de \u00e1rboles frutales en Atlautla - Volcanes\" \/>\n<meta property=\"og:description\" content=\"Se super\u00f3 meta de siembra de \u00e1rboles frutales en Atlautla.\" \/>\n<meta property=\"og:url\" content=\"https:\/\/volcanes.net\/?p=13190\" \/>\n<meta property=\"og:site_name\" content=\"Volcanes\" \/>\n<meta property=\"article:publisher\" content=\"https:\/\/www.facebook.com\/volcanes.net\/\" \/>\n<meta property=\"article:published_time\" content=\"2022-10-16T03:33:29+00:00\" \/>\n<meta property=\"og:image\" content=\"https:\/\/volcanes.net\/wp-content\/uploads\/2022\/10\/IMG-20221014-WA0079.jpg\" \/>\n\t<meta property=\"og:image:width\" content=\"1599\" \/>\n\t<meta property=\"og:image:height\" content=\"1200\" \/>\n\t<meta property=\"og:image:type\" content=\"image\/jpeg\" \/>\n<meta name=\"author\" content=\"admin\" \/>\n<meta name=\"twitter:card\" content=\"summary_large_image\" \/>\n<meta name=\"twitter:label1\" content=\"Escrito por\" \/>\n\t<meta name=\"twitter:data1\" content=\"admin\" \/>\n\t<meta name=\"twitter:label2\" content=\"Tiempo de lectura\" \/>\n\t<meta name=\"twitter:data2\" content=\"2 minutos\" \/>\n<script type=\"application\/ld+json\" class=\"yoast-schema-graph\">{\"@context\":\"https:\/\/schema.org\",\"@graph\":[{\"@type\":\"Article\",\"@id\":\"https:\/\/volcanes.net\/?p=13190#article\",\"isPartOf\":{\"@id\":\"https:\/\/volcanes.net\/?p=13190\"},\"author\":{\"name\":\"admin\",\"@id\":\"https:\/\/volcanes.net\/#\/schema\/person\/4bf0f383940966a4abd53f5048c0e6b9\"},\"headline\":\"Se super\u00f3 meta de siembra de \u00e1rboles frutales en Atlautla\",\"datePublished\":\"2022-10-16T03:33:29+00:00\",\"mainEntityOfPage\":{\"@id\":\"https:\/\/volcanes.net\/?p=13190\"},\"wordCount\":278,\"commentCount\":0,\"publisher\":{\"@id\":\"https:\/\/volcanes.net\/#organization\"},\"image\":{\"@id\":\"https:\/\/volcanes.net\/?p=13190#primaryimage\"},\"thumbnailUrl\":\"https:\/\/volcanes.net\/wp-content\/uploads\/2022\/10\/IMG-20221014-WA0079.jpg\",\"articleSection\":[\"Municipales\"],\"inLanguage\":\"es\",\"potentialAction\":[{\"@type\":\"CommentAction\",\"name\":\"Comment\",\"target\":[\"https:\/\/volcanes.net\/?p=13190#respond\"]}]},{\"@type\":\"WebPage\",\"@id\":\"https:\/\/volcanes.net\/?p=13190\",\"url\":\"https:\/\/volcanes.net\/?p=13190\",\"name\":\"Se super\u00f3 meta de siembra de \u00e1rboles frutales en Atlautla - Volcanes\",\"isPartOf\":{\"@id\":\"https:\/\/volcanes.net\/#website\"},\"primaryImageOfPage\":{\"@id\":\"https:\/\/volcanes.net\/?p=13190#primaryimage\"},\"image\":{\"@id\":\"https:\/\/volcanes.net\/?p=13190#primaryimage\"},\"thumbnailUrl\":\"https:\/\/volcanes.net\/wp-content\/uploads\/2022\/10\/IMG-20221014-WA0079.jpg\",\"datePublished\":\"2022-10-16T03:33:29+00:00\",\"description\":\"Se super\u00f3 meta de siembra de \u00e1rboles frutales en Atlautla.\",\"breadcrumb\":{\"@id\":\"https:\/\/volcanes.net\/?p=13190#breadcrumb\"},\"inLanguage\":\"es\",\"potentialAction\":[{\"@type\":\"ReadAction\",\"target\":[\"https:\/\/volcanes.net\/?p=13190\"]}]},{\"@type\":\"ImageObject\",\"inLanguage\":\"es\",\"@id\":\"https:\/\/volcanes.net\/?p=13190#primaryimage\",\"url\":\"https:\/\/volcanes.net\/wp-content\/uploads\/2022\/10\/IMG-20221014-WA0079.jpg\",\"contentUrl\":\"https:\/\/volcanes.net\/wp-content\/uploads\/2022\/10\/IMG-20221014-WA0079.jpg\",\"width\":1599,\"height\":1200},{\"@type\":\"BreadcrumbList\",\"@id\":\"https:\/\/volcanes.net\/?p=13190#breadcrumb\",\"itemListElement\":[{\"@type\":\"ListItem\",\"position\":1,\"name\":\"Portada\",\"item\":\"https:\/\/volcanes.net\/\"},{\"@type\":\"ListItem\",\"position\":2,\"name\":\"Se super\u00f3 meta de siembra de \u00e1rboles frutales en Atlautla\"}]},{\"@type\":\"WebSite\",\"@id\":\"https:\/\/volcanes.net\/#website\",\"url\":\"https:\/\/volcanes.net\/\",\"name\":\"Volcanes.Net\",\"description\":\"Periodismo Profesional\",\"publisher\":{\"@id\":\"https:\/\/volcanes.net\/#organization\"},\"potentialAction\":[{\"@type\":\"SearchAction\",\"target\":{\"@type\":\"EntryPoint\",\"urlTemplate\":\"https:\/\/volcanes.net\/?s={search_term_string}\"},\"query-input\":{\"@type\":\"PropertyValueSpecification\",\"valueRequired\":true,\"valueName\":\"search_term_string\"}}],\"inLanguage\":\"es\"},{\"@type\":\"Organization\",\"@id\":\"https:\/\/volcanes.net\/#organization\",\"name\":\"Grupo Volcanes\",\"url\":\"https:\/\/volcanes.net\/\",\"logo\":{\"@type\":\"ImageObject\",\"inLanguage\":\"es\",\"@id\":\"https:\/\/volcanes.net\/#\/schema\/logo\/image\/\",\"url\":\"http:\/\/volcanes.net\/wp-content\/uploads\/2017\/12\/Avatar2.jpg\",\"contentUrl\":\"http:\/\/volcanes.net\/wp-content\/uploads\/2017\/12\/Avatar2.jpg\",\"width\":378,\"height\":378,\"caption\":\"Grupo Volcanes\"},\"image\":{\"@id\":\"https:\/\/volcanes.net\/#\/schema\/logo\/image\/\"},\"sameAs\":[\"https:\/\/www.facebook.com\/volcanes.net\/\"]},{\"@type\":\"Person\",\"@id\":\"https:\/\/volcanes.net\/#\/schema\/person\/4bf0f383940966a4abd53f5048c0e6b9\",\"name\":\"admin\",\"image\":{\"@type\":\"ImageObject\",\"inLanguage\":\"es\",\"@id\":\"https:\/\/volcanes.net\/#\/schema\/person\/image\/\",\"url\":\"https:\/\/secure.gravatar.com\/avatar\/ca004e6cba8462b8cb7abc86e382930c?s=96&d=mm&r=g\",\"contentUrl\":\"https:\/\/secure.gravatar.com\/avatar\/ca004e6cba8462b8cb7abc86e382930c?s=96&d=mm&r=g\",\"caption\":\"admin\"}}]}<\/script>\n<!-- \/ Yoast SEO plugin. -->","yoast_head_json":{"title":"Se super\u00f3 meta de siembra de \u00e1rboles frutales en Atlautla - Volcanes","description":"Se super\u00f3 meta de siembra de \u00e1rboles frutales en Atlautla.","robots":{"index":"index","follow":"follow","max-snippet":"max-snippet:-1","max-image-preview":"max-image-preview:large","max-video-preview":"max-video-preview:-1"},"canonical":"https:\/\/volcanes.net\/?p=13190","og_locale":"es_MX","og_type":"article","og_title":"Se super\u00f3 meta de siembra de \u00e1rboles frutales en Atlautla - Volcanes","og_description":"Se super\u00f3 meta de siembra de \u00e1rboles frutales en Atlautla.","og_url":"https:\/\/volcanes.net\/?p=13190","og_site_name":"Volcanes","article_publisher":"https:\/\/www.facebook.com\/volcanes.net\/","article_published_time":"2022-10-16T03:33:29+00:00","og_image":[{"width":1599,"height":1200,"url":"https:\/\/volcanes.net\/wp-content\/uploads\/2022\/10\/IMG-20221014-WA0079.jpg","type":"image\/jpeg"}],"author":"admin","twitter_card":"summary_large_image","twitter_misc":{"Escrito por":"admin","Tiempo de lectura":"2 minutos"},"schema":{"@context":"https:\/\/schema.org","@graph":[{"@type":"Article","@id":"https:\/\/volcanes.net\/?p=13190#article","isPartOf":{"@id":"https:\/\/volcanes.net\/?p=13190"},"author":{"name":"admin","@id":"https:\/\/volcanes.net\/#\/schema\/person\/4bf0f383940966a4abd53f5048c0e6b9"},"headline":"Se super\u00f3 meta de siembra de \u00e1rboles frutales en Atlautla","datePublished":"2022-10-16T03:33:29+00:00","mainEntityOfPage":{"@id":"https:\/\/volcanes.net\/?p=13190"},"wordCount":278,"commentCount":0,"publisher":{"@id":"https:\/\/volcanes.net\/#organization"},"image":{"@id":"https:\/\/volcanes.net\/?p=13190#primaryimage"},"thumbnailUrl":"https:\/\/volcanes.net\/wp-content\/uploads\/2022\/10\/IMG-20221014-WA0079.jpg","articleSection":["Municipales"],"inLanguage":"es","potentialAction":[{"@type":"CommentAction","name":"Comment","target":["https:\/\/volcanes.net\/?p=13190#respond"]}]},{"@type":"WebPage","@id":"https:\/\/volcanes.net\/?p=13190","url":"https:\/\/volcanes.net\/?p=13190","name":"Se super\u00f3 meta de siembra de \u00e1rboles frutales en Atlautla - Volcanes","isPartOf":{"@id":"https:\/\/volcanes.net\/#website"},"primaryImageOfPage":{"@id":"https:\/\/volcanes.net\/?p=13190#primaryimage"},"image":{"@id":"https:\/\/volcanes.net\/?p=13190#primaryimage"},"thumbnailUrl":"https:\/\/volcanes.net\/wp-content\/uploads\/2022\/10\/IMG-20221014-WA0079.jpg","datePublished":"2022-10-16T03:33:29+00:00","description":"Se super\u00f3 meta de siembra de \u00e1rboles frutales en Atlautla.","breadcrumb":{"@id":"https:\/\/volcanes.net\/?p=13190#breadcrumb"},"inLanguage":"es","potentialAction":[{"@type":"ReadAction","target":["https:\/\/volcanes.net\/?p=13190"]}]},{"@type":"ImageObject","inLanguage":"es","@id":"https:\/\/volcanes.net\/?p=13190#primaryimage","url":"https:\/\/volcanes.net\/wp-content\/uploads\/2022\/10\/IMG-20221014-WA0079.jpg","contentUrl":"https:\/\/volcanes.net\/wp-content\/uploads\/2022\/10\/IMG-20221014-WA0079.jpg","width":1599,"height":1200},{"@type":"BreadcrumbList","@id":"https:\/\/volcanes.net\/?p=13190#breadcrumb","itemListElement":[{"@type":"ListItem","position":1,"name":"Portada","item":"https:\/\/volcanes.net\/"},{"@type":"ListItem","position":2,"name":"Se super\u00f3 meta de siembra de \u00e1rboles frutales en Atlautla"}]},{"@type":"WebSite","@id":"https:\/\/volcanes.net\/#website","url":"https:\/\/volcanes.net\/","name":"Volcanes.Net","description":"Periodismo Profesional","publisher":{"@id":"https:\/\/volcanes.net\/#organization"},"potentialAction":[{"@type":"SearchAction","target":{"@type":"EntryPoint","urlTemplate":"https:\/\/volcanes.net\/?s={search_term_string}"},"query-input":{"@type":"PropertyValueSpecification","valueRequired":true,"valueName":"search_term_string"}}],"inLanguage":"es"},{"@type":"Organization","@id":"https:\/\/volcanes.net\/#organization","name":"Grupo Volcanes","url":"https:\/\/volcanes.net\/","logo":{"@type":"ImageObject","inLanguage":"es","@id":"https:\/\/volcanes.net\/#\/schema\/logo\/image\/","url":"http:\/\/volcanes.net\/wp-content\/uploads\/2017\/12\/Avatar2.jpg","contentUrl":"http:\/\/volcanes.net\/wp-content\/uploads\/2017\/12\/Avatar2.jpg","width":378,"height":378,"caption":"Grupo Volcanes"},"image":{"@id":"https:\/\/volcanes.net\/#\/schema\/logo\/image\/"},"sameAs":["https:\/\/www.facebook.com\/volcanes.net\/"]},{"@type":"Person","@id":"https:\/\/volcanes.net\/#\/schema\/person\/4bf0f383940966a4abd53f5048c0e6b9","name":"admin","image":{"@type":"ImageObject","inLanguage":"es","@id":"https:\/\/volcanes.net\/#\/schema\/person\/image\/","url":"https:\/\/secure.gravatar.com\/avatar\/ca004e6cba8462b8cb7abc86e382930c?s=96&d=mm&r=g","contentUrl":"https:\/\/secure.gravatar.com\/avatar\/ca004e6cba8462b8cb7abc86e382930c?s=96&d=mm&r=g","caption":"admin"}}]}},"_links":{"self":[{"href":"https:\/\/volcanes.net\/index.php?rest_route=\/wp\/v2\/posts\/13190"}],"collection":[{"href":"https:\/\/volcanes.net\/index.php?rest_route=\/wp\/v2\/posts"}],"about":[{"href":"https:\/\/volcanes.net\/index.php?rest_route=\/wp\/v2\/types\/post"}],"author":[{"embeddable":true,"href":"https:\/\/volcanes.net\/index.php?rest_route=\/wp\/v2\/users\/1"}],"replies":[{"embeddable":true,"href":"https:\/\/volcanes.net\/index.php?rest_route=%2Fwp%2Fv2%2Fcomments&post=13190"}],"version-history":[{"count":2,"href":"https:\/\/volcanes.net\/index.php?rest_route=\/wp\/v2\/posts\/13190\/revisions"}],"predecessor-version":[{"id":13193,"href":"https:\/\/volcanes.net\/index.php?rest_route=\/wp\/v2\/posts\/13190\/revisions\/13193"}],"wp:featuredmedia":[{"embeddable":true,"href":"https:\/\/volcanes.net\/index.php?rest_route=\/wp\/v2\/media\/13191"}],"wp:attachment":[{"href":"https:\/\/volcanes.net\/index.php?rest_route=%2Fwp%2Fv2%2Fmedia&parent=13190"}],"wp:term":[{"taxonomy":"category","embeddable":true,"href":"https:\/\/volcanes.net\/index.php?rest_route=%2Fwp%2Fv2%2Fcategories&post=13190"},{"taxonomy":"post_tag","embeddable":true,"href":"https:\/\/volcanes.net\/index.php?rest_route=%2Fwp%2Fv2%2Ftags&post=13190"}],"curies":[{"name":"wp","href":"https:\/\/api.w.org\/{rel}","templated":true}]}}