{"id":13197,"date":"2022-10-26T21:09:15","date_gmt":"2022-10-27T03:09:15","guid":{"rendered":"http:\/\/volcanes.net\/?p=13197"},"modified":"2022-10-26T21:09:15","modified_gmt":"2022-10-27T03:09:15","slug":"el-gobierno-de-amecameca-encabezado-por-la-dra-ivette-topete-garcia-cumple-un-compromiso-mas-de-campana","status":"publish","type":"post","link":"https:\/\/volcanes.net\/?p=13197","title":{"rendered":"El gobierno de Amecameca encabezado por la Dra Ivette Topete Garc\u00eda cumple un compromiso m\u00e1s de campa\u00f1a"},"content":{"rendered":"<div style=\"margin-top: 0px; margin-bottom: 0px;\" class=\"sharethis-inline-share-buttons\" ><\/div><ul>\n<li>*** La alcaldesa municipal da el banderazo de inicio a la construcci\u00f3n de la magna obra de la Casa de D\u00eda de los Adultos Mayores.<\/li>\n<\/ul>\n<p>Amecameca, M\u00e9x.&#8212; Con la emoci\u00f3n que da cumplir con un compromiso m\u00e1s de campa\u00f1a, la presidenta municipal Dra. Ivette Topete Garc\u00eda, acompa\u00f1ada por el Cabildo e integrantes del Ayuntamiento dio el banderazo de inicio a la construcci\u00f3n de la Casa de D\u00eda para los Adultos Mayores.<\/p>\n<p>Ante decenas de abuelitas y abuelitos que con mucho entusiasmo acudieron a este evento, la alcaldesa se\u00f1al\u00f3 que en esta obra el gobierno municipal invertir\u00e1 Cuatro Millones 100 mil pesos y estar\u00e1 concluida la primera etapa en 60 d\u00edas, contando con el apoyo del DIF Estatal para su equipamiento.<\/p>\n<p>Topete Garc\u00eda destac\u00f3 que se aprovechar\u00e1 el terreno de lo que era un mercado que nunca funcion\u00f3 y ser\u00e1 una obra nueva en su totalidad, dise\u00f1ada especialmente para que los adultos mayores tengan un gran espacio de esparcimiento, digno, adecuado de un solo piso, con todos los servicios para que su estad\u00eda sea placentera, porque se lo merecen.<\/p>\n<p>Destac\u00f3 que los trabajos a realizar son cimentaci\u00f3n, pisos, fachada principal, cubierta, alba\u00f1iler\u00eda, instalaci\u00f3n hidr\u00e1ulica, sanitaria, muebles y accesorios de ba\u00f1o, mamparas sanitarias, instalaci\u00f3n el\u00e9ctrica, alumbrado p\u00fablico y jardiner\u00eda. &#8220;Destinar recursos en espacios para nuestros adultos mayores no es un gasto, es una gran inversi\u00f3n&#8221;, a\u00f1adi\u00f3.<\/p>\n<p>Agradeci\u00f3 el apoyo de los integrantes del Ayuntamiento para la aprobaci\u00f3n del presupuesto para que est\u00e1 magna obra sea una realidad muy pronto a la vez que dijo &#8220;Ahora vamos por la construcci\u00f3n de la Casa de la Cultura, porque es necesario que nuestro municipio tenga un espacio para cultivar las artes, preservar la historia y las tradiciones&#8221;, abund\u00f3.<\/p>\n<p>Ivette Topete, agradeci\u00f3 la solidaridad de la Presidenta del DIF Estatal Fernanda Castillo de Del Mazo, qui\u00e9n les ayudar\u00e1 con el equipamiento de esta instancia y trabajando juntos Gobierno Estatal y Municipal se logran Decisiones Firmes, Resultados Fuertes y un Gobierno para Todos.<\/p>\n","protected":false},"excerpt":{"rendered":"<p>*** La alcaldesa municipal da el banderazo de inicio a la construcci\u00f3n de la magna<\/p>\n","protected":false},"author":1,"featured_media":13199,"comment_status":"open","ping_status":"open","sticky":false,"template":"","format":"standard","meta":{"footnotes":""},"categories":[1],"tags":[],"class_list":["post-13197","post","type-post","status-publish","format-standard","has-post-thumbnail","hentry","category-municipales"],"yoast_head":"<!-- This site is optimized with the Yoast SEO plugin v25.3 - https:\/\/yoast.com\/wordpress\/plugins\/seo\/ -->\n<title>El gobierno de Amecameca encabezado por la Dra Ivette Topete Garc\u00eda cumple un compromiso m\u00e1s de campa\u00f1a - Volcanes<\/title>\n<meta name=\"description\" content=\"El gobierno de Amecameca encabezado por la Dra Ivette Topete Garc\u00eda cumple un compromiso m\u00e1s de campa\u00f1a\" \/>\n<meta name=\"robots\" content=\"index, follow, max-snippet:-1, max-image-preview:large, max-video-preview:-1\" \/>\n<link rel=\"canonical\" href=\"https:\/\/volcanes.net\/?p=13197\" \/>\n<meta property=\"og:locale\" content=\"es_MX\" \/>\n<meta property=\"og:type\" content=\"article\" \/>\n<meta property=\"og:title\" content=\"El gobierno de Amecameca encabezado por la Dra Ivette Topete Garc\u00eda cumple un compromiso m\u00e1s de campa\u00f1a - Volcanes\" \/>\n<meta property=\"og:description\" content=\"El gobierno de Amecameca encabezado por la Dra Ivette Topete Garc\u00eda cumple un compromiso m\u00e1s de campa\u00f1a\" \/>\n<meta property=\"og:url\" content=\"https:\/\/volcanes.net\/?p=13197\" \/>\n<meta property=\"og:site_name\" content=\"Volcanes\" \/>\n<meta property=\"article:publisher\" content=\"https:\/\/www.facebook.com\/volcanes.net\/\" \/>\n<meta property=\"article:published_time\" content=\"2022-10-27T03:09:15+00:00\" \/>\n<meta property=\"og:image\" content=\"https:\/\/volcanes.net\/wp-content\/uploads\/2022\/10\/IMG-20221026-WA0219.jpg\" \/>\n\t<meta property=\"og:image:width\" content=\"1600\" \/>\n\t<meta property=\"og:image:height\" content=\"720\" \/>\n\t<meta property=\"og:image:type\" content=\"image\/jpeg\" \/>\n<meta name=\"author\" content=\"admin\" \/>\n<meta name=\"twitter:card\" content=\"summary_large_image\" \/>\n<meta name=\"twitter:label1\" content=\"Escrito por\" \/>\n\t<meta name=\"twitter:data1\" content=\"admin\" \/>\n\t<meta name=\"twitter:label2\" content=\"Tiempo de lectura\" \/>\n\t<meta name=\"twitter:data2\" content=\"2 minutos\" \/>\n<script type=\"application\/ld+json\" class=\"yoast-schema-graph\">{\"@context\":\"https:\/\/schema.org\",\"@graph\":[{\"@type\":\"Article\",\"@id\":\"https:\/\/volcanes.net\/?p=13197#article\",\"isPartOf\":{\"@id\":\"https:\/\/volcanes.net\/?p=13197\"},\"author\":{\"name\":\"admin\",\"@id\":\"https:\/\/volcanes.net\/#\/schema\/person\/4bf0f383940966a4abd53f5048c0e6b9\"},\"headline\":\"El gobierno de Amecameca encabezado por la Dra Ivette Topete Garc\u00eda cumple un compromiso m\u00e1s de campa\u00f1a\",\"datePublished\":\"2022-10-27T03:09:15+00:00\",\"mainEntityOfPage\":{\"@id\":\"https:\/\/volcanes.net\/?p=13197\"},\"wordCount\":374,\"commentCount\":0,\"publisher\":{\"@id\":\"https:\/\/volcanes.net\/#organization\"},\"image\":{\"@id\":\"https:\/\/volcanes.net\/?p=13197#primaryimage\"},\"thumbnailUrl\":\"https:\/\/volcanes.net\/wp-content\/uploads\/2022\/10\/IMG-20221026-WA0219.jpg\",\"articleSection\":[\"Municipales\"],\"inLanguage\":\"es\",\"potentialAction\":[{\"@type\":\"CommentAction\",\"name\":\"Comment\",\"target\":[\"https:\/\/volcanes.net\/?p=13197#respond\"]}]},{\"@type\":\"WebPage\",\"@id\":\"https:\/\/volcanes.net\/?p=13197\",\"url\":\"https:\/\/volcanes.net\/?p=13197\",\"name\":\"El gobierno de Amecameca encabezado por la Dra Ivette Topete Garc\u00eda cumple un compromiso m\u00e1s de campa\u00f1a - Volcanes\",\"isPartOf\":{\"@id\":\"https:\/\/volcanes.net\/#website\"},\"primaryImageOfPage\":{\"@id\":\"https:\/\/volcanes.net\/?p=13197#primaryimage\"},\"image\":{\"@id\":\"https:\/\/volcanes.net\/?p=13197#primaryimage\"},\"thumbnailUrl\":\"https:\/\/volcanes.net\/wp-content\/uploads\/2022\/10\/IMG-20221026-WA0219.jpg\",\"datePublished\":\"2022-10-27T03:09:15+00:00\",\"description\":\"El gobierno de Amecameca encabezado por la Dra Ivette Topete Garc\u00eda cumple un compromiso m\u00e1s de campa\u00f1a\",\"breadcrumb\":{\"@id\":\"https:\/\/volcanes.net\/?p=13197#breadcrumb\"},\"inLanguage\":\"es\",\"potentialAction\":[{\"@type\":\"ReadAction\",\"target\":[\"https:\/\/volcanes.net\/?p=13197\"]}]},{\"@type\":\"ImageObject\",\"inLanguage\":\"es\",\"@id\":\"https:\/\/volcanes.net\/?p=13197#primaryimage\",\"url\":\"https:\/\/volcanes.net\/wp-content\/uploads\/2022\/10\/IMG-20221026-WA0219.jpg\",\"contentUrl\":\"https:\/\/volcanes.net\/wp-content\/uploads\/2022\/10\/IMG-20221026-WA0219.jpg\",\"width\":1600,\"height\":720},{\"@type\":\"BreadcrumbList\",\"@id\":\"https:\/\/volcanes.net\/?p=13197#breadcrumb\",\"itemListElement\":[{\"@type\":\"ListItem\",\"position\":1,\"name\":\"Portada\",\"item\":\"https:\/\/volcanes.net\/\"},{\"@type\":\"ListItem\",\"position\":2,\"name\":\"El gobierno de Amecameca encabezado por la Dra Ivette Topete Garc\u00eda cumple un compromiso m\u00e1s de campa\u00f1a\"}]},{\"@type\":\"WebSite\",\"@id\":\"https:\/\/volcanes.net\/#website\",\"url\":\"https:\/\/volcanes.net\/\",\"name\":\"Volcanes.Net\",\"description\":\"Periodismo Profesional\",\"publisher\":{\"@id\":\"https:\/\/volcanes.net\/#organization\"},\"potentialAction\":[{\"@type\":\"SearchAction\",\"target\":{\"@type\":\"EntryPoint\",\"urlTemplate\":\"https:\/\/volcanes.net\/?s={search_term_string}\"},\"query-input\":{\"@type\":\"PropertyValueSpecification\",\"valueRequired\":true,\"valueName\":\"search_term_string\"}}],\"inLanguage\":\"es\"},{\"@type\":\"Organization\",\"@id\":\"https:\/\/volcanes.net\/#organization\",\"name\":\"Grupo Volcanes\",\"url\":\"https:\/\/volcanes.net\/\",\"logo\":{\"@type\":\"ImageObject\",\"inLanguage\":\"es\",\"@id\":\"https:\/\/volcanes.net\/#\/schema\/logo\/image\/\",\"url\":\"http:\/\/volcanes.net\/wp-content\/uploads\/2017\/12\/Avatar2.jpg\",\"contentUrl\":\"http:\/\/volcanes.net\/wp-content\/uploads\/2017\/12\/Avatar2.jpg\",\"width\":378,\"height\":378,\"caption\":\"Grupo Volcanes\"},\"image\":{\"@id\":\"https:\/\/volcanes.net\/#\/schema\/logo\/image\/\"},\"sameAs\":[\"https:\/\/www.facebook.com\/volcanes.net\/\"]},{\"@type\":\"Person\",\"@id\":\"https:\/\/volcanes.net\/#\/schema\/person\/4bf0f383940966a4abd53f5048c0e6b9\",\"name\":\"admin\",\"image\":{\"@type\":\"ImageObject\",\"inLanguage\":\"es\",\"@id\":\"https:\/\/volcanes.net\/#\/schema\/person\/image\/\",\"url\":\"https:\/\/secure.gravatar.com\/avatar\/ca004e6cba8462b8cb7abc86e382930c?s=96&d=mm&r=g\",\"contentUrl\":\"https:\/\/secure.gravatar.com\/avatar\/ca004e6cba8462b8cb7abc86e382930c?s=96&d=mm&r=g\",\"caption\":\"admin\"}}]}<\/script>\n<!-- \/ Yoast SEO plugin. -->","yoast_head_json":{"title":"El gobierno de Amecameca encabezado por la Dra Ivette Topete Garc\u00eda cumple un compromiso m\u00e1s de campa\u00f1a - Volcanes","description":"El gobierno de Amecameca encabezado por la Dra Ivette Topete Garc\u00eda cumple un compromiso m\u00e1s de campa\u00f1a","robots":{"index":"index","follow":"follow","max-snippet":"max-snippet:-1","max-image-preview":"max-image-preview:large","max-video-preview":"max-video-preview:-1"},"canonical":"https:\/\/volcanes.net\/?p=13197","og_locale":"es_MX","og_type":"article","og_title":"El gobierno de Amecameca encabezado por la Dra Ivette Topete Garc\u00eda cumple un compromiso m\u00e1s de campa\u00f1a - Volcanes","og_description":"El gobierno de Amecameca encabezado por la Dra Ivette Topete Garc\u00eda cumple un compromiso m\u00e1s de campa\u00f1a","og_url":"https:\/\/volcanes.net\/?p=13197","og_site_name":"Volcanes","article_publisher":"https:\/\/www.facebook.com\/volcanes.net\/","article_published_time":"2022-10-27T03:09:15+00:00","og_image":[{"width":1600,"height":720,"url":"https:\/\/volcanes.net\/wp-content\/uploads\/2022\/10\/IMG-20221026-WA0219.jpg","type":"image\/jpeg"}],"author":"admin","twitter_card":"summary_large_image","twitter_misc":{"Escrito por":"admin","Tiempo de lectura":"2 minutos"},"schema":{"@context":"https:\/\/schema.org","@graph":[{"@type":"Article","@id":"https:\/\/volcanes.net\/?p=13197#article","isPartOf":{"@id":"https:\/\/volcanes.net\/?p=13197"},"author":{"name":"admin","@id":"https:\/\/volcanes.net\/#\/schema\/person\/4bf0f383940966a4abd53f5048c0e6b9"},"headline":"El gobierno de Amecameca encabezado por la Dra Ivette Topete Garc\u00eda cumple un compromiso m\u00e1s de campa\u00f1a","datePublished":"2022-10-27T03:09:15+00:00","mainEntityOfPage":{"@id":"https:\/\/volcanes.net\/?p=13197"},"wordCount":374,"commentCount":0,"publisher":{"@id":"https:\/\/volcanes.net\/#organization"},"image":{"@id":"https:\/\/volcanes.net\/?p=13197#primaryimage"},"thumbnailUrl":"https:\/\/volcanes.net\/wp-content\/uploads\/2022\/10\/IMG-20221026-WA0219.jpg","articleSection":["Municipales"],"inLanguage":"es","potentialAction":[{"@type":"CommentAction","name":"Comment","target":["https:\/\/volcanes.net\/?p=13197#respond"]}]},{"@type":"WebPage","@id":"https:\/\/volcanes.net\/?p=13197","url":"https:\/\/volcanes.net\/?p=13197","name":"El gobierno de Amecameca encabezado por la Dra Ivette Topete Garc\u00eda cumple un compromiso m\u00e1s de campa\u00f1a - Volcanes","isPartOf":{"@id":"https:\/\/volcanes.net\/#website"},"primaryImageOfPage":{"@id":"https:\/\/volcanes.net\/?p=13197#primaryimage"},"image":{"@id":"https:\/\/volcanes.net\/?p=13197#primaryimage"},"thumbnailUrl":"https:\/\/volcanes.net\/wp-content\/uploads\/2022\/10\/IMG-20221026-WA0219.jpg","datePublished":"2022-10-27T03:09:15+00:00","description":"El gobierno de Amecameca encabezado por la Dra Ivette Topete Garc\u00eda cumple un compromiso m\u00e1s de campa\u00f1a","breadcrumb":{"@id":"https:\/\/volcanes.net\/?p=13197#breadcrumb"},"inLanguage":"es","potentialAction":[{"@type":"ReadAction","target":["https:\/\/volcanes.net\/?p=13197"]}]},{"@type":"ImageObject","inLanguage":"es","@id":"https:\/\/volcanes.net\/?p=13197#primaryimage","url":"https:\/\/volcanes.net\/wp-content\/uploads\/2022\/10\/IMG-20221026-WA0219.jpg","contentUrl":"https:\/\/volcanes.net\/wp-content\/uploads\/2022\/10\/IMG-20221026-WA0219.jpg","width":1600,"height":720},{"@type":"BreadcrumbList","@id":"https:\/\/volcanes.net\/?p=13197#breadcrumb","itemListElement":[{"@type":"ListItem","position":1,"name":"Portada","item":"https:\/\/volcanes.net\/"},{"@type":"ListItem","position":2,"name":"El gobierno de Amecameca encabezado por la Dra Ivette Topete Garc\u00eda cumple un compromiso m\u00e1s de campa\u00f1a"}]},{"@type":"WebSite","@id":"https:\/\/volcanes.net\/#website","url":"https:\/\/volcanes.net\/","name":"Volcanes.Net","description":"Periodismo Profesional","publisher":{"@id":"https:\/\/volcanes.net\/#organization"},"potentialAction":[{"@type":"SearchAction","target":{"@type":"EntryPoint","urlTemplate":"https:\/\/volcanes.net\/?s={search_term_string}"},"query-input":{"@type":"PropertyValueSpecification","valueRequired":true,"valueName":"search_term_string"}}],"inLanguage":"es"},{"@type":"Organization","@id":"https:\/\/volcanes.net\/#organization","name":"Grupo Volcanes","url":"https:\/\/volcanes.net\/","logo":{"@type":"ImageObject","inLanguage":"es","@id":"https:\/\/volcanes.net\/#\/schema\/logo\/image\/","url":"http:\/\/volcanes.net\/wp-content\/uploads\/2017\/12\/Avatar2.jpg","contentUrl":"http:\/\/volcanes.net\/wp-content\/uploads\/2017\/12\/Avatar2.jpg","width":378,"height":378,"caption":"Grupo Volcanes"},"image":{"@id":"https:\/\/volcanes.net\/#\/schema\/logo\/image\/"},"sameAs":["https:\/\/www.facebook.com\/volcanes.net\/"]},{"@type":"Person","@id":"https:\/\/volcanes.net\/#\/schema\/person\/4bf0f383940966a4abd53f5048c0e6b9","name":"admin","image":{"@type":"ImageObject","inLanguage":"es","@id":"https:\/\/volcanes.net\/#\/schema\/person\/image\/","url":"https:\/\/secure.gravatar.com\/avatar\/ca004e6cba8462b8cb7abc86e382930c?s=96&d=mm&r=g","contentUrl":"https:\/\/secure.gravatar.com\/avatar\/ca004e6cba8462b8cb7abc86e382930c?s=96&d=mm&r=g","caption":"admin"}}]}},"_links":{"self":[{"href":"https:\/\/volcanes.net\/index.php?rest_route=\/wp\/v2\/posts\/13197"}],"collection":[{"href":"https:\/\/volcanes.net\/index.php?rest_route=\/wp\/v2\/posts"}],"about":[{"href":"https:\/\/volcanes.net\/index.php?rest_route=\/wp\/v2\/types\/post"}],"author":[{"embeddable":true,"href":"https:\/\/volcanes.net\/index.php?rest_route=\/wp\/v2\/users\/1"}],"replies":[{"embeddable":true,"href":"https:\/\/volcanes.net\/index.php?rest_route=%2Fwp%2Fv2%2Fcomments&post=13197"}],"version-history":[{"count":1,"href":"https:\/\/volcanes.net\/index.php?rest_route=\/wp\/v2\/posts\/13197\/revisions"}],"predecessor-version":[{"id":13200,"href":"https:\/\/volcanes.net\/index.php?rest_route=\/wp\/v2\/posts\/13197\/revisions\/13200"}],"wp:featuredmedia":[{"embeddable":true,"href":"https:\/\/volcanes.net\/index.php?rest_route=\/wp\/v2\/media\/13199"}],"wp:attachment":[{"href":"https:\/\/volcanes.net\/index.php?rest_route=%2Fwp%2Fv2%2Fmedia&parent=13197"}],"wp:term":[{"taxonomy":"category","embeddable":true,"href":"https:\/\/volcanes.net\/index.php?rest_route=%2Fwp%2Fv2%2Fcategories&post=13197"},{"taxonomy":"post_tag","embeddable":true,"href":"https:\/\/volcanes.net\/index.php?rest_route=%2Fwp%2Fv2%2Ftags&post=13197"}],"curies":[{"name":"wp","href":"https:\/\/api.w.org\/{rel}","templated":true}]}}