{"id":1320,"date":"2018-02-21T02:12:59","date_gmt":"2018-02-21T02:12:59","guid":{"rendered":"http:\/\/volcanes.net\/?p=1320"},"modified":"2018-02-21T02:12:59","modified_gmt":"2018-02-21T02:12:59","slug":"la-politica-exterior-de-mexico-requiere-que-pensemos-mas-en-las-personas-y-menos-en-los-intereses-particulares-gcb","status":"publish","type":"post","link":"https:\/\/volcanes.net\/?p=1320","title":{"rendered":"La pol\u00edtica exterior de M\u00e9xico requiere que pensemos m\u00e1s en las personas y menos en los intereses particulares: GCB"},"content":{"rendered":"<div style=\"margin-top: 0px; margin-bottom: 0px;\" class=\"sharethis-inline-share-buttons\" ><\/div><ul>\n<li>Desde la Comisi\u00f3n de Relaciones Exteriores se impulsaron las reformas al art\u00edculo 44 de la Ley al Servicio Exterior para garantizar el derecho a la identidad de mexicanos.<\/li>\n<li>Se aprobaron 168 nombramientos diplom\u00e1ticos y 111 instrumentos internacionales.<\/li>\n<\/ul>\n<p>&nbsp;<\/p>\n<p>\u201cHay acuerdos que evidencian lo poco que importa el liderazgo de M\u00e9xico en el mundo. Ah\u00ed est\u00e1n puestos para tener discursos en distintos idiomas y para decir lo mucho que les preocupan las posiciones de Trump en contra de nuestro pa\u00eds, pero cuando se trata de hablar de M\u00e9xico, ganan las posiciones mezquinas. Esta decisi\u00f3n tambi\u00e9n evidencia la exclusi\u00f3n en el Senado de la Rep\u00fablica para quienes hemos decidido emprender un camino diferente y no tener un grupo parlamentario\u201d, se\u00f1al\u00f3 la Senadora Gabriela Cuevas Barron.<\/p>\n<p>&nbsp;<\/p>\n<p>Despu\u00e9s de que el Pleno conociera el acuerdo de la Junta de Coordinaci\u00f3n Pol\u00edtica por el cual se da por concluido su mandato como presidenta de la Comisi\u00f3n de Relaciones Exteriores al no pertenecer a un grupo parlamentario, la Legisladora destac\u00f3 los resultados de dicho \u00f3rgano, cuyos ejes fundamentales fueron el impulso al desarrollo del pa\u00eds y la protecci\u00f3n de los mexicanos en el exterior. Desde octubre del a\u00f1o 2012, cuando inici\u00f3 su gesti\u00f3n, se dio tr\u00e1mite y fueron dictaminados:<\/p>\n<p>&nbsp;<\/p>\n<ul>\n<li>168 nombramientos diplom\u00e1ticos<\/li>\n<li>111 instrumentos internacionales<\/li>\n<li>36 autorizaciones para la salida de tropas del territorio nacional<\/li>\n<li>11 iniciativas<\/li>\n<li>32 proposiciones con puntos de acuerdo y<\/li>\n<li>2 minutas.<\/li>\n<\/ul>\n<p>&nbsp;<\/p>\n<p>Cuevas Barron dijo desde la tribuna que \u201cla pol\u00edtica exterior de nuestro pa\u00eds requiere de una urgente democratizaci\u00f3n para que los beneficios no se queden en unas cuantas manos. La pol\u00edtica exterior de M\u00e9xico requiere que pensemos m\u00e1s en las personas y menos en los intereses particulares. La pol\u00edtica exterior de M\u00e9xico clama hoy por inclusi\u00f3n, clama por diversificaci\u00f3n y en eso estaremos trabajando en las trincheras en las que el mundo tambi\u00e9n ya decidi\u00f3\u201d.<\/p>\n<p>&nbsp;<\/p>\n<p>Entre los logros\u00a0 de la Comisi\u00f3n de Relaciones Exteriores, la Senadora Cuevas Barron destac\u00f3 la reforma al art\u00edculo 44 de la Ley al Servicio Exterior Mexicano, por la cual a partir del 17 de febrero de 2017 inici\u00f3 la expedici\u00f3n de actas de nacimiento extempor\u00e1neas en los consulados, garantiz\u00e1ndose as\u00ed el derecho a la identidad en beneficio de mexicanos radicados en Estados Unidos, principalmente.<\/p>\n<p>&nbsp;<\/p>\n<p>&nbsp;<\/p>\n<p>En materia de Diplomacia Parlamentaria, la Legisladora hizo \u00e9nfasis en el trabajo realizado con diversos parlamentos con el objetivo de promover los intereses de M\u00e9xico. \u201cNos atrevimos a innovar, innovamos en materia de diplomacia parlamentaria y lo hicimos a trav\u00e9s de la firma de diversos memor\u00e1ndums de entendimiento. Y por supuesto a trav\u00e9s de reuniones de trabajo de 47 pa\u00edses que visitaron durante este tiempo la comisi\u00f3n\u201d.<\/p>\n<p>&nbsp;<\/p>\n<p>En este sentido, Gabriela Cuevas destac\u00f3 la visita del Relator Especial de la ONU para Derechos Humanos de las Personas Desplazadas Internamente, Chaloka Beyani, pues en M\u00e9xico el tema del desplazamiento forzado afecta entre 90 mil y 180 mil personas, seg\u00fan informaci\u00f3n de la Comisi\u00f3n Nacional de los Derechos Humanos.<\/p>\n<p>&nbsp;<\/p>\n<p>Otro logro a destacar durante la Presidencia de la Senadora Gabriela Cuevas al frente de la Comisi\u00f3n de Relaciones Exteriores es la aprobaci\u00f3n de la reforma al Art\u00edculo 11 de la Constituci\u00f3n Pol\u00edtica de los Estados Unidos, en materia de asilo y condici\u00f3n de refugiados, que \u201cpermitir\u00e1 que toda persona perseguida por motivos pol\u00edticos o cuya vida, libertad o seguridad se encuentre en peligro, pueda ejercer v\u00e1lidamente sus derechos al reconocimiento de la condici\u00f3n de refugiado y a solicitar el otorgamiento de asilo pol\u00edtico, con la seguridad de que su solicitud cuenta con pleno sustento constitucional y convencional\u201d.<\/p>\n<p>&nbsp;<\/p>\n<p>En materia de acuerdos comerciales enfatiz\u00f3 la aprobaci\u00f3n de instrumentos internacionales como la \u00a0Alianza del Pac\u00edfico \u201cque hoy nos vincula de manera \u00a0m\u00e1s estrecha a nuestra regi\u00f3n. \u00a0Adem\u00e1s de otros instrumentos que nos acercan a Am\u00e9rica Latina y Caribe. Ello aunado a la realizaci\u00f3n de m\u00e1s de 30 Audiencias p\u00fablicas para analizar Acuerdo de Asociaci\u00f3n Transpac\u00edfico que hoy se pretende recuperar como un proyecto prioritario de pol\u00edtica comercial y pol\u00edtica exterior\u201d.<\/p>\n<p>&nbsp;<\/p>\n<p>Finalmente la Senadora Gabriela Cuevas Barron agradeci\u00f3 al Pleno del Senado la oportunidad para presidir la Comisi\u00f3n de Relaciones Exteriores por casi 6 a\u00f1os, enfatizando que \u00a0continuar\u00e1 su trabajo desde la Presidencia de la Uni\u00f3n Interparlamentaria que asumi\u00f3 en octubre de 2016 e hizo un llamado para que M\u00e9xico proyecte su liderazgo ante la comunidad internacional y ello se lograr\u00e1 s\u00f3lo a trav\u00e9s del di\u00e1logo franco, abierto y permanente con otras naciones.<\/p>\n","protected":false},"excerpt":{"rendered":"<p>Desde la Comisi\u00f3n de Relaciones Exteriores se impulsaron las reformas al art\u00edculo 44 de la<\/p>\n","protected":false},"author":1,"featured_media":1321,"comment_status":"open","ping_status":"open","sticky":false,"template":"","format":"standard","meta":{"footnotes":""},"categories":[1],"tags":[72],"class_list":["post-1320","post","type-post","status-publish","format-standard","has-post-thumbnail","hentry","category-municipales","tag-senado-de-la-republica"],"yoast_head":"<!-- This site is optimized with the Yoast SEO plugin v25.3 - https:\/\/yoast.com\/wordpress\/plugins\/seo\/ -->\n<title>La pol\u00edtica exterior de M\u00e9xico requiere que pensemos m\u00e1s en las personas y menos en los intereses particulares: GCB - Volcanes<\/title>\n<meta name=\"robots\" content=\"index, follow, max-snippet:-1, max-image-preview:large, max-video-preview:-1\" \/>\n<link rel=\"canonical\" href=\"https:\/\/volcanes.net\/?p=1320\" \/>\n<meta property=\"og:locale\" content=\"es_MX\" \/>\n<meta property=\"og:type\" content=\"article\" \/>\n<meta property=\"og:title\" content=\"La pol\u00edtica exterior de M\u00e9xico requiere que pensemos m\u00e1s en las personas y menos en los intereses particulares: GCB - Volcanes\" \/>\n<meta property=\"og:description\" content=\"Desde la Comisi\u00f3n de Relaciones Exteriores se impulsaron las reformas al art\u00edculo 44 de la\" \/>\n<meta property=\"og:url\" content=\"https:\/\/volcanes.net\/?p=1320\" \/>\n<meta property=\"og:site_name\" content=\"Volcanes\" \/>\n<meta property=\"article:publisher\" content=\"https:\/\/www.facebook.com\/volcanes.net\/\" \/>\n<meta property=\"article:published_time\" content=\"2018-02-21T02:12:59+00:00\" \/>\n<meta property=\"og:image\" content=\"https:\/\/volcanes.net\/wp-content\/uploads\/2018\/02\/BO5I3669.jpg\" \/>\n\t<meta property=\"og:image:width\" content=\"547\" \/>\n\t<meta property=\"og:image:height\" content=\"365\" \/>\n\t<meta property=\"og:image:type\" content=\"image\/jpeg\" \/>\n<meta name=\"author\" content=\"admin\" \/>\n<meta name=\"twitter:card\" content=\"summary_large_image\" \/>\n<meta name=\"twitter:label1\" content=\"Escrito por\" \/>\n\t<meta name=\"twitter:data1\" content=\"admin\" \/>\n\t<meta name=\"twitter:label2\" content=\"Tiempo de lectura\" \/>\n\t<meta name=\"twitter:data2\" content=\"4 minutos\" \/>\n<script type=\"application\/ld+json\" class=\"yoast-schema-graph\">{\"@context\":\"https:\/\/schema.org\",\"@graph\":[{\"@type\":\"Article\",\"@id\":\"https:\/\/volcanes.net\/?p=1320#article\",\"isPartOf\":{\"@id\":\"https:\/\/volcanes.net\/?p=1320\"},\"author\":{\"name\":\"admin\",\"@id\":\"https:\/\/volcanes.net\/#\/schema\/person\/4bf0f383940966a4abd53f5048c0e6b9\"},\"headline\":\"La pol\u00edtica exterior de M\u00e9xico requiere que pensemos m\u00e1s en las personas y menos en los intereses particulares: GCB\",\"datePublished\":\"2018-02-21T02:12:59+00:00\",\"mainEntityOfPage\":{\"@id\":\"https:\/\/volcanes.net\/?p=1320\"},\"wordCount\":817,\"commentCount\":0,\"publisher\":{\"@id\":\"https:\/\/volcanes.net\/#organization\"},\"image\":{\"@id\":\"https:\/\/volcanes.net\/?p=1320#primaryimage\"},\"thumbnailUrl\":\"https:\/\/volcanes.net\/wp-content\/uploads\/2018\/02\/BO5I3669.jpg\",\"keywords\":[\"Senado de la Rep\u00fablica\"],\"articleSection\":[\"Municipales\"],\"inLanguage\":\"es\",\"potentialAction\":[{\"@type\":\"CommentAction\",\"name\":\"Comment\",\"target\":[\"https:\/\/volcanes.net\/?p=1320#respond\"]}]},{\"@type\":\"WebPage\",\"@id\":\"https:\/\/volcanes.net\/?p=1320\",\"url\":\"https:\/\/volcanes.net\/?p=1320\",\"name\":\"La pol\u00edtica exterior de M\u00e9xico requiere que pensemos m\u00e1s en las personas y menos en los intereses particulares: GCB - Volcanes\",\"isPartOf\":{\"@id\":\"https:\/\/volcanes.net\/#website\"},\"primaryImageOfPage\":{\"@id\":\"https:\/\/volcanes.net\/?p=1320#primaryimage\"},\"image\":{\"@id\":\"https:\/\/volcanes.net\/?p=1320#primaryimage\"},\"thumbnailUrl\":\"https:\/\/volcanes.net\/wp-content\/uploads\/2018\/02\/BO5I3669.jpg\",\"datePublished\":\"2018-02-21T02:12:59+00:00\",\"breadcrumb\":{\"@id\":\"https:\/\/volcanes.net\/?p=1320#breadcrumb\"},\"inLanguage\":\"es\",\"potentialAction\":[{\"@type\":\"ReadAction\",\"target\":[\"https:\/\/volcanes.net\/?p=1320\"]}]},{\"@type\":\"ImageObject\",\"inLanguage\":\"es\",\"@id\":\"https:\/\/volcanes.net\/?p=1320#primaryimage\",\"url\":\"https:\/\/volcanes.net\/wp-content\/uploads\/2018\/02\/BO5I3669.jpg\",\"contentUrl\":\"https:\/\/volcanes.net\/wp-content\/uploads\/2018\/02\/BO5I3669.jpg\",\"width\":547,\"height\":365},{\"@type\":\"BreadcrumbList\",\"@id\":\"https:\/\/volcanes.net\/?p=1320#breadcrumb\",\"itemListElement\":[{\"@type\":\"ListItem\",\"position\":1,\"name\":\"Portada\",\"item\":\"https:\/\/volcanes.net\/\"},{\"@type\":\"ListItem\",\"position\":2,\"name\":\"La pol\u00edtica exterior de M\u00e9xico requiere que pensemos m\u00e1s en las personas y menos en los intereses particulares: GCB\"}]},{\"@type\":\"WebSite\",\"@id\":\"https:\/\/volcanes.net\/#website\",\"url\":\"https:\/\/volcanes.net\/\",\"name\":\"Volcanes.Net\",\"description\":\"Periodismo Profesional\",\"publisher\":{\"@id\":\"https:\/\/volcanes.net\/#organization\"},\"potentialAction\":[{\"@type\":\"SearchAction\",\"target\":{\"@type\":\"EntryPoint\",\"urlTemplate\":\"https:\/\/volcanes.net\/?s={search_term_string}\"},\"query-input\":{\"@type\":\"PropertyValueSpecification\",\"valueRequired\":true,\"valueName\":\"search_term_string\"}}],\"inLanguage\":\"es\"},{\"@type\":\"Organization\",\"@id\":\"https:\/\/volcanes.net\/#organization\",\"name\":\"Grupo Volcanes\",\"url\":\"https:\/\/volcanes.net\/\",\"logo\":{\"@type\":\"ImageObject\",\"inLanguage\":\"es\",\"@id\":\"https:\/\/volcanes.net\/#\/schema\/logo\/image\/\",\"url\":\"http:\/\/volcanes.net\/wp-content\/uploads\/2017\/12\/Avatar2.jpg\",\"contentUrl\":\"http:\/\/volcanes.net\/wp-content\/uploads\/2017\/12\/Avatar2.jpg\",\"width\":378,\"height\":378,\"caption\":\"Grupo Volcanes\"},\"image\":{\"@id\":\"https:\/\/volcanes.net\/#\/schema\/logo\/image\/\"},\"sameAs\":[\"https:\/\/www.facebook.com\/volcanes.net\/\"]},{\"@type\":\"Person\",\"@id\":\"https:\/\/volcanes.net\/#\/schema\/person\/4bf0f383940966a4abd53f5048c0e6b9\",\"name\":\"admin\",\"image\":{\"@type\":\"ImageObject\",\"inLanguage\":\"es\",\"@id\":\"https:\/\/volcanes.net\/#\/schema\/person\/image\/\",\"url\":\"https:\/\/secure.gravatar.com\/avatar\/ca004e6cba8462b8cb7abc86e382930c?s=96&d=mm&r=g\",\"contentUrl\":\"https:\/\/secure.gravatar.com\/avatar\/ca004e6cba8462b8cb7abc86e382930c?s=96&d=mm&r=g\",\"caption\":\"admin\"}}]}<\/script>\n<!-- \/ Yoast SEO plugin. -->","yoast_head_json":{"title":"La pol\u00edtica exterior de M\u00e9xico requiere que pensemos m\u00e1s en las personas y menos en los intereses particulares: GCB - Volcanes","robots":{"index":"index","follow":"follow","max-snippet":"max-snippet:-1","max-image-preview":"max-image-preview:large","max-video-preview":"max-video-preview:-1"},"canonical":"https:\/\/volcanes.net\/?p=1320","og_locale":"es_MX","og_type":"article","og_title":"La pol\u00edtica exterior de M\u00e9xico requiere que pensemos m\u00e1s en las personas y menos en los intereses particulares: GCB - Volcanes","og_description":"Desde la Comisi\u00f3n de Relaciones Exteriores se impulsaron las reformas al art\u00edculo 44 de la","og_url":"https:\/\/volcanes.net\/?p=1320","og_site_name":"Volcanes","article_publisher":"https:\/\/www.facebook.com\/volcanes.net\/","article_published_time":"2018-02-21T02:12:59+00:00","og_image":[{"width":547,"height":365,"url":"https:\/\/volcanes.net\/wp-content\/uploads\/2018\/02\/BO5I3669.jpg","type":"image\/jpeg"}],"author":"admin","twitter_card":"summary_large_image","twitter_misc":{"Escrito por":"admin","Tiempo de lectura":"4 minutos"},"schema":{"@context":"https:\/\/schema.org","@graph":[{"@type":"Article","@id":"https:\/\/volcanes.net\/?p=1320#article","isPartOf":{"@id":"https:\/\/volcanes.net\/?p=1320"},"author":{"name":"admin","@id":"https:\/\/volcanes.net\/#\/schema\/person\/4bf0f383940966a4abd53f5048c0e6b9"},"headline":"La pol\u00edtica exterior de M\u00e9xico requiere que pensemos m\u00e1s en las personas y menos en los intereses particulares: GCB","datePublished":"2018-02-21T02:12:59+00:00","mainEntityOfPage":{"@id":"https:\/\/volcanes.net\/?p=1320"},"wordCount":817,"commentCount":0,"publisher":{"@id":"https:\/\/volcanes.net\/#organization"},"image":{"@id":"https:\/\/volcanes.net\/?p=1320#primaryimage"},"thumbnailUrl":"https:\/\/volcanes.net\/wp-content\/uploads\/2018\/02\/BO5I3669.jpg","keywords":["Senado de la Rep\u00fablica"],"articleSection":["Municipales"],"inLanguage":"es","potentialAction":[{"@type":"CommentAction","name":"Comment","target":["https:\/\/volcanes.net\/?p=1320#respond"]}]},{"@type":"WebPage","@id":"https:\/\/volcanes.net\/?p=1320","url":"https:\/\/volcanes.net\/?p=1320","name":"La pol\u00edtica exterior de M\u00e9xico requiere que pensemos m\u00e1s en las personas y menos en los intereses particulares: GCB - Volcanes","isPartOf":{"@id":"https:\/\/volcanes.net\/#website"},"primaryImageOfPage":{"@id":"https:\/\/volcanes.net\/?p=1320#primaryimage"},"image":{"@id":"https:\/\/volcanes.net\/?p=1320#primaryimage"},"thumbnailUrl":"https:\/\/volcanes.net\/wp-content\/uploads\/2018\/02\/BO5I3669.jpg","datePublished":"2018-02-21T02:12:59+00:00","breadcrumb":{"@id":"https:\/\/volcanes.net\/?p=1320#breadcrumb"},"inLanguage":"es","potentialAction":[{"@type":"ReadAction","target":["https:\/\/volcanes.net\/?p=1320"]}]},{"@type":"ImageObject","inLanguage":"es","@id":"https:\/\/volcanes.net\/?p=1320#primaryimage","url":"https:\/\/volcanes.net\/wp-content\/uploads\/2018\/02\/BO5I3669.jpg","contentUrl":"https:\/\/volcanes.net\/wp-content\/uploads\/2018\/02\/BO5I3669.jpg","width":547,"height":365},{"@type":"BreadcrumbList","@id":"https:\/\/volcanes.net\/?p=1320#breadcrumb","itemListElement":[{"@type":"ListItem","position":1,"name":"Portada","item":"https:\/\/volcanes.net\/"},{"@type":"ListItem","position":2,"name":"La pol\u00edtica exterior de M\u00e9xico requiere que pensemos m\u00e1s en las personas y menos en los intereses particulares: GCB"}]},{"@type":"WebSite","@id":"https:\/\/volcanes.net\/#website","url":"https:\/\/volcanes.net\/","name":"Volcanes.Net","description":"Periodismo Profesional","publisher":{"@id":"https:\/\/volcanes.net\/#organization"},"potentialAction":[{"@type":"SearchAction","target":{"@type":"EntryPoint","urlTemplate":"https:\/\/volcanes.net\/?s={search_term_string}"},"query-input":{"@type":"PropertyValueSpecification","valueRequired":true,"valueName":"search_term_string"}}],"inLanguage":"es"},{"@type":"Organization","@id":"https:\/\/volcanes.net\/#organization","name":"Grupo Volcanes","url":"https:\/\/volcanes.net\/","logo":{"@type":"ImageObject","inLanguage":"es","@id":"https:\/\/volcanes.net\/#\/schema\/logo\/image\/","url":"http:\/\/volcanes.net\/wp-content\/uploads\/2017\/12\/Avatar2.jpg","contentUrl":"http:\/\/volcanes.net\/wp-content\/uploads\/2017\/12\/Avatar2.jpg","width":378,"height":378,"caption":"Grupo Volcanes"},"image":{"@id":"https:\/\/volcanes.net\/#\/schema\/logo\/image\/"},"sameAs":["https:\/\/www.facebook.com\/volcanes.net\/"]},{"@type":"Person","@id":"https:\/\/volcanes.net\/#\/schema\/person\/4bf0f383940966a4abd53f5048c0e6b9","name":"admin","image":{"@type":"ImageObject","inLanguage":"es","@id":"https:\/\/volcanes.net\/#\/schema\/person\/image\/","url":"https:\/\/secure.gravatar.com\/avatar\/ca004e6cba8462b8cb7abc86e382930c?s=96&d=mm&r=g","contentUrl":"https:\/\/secure.gravatar.com\/avatar\/ca004e6cba8462b8cb7abc86e382930c?s=96&d=mm&r=g","caption":"admin"}}]}},"_links":{"self":[{"href":"https:\/\/volcanes.net\/index.php?rest_route=\/wp\/v2\/posts\/1320"}],"collection":[{"href":"https:\/\/volcanes.net\/index.php?rest_route=\/wp\/v2\/posts"}],"about":[{"href":"https:\/\/volcanes.net\/index.php?rest_route=\/wp\/v2\/types\/post"}],"author":[{"embeddable":true,"href":"https:\/\/volcanes.net\/index.php?rest_route=\/wp\/v2\/users\/1"}],"replies":[{"embeddable":true,"href":"https:\/\/volcanes.net\/index.php?rest_route=%2Fwp%2Fv2%2Fcomments&post=1320"}],"version-history":[{"count":1,"href":"https:\/\/volcanes.net\/index.php?rest_route=\/wp\/v2\/posts\/1320\/revisions"}],"predecessor-version":[{"id":1322,"href":"https:\/\/volcanes.net\/index.php?rest_route=\/wp\/v2\/posts\/1320\/revisions\/1322"}],"wp:featuredmedia":[{"embeddable":true,"href":"https:\/\/volcanes.net\/index.php?rest_route=\/wp\/v2\/media\/1321"}],"wp:attachment":[{"href":"https:\/\/volcanes.net\/index.php?rest_route=%2Fwp%2Fv2%2Fmedia&parent=1320"}],"wp:term":[{"taxonomy":"category","embeddable":true,"href":"https:\/\/volcanes.net\/index.php?rest_route=%2Fwp%2Fv2%2Fcategories&post=1320"},{"taxonomy":"post_tag","embeddable":true,"href":"https:\/\/volcanes.net\/index.php?rest_route=%2Fwp%2Fv2%2Ftags&post=1320"}],"curies":[{"name":"wp","href":"https:\/\/api.w.org\/{rel}","templated":true}]}}