{"id":13204,"date":"2022-10-31T20:00:49","date_gmt":"2022-11-01T02:00:49","guid":{"rendered":"http:\/\/volcanes.net\/?p=13204"},"modified":"2022-11-01T09:26:34","modified_gmt":"2022-11-01T15:26:34","slug":"video-ya-es-una-realidad-la-universidad-intercultural-plantel-tepetlixpa","status":"publish","type":"post","link":"https:\/\/volcanes.net\/?p=13204","title":{"rendered":"Video: Ya es una realidad la universidad intercultural Plantel Tepetlixpa"},"content":{"rendered":"<div style=\"margin-top: 0px; margin-bottom: 0px;\" class=\"sharethis-inline-share-buttons\" ><\/div><p>El Presidente municipal de Tepetlixpa inform\u00f3 que ya se est\u00e1 construyendo el plantel de la universidad intercultural plantel Tepetlixpa.<br \/>\nla Construcci\u00f3n del edificio que albergar\u00e1 a este plantel de la universidad intercultural estar\u00e1 en un predio adquirido con recursos propios por la presente administraci\u00f3n municipal que encabeza el presidente municipal Abelardo Rodr\u00edguez Garc\u00eda.<br \/>\nEl alcalde inform\u00f3 que se tom\u00f3 la determinaci\u00f3n de construir el plantel en este lugar por varios factores, destacando la seguridad de los estudiantes.<br \/>\nTambi\u00e9n se donar\u00e1 una parte del parque ecotur\u00edstico, donde ser\u00e1 necesario reubicar una cancha de Basquetbol, as\u00ed como una pista de Skate Board.<br \/>\nSin embargo el alcalde dijo que ante esta situaci\u00f3n no se afectar\u00e1 a los deportistas, ni a los visitantes a este parque.<br \/>\nEl presidente municipal dijo que la construcci\u00f3n del plantel de la universidad intercultural en el municipio de Tepetlixpa, traer\u00e1 beneficios para este municipio y para la regi\u00f3n de los volcanes.<br \/>\n&#8220;Afortunadamente puedo decirlo, ya es una realidad, estos trabajos se realizaron aproximadamente hace 8 meses&#8221; enfatiz\u00f3 el alcalde.<br \/>\nEl presidente municipal dio a conocer que en un principio se hab\u00eda proyectado la construcci\u00f3n de este plantel en otro lugar, sin embargo por algunas situaciones documentales fue que la universidad solicit\u00f3 al actual H. ayuntamiento adquirir un predio.<br \/>\nEl Presidente municipal inform\u00f3 que incluso hubo ofertas de personas connotadas, responsables para que este plantel se construyera en diversas opciones.<br \/>\nPor ello solicit\u00f3 al personal que labora en el Ayuntamiento a buscar alternativas, y se consigui\u00f3 este predio que es contiguo al parque ecotur\u00edstico.<br \/>\nFinalmente se tom\u00f3 la decisi\u00f3n e coordinaci\u00f3n con autoridades del IMIFE, del las autoridades de la Universidad Intercultural, de construir en ese lugar por la cercan\u00eda con el parque ecotur\u00edstico, tambi\u00e9n por ser un \u00e1rea con servicios, con seguridad.<\/p>\n<p>&nbsp;<\/p>\n","protected":false},"excerpt":{"rendered":"<p>El Presidente municipal de Tepetlixpa inform\u00f3 que ya se est\u00e1 construyendo el plantel de la<\/p>\n","protected":false},"author":10,"featured_media":13205,"comment_status":"open","ping_status":"open","sticky":false,"template":"","format":"standard","meta":{"footnotes":""},"categories":[1],"tags":[16,317],"class_list":["post-13204","post","type-post","status-publish","format-standard","has-post-thumbnail","hentry","category-municipales","tag-tepetlixpa","tag-universidad-intercultural","has-post-video"],"yoast_head":"<!-- This site is optimized with the Yoast SEO plugin v25.3 - https:\/\/yoast.com\/wordpress\/plugins\/seo\/ -->\n<title>Video: Ya es una realidad la universidad intercultural Plantel Tepetlixpa - Volcanes<\/title>\n<meta name=\"robots\" content=\"index, follow, max-snippet:-1, max-image-preview:large, max-video-preview:-1\" \/>\n<link rel=\"canonical\" href=\"https:\/\/volcanes.net\/?p=13204\" \/>\n<meta property=\"og:locale\" content=\"es_MX\" \/>\n<meta property=\"og:type\" content=\"article\" \/>\n<meta property=\"og:title\" content=\"Video: Ya es una realidad la universidad intercultural Plantel Tepetlixpa - Volcanes\" \/>\n<meta property=\"og:description\" content=\"El Presidente municipal de Tepetlixpa inform\u00f3 que ya se est\u00e1 construyendo el plantel de la\" \/>\n<meta property=\"og:url\" content=\"https:\/\/volcanes.net\/?p=13204\" \/>\n<meta property=\"og:site_name\" content=\"Volcanes\" \/>\n<meta property=\"article:publisher\" content=\"https:\/\/www.facebook.com\/volcanes.net\/\" \/>\n<meta property=\"article:published_time\" content=\"2022-11-01T02:00:49+00:00\" \/>\n<meta property=\"article:modified_time\" content=\"2022-11-01T15:26:34+00:00\" \/>\n<meta property=\"og:image\" content=\"https:\/\/volcanes.net\/wp-content\/uploads\/2022\/11\/Ya-es-una-realidad-la-universidad-intercultural-Plantel-Tepetlixpa..jpeg\" \/>\n\t<meta property=\"og:image:width\" content=\"1280\" \/>\n\t<meta property=\"og:image:height\" content=\"720\" \/>\n\t<meta property=\"og:image:type\" content=\"image\/jpeg\" \/>\n<meta name=\"author\" content=\"Grupo Volcanes\" \/>\n<meta name=\"twitter:card\" content=\"summary_large_image\" \/>\n<meta name=\"twitter:label1\" content=\"Escrito por\" \/>\n\t<meta name=\"twitter:data1\" content=\"Grupo Volcanes\" \/>\n\t<meta name=\"twitter:label2\" content=\"Tiempo de lectura\" \/>\n\t<meta name=\"twitter:data2\" content=\"2 minutos\" \/>\n<script type=\"application\/ld+json\" class=\"yoast-schema-graph\">{\"@context\":\"https:\/\/schema.org\",\"@graph\":[{\"@type\":\"Article\",\"@id\":\"https:\/\/volcanes.net\/?p=13204#article\",\"isPartOf\":{\"@id\":\"https:\/\/volcanes.net\/?p=13204\"},\"author\":{\"name\":\"Grupo Volcanes\",\"@id\":\"https:\/\/volcanes.net\/#\/schema\/person\/a851dc341d56a2915a80936acca8dc6d\"},\"headline\":\"Video: Ya es una realidad la universidad intercultural Plantel Tepetlixpa\",\"datePublished\":\"2022-11-01T02:00:49+00:00\",\"dateModified\":\"2022-11-01T15:26:34+00:00\",\"mainEntityOfPage\":{\"@id\":\"https:\/\/volcanes.net\/?p=13204\"},\"wordCount\":321,\"commentCount\":0,\"publisher\":{\"@id\":\"https:\/\/volcanes.net\/#organization\"},\"image\":{\"@id\":\"https:\/\/volcanes.net\/?p=13204#primaryimage\"},\"thumbnailUrl\":\"https:\/\/volcanes.net\/wp-content\/uploads\/2022\/11\/Ya-es-una-realidad-la-universidad-intercultural-Plantel-Tepetlixpa..jpeg\",\"keywords\":[\"Tepetlixpa\",\"Universidad Intercultural\"],\"articleSection\":[\"Municipales\"],\"inLanguage\":\"es\",\"potentialAction\":[{\"@type\":\"CommentAction\",\"name\":\"Comment\",\"target\":[\"https:\/\/volcanes.net\/?p=13204#respond\"]}]},{\"@type\":\"WebPage\",\"@id\":\"https:\/\/volcanes.net\/?p=13204\",\"url\":\"https:\/\/volcanes.net\/?p=13204\",\"name\":\"Video: Ya es una realidad la universidad intercultural Plantel Tepetlixpa - Volcanes\",\"isPartOf\":{\"@id\":\"https:\/\/volcanes.net\/#website\"},\"primaryImageOfPage\":{\"@id\":\"https:\/\/volcanes.net\/?p=13204#primaryimage\"},\"image\":{\"@id\":\"https:\/\/volcanes.net\/?p=13204#primaryimage\"},\"thumbnailUrl\":\"https:\/\/volcanes.net\/wp-content\/uploads\/2022\/11\/Ya-es-una-realidad-la-universidad-intercultural-Plantel-Tepetlixpa..jpeg\",\"datePublished\":\"2022-11-01T02:00:49+00:00\",\"dateModified\":\"2022-11-01T15:26:34+00:00\",\"breadcrumb\":{\"@id\":\"https:\/\/volcanes.net\/?p=13204#breadcrumb\"},\"inLanguage\":\"es\",\"potentialAction\":[{\"@type\":\"ReadAction\",\"target\":[\"https:\/\/volcanes.net\/?p=13204\"]}]},{\"@type\":\"ImageObject\",\"inLanguage\":\"es\",\"@id\":\"https:\/\/volcanes.net\/?p=13204#primaryimage\",\"url\":\"https:\/\/volcanes.net\/wp-content\/uploads\/2022\/11\/Ya-es-una-realidad-la-universidad-intercultural-Plantel-Tepetlixpa..jpeg\",\"contentUrl\":\"https:\/\/volcanes.net\/wp-content\/uploads\/2022\/11\/Ya-es-una-realidad-la-universidad-intercultural-Plantel-Tepetlixpa..jpeg\",\"width\":1280,\"height\":720},{\"@type\":\"BreadcrumbList\",\"@id\":\"https:\/\/volcanes.net\/?p=13204#breadcrumb\",\"itemListElement\":[{\"@type\":\"ListItem\",\"position\":1,\"name\":\"Portada\",\"item\":\"https:\/\/volcanes.net\/\"},{\"@type\":\"ListItem\",\"position\":2,\"name\":\"Video: Ya es una realidad la universidad intercultural Plantel Tepetlixpa\"}]},{\"@type\":\"WebSite\",\"@id\":\"https:\/\/volcanes.net\/#website\",\"url\":\"https:\/\/volcanes.net\/\",\"name\":\"Volcanes.Net\",\"description\":\"Periodismo Profesional\",\"publisher\":{\"@id\":\"https:\/\/volcanes.net\/#organization\"},\"potentialAction\":[{\"@type\":\"SearchAction\",\"target\":{\"@type\":\"EntryPoint\",\"urlTemplate\":\"https:\/\/volcanes.net\/?s={search_term_string}\"},\"query-input\":{\"@type\":\"PropertyValueSpecification\",\"valueRequired\":true,\"valueName\":\"search_term_string\"}}],\"inLanguage\":\"es\"},{\"@type\":\"Organization\",\"@id\":\"https:\/\/volcanes.net\/#organization\",\"name\":\"Grupo Volcanes\",\"url\":\"https:\/\/volcanes.net\/\",\"logo\":{\"@type\":\"ImageObject\",\"inLanguage\":\"es\",\"@id\":\"https:\/\/volcanes.net\/#\/schema\/logo\/image\/\",\"url\":\"http:\/\/volcanes.net\/wp-content\/uploads\/2017\/12\/Avatar2.jpg\",\"contentUrl\":\"http:\/\/volcanes.net\/wp-content\/uploads\/2017\/12\/Avatar2.jpg\",\"width\":378,\"height\":378,\"caption\":\"Grupo Volcanes\"},\"image\":{\"@id\":\"https:\/\/volcanes.net\/#\/schema\/logo\/image\/\"},\"sameAs\":[\"https:\/\/www.facebook.com\/volcanes.net\/\"]},{\"@type\":\"Person\",\"@id\":\"https:\/\/volcanes.net\/#\/schema\/person\/a851dc341d56a2915a80936acca8dc6d\",\"name\":\"Grupo Volcanes\",\"image\":{\"@type\":\"ImageObject\",\"inLanguage\":\"es\",\"@id\":\"https:\/\/volcanes.net\/#\/schema\/person\/image\/\",\"url\":\"https:\/\/secure.gravatar.com\/avatar\/00d1a47c371c721e30bacc47ac096981?s=96&d=mm&r=g\",\"contentUrl\":\"https:\/\/secure.gravatar.com\/avatar\/00d1a47c371c721e30bacc47ac096981?s=96&d=mm&r=g\",\"caption\":\"Grupo Volcanes\"}}]}<\/script>\n<!-- \/ Yoast SEO plugin. -->","yoast_head_json":{"title":"Video: Ya es una realidad la universidad intercultural Plantel Tepetlixpa - Volcanes","robots":{"index":"index","follow":"follow","max-snippet":"max-snippet:-1","max-image-preview":"max-image-preview:large","max-video-preview":"max-video-preview:-1"},"canonical":"https:\/\/volcanes.net\/?p=13204","og_locale":"es_MX","og_type":"article","og_title":"Video: Ya es una realidad la universidad intercultural Plantel Tepetlixpa - Volcanes","og_description":"El Presidente municipal de Tepetlixpa inform\u00f3 que ya se est\u00e1 construyendo el plantel de la","og_url":"https:\/\/volcanes.net\/?p=13204","og_site_name":"Volcanes","article_publisher":"https:\/\/www.facebook.com\/volcanes.net\/","article_published_time":"2022-11-01T02:00:49+00:00","article_modified_time":"2022-11-01T15:26:34+00:00","og_image":[{"width":1280,"height":720,"url":"https:\/\/volcanes.net\/wp-content\/uploads\/2022\/11\/Ya-es-una-realidad-la-universidad-intercultural-Plantel-Tepetlixpa..jpeg","type":"image\/jpeg"}],"author":"Grupo Volcanes","twitter_card":"summary_large_image","twitter_misc":{"Escrito por":"Grupo Volcanes","Tiempo de lectura":"2 minutos"},"schema":{"@context":"https:\/\/schema.org","@graph":[{"@type":"Article","@id":"https:\/\/volcanes.net\/?p=13204#article","isPartOf":{"@id":"https:\/\/volcanes.net\/?p=13204"},"author":{"name":"Grupo Volcanes","@id":"https:\/\/volcanes.net\/#\/schema\/person\/a851dc341d56a2915a80936acca8dc6d"},"headline":"Video: Ya es una realidad la universidad intercultural Plantel Tepetlixpa","datePublished":"2022-11-01T02:00:49+00:00","dateModified":"2022-11-01T15:26:34+00:00","mainEntityOfPage":{"@id":"https:\/\/volcanes.net\/?p=13204"},"wordCount":321,"commentCount":0,"publisher":{"@id":"https:\/\/volcanes.net\/#organization"},"image":{"@id":"https:\/\/volcanes.net\/?p=13204#primaryimage"},"thumbnailUrl":"https:\/\/volcanes.net\/wp-content\/uploads\/2022\/11\/Ya-es-una-realidad-la-universidad-intercultural-Plantel-Tepetlixpa..jpeg","keywords":["Tepetlixpa","Universidad Intercultural"],"articleSection":["Municipales"],"inLanguage":"es","potentialAction":[{"@type":"CommentAction","name":"Comment","target":["https:\/\/volcanes.net\/?p=13204#respond"]}]},{"@type":"WebPage","@id":"https:\/\/volcanes.net\/?p=13204","url":"https:\/\/volcanes.net\/?p=13204","name":"Video: Ya es una realidad la universidad intercultural Plantel Tepetlixpa - Volcanes","isPartOf":{"@id":"https:\/\/volcanes.net\/#website"},"primaryImageOfPage":{"@id":"https:\/\/volcanes.net\/?p=13204#primaryimage"},"image":{"@id":"https:\/\/volcanes.net\/?p=13204#primaryimage"},"thumbnailUrl":"https:\/\/volcanes.net\/wp-content\/uploads\/2022\/11\/Ya-es-una-realidad-la-universidad-intercultural-Plantel-Tepetlixpa..jpeg","datePublished":"2022-11-01T02:00:49+00:00","dateModified":"2022-11-01T15:26:34+00:00","breadcrumb":{"@id":"https:\/\/volcanes.net\/?p=13204#breadcrumb"},"inLanguage":"es","potentialAction":[{"@type":"ReadAction","target":["https:\/\/volcanes.net\/?p=13204"]}]},{"@type":"ImageObject","inLanguage":"es","@id":"https:\/\/volcanes.net\/?p=13204#primaryimage","url":"https:\/\/volcanes.net\/wp-content\/uploads\/2022\/11\/Ya-es-una-realidad-la-universidad-intercultural-Plantel-Tepetlixpa..jpeg","contentUrl":"https:\/\/volcanes.net\/wp-content\/uploads\/2022\/11\/Ya-es-una-realidad-la-universidad-intercultural-Plantel-Tepetlixpa..jpeg","width":1280,"height":720},{"@type":"BreadcrumbList","@id":"https:\/\/volcanes.net\/?p=13204#breadcrumb","itemListElement":[{"@type":"ListItem","position":1,"name":"Portada","item":"https:\/\/volcanes.net\/"},{"@type":"ListItem","position":2,"name":"Video: Ya es una realidad la universidad intercultural Plantel Tepetlixpa"}]},{"@type":"WebSite","@id":"https:\/\/volcanes.net\/#website","url":"https:\/\/volcanes.net\/","name":"Volcanes.Net","description":"Periodismo Profesional","publisher":{"@id":"https:\/\/volcanes.net\/#organization"},"potentialAction":[{"@type":"SearchAction","target":{"@type":"EntryPoint","urlTemplate":"https:\/\/volcanes.net\/?s={search_term_string}"},"query-input":{"@type":"PropertyValueSpecification","valueRequired":true,"valueName":"search_term_string"}}],"inLanguage":"es"},{"@type":"Organization","@id":"https:\/\/volcanes.net\/#organization","name":"Grupo Volcanes","url":"https:\/\/volcanes.net\/","logo":{"@type":"ImageObject","inLanguage":"es","@id":"https:\/\/volcanes.net\/#\/schema\/logo\/image\/","url":"http:\/\/volcanes.net\/wp-content\/uploads\/2017\/12\/Avatar2.jpg","contentUrl":"http:\/\/volcanes.net\/wp-content\/uploads\/2017\/12\/Avatar2.jpg","width":378,"height":378,"caption":"Grupo Volcanes"},"image":{"@id":"https:\/\/volcanes.net\/#\/schema\/logo\/image\/"},"sameAs":["https:\/\/www.facebook.com\/volcanes.net\/"]},{"@type":"Person","@id":"https:\/\/volcanes.net\/#\/schema\/person\/a851dc341d56a2915a80936acca8dc6d","name":"Grupo Volcanes","image":{"@type":"ImageObject","inLanguage":"es","@id":"https:\/\/volcanes.net\/#\/schema\/person\/image\/","url":"https:\/\/secure.gravatar.com\/avatar\/00d1a47c371c721e30bacc47ac096981?s=96&d=mm&r=g","contentUrl":"https:\/\/secure.gravatar.com\/avatar\/00d1a47c371c721e30bacc47ac096981?s=96&d=mm&r=g","caption":"Grupo Volcanes"}}]}},"_links":{"self":[{"href":"https:\/\/volcanes.net\/index.php?rest_route=\/wp\/v2\/posts\/13204"}],"collection":[{"href":"https:\/\/volcanes.net\/index.php?rest_route=\/wp\/v2\/posts"}],"about":[{"href":"https:\/\/volcanes.net\/index.php?rest_route=\/wp\/v2\/types\/post"}],"author":[{"embeddable":true,"href":"https:\/\/volcanes.net\/index.php?rest_route=\/wp\/v2\/users\/10"}],"replies":[{"embeddable":true,"href":"https:\/\/volcanes.net\/index.php?rest_route=%2Fwp%2Fv2%2Fcomments&post=13204"}],"version-history":[{"count":1,"href":"https:\/\/volcanes.net\/index.php?rest_route=\/wp\/v2\/posts\/13204\/revisions"}],"predecessor-version":[{"id":13206,"href":"https:\/\/volcanes.net\/index.php?rest_route=\/wp\/v2\/posts\/13204\/revisions\/13206"}],"wp:featuredmedia":[{"embeddable":true,"href":"https:\/\/volcanes.net\/index.php?rest_route=\/wp\/v2\/media\/13205"}],"wp:attachment":[{"href":"https:\/\/volcanes.net\/index.php?rest_route=%2Fwp%2Fv2%2Fmedia&parent=13204"}],"wp:term":[{"taxonomy":"category","embeddable":true,"href":"https:\/\/volcanes.net\/index.php?rest_route=%2Fwp%2Fv2%2Fcategories&post=13204"},{"taxonomy":"post_tag","embeddable":true,"href":"https:\/\/volcanes.net\/index.php?rest_route=%2Fwp%2Fv2%2Ftags&post=13204"}],"curies":[{"name":"wp","href":"https:\/\/api.w.org\/{rel}","templated":true}]}}