{"id":13213,"date":"2022-11-05T16:42:24","date_gmt":"2022-11-05T22:42:24","guid":{"rendered":"http:\/\/volcanes.net\/?p=13213"},"modified":"2022-12-06T13:54:41","modified_gmt":"2022-12-06T19:54:41","slug":"invierte-el-edomex-mas-de-33-millones-en-delegacion-de-ozumba","status":"publish","type":"post","link":"https:\/\/volcanes.net\/?p=13213","title":{"rendered":"Inician obras gestionadas por el alcalde de Ozumba en Tlaltecoyac"},"content":{"rendered":"<div style=\"margin-top: 0px; margin-bottom: 0px;\" class=\"sharethis-inline-share-buttons\" ><\/div><p>\u2022 Inician obra vial que beneficiar\u00e1 a los habitantes de esta zona del Edom\u00e9x.<br \/>\n\u2022 Destaca Secretario de Movilidad, Luis Gilberto Lim\u00f3n Ch\u00e1vez, importancia de los caminos para la comercializaci\u00f3n de productos, el traslado de bienes, personas y servicios.<\/p>\n<p>Ozumba, Estado de M\u00e9xico, 4 de noviembre de 2022. Para fortalecer la conectividad e impulsar el desarrollo regional en la zona de Los Volcanes, el Gobierno del Estado de M\u00e9xico, a trav\u00e9s de la Secretar\u00eda de Movilidad y la Junta de Caminos, llevar\u00e1 a cabo la pavimentaci\u00f3n de 3.6 kil\u00f3metros de camino, con guarniciones y banquetas, en la comunidad de San Lorenzo Tlaltecoyac, en Ozumba, obra que cuenta con una inversi\u00f3n superior a los 33 millones de pesos y que generar\u00e1 cerca de 200 empleos.<\/p>\n<p>Al dar el banderazo de inicio de obra, el Secretario de Movilidad, Luis Gilberto Lim\u00f3n Ch\u00e1vez, destac\u00f3 la importancia social que tienen los caminos para las comunidades agropecuarias, como es el caso de San Sebasti\u00e1n y Rancho Huejote, localidades del municipio que se ver\u00e1n directamente beneficiadas con el fortalecimiento de este camino.<\/p>\n<p>\u201cLa obra que hoy ponemos en marcha permitir\u00e1 mejorar las condiciones de trabajo de la regi\u00f3n, reduciendo tiempos de traslado y fortaleciendo la movilidad municipal. Mejorar nuestros caminos facilita el traslado de servicios, bienes y productos, impulsando el desarrollo econ\u00f3mico de las familias\u201d, puntualiz\u00f3 Lim\u00f3n Ch\u00e1vez.<\/p>\n<p>Asimismo, el Secretario estatal recalc\u00f3 que la instrucci\u00f3n prioritaria del Gobernador Alfredo Del Mazo, es trabajar siempre de la mano con la gente, sin distingos de ninguna \u00edndole, en beneficio de las y los mexiquenses de toda la entidad para entregarles buenos resultados y tener familias m\u00e1s fuertes.<\/p>\n<p>Por su parte, el Presidente municipal de Ozumba, Valent\u00edn Mart\u00ednez Castillo, tras agradecer al Gobierno del Estado de M\u00e9xico la puesta en marcha de estas acciones, mencion\u00f3 que la obra beneficiar\u00e1 a m\u00e1s de mil 500 habitantes de la zona, destacando la importancia de estos trabajos tan anhelados por los habitantes y los productores de la regi\u00f3n para la comercializaci\u00f3n de sus productos.<\/p>\n<p>En su oportunidad, el Diputado Nazario Guti\u00e9rrez, tras reconocer la disposici\u00f3n del Gobernador Del Mazo y del Secretario de Movilidad para destinar los recursos a donde m\u00e1s se necesitan, se\u00f1al\u00f3 que con estas obras los pobladores de la regi\u00f3n de Los Volcanes estar\u00e1n mejor intercomunicados y estar\u00e1n en la posibilidad de agilizar la comercializaci\u00f3n de sus productos, puntualizando que en actos de gobierno y de gesti\u00f3n no hay colores ni religiones y que la \u00fanica causa que existe es servirle a la gente.<\/p>\n<p>https:\/\/youtu.be\/FXs9U0Z62-U<\/p>\n","protected":false},"excerpt":{"rendered":"<p>\u2022 Inician obra vial que beneficiar\u00e1 a los habitantes de esta zona del Edom\u00e9x. \u2022<\/p>\n","protected":false},"author":10,"featured_media":13346,"comment_status":"open","ping_status":"open","sticky":false,"template":"","format":"standard","meta":{"footnotes":""},"categories":[1],"tags":[14],"class_list":["post-13213","post","type-post","status-publish","format-standard","has-post-thumbnail","hentry","category-municipales","tag-ozumba","has-post-video"],"yoast_head":"<!-- This site is optimized with the Yoast SEO plugin v25.3 - https:\/\/yoast.com\/wordpress\/plugins\/seo\/ -->\n<title>Inician obras gestionadas por el alcalde de Ozumba en Tlaltecoyac - Volcanes<\/title>\n<meta name=\"robots\" content=\"index, follow, max-snippet:-1, max-image-preview:large, max-video-preview:-1\" \/>\n<link rel=\"canonical\" href=\"https:\/\/volcanes.net\/?p=13213\" \/>\n<meta property=\"og:locale\" content=\"es_MX\" \/>\n<meta property=\"og:type\" content=\"article\" \/>\n<meta property=\"og:title\" content=\"Inician obras gestionadas por el alcalde de Ozumba en Tlaltecoyac - Volcanes\" \/>\n<meta property=\"og:description\" content=\"\u2022 Inician obra vial que beneficiar\u00e1 a los habitantes de esta zona del Edom\u00e9x. \u2022\" \/>\n<meta property=\"og:url\" content=\"https:\/\/volcanes.net\/?p=13213\" \/>\n<meta property=\"og:site_name\" content=\"Volcanes\" \/>\n<meta property=\"article:publisher\" content=\"https:\/\/www.facebook.com\/volcanes.net\/\" \/>\n<meta property=\"article:published_time\" content=\"2022-11-05T22:42:24+00:00\" \/>\n<meta property=\"article:modified_time\" content=\"2022-12-06T19:54:41+00:00\" \/>\n<meta property=\"og:image\" content=\"https:\/\/volcanes.net\/wp-content\/uploads\/2022\/12\/Discurso-del-Presidente-municipal-de-Ozumba-al-inicio-de-obras-de-pavimentacion-por-mas-de-33-MDP.jpeg\" \/>\n\t<meta property=\"og:image:width\" content=\"1280\" \/>\n\t<meta property=\"og:image:height\" content=\"720\" \/>\n\t<meta property=\"og:image:type\" content=\"image\/jpeg\" \/>\n<meta name=\"author\" content=\"Grupo Volcanes\" \/>\n<meta name=\"twitter:card\" content=\"summary_large_image\" \/>\n<meta name=\"twitter:label1\" content=\"Escrito por\" \/>\n\t<meta name=\"twitter:data1\" content=\"Grupo Volcanes\" \/>\n\t<meta name=\"twitter:label2\" content=\"Tiempo de lectura\" \/>\n\t<meta name=\"twitter:data2\" content=\"2 minutos\" \/>\n<script type=\"application\/ld+json\" class=\"yoast-schema-graph\">{\"@context\":\"https:\/\/schema.org\",\"@graph\":[{\"@type\":\"Article\",\"@id\":\"https:\/\/volcanes.net\/?p=13213#article\",\"isPartOf\":{\"@id\":\"https:\/\/volcanes.net\/?p=13213\"},\"author\":{\"name\":\"Grupo Volcanes\",\"@id\":\"https:\/\/volcanes.net\/#\/schema\/person\/a851dc341d56a2915a80936acca8dc6d\"},\"headline\":\"Inician obras gestionadas por el alcalde de Ozumba en Tlaltecoyac\",\"datePublished\":\"2022-11-05T22:42:24+00:00\",\"dateModified\":\"2022-12-06T19:54:41+00:00\",\"mainEntityOfPage\":{\"@id\":\"https:\/\/volcanes.net\/?p=13213\"},\"wordCount\":461,\"commentCount\":0,\"publisher\":{\"@id\":\"https:\/\/volcanes.net\/#organization\"},\"image\":{\"@id\":\"https:\/\/volcanes.net\/?p=13213#primaryimage\"},\"thumbnailUrl\":\"https:\/\/volcanes.net\/wp-content\/uploads\/2022\/12\/Discurso-del-Presidente-municipal-de-Ozumba-al-inicio-de-obras-de-pavimentacion-por-mas-de-33-MDP.jpeg\",\"keywords\":[\"Ozumba\"],\"articleSection\":[\"Municipales\"],\"inLanguage\":\"es\",\"potentialAction\":[{\"@type\":\"CommentAction\",\"name\":\"Comment\",\"target\":[\"https:\/\/volcanes.net\/?p=13213#respond\"]}]},{\"@type\":\"WebPage\",\"@id\":\"https:\/\/volcanes.net\/?p=13213\",\"url\":\"https:\/\/volcanes.net\/?p=13213\",\"name\":\"Inician obras gestionadas por el alcalde de Ozumba en Tlaltecoyac - Volcanes\",\"isPartOf\":{\"@id\":\"https:\/\/volcanes.net\/#website\"},\"primaryImageOfPage\":{\"@id\":\"https:\/\/volcanes.net\/?p=13213#primaryimage\"},\"image\":{\"@id\":\"https:\/\/volcanes.net\/?p=13213#primaryimage\"},\"thumbnailUrl\":\"https:\/\/volcanes.net\/wp-content\/uploads\/2022\/12\/Discurso-del-Presidente-municipal-de-Ozumba-al-inicio-de-obras-de-pavimentacion-por-mas-de-33-MDP.jpeg\",\"datePublished\":\"2022-11-05T22:42:24+00:00\",\"dateModified\":\"2022-12-06T19:54:41+00:00\",\"breadcrumb\":{\"@id\":\"https:\/\/volcanes.net\/?p=13213#breadcrumb\"},\"inLanguage\":\"es\",\"potentialAction\":[{\"@type\":\"ReadAction\",\"target\":[\"https:\/\/volcanes.net\/?p=13213\"]}]},{\"@type\":\"ImageObject\",\"inLanguage\":\"es\",\"@id\":\"https:\/\/volcanes.net\/?p=13213#primaryimage\",\"url\":\"https:\/\/volcanes.net\/wp-content\/uploads\/2022\/12\/Discurso-del-Presidente-municipal-de-Ozumba-al-inicio-de-obras-de-pavimentacion-por-mas-de-33-MDP.jpeg\",\"contentUrl\":\"https:\/\/volcanes.net\/wp-content\/uploads\/2022\/12\/Discurso-del-Presidente-municipal-de-Ozumba-al-inicio-de-obras-de-pavimentacion-por-mas-de-33-MDP.jpeg\",\"width\":1280,\"height\":720},{\"@type\":\"BreadcrumbList\",\"@id\":\"https:\/\/volcanes.net\/?p=13213#breadcrumb\",\"itemListElement\":[{\"@type\":\"ListItem\",\"position\":1,\"name\":\"Portada\",\"item\":\"https:\/\/volcanes.net\/\"},{\"@type\":\"ListItem\",\"position\":2,\"name\":\"Inician obras gestionadas por el alcalde de Ozumba en Tlaltecoyac\"}]},{\"@type\":\"WebSite\",\"@id\":\"https:\/\/volcanes.net\/#website\",\"url\":\"https:\/\/volcanes.net\/\",\"name\":\"Volcanes.Net\",\"description\":\"Periodismo Profesional\",\"publisher\":{\"@id\":\"https:\/\/volcanes.net\/#organization\"},\"potentialAction\":[{\"@type\":\"SearchAction\",\"target\":{\"@type\":\"EntryPoint\",\"urlTemplate\":\"https:\/\/volcanes.net\/?s={search_term_string}\"},\"query-input\":{\"@type\":\"PropertyValueSpecification\",\"valueRequired\":true,\"valueName\":\"search_term_string\"}}],\"inLanguage\":\"es\"},{\"@type\":\"Organization\",\"@id\":\"https:\/\/volcanes.net\/#organization\",\"name\":\"Grupo Volcanes\",\"url\":\"https:\/\/volcanes.net\/\",\"logo\":{\"@type\":\"ImageObject\",\"inLanguage\":\"es\",\"@id\":\"https:\/\/volcanes.net\/#\/schema\/logo\/image\/\",\"url\":\"http:\/\/volcanes.net\/wp-content\/uploads\/2017\/12\/Avatar2.jpg\",\"contentUrl\":\"http:\/\/volcanes.net\/wp-content\/uploads\/2017\/12\/Avatar2.jpg\",\"width\":378,\"height\":378,\"caption\":\"Grupo Volcanes\"},\"image\":{\"@id\":\"https:\/\/volcanes.net\/#\/schema\/logo\/image\/\"},\"sameAs\":[\"https:\/\/www.facebook.com\/volcanes.net\/\"]},{\"@type\":\"Person\",\"@id\":\"https:\/\/volcanes.net\/#\/schema\/person\/a851dc341d56a2915a80936acca8dc6d\",\"name\":\"Grupo Volcanes\",\"image\":{\"@type\":\"ImageObject\",\"inLanguage\":\"es\",\"@id\":\"https:\/\/volcanes.net\/#\/schema\/person\/image\/\",\"url\":\"https:\/\/secure.gravatar.com\/avatar\/00d1a47c371c721e30bacc47ac096981?s=96&d=mm&r=g\",\"contentUrl\":\"https:\/\/secure.gravatar.com\/avatar\/00d1a47c371c721e30bacc47ac096981?s=96&d=mm&r=g\",\"caption\":\"Grupo Volcanes\"}}]}<\/script>\n<!-- \/ Yoast SEO plugin. -->","yoast_head_json":{"title":"Inician obras gestionadas por el alcalde de Ozumba en Tlaltecoyac - Volcanes","robots":{"index":"index","follow":"follow","max-snippet":"max-snippet:-1","max-image-preview":"max-image-preview:large","max-video-preview":"max-video-preview:-1"},"canonical":"https:\/\/volcanes.net\/?p=13213","og_locale":"es_MX","og_type":"article","og_title":"Inician obras gestionadas por el alcalde de Ozumba en Tlaltecoyac - Volcanes","og_description":"\u2022 Inician obra vial que beneficiar\u00e1 a los habitantes de esta zona del Edom\u00e9x. \u2022","og_url":"https:\/\/volcanes.net\/?p=13213","og_site_name":"Volcanes","article_publisher":"https:\/\/www.facebook.com\/volcanes.net\/","article_published_time":"2022-11-05T22:42:24+00:00","article_modified_time":"2022-12-06T19:54:41+00:00","og_image":[{"width":1280,"height":720,"url":"https:\/\/volcanes.net\/wp-content\/uploads\/2022\/12\/Discurso-del-Presidente-municipal-de-Ozumba-al-inicio-de-obras-de-pavimentacion-por-mas-de-33-MDP.jpeg","type":"image\/jpeg"}],"author":"Grupo Volcanes","twitter_card":"summary_large_image","twitter_misc":{"Escrito por":"Grupo Volcanes","Tiempo de lectura":"2 minutos"},"schema":{"@context":"https:\/\/schema.org","@graph":[{"@type":"Article","@id":"https:\/\/volcanes.net\/?p=13213#article","isPartOf":{"@id":"https:\/\/volcanes.net\/?p=13213"},"author":{"name":"Grupo Volcanes","@id":"https:\/\/volcanes.net\/#\/schema\/person\/a851dc341d56a2915a80936acca8dc6d"},"headline":"Inician obras gestionadas por el alcalde de Ozumba en Tlaltecoyac","datePublished":"2022-11-05T22:42:24+00:00","dateModified":"2022-12-06T19:54:41+00:00","mainEntityOfPage":{"@id":"https:\/\/volcanes.net\/?p=13213"},"wordCount":461,"commentCount":0,"publisher":{"@id":"https:\/\/volcanes.net\/#organization"},"image":{"@id":"https:\/\/volcanes.net\/?p=13213#primaryimage"},"thumbnailUrl":"https:\/\/volcanes.net\/wp-content\/uploads\/2022\/12\/Discurso-del-Presidente-municipal-de-Ozumba-al-inicio-de-obras-de-pavimentacion-por-mas-de-33-MDP.jpeg","keywords":["Ozumba"],"articleSection":["Municipales"],"inLanguage":"es","potentialAction":[{"@type":"CommentAction","name":"Comment","target":["https:\/\/volcanes.net\/?p=13213#respond"]}]},{"@type":"WebPage","@id":"https:\/\/volcanes.net\/?p=13213","url":"https:\/\/volcanes.net\/?p=13213","name":"Inician obras gestionadas por el alcalde de Ozumba en Tlaltecoyac - Volcanes","isPartOf":{"@id":"https:\/\/volcanes.net\/#website"},"primaryImageOfPage":{"@id":"https:\/\/volcanes.net\/?p=13213#primaryimage"},"image":{"@id":"https:\/\/volcanes.net\/?p=13213#primaryimage"},"thumbnailUrl":"https:\/\/volcanes.net\/wp-content\/uploads\/2022\/12\/Discurso-del-Presidente-municipal-de-Ozumba-al-inicio-de-obras-de-pavimentacion-por-mas-de-33-MDP.jpeg","datePublished":"2022-11-05T22:42:24+00:00","dateModified":"2022-12-06T19:54:41+00:00","breadcrumb":{"@id":"https:\/\/volcanes.net\/?p=13213#breadcrumb"},"inLanguage":"es","potentialAction":[{"@type":"ReadAction","target":["https:\/\/volcanes.net\/?p=13213"]}]},{"@type":"ImageObject","inLanguage":"es","@id":"https:\/\/volcanes.net\/?p=13213#primaryimage","url":"https:\/\/volcanes.net\/wp-content\/uploads\/2022\/12\/Discurso-del-Presidente-municipal-de-Ozumba-al-inicio-de-obras-de-pavimentacion-por-mas-de-33-MDP.jpeg","contentUrl":"https:\/\/volcanes.net\/wp-content\/uploads\/2022\/12\/Discurso-del-Presidente-municipal-de-Ozumba-al-inicio-de-obras-de-pavimentacion-por-mas-de-33-MDP.jpeg","width":1280,"height":720},{"@type":"BreadcrumbList","@id":"https:\/\/volcanes.net\/?p=13213#breadcrumb","itemListElement":[{"@type":"ListItem","position":1,"name":"Portada","item":"https:\/\/volcanes.net\/"},{"@type":"ListItem","position":2,"name":"Inician obras gestionadas por el alcalde de Ozumba en Tlaltecoyac"}]},{"@type":"WebSite","@id":"https:\/\/volcanes.net\/#website","url":"https:\/\/volcanes.net\/","name":"Volcanes.Net","description":"Periodismo Profesional","publisher":{"@id":"https:\/\/volcanes.net\/#organization"},"potentialAction":[{"@type":"SearchAction","target":{"@type":"EntryPoint","urlTemplate":"https:\/\/volcanes.net\/?s={search_term_string}"},"query-input":{"@type":"PropertyValueSpecification","valueRequired":true,"valueName":"search_term_string"}}],"inLanguage":"es"},{"@type":"Organization","@id":"https:\/\/volcanes.net\/#organization","name":"Grupo Volcanes","url":"https:\/\/volcanes.net\/","logo":{"@type":"ImageObject","inLanguage":"es","@id":"https:\/\/volcanes.net\/#\/schema\/logo\/image\/","url":"http:\/\/volcanes.net\/wp-content\/uploads\/2017\/12\/Avatar2.jpg","contentUrl":"http:\/\/volcanes.net\/wp-content\/uploads\/2017\/12\/Avatar2.jpg","width":378,"height":378,"caption":"Grupo Volcanes"},"image":{"@id":"https:\/\/volcanes.net\/#\/schema\/logo\/image\/"},"sameAs":["https:\/\/www.facebook.com\/volcanes.net\/"]},{"@type":"Person","@id":"https:\/\/volcanes.net\/#\/schema\/person\/a851dc341d56a2915a80936acca8dc6d","name":"Grupo Volcanes","image":{"@type":"ImageObject","inLanguage":"es","@id":"https:\/\/volcanes.net\/#\/schema\/person\/image\/","url":"https:\/\/secure.gravatar.com\/avatar\/00d1a47c371c721e30bacc47ac096981?s=96&d=mm&r=g","contentUrl":"https:\/\/secure.gravatar.com\/avatar\/00d1a47c371c721e30bacc47ac096981?s=96&d=mm&r=g","caption":"Grupo Volcanes"}}]}},"_links":{"self":[{"href":"https:\/\/volcanes.net\/index.php?rest_route=\/wp\/v2\/posts\/13213"}],"collection":[{"href":"https:\/\/volcanes.net\/index.php?rest_route=\/wp\/v2\/posts"}],"about":[{"href":"https:\/\/volcanes.net\/index.php?rest_route=\/wp\/v2\/types\/post"}],"author":[{"embeddable":true,"href":"https:\/\/volcanes.net\/index.php?rest_route=\/wp\/v2\/users\/10"}],"replies":[{"embeddable":true,"href":"https:\/\/volcanes.net\/index.php?rest_route=%2Fwp%2Fv2%2Fcomments&post=13213"}],"version-history":[{"count":3,"href":"https:\/\/volcanes.net\/index.php?rest_route=\/wp\/v2\/posts\/13213\/revisions"}],"predecessor-version":[{"id":13350,"href":"https:\/\/volcanes.net\/index.php?rest_route=\/wp\/v2\/posts\/13213\/revisions\/13350"}],"wp:featuredmedia":[{"embeddable":true,"href":"https:\/\/volcanes.net\/index.php?rest_route=\/wp\/v2\/media\/13346"}],"wp:attachment":[{"href":"https:\/\/volcanes.net\/index.php?rest_route=%2Fwp%2Fv2%2Fmedia&parent=13213"}],"wp:term":[{"taxonomy":"category","embeddable":true,"href":"https:\/\/volcanes.net\/index.php?rest_route=%2Fwp%2Fv2%2Fcategories&post=13213"},{"taxonomy":"post_tag","embeddable":true,"href":"https:\/\/volcanes.net\/index.php?rest_route=%2Fwp%2Fv2%2Ftags&post=13213"}],"curies":[{"name":"wp","href":"https:\/\/api.w.org\/{rel}","templated":true}]}}