{"id":13223,"date":"2022-11-06T19:54:30","date_gmt":"2022-11-07T01:54:30","guid":{"rendered":"http:\/\/volcanes.net\/?p=13223"},"modified":"2022-11-06T19:55:05","modified_gmt":"2022-11-07T01:55:05","slug":"amecameca-es-un-gobierno-de-puertas-abiertas-2","status":"publish","type":"post","link":"https:\/\/volcanes.net\/?p=13223","title":{"rendered":"Amecameca es un gobierno de puertas abiertas"},"content":{"rendered":"<div style=\"margin-top: 0px; margin-bottom: 0px;\" class=\"sharethis-inline-share-buttons\" ><\/div><p style=\"text-align: justify;\">\u2022\u2022\u2022 La Presidenta Municipal contin\u00faa realizando audiencia p\u00fablica donde atiende a todos los ciudadanos.<\/p>\n<p>Amecameca, M\u00e9x.&#8212; &#8220;Escuchando a la poblaci\u00f3n y dando respuestas inmediatas a sus demandas es la mejor prioridad de este #GobiernoParaTodos, se\u00f1al\u00f3 la Presidenta Municipal Dra. Ivette Topete Garc\u00eda.<\/p>\n<p>Al continuar cada semana con las Audiencias P\u00fablicas en la Presidencia Municipal, donde atiende acompa\u00f1ada de los directores a todas las ciudadanas y ciudadanos, que acuden desde temprano a sus oficinas.<\/p>\n<p>Topete Garc\u00eda, dijo que escuchar a la ciudadan\u00eda es la mejor forma de conocer y poder dar soluciones a los problemas y necesidades de las comunidades.<\/p>\n<p>&#8220;Somos un Gobierno de Soluciones que est\u00e1 atento de la poblaci\u00f3n y manteniendo contacto directo, juntos llegamos a buenos acuerdos para mejorar los servicios p\u00fablicos y las obras que son necesarias para el desarrollo de las comunidades&#8221;, precis\u00f3.<\/p>\n<p>De manera personal la Dra. Ivette Topete atiende a cada uno de los ciudadanos, para escucharlos y trabajar juntos en la busqueda de m\u00e1s soluciones.<\/p>\n<p>Es de resaltar que desde el primer dia del 2022, el #GobiernoParaTodos se comprometi\u00f3 a desarrollar una administraci\u00f3n p\u00fablica en estrecha cercan\u00eda con la ciudadan\u00eda y se abrieron las puertas de la Presidencia Municipal.<\/p>\n","protected":false},"excerpt":{"rendered":"<p>\u2022\u2022\u2022 La Presidenta Municipal contin\u00faa realizando audiencia p\u00fablica donde atiende a todos los ciudadanos. Amecameca,<\/p>\n","protected":false},"author":10,"featured_media":13221,"comment_status":"open","ping_status":"open","sticky":false,"template":"","format":"standard","meta":{"footnotes":""},"categories":[1],"tags":[7],"class_list":["post-13223","post","type-post","status-publish","format-standard","has-post-thumbnail","hentry","category-municipales","tag-amecameca"],"yoast_head":"<!-- This site is optimized with the Yoast SEO plugin v25.3 - https:\/\/yoast.com\/wordpress\/plugins\/seo\/ -->\n<title>Amecameca es un gobierno de puertas abiertas - Volcanes<\/title>\n<meta name=\"robots\" content=\"index, follow, max-snippet:-1, max-image-preview:large, max-video-preview:-1\" \/>\n<link rel=\"canonical\" href=\"https:\/\/volcanes.net\/?p=13223\" \/>\n<meta property=\"og:locale\" content=\"es_MX\" \/>\n<meta property=\"og:type\" content=\"article\" \/>\n<meta property=\"og:title\" content=\"Amecameca es un gobierno de puertas abiertas - Volcanes\" \/>\n<meta property=\"og:description\" content=\"\u2022\u2022\u2022 La Presidenta Municipal contin\u00faa realizando audiencia p\u00fablica donde atiende a todos los ciudadanos. Amecameca,\" \/>\n<meta property=\"og:url\" content=\"https:\/\/volcanes.net\/?p=13223\" \/>\n<meta property=\"og:site_name\" content=\"Volcanes\" \/>\n<meta property=\"article:publisher\" content=\"https:\/\/www.facebook.com\/volcanes.net\/\" \/>\n<meta property=\"article:published_time\" content=\"2022-11-07T01:54:30+00:00\" \/>\n<meta property=\"article:modified_time\" content=\"2022-11-07T01:55:05+00:00\" \/>\n<meta property=\"og:image\" content=\"https:\/\/volcanes.net\/wp-content\/uploads\/2022\/11\/1667785911838.jpg\" \/>\n\t<meta property=\"og:image:width\" content=\"799\" \/>\n\t<meta property=\"og:image:height\" content=\"600\" \/>\n\t<meta property=\"og:image:type\" content=\"image\/jpeg\" \/>\n<meta name=\"author\" content=\"Grupo Volcanes\" \/>\n<meta name=\"twitter:card\" content=\"summary_large_image\" \/>\n<meta name=\"twitter:label1\" content=\"Escrito por\" \/>\n\t<meta name=\"twitter:data1\" content=\"Grupo Volcanes\" \/>\n\t<meta name=\"twitter:label2\" content=\"Tiempo de lectura\" \/>\n\t<meta name=\"twitter:data2\" content=\"1 minuto\" \/>\n<script type=\"application\/ld+json\" class=\"yoast-schema-graph\">{\"@context\":\"https:\/\/schema.org\",\"@graph\":[{\"@type\":\"Article\",\"@id\":\"https:\/\/volcanes.net\/?p=13223#article\",\"isPartOf\":{\"@id\":\"https:\/\/volcanes.net\/?p=13223\"},\"author\":{\"name\":\"Grupo Volcanes\",\"@id\":\"https:\/\/volcanes.net\/#\/schema\/person\/a851dc341d56a2915a80936acca8dc6d\"},\"headline\":\"Amecameca es un gobierno de puertas abiertas\",\"datePublished\":\"2022-11-07T01:54:30+00:00\",\"dateModified\":\"2022-11-07T01:55:05+00:00\",\"mainEntityOfPage\":{\"@id\":\"https:\/\/volcanes.net\/?p=13223\"},\"wordCount\":219,\"commentCount\":0,\"publisher\":{\"@id\":\"https:\/\/volcanes.net\/#organization\"},\"image\":{\"@id\":\"https:\/\/volcanes.net\/?p=13223#primaryimage\"},\"thumbnailUrl\":\"https:\/\/volcanes.net\/wp-content\/uploads\/2022\/11\/1667785911838.jpg\",\"keywords\":[\"Amecameca\"],\"articleSection\":[\"Municipales\"],\"inLanguage\":\"es\",\"potentialAction\":[{\"@type\":\"CommentAction\",\"name\":\"Comment\",\"target\":[\"https:\/\/volcanes.net\/?p=13223#respond\"]}]},{\"@type\":\"WebPage\",\"@id\":\"https:\/\/volcanes.net\/?p=13223\",\"url\":\"https:\/\/volcanes.net\/?p=13223\",\"name\":\"Amecameca es un gobierno de puertas abiertas - Volcanes\",\"isPartOf\":{\"@id\":\"https:\/\/volcanes.net\/#website\"},\"primaryImageOfPage\":{\"@id\":\"https:\/\/volcanes.net\/?p=13223#primaryimage\"},\"image\":{\"@id\":\"https:\/\/volcanes.net\/?p=13223#primaryimage\"},\"thumbnailUrl\":\"https:\/\/volcanes.net\/wp-content\/uploads\/2022\/11\/1667785911838.jpg\",\"datePublished\":\"2022-11-07T01:54:30+00:00\",\"dateModified\":\"2022-11-07T01:55:05+00:00\",\"breadcrumb\":{\"@id\":\"https:\/\/volcanes.net\/?p=13223#breadcrumb\"},\"inLanguage\":\"es\",\"potentialAction\":[{\"@type\":\"ReadAction\",\"target\":[\"https:\/\/volcanes.net\/?p=13223\"]}]},{\"@type\":\"ImageObject\",\"inLanguage\":\"es\",\"@id\":\"https:\/\/volcanes.net\/?p=13223#primaryimage\",\"url\":\"https:\/\/volcanes.net\/wp-content\/uploads\/2022\/11\/1667785911838.jpg\",\"contentUrl\":\"https:\/\/volcanes.net\/wp-content\/uploads\/2022\/11\/1667785911838.jpg\",\"width\":799,\"height\":600},{\"@type\":\"BreadcrumbList\",\"@id\":\"https:\/\/volcanes.net\/?p=13223#breadcrumb\",\"itemListElement\":[{\"@type\":\"ListItem\",\"position\":1,\"name\":\"Portada\",\"item\":\"https:\/\/volcanes.net\/\"},{\"@type\":\"ListItem\",\"position\":2,\"name\":\"Amecameca es un gobierno de puertas abiertas\"}]},{\"@type\":\"WebSite\",\"@id\":\"https:\/\/volcanes.net\/#website\",\"url\":\"https:\/\/volcanes.net\/\",\"name\":\"Volcanes.Net\",\"description\":\"Periodismo Profesional\",\"publisher\":{\"@id\":\"https:\/\/volcanes.net\/#organization\"},\"potentialAction\":[{\"@type\":\"SearchAction\",\"target\":{\"@type\":\"EntryPoint\",\"urlTemplate\":\"https:\/\/volcanes.net\/?s={search_term_string}\"},\"query-input\":{\"@type\":\"PropertyValueSpecification\",\"valueRequired\":true,\"valueName\":\"search_term_string\"}}],\"inLanguage\":\"es\"},{\"@type\":\"Organization\",\"@id\":\"https:\/\/volcanes.net\/#organization\",\"name\":\"Grupo Volcanes\",\"url\":\"https:\/\/volcanes.net\/\",\"logo\":{\"@type\":\"ImageObject\",\"inLanguage\":\"es\",\"@id\":\"https:\/\/volcanes.net\/#\/schema\/logo\/image\/\",\"url\":\"http:\/\/volcanes.net\/wp-content\/uploads\/2017\/12\/Avatar2.jpg\",\"contentUrl\":\"http:\/\/volcanes.net\/wp-content\/uploads\/2017\/12\/Avatar2.jpg\",\"width\":378,\"height\":378,\"caption\":\"Grupo Volcanes\"},\"image\":{\"@id\":\"https:\/\/volcanes.net\/#\/schema\/logo\/image\/\"},\"sameAs\":[\"https:\/\/www.facebook.com\/volcanes.net\/\"]},{\"@type\":\"Person\",\"@id\":\"https:\/\/volcanes.net\/#\/schema\/person\/a851dc341d56a2915a80936acca8dc6d\",\"name\":\"Grupo Volcanes\",\"image\":{\"@type\":\"ImageObject\",\"inLanguage\":\"es\",\"@id\":\"https:\/\/volcanes.net\/#\/schema\/person\/image\/\",\"url\":\"https:\/\/secure.gravatar.com\/avatar\/00d1a47c371c721e30bacc47ac096981?s=96&d=mm&r=g\",\"contentUrl\":\"https:\/\/secure.gravatar.com\/avatar\/00d1a47c371c721e30bacc47ac096981?s=96&d=mm&r=g\",\"caption\":\"Grupo Volcanes\"}}]}<\/script>\n<!-- \/ Yoast SEO plugin. -->","yoast_head_json":{"title":"Amecameca es un gobierno de puertas abiertas - Volcanes","robots":{"index":"index","follow":"follow","max-snippet":"max-snippet:-1","max-image-preview":"max-image-preview:large","max-video-preview":"max-video-preview:-1"},"canonical":"https:\/\/volcanes.net\/?p=13223","og_locale":"es_MX","og_type":"article","og_title":"Amecameca es un gobierno de puertas abiertas - Volcanes","og_description":"\u2022\u2022\u2022 La Presidenta Municipal contin\u00faa realizando audiencia p\u00fablica donde atiende a todos los ciudadanos. Amecameca,","og_url":"https:\/\/volcanes.net\/?p=13223","og_site_name":"Volcanes","article_publisher":"https:\/\/www.facebook.com\/volcanes.net\/","article_published_time":"2022-11-07T01:54:30+00:00","article_modified_time":"2022-11-07T01:55:05+00:00","og_image":[{"width":799,"height":600,"url":"https:\/\/volcanes.net\/wp-content\/uploads\/2022\/11\/1667785911838.jpg","type":"image\/jpeg"}],"author":"Grupo Volcanes","twitter_card":"summary_large_image","twitter_misc":{"Escrito por":"Grupo Volcanes","Tiempo de lectura":"1 minuto"},"schema":{"@context":"https:\/\/schema.org","@graph":[{"@type":"Article","@id":"https:\/\/volcanes.net\/?p=13223#article","isPartOf":{"@id":"https:\/\/volcanes.net\/?p=13223"},"author":{"name":"Grupo Volcanes","@id":"https:\/\/volcanes.net\/#\/schema\/person\/a851dc341d56a2915a80936acca8dc6d"},"headline":"Amecameca es un gobierno de puertas abiertas","datePublished":"2022-11-07T01:54:30+00:00","dateModified":"2022-11-07T01:55:05+00:00","mainEntityOfPage":{"@id":"https:\/\/volcanes.net\/?p=13223"},"wordCount":219,"commentCount":0,"publisher":{"@id":"https:\/\/volcanes.net\/#organization"},"image":{"@id":"https:\/\/volcanes.net\/?p=13223#primaryimage"},"thumbnailUrl":"https:\/\/volcanes.net\/wp-content\/uploads\/2022\/11\/1667785911838.jpg","keywords":["Amecameca"],"articleSection":["Municipales"],"inLanguage":"es","potentialAction":[{"@type":"CommentAction","name":"Comment","target":["https:\/\/volcanes.net\/?p=13223#respond"]}]},{"@type":"WebPage","@id":"https:\/\/volcanes.net\/?p=13223","url":"https:\/\/volcanes.net\/?p=13223","name":"Amecameca es un gobierno de puertas abiertas - Volcanes","isPartOf":{"@id":"https:\/\/volcanes.net\/#website"},"primaryImageOfPage":{"@id":"https:\/\/volcanes.net\/?p=13223#primaryimage"},"image":{"@id":"https:\/\/volcanes.net\/?p=13223#primaryimage"},"thumbnailUrl":"https:\/\/volcanes.net\/wp-content\/uploads\/2022\/11\/1667785911838.jpg","datePublished":"2022-11-07T01:54:30+00:00","dateModified":"2022-11-07T01:55:05+00:00","breadcrumb":{"@id":"https:\/\/volcanes.net\/?p=13223#breadcrumb"},"inLanguage":"es","potentialAction":[{"@type":"ReadAction","target":["https:\/\/volcanes.net\/?p=13223"]}]},{"@type":"ImageObject","inLanguage":"es","@id":"https:\/\/volcanes.net\/?p=13223#primaryimage","url":"https:\/\/volcanes.net\/wp-content\/uploads\/2022\/11\/1667785911838.jpg","contentUrl":"https:\/\/volcanes.net\/wp-content\/uploads\/2022\/11\/1667785911838.jpg","width":799,"height":600},{"@type":"BreadcrumbList","@id":"https:\/\/volcanes.net\/?p=13223#breadcrumb","itemListElement":[{"@type":"ListItem","position":1,"name":"Portada","item":"https:\/\/volcanes.net\/"},{"@type":"ListItem","position":2,"name":"Amecameca es un gobierno de puertas abiertas"}]},{"@type":"WebSite","@id":"https:\/\/volcanes.net\/#website","url":"https:\/\/volcanes.net\/","name":"Volcanes.Net","description":"Periodismo Profesional","publisher":{"@id":"https:\/\/volcanes.net\/#organization"},"potentialAction":[{"@type":"SearchAction","target":{"@type":"EntryPoint","urlTemplate":"https:\/\/volcanes.net\/?s={search_term_string}"},"query-input":{"@type":"PropertyValueSpecification","valueRequired":true,"valueName":"search_term_string"}}],"inLanguage":"es"},{"@type":"Organization","@id":"https:\/\/volcanes.net\/#organization","name":"Grupo Volcanes","url":"https:\/\/volcanes.net\/","logo":{"@type":"ImageObject","inLanguage":"es","@id":"https:\/\/volcanes.net\/#\/schema\/logo\/image\/","url":"http:\/\/volcanes.net\/wp-content\/uploads\/2017\/12\/Avatar2.jpg","contentUrl":"http:\/\/volcanes.net\/wp-content\/uploads\/2017\/12\/Avatar2.jpg","width":378,"height":378,"caption":"Grupo Volcanes"},"image":{"@id":"https:\/\/volcanes.net\/#\/schema\/logo\/image\/"},"sameAs":["https:\/\/www.facebook.com\/volcanes.net\/"]},{"@type":"Person","@id":"https:\/\/volcanes.net\/#\/schema\/person\/a851dc341d56a2915a80936acca8dc6d","name":"Grupo Volcanes","image":{"@type":"ImageObject","inLanguage":"es","@id":"https:\/\/volcanes.net\/#\/schema\/person\/image\/","url":"https:\/\/secure.gravatar.com\/avatar\/00d1a47c371c721e30bacc47ac096981?s=96&d=mm&r=g","contentUrl":"https:\/\/secure.gravatar.com\/avatar\/00d1a47c371c721e30bacc47ac096981?s=96&d=mm&r=g","caption":"Grupo Volcanes"}}]}},"_links":{"self":[{"href":"https:\/\/volcanes.net\/index.php?rest_route=\/wp\/v2\/posts\/13223"}],"collection":[{"href":"https:\/\/volcanes.net\/index.php?rest_route=\/wp\/v2\/posts"}],"about":[{"href":"https:\/\/volcanes.net\/index.php?rest_route=\/wp\/v2\/types\/post"}],"author":[{"embeddable":true,"href":"https:\/\/volcanes.net\/index.php?rest_route=\/wp\/v2\/users\/10"}],"replies":[{"embeddable":true,"href":"https:\/\/volcanes.net\/index.php?rest_route=%2Fwp%2Fv2%2Fcomments&post=13223"}],"version-history":[{"count":1,"href":"https:\/\/volcanes.net\/index.php?rest_route=\/wp\/v2\/posts\/13223\/revisions"}],"predecessor-version":[{"id":13224,"href":"https:\/\/volcanes.net\/index.php?rest_route=\/wp\/v2\/posts\/13223\/revisions\/13224"}],"wp:featuredmedia":[{"embeddable":true,"href":"https:\/\/volcanes.net\/index.php?rest_route=\/wp\/v2\/media\/13221"}],"wp:attachment":[{"href":"https:\/\/volcanes.net\/index.php?rest_route=%2Fwp%2Fv2%2Fmedia&parent=13223"}],"wp:term":[{"taxonomy":"category","embeddable":true,"href":"https:\/\/volcanes.net\/index.php?rest_route=%2Fwp%2Fv2%2Fcategories&post=13223"},{"taxonomy":"post_tag","embeddable":true,"href":"https:\/\/volcanes.net\/index.php?rest_route=%2Fwp%2Fv2%2Ftags&post=13223"}],"curies":[{"name":"wp","href":"https:\/\/api.w.org\/{rel}","templated":true}]}}