{"id":13235,"date":"2022-11-07T17:45:16","date_gmt":"2022-11-07T23:45:16","guid":{"rendered":"http:\/\/volcanes.net\/?p=13235"},"modified":"2022-11-07T17:31:57","modified_gmt":"2022-11-07T23:31:57","slug":"rinde-jesus-isidro-moreno-su-primer-informe-legislativo","status":"publish","type":"post","link":"https:\/\/volcanes.net\/?p=13235","title":{"rendered":"Rinde Jes\u00fas Isidro Moreno su Primer Informe Legislativo"},"content":{"rendered":"<div style=\"margin-top: 0px; margin-bottom: 0px;\" class=\"sharethis-inline-share-buttons\" ><\/div><blockquote><p>El diputado del PRI Jes\u00fas Moreno Mercado afirm\u00f3 que desde el primer d\u00eda que se incorpor\u00f3 a la LXI Legislatura ha trabajado para atender las necesidades de las familias mexiquenses, entre ellas, las de Nicol\u00e1s Romero, porque es mejor convertir las palabras e ideas en hechos y acciones. Durante su Primer Informe Legislativo y de Gesti\u00f3n Social, acompa\u00f1ado del l\u00edder de la fracci\u00f3n priista en la C\u00e1mara de Diputados local, El\u00edas Rescala Jim\u00e9nez, y de Alejandra del Moral Vela, coordinadora por la Defensa del Estado de M\u00e9xico, el legislador Moreno Mercado dijo que seguir\u00e1 trabajando en las calles, con cercan\u00eda a la gente. Por su parte, el coordinador del grupo parlamentario del PRI, el diputado El\u00edas Rescala describi\u00f3 al legislador Jes\u00fas Moreno como un hombre trabajador, \u00edntegro, de familia, gran amigo, de lealtad probada y que trabaja todos los d\u00edas para dar resultados desde la bancada del gobernador Alfredo del Mazo Maza. Afirm\u00f3 que, los legisladores del PRI han regresado a sus distritos, han abierto oficinas de atenci\u00f3n ciudadana para estar cerca de la sociedad y dar atenci\u00f3n a cada una de sus necesidades. Rescala Jim\u00e9nez agradeci\u00f3 a los diputados del Partido Acci\u00f3n Nacional que asistieron a este informe, pues refiri\u00f3 que con su apoyo se ha construido una gran coalici\u00f3n en el Poder Legislativo del Estado de M\u00e9xico. En presencia de maestros, transportistas, comerciantes, y ciudadan\u00eda en general, el diputado Moreno Mercado proyect\u00f3 un video donde destac\u00f3 que present\u00f3 una propuesta para regular el funcionamiento de las gr\u00faas en la entidad y como presidente de la Comisi\u00f3n del Trabajo, Previsi\u00f3n y Seguridad Social particip\u00f3 en el Primer Periodo Ordinario de sesiones en la recepci\u00f3n y tramitaci\u00f3n de 394 iniciativas, as\u00ed como 71 puntos de acuerdo, mientras que en el segundo periodo de sesiones particip\u00f3 en la tramitaci\u00f3n de 340 iniciativas. Asimismo, particip\u00f3 en la designaci\u00f3n del titular de la Fiscal\u00eda General de Justicia del Estado de M\u00e9xico, de los integrantes del Consejo Ciudadano en materia de Desaparici\u00f3n Forzada, as\u00ed como la integraci\u00f3n del Consejo Consultivo de la Comisi\u00f3n de Derechos Humanos de la entidad. El legislador estuvo acompa\u00f1ado por Monserrath Sobreyra, secretaria general del PRI estatal; V\u00edctor Javier Vizuet Nava, presidente del Comit\u00e9 Municipal del PRI; el delegado del CEN del PRI en el Estado de M\u00e9xico, Jorge Antonio Rojo Garc\u00eda de Alba y el presidente municipal de Nicol\u00e1s Romero, Armando Navarrete.<\/p><\/blockquote>\n","protected":false},"excerpt":{"rendered":"<p>El diputado del PRI Jes\u00fas Moreno Mercado afirm\u00f3 que desde el primer d\u00eda que se<\/p>\n","protected":false},"author":10,"featured_media":13236,"comment_status":"open","ping_status":"open","sticky":false,"template":"","format":"standard","meta":{"footnotes":""},"categories":[1],"tags":[],"class_list":["post-13235","post","type-post","status-publish","format-standard","has-post-thumbnail","hentry","category-municipales"],"yoast_head":"<!-- This site is optimized with the Yoast SEO plugin v25.3 - https:\/\/yoast.com\/wordpress\/plugins\/seo\/ -->\n<title>Rinde Jes\u00fas Isidro Moreno su Primer Informe Legislativo - Volcanes<\/title>\n<meta name=\"robots\" content=\"index, follow, max-snippet:-1, max-image-preview:large, max-video-preview:-1\" \/>\n<link rel=\"canonical\" href=\"https:\/\/volcanes.net\/?p=13235\" \/>\n<meta property=\"og:locale\" content=\"es_MX\" \/>\n<meta property=\"og:type\" content=\"article\" \/>\n<meta property=\"og:title\" content=\"Rinde Jes\u00fas Isidro Moreno su Primer Informe Legislativo - Volcanes\" \/>\n<meta property=\"og:description\" content=\"El diputado del PRI Jes\u00fas Moreno Mercado afirm\u00f3 que desde el primer d\u00eda que se\" \/>\n<meta property=\"og:url\" content=\"https:\/\/volcanes.net\/?p=13235\" \/>\n<meta property=\"og:site_name\" content=\"Volcanes\" \/>\n<meta property=\"article:publisher\" content=\"https:\/\/www.facebook.com\/volcanes.net\/\" \/>\n<meta property=\"article:published_time\" content=\"2022-11-07T23:45:16+00:00\" \/>\n<meta property=\"og:image\" content=\"https:\/\/volcanes.net\/wp-content\/uploads\/2022\/11\/1257a.jpg\" \/>\n\t<meta property=\"og:image:width\" content=\"1600\" \/>\n\t<meta property=\"og:image:height\" content=\"1050\" \/>\n\t<meta property=\"og:image:type\" content=\"image\/jpeg\" \/>\n<meta name=\"author\" content=\"Grupo Volcanes\" \/>\n<meta name=\"twitter:card\" content=\"summary_large_image\" \/>\n<meta name=\"twitter:label1\" content=\"Escrito por\" \/>\n\t<meta name=\"twitter:data1\" content=\"Grupo Volcanes\" \/>\n\t<meta name=\"twitter:label2\" content=\"Tiempo de lectura\" \/>\n\t<meta name=\"twitter:data2\" content=\"2 minutos\" \/>\n<script type=\"application\/ld+json\" class=\"yoast-schema-graph\">{\"@context\":\"https:\/\/schema.org\",\"@graph\":[{\"@type\":\"Article\",\"@id\":\"https:\/\/volcanes.net\/?p=13235#article\",\"isPartOf\":{\"@id\":\"https:\/\/volcanes.net\/?p=13235\"},\"author\":{\"name\":\"Grupo Volcanes\",\"@id\":\"https:\/\/volcanes.net\/#\/schema\/person\/a851dc341d56a2915a80936acca8dc6d\"},\"headline\":\"Rinde Jes\u00fas Isidro Moreno su Primer Informe Legislativo\",\"datePublished\":\"2022-11-07T23:45:16+00:00\",\"mainEntityOfPage\":{\"@id\":\"https:\/\/volcanes.net\/?p=13235\"},\"wordCount\":438,\"commentCount\":0,\"publisher\":{\"@id\":\"https:\/\/volcanes.net\/#organization\"},\"image\":{\"@id\":\"https:\/\/volcanes.net\/?p=13235#primaryimage\"},\"thumbnailUrl\":\"https:\/\/volcanes.net\/wp-content\/uploads\/2022\/11\/1257a.jpg\",\"articleSection\":[\"Municipales\"],\"inLanguage\":\"es\",\"potentialAction\":[{\"@type\":\"CommentAction\",\"name\":\"Comment\",\"target\":[\"https:\/\/volcanes.net\/?p=13235#respond\"]}]},{\"@type\":\"WebPage\",\"@id\":\"https:\/\/volcanes.net\/?p=13235\",\"url\":\"https:\/\/volcanes.net\/?p=13235\",\"name\":\"Rinde Jes\u00fas Isidro Moreno su Primer Informe Legislativo - Volcanes\",\"isPartOf\":{\"@id\":\"https:\/\/volcanes.net\/#website\"},\"primaryImageOfPage\":{\"@id\":\"https:\/\/volcanes.net\/?p=13235#primaryimage\"},\"image\":{\"@id\":\"https:\/\/volcanes.net\/?p=13235#primaryimage\"},\"thumbnailUrl\":\"https:\/\/volcanes.net\/wp-content\/uploads\/2022\/11\/1257a.jpg\",\"datePublished\":\"2022-11-07T23:45:16+00:00\",\"breadcrumb\":{\"@id\":\"https:\/\/volcanes.net\/?p=13235#breadcrumb\"},\"inLanguage\":\"es\",\"potentialAction\":[{\"@type\":\"ReadAction\",\"target\":[\"https:\/\/volcanes.net\/?p=13235\"]}]},{\"@type\":\"ImageObject\",\"inLanguage\":\"es\",\"@id\":\"https:\/\/volcanes.net\/?p=13235#primaryimage\",\"url\":\"https:\/\/volcanes.net\/wp-content\/uploads\/2022\/11\/1257a.jpg\",\"contentUrl\":\"https:\/\/volcanes.net\/wp-content\/uploads\/2022\/11\/1257a.jpg\",\"width\":1600,\"height\":1050},{\"@type\":\"BreadcrumbList\",\"@id\":\"https:\/\/volcanes.net\/?p=13235#breadcrumb\",\"itemListElement\":[{\"@type\":\"ListItem\",\"position\":1,\"name\":\"Portada\",\"item\":\"https:\/\/volcanes.net\/\"},{\"@type\":\"ListItem\",\"position\":2,\"name\":\"Rinde Jes\u00fas Isidro Moreno su Primer Informe Legislativo\"}]},{\"@type\":\"WebSite\",\"@id\":\"https:\/\/volcanes.net\/#website\",\"url\":\"https:\/\/volcanes.net\/\",\"name\":\"Volcanes.Net\",\"description\":\"Periodismo Profesional\",\"publisher\":{\"@id\":\"https:\/\/volcanes.net\/#organization\"},\"potentialAction\":[{\"@type\":\"SearchAction\",\"target\":{\"@type\":\"EntryPoint\",\"urlTemplate\":\"https:\/\/volcanes.net\/?s={search_term_string}\"},\"query-input\":{\"@type\":\"PropertyValueSpecification\",\"valueRequired\":true,\"valueName\":\"search_term_string\"}}],\"inLanguage\":\"es\"},{\"@type\":\"Organization\",\"@id\":\"https:\/\/volcanes.net\/#organization\",\"name\":\"Grupo Volcanes\",\"url\":\"https:\/\/volcanes.net\/\",\"logo\":{\"@type\":\"ImageObject\",\"inLanguage\":\"es\",\"@id\":\"https:\/\/volcanes.net\/#\/schema\/logo\/image\/\",\"url\":\"http:\/\/volcanes.net\/wp-content\/uploads\/2017\/12\/Avatar2.jpg\",\"contentUrl\":\"http:\/\/volcanes.net\/wp-content\/uploads\/2017\/12\/Avatar2.jpg\",\"width\":378,\"height\":378,\"caption\":\"Grupo Volcanes\"},\"image\":{\"@id\":\"https:\/\/volcanes.net\/#\/schema\/logo\/image\/\"},\"sameAs\":[\"https:\/\/www.facebook.com\/volcanes.net\/\"]},{\"@type\":\"Person\",\"@id\":\"https:\/\/volcanes.net\/#\/schema\/person\/a851dc341d56a2915a80936acca8dc6d\",\"name\":\"Grupo Volcanes\",\"image\":{\"@type\":\"ImageObject\",\"inLanguage\":\"es\",\"@id\":\"https:\/\/volcanes.net\/#\/schema\/person\/image\/\",\"url\":\"https:\/\/secure.gravatar.com\/avatar\/00d1a47c371c721e30bacc47ac096981?s=96&d=mm&r=g\",\"contentUrl\":\"https:\/\/secure.gravatar.com\/avatar\/00d1a47c371c721e30bacc47ac096981?s=96&d=mm&r=g\",\"caption\":\"Grupo Volcanes\"}}]}<\/script>\n<!-- \/ Yoast SEO plugin. -->","yoast_head_json":{"title":"Rinde Jes\u00fas Isidro Moreno su Primer Informe Legislativo - Volcanes","robots":{"index":"index","follow":"follow","max-snippet":"max-snippet:-1","max-image-preview":"max-image-preview:large","max-video-preview":"max-video-preview:-1"},"canonical":"https:\/\/volcanes.net\/?p=13235","og_locale":"es_MX","og_type":"article","og_title":"Rinde Jes\u00fas Isidro Moreno su Primer Informe Legislativo - Volcanes","og_description":"El diputado del PRI Jes\u00fas Moreno Mercado afirm\u00f3 que desde el primer d\u00eda que se","og_url":"https:\/\/volcanes.net\/?p=13235","og_site_name":"Volcanes","article_publisher":"https:\/\/www.facebook.com\/volcanes.net\/","article_published_time":"2022-11-07T23:45:16+00:00","og_image":[{"width":1600,"height":1050,"url":"https:\/\/volcanes.net\/wp-content\/uploads\/2022\/11\/1257a.jpg","type":"image\/jpeg"}],"author":"Grupo Volcanes","twitter_card":"summary_large_image","twitter_misc":{"Escrito por":"Grupo Volcanes","Tiempo de lectura":"2 minutos"},"schema":{"@context":"https:\/\/schema.org","@graph":[{"@type":"Article","@id":"https:\/\/volcanes.net\/?p=13235#article","isPartOf":{"@id":"https:\/\/volcanes.net\/?p=13235"},"author":{"name":"Grupo Volcanes","@id":"https:\/\/volcanes.net\/#\/schema\/person\/a851dc341d56a2915a80936acca8dc6d"},"headline":"Rinde Jes\u00fas Isidro Moreno su Primer Informe Legislativo","datePublished":"2022-11-07T23:45:16+00:00","mainEntityOfPage":{"@id":"https:\/\/volcanes.net\/?p=13235"},"wordCount":438,"commentCount":0,"publisher":{"@id":"https:\/\/volcanes.net\/#organization"},"image":{"@id":"https:\/\/volcanes.net\/?p=13235#primaryimage"},"thumbnailUrl":"https:\/\/volcanes.net\/wp-content\/uploads\/2022\/11\/1257a.jpg","articleSection":["Municipales"],"inLanguage":"es","potentialAction":[{"@type":"CommentAction","name":"Comment","target":["https:\/\/volcanes.net\/?p=13235#respond"]}]},{"@type":"WebPage","@id":"https:\/\/volcanes.net\/?p=13235","url":"https:\/\/volcanes.net\/?p=13235","name":"Rinde Jes\u00fas Isidro Moreno su Primer Informe Legislativo - Volcanes","isPartOf":{"@id":"https:\/\/volcanes.net\/#website"},"primaryImageOfPage":{"@id":"https:\/\/volcanes.net\/?p=13235#primaryimage"},"image":{"@id":"https:\/\/volcanes.net\/?p=13235#primaryimage"},"thumbnailUrl":"https:\/\/volcanes.net\/wp-content\/uploads\/2022\/11\/1257a.jpg","datePublished":"2022-11-07T23:45:16+00:00","breadcrumb":{"@id":"https:\/\/volcanes.net\/?p=13235#breadcrumb"},"inLanguage":"es","potentialAction":[{"@type":"ReadAction","target":["https:\/\/volcanes.net\/?p=13235"]}]},{"@type":"ImageObject","inLanguage":"es","@id":"https:\/\/volcanes.net\/?p=13235#primaryimage","url":"https:\/\/volcanes.net\/wp-content\/uploads\/2022\/11\/1257a.jpg","contentUrl":"https:\/\/volcanes.net\/wp-content\/uploads\/2022\/11\/1257a.jpg","width":1600,"height":1050},{"@type":"BreadcrumbList","@id":"https:\/\/volcanes.net\/?p=13235#breadcrumb","itemListElement":[{"@type":"ListItem","position":1,"name":"Portada","item":"https:\/\/volcanes.net\/"},{"@type":"ListItem","position":2,"name":"Rinde Jes\u00fas Isidro Moreno su Primer Informe Legislativo"}]},{"@type":"WebSite","@id":"https:\/\/volcanes.net\/#website","url":"https:\/\/volcanes.net\/","name":"Volcanes.Net","description":"Periodismo Profesional","publisher":{"@id":"https:\/\/volcanes.net\/#organization"},"potentialAction":[{"@type":"SearchAction","target":{"@type":"EntryPoint","urlTemplate":"https:\/\/volcanes.net\/?s={search_term_string}"},"query-input":{"@type":"PropertyValueSpecification","valueRequired":true,"valueName":"search_term_string"}}],"inLanguage":"es"},{"@type":"Organization","@id":"https:\/\/volcanes.net\/#organization","name":"Grupo Volcanes","url":"https:\/\/volcanes.net\/","logo":{"@type":"ImageObject","inLanguage":"es","@id":"https:\/\/volcanes.net\/#\/schema\/logo\/image\/","url":"http:\/\/volcanes.net\/wp-content\/uploads\/2017\/12\/Avatar2.jpg","contentUrl":"http:\/\/volcanes.net\/wp-content\/uploads\/2017\/12\/Avatar2.jpg","width":378,"height":378,"caption":"Grupo Volcanes"},"image":{"@id":"https:\/\/volcanes.net\/#\/schema\/logo\/image\/"},"sameAs":["https:\/\/www.facebook.com\/volcanes.net\/"]},{"@type":"Person","@id":"https:\/\/volcanes.net\/#\/schema\/person\/a851dc341d56a2915a80936acca8dc6d","name":"Grupo Volcanes","image":{"@type":"ImageObject","inLanguage":"es","@id":"https:\/\/volcanes.net\/#\/schema\/person\/image\/","url":"https:\/\/secure.gravatar.com\/avatar\/00d1a47c371c721e30bacc47ac096981?s=96&d=mm&r=g","contentUrl":"https:\/\/secure.gravatar.com\/avatar\/00d1a47c371c721e30bacc47ac096981?s=96&d=mm&r=g","caption":"Grupo Volcanes"}}]}},"_links":{"self":[{"href":"https:\/\/volcanes.net\/index.php?rest_route=\/wp\/v2\/posts\/13235"}],"collection":[{"href":"https:\/\/volcanes.net\/index.php?rest_route=\/wp\/v2\/posts"}],"about":[{"href":"https:\/\/volcanes.net\/index.php?rest_route=\/wp\/v2\/types\/post"}],"author":[{"embeddable":true,"href":"https:\/\/volcanes.net\/index.php?rest_route=\/wp\/v2\/users\/10"}],"replies":[{"embeddable":true,"href":"https:\/\/volcanes.net\/index.php?rest_route=%2Fwp%2Fv2%2Fcomments&post=13235"}],"version-history":[{"count":1,"href":"https:\/\/volcanes.net\/index.php?rest_route=\/wp\/v2\/posts\/13235\/revisions"}],"predecessor-version":[{"id":13237,"href":"https:\/\/volcanes.net\/index.php?rest_route=\/wp\/v2\/posts\/13235\/revisions\/13237"}],"wp:featuredmedia":[{"embeddable":true,"href":"https:\/\/volcanes.net\/index.php?rest_route=\/wp\/v2\/media\/13236"}],"wp:attachment":[{"href":"https:\/\/volcanes.net\/index.php?rest_route=%2Fwp%2Fv2%2Fmedia&parent=13235"}],"wp:term":[{"taxonomy":"category","embeddable":true,"href":"https:\/\/volcanes.net\/index.php?rest_route=%2Fwp%2Fv2%2Fcategories&post=13235"},{"taxonomy":"post_tag","embeddable":true,"href":"https:\/\/volcanes.net\/index.php?rest_route=%2Fwp%2Fv2%2Ftags&post=13235"}],"curies":[{"name":"wp","href":"https:\/\/api.w.org\/{rel}","templated":true}]}}