{"id":13238,"date":"2022-10-22T20:12:53","date_gmt":"2022-10-23T02:12:53","guid":{"rendered":"http:\/\/volcanes.net\/?p=13238"},"modified":"2022-11-08T08:22:28","modified_gmt":"2022-11-08T14:22:28","slug":"la-calle-hidalgo-de-santiago-tepopula-sera-iluminada","status":"publish","type":"post","link":"https:\/\/volcanes.net\/?p=13238","title":{"rendered":"La calle Hidalgo de Santiago Tepopula ser\u00e1 iluminada"},"content":{"rendered":"<div style=\"margin-top: 0px; margin-bottom: 0px;\" class=\"sharethis-inline-share-buttons\" ><\/div><p>Durante un recorrido de inicio de obras en el municipio de Tenango del Aire, el presidente municipal Roberto \u00c1vila inform\u00f3 que inicio la obra para la iluminaci\u00f3n de la calle Hidalgo en la delegaci\u00f3n de Santiago Tepepula.<\/p>\n<p>\u00c1vila Ventura asever\u00f3 que las obras p\u00fablicas son una prioridad para el gobierno que \u00e9l encabeza.<\/p>\n<p>Durante una entrevista para Volcanes Multimedios inform\u00f3 que en la calle Hidalgo de Santiago Tepopula se instalar\u00e1n luminarias de nueva generaci\u00f3n con tecnolog\u00eda LED, ue son m\u00e1s amigables con el medio ambiente al ser de bajo consumo, sin verse afectada la eficiencia de la iluminaci\u00f3n.<\/p>\n<p>Autoridades auxiliares de esta delegaci\u00f3n agradecieron al alcalde por su ardua labor en la gesti\u00f3n de recursos para lograr m\u00e1s obras en beneficio de la poblaci\u00f3n tenanguense<\/p>\n<p>El presidente municipal detall\u00f3 los trabajos que se realizan en la calle Hidalgo de Santiago Tepopula.<\/p>\n<p>https:\/\/youtu.be\/cn5c7wpnRjk<\/p>\n","protected":false},"excerpt":{"rendered":"<p>Durante un recorrido de inicio de obras en el municipio de Tenango del Aire, el<\/p>\n","protected":false},"author":10,"featured_media":13239,"comment_status":"open","ping_status":"open","sticky":false,"template":"","format":"standard","meta":{"footnotes":""},"categories":[1],"tags":[],"class_list":["post-13238","post","type-post","status-publish","format-standard","has-post-thumbnail","hentry","category-municipales","has-post-video"],"yoast_head":"<!-- This site is optimized with the Yoast SEO plugin v25.3 - https:\/\/yoast.com\/wordpress\/plugins\/seo\/ -->\n<title>La calle Hidalgo de Santiago Tepopula ser\u00e1 iluminada - Volcanes<\/title>\n<meta name=\"robots\" content=\"index, follow, max-snippet:-1, max-image-preview:large, max-video-preview:-1\" \/>\n<link rel=\"canonical\" href=\"https:\/\/volcanes.net\/?p=13238\" \/>\n<meta property=\"og:locale\" content=\"es_MX\" \/>\n<meta property=\"og:type\" content=\"article\" \/>\n<meta property=\"og:title\" content=\"La calle Hidalgo de Santiago Tepopula ser\u00e1 iluminada - Volcanes\" \/>\n<meta property=\"og:description\" content=\"Durante un recorrido de inicio de obras en el municipio de Tenango del Aire, el\" \/>\n<meta property=\"og:url\" content=\"https:\/\/volcanes.net\/?p=13238\" \/>\n<meta property=\"og:site_name\" content=\"Volcanes\" \/>\n<meta property=\"article:publisher\" content=\"https:\/\/www.facebook.com\/volcanes.net\/\" \/>\n<meta property=\"article:published_time\" content=\"2022-10-23T02:12:53+00:00\" \/>\n<meta property=\"article:modified_time\" content=\"2022-11-08T14:22:28+00:00\" \/>\n<meta property=\"og:image\" content=\"https:\/\/volcanes.net\/wp-content\/uploads\/2022\/11\/La-calle-Hidalgo-de-Santiago-Tepopula-sera-iluminada.jpeg\" \/>\n\t<meta property=\"og:image:width\" content=\"1280\" \/>\n\t<meta property=\"og:image:height\" content=\"720\" \/>\n\t<meta property=\"og:image:type\" content=\"image\/jpeg\" \/>\n<meta name=\"author\" content=\"Grupo Volcanes\" \/>\n<meta name=\"twitter:card\" content=\"summary_large_image\" \/>\n<meta name=\"twitter:label1\" content=\"Escrito por\" \/>\n\t<meta name=\"twitter:data1\" content=\"Grupo Volcanes\" \/>\n\t<meta name=\"twitter:label2\" content=\"Tiempo de lectura\" \/>\n\t<meta name=\"twitter:data2\" content=\"1 minuto\" \/>\n<script type=\"application\/ld+json\" class=\"yoast-schema-graph\">{\"@context\":\"https:\/\/schema.org\",\"@graph\":[{\"@type\":\"Article\",\"@id\":\"https:\/\/volcanes.net\/?p=13238#article\",\"isPartOf\":{\"@id\":\"https:\/\/volcanes.net\/?p=13238\"},\"author\":{\"name\":\"Grupo Volcanes\",\"@id\":\"https:\/\/volcanes.net\/#\/schema\/person\/a851dc341d56a2915a80936acca8dc6d\"},\"headline\":\"La calle Hidalgo de Santiago Tepopula ser\u00e1 iluminada\",\"datePublished\":\"2022-10-23T02:12:53+00:00\",\"dateModified\":\"2022-11-08T14:22:28+00:00\",\"mainEntityOfPage\":{\"@id\":\"https:\/\/volcanes.net\/?p=13238\"},\"wordCount\":167,\"commentCount\":0,\"publisher\":{\"@id\":\"https:\/\/volcanes.net\/#organization\"},\"image\":{\"@id\":\"https:\/\/volcanes.net\/?p=13238#primaryimage\"},\"thumbnailUrl\":\"https:\/\/volcanes.net\/wp-content\/uploads\/2022\/11\/La-calle-Hidalgo-de-Santiago-Tepopula-sera-iluminada.jpeg\",\"articleSection\":[\"Municipales\"],\"inLanguage\":\"es\",\"potentialAction\":[{\"@type\":\"CommentAction\",\"name\":\"Comment\",\"target\":[\"https:\/\/volcanes.net\/?p=13238#respond\"]}]},{\"@type\":\"WebPage\",\"@id\":\"https:\/\/volcanes.net\/?p=13238\",\"url\":\"https:\/\/volcanes.net\/?p=13238\",\"name\":\"La calle Hidalgo de Santiago Tepopula ser\u00e1 iluminada - Volcanes\",\"isPartOf\":{\"@id\":\"https:\/\/volcanes.net\/#website\"},\"primaryImageOfPage\":{\"@id\":\"https:\/\/volcanes.net\/?p=13238#primaryimage\"},\"image\":{\"@id\":\"https:\/\/volcanes.net\/?p=13238#primaryimage\"},\"thumbnailUrl\":\"https:\/\/volcanes.net\/wp-content\/uploads\/2022\/11\/La-calle-Hidalgo-de-Santiago-Tepopula-sera-iluminada.jpeg\",\"datePublished\":\"2022-10-23T02:12:53+00:00\",\"dateModified\":\"2022-11-08T14:22:28+00:00\",\"breadcrumb\":{\"@id\":\"https:\/\/volcanes.net\/?p=13238#breadcrumb\"},\"inLanguage\":\"es\",\"potentialAction\":[{\"@type\":\"ReadAction\",\"target\":[\"https:\/\/volcanes.net\/?p=13238\"]}]},{\"@type\":\"ImageObject\",\"inLanguage\":\"es\",\"@id\":\"https:\/\/volcanes.net\/?p=13238#primaryimage\",\"url\":\"https:\/\/volcanes.net\/wp-content\/uploads\/2022\/11\/La-calle-Hidalgo-de-Santiago-Tepopula-sera-iluminada.jpeg\",\"contentUrl\":\"https:\/\/volcanes.net\/wp-content\/uploads\/2022\/11\/La-calle-Hidalgo-de-Santiago-Tepopula-sera-iluminada.jpeg\",\"width\":1280,\"height\":720},{\"@type\":\"BreadcrumbList\",\"@id\":\"https:\/\/volcanes.net\/?p=13238#breadcrumb\",\"itemListElement\":[{\"@type\":\"ListItem\",\"position\":1,\"name\":\"Portada\",\"item\":\"https:\/\/volcanes.net\/\"},{\"@type\":\"ListItem\",\"position\":2,\"name\":\"La calle Hidalgo de Santiago Tepopula ser\u00e1 iluminada\"}]},{\"@type\":\"WebSite\",\"@id\":\"https:\/\/volcanes.net\/#website\",\"url\":\"https:\/\/volcanes.net\/\",\"name\":\"Volcanes.Net\",\"description\":\"Periodismo Profesional\",\"publisher\":{\"@id\":\"https:\/\/volcanes.net\/#organization\"},\"potentialAction\":[{\"@type\":\"SearchAction\",\"target\":{\"@type\":\"EntryPoint\",\"urlTemplate\":\"https:\/\/volcanes.net\/?s={search_term_string}\"},\"query-input\":{\"@type\":\"PropertyValueSpecification\",\"valueRequired\":true,\"valueName\":\"search_term_string\"}}],\"inLanguage\":\"es\"},{\"@type\":\"Organization\",\"@id\":\"https:\/\/volcanes.net\/#organization\",\"name\":\"Grupo Volcanes\",\"url\":\"https:\/\/volcanes.net\/\",\"logo\":{\"@type\":\"ImageObject\",\"inLanguage\":\"es\",\"@id\":\"https:\/\/volcanes.net\/#\/schema\/logo\/image\/\",\"url\":\"http:\/\/volcanes.net\/wp-content\/uploads\/2017\/12\/Avatar2.jpg\",\"contentUrl\":\"http:\/\/volcanes.net\/wp-content\/uploads\/2017\/12\/Avatar2.jpg\",\"width\":378,\"height\":378,\"caption\":\"Grupo Volcanes\"},\"image\":{\"@id\":\"https:\/\/volcanes.net\/#\/schema\/logo\/image\/\"},\"sameAs\":[\"https:\/\/www.facebook.com\/volcanes.net\/\"]},{\"@type\":\"Person\",\"@id\":\"https:\/\/volcanes.net\/#\/schema\/person\/a851dc341d56a2915a80936acca8dc6d\",\"name\":\"Grupo Volcanes\",\"image\":{\"@type\":\"ImageObject\",\"inLanguage\":\"es\",\"@id\":\"https:\/\/volcanes.net\/#\/schema\/person\/image\/\",\"url\":\"https:\/\/secure.gravatar.com\/avatar\/00d1a47c371c721e30bacc47ac096981?s=96&d=mm&r=g\",\"contentUrl\":\"https:\/\/secure.gravatar.com\/avatar\/00d1a47c371c721e30bacc47ac096981?s=96&d=mm&r=g\",\"caption\":\"Grupo Volcanes\"}}]}<\/script>\n<!-- \/ Yoast SEO plugin. -->","yoast_head_json":{"title":"La calle Hidalgo de Santiago Tepopula ser\u00e1 iluminada - Volcanes","robots":{"index":"index","follow":"follow","max-snippet":"max-snippet:-1","max-image-preview":"max-image-preview:large","max-video-preview":"max-video-preview:-1"},"canonical":"https:\/\/volcanes.net\/?p=13238","og_locale":"es_MX","og_type":"article","og_title":"La calle Hidalgo de Santiago Tepopula ser\u00e1 iluminada - Volcanes","og_description":"Durante un recorrido de inicio de obras en el municipio de Tenango del Aire, el","og_url":"https:\/\/volcanes.net\/?p=13238","og_site_name":"Volcanes","article_publisher":"https:\/\/www.facebook.com\/volcanes.net\/","article_published_time":"2022-10-23T02:12:53+00:00","article_modified_time":"2022-11-08T14:22:28+00:00","og_image":[{"width":1280,"height":720,"url":"https:\/\/volcanes.net\/wp-content\/uploads\/2022\/11\/La-calle-Hidalgo-de-Santiago-Tepopula-sera-iluminada.jpeg","type":"image\/jpeg"}],"author":"Grupo Volcanes","twitter_card":"summary_large_image","twitter_misc":{"Escrito por":"Grupo Volcanes","Tiempo de lectura":"1 minuto"},"schema":{"@context":"https:\/\/schema.org","@graph":[{"@type":"Article","@id":"https:\/\/volcanes.net\/?p=13238#article","isPartOf":{"@id":"https:\/\/volcanes.net\/?p=13238"},"author":{"name":"Grupo Volcanes","@id":"https:\/\/volcanes.net\/#\/schema\/person\/a851dc341d56a2915a80936acca8dc6d"},"headline":"La calle Hidalgo de Santiago Tepopula ser\u00e1 iluminada","datePublished":"2022-10-23T02:12:53+00:00","dateModified":"2022-11-08T14:22:28+00:00","mainEntityOfPage":{"@id":"https:\/\/volcanes.net\/?p=13238"},"wordCount":167,"commentCount":0,"publisher":{"@id":"https:\/\/volcanes.net\/#organization"},"image":{"@id":"https:\/\/volcanes.net\/?p=13238#primaryimage"},"thumbnailUrl":"https:\/\/volcanes.net\/wp-content\/uploads\/2022\/11\/La-calle-Hidalgo-de-Santiago-Tepopula-sera-iluminada.jpeg","articleSection":["Municipales"],"inLanguage":"es","potentialAction":[{"@type":"CommentAction","name":"Comment","target":["https:\/\/volcanes.net\/?p=13238#respond"]}]},{"@type":"WebPage","@id":"https:\/\/volcanes.net\/?p=13238","url":"https:\/\/volcanes.net\/?p=13238","name":"La calle Hidalgo de Santiago Tepopula ser\u00e1 iluminada - Volcanes","isPartOf":{"@id":"https:\/\/volcanes.net\/#website"},"primaryImageOfPage":{"@id":"https:\/\/volcanes.net\/?p=13238#primaryimage"},"image":{"@id":"https:\/\/volcanes.net\/?p=13238#primaryimage"},"thumbnailUrl":"https:\/\/volcanes.net\/wp-content\/uploads\/2022\/11\/La-calle-Hidalgo-de-Santiago-Tepopula-sera-iluminada.jpeg","datePublished":"2022-10-23T02:12:53+00:00","dateModified":"2022-11-08T14:22:28+00:00","breadcrumb":{"@id":"https:\/\/volcanes.net\/?p=13238#breadcrumb"},"inLanguage":"es","potentialAction":[{"@type":"ReadAction","target":["https:\/\/volcanes.net\/?p=13238"]}]},{"@type":"ImageObject","inLanguage":"es","@id":"https:\/\/volcanes.net\/?p=13238#primaryimage","url":"https:\/\/volcanes.net\/wp-content\/uploads\/2022\/11\/La-calle-Hidalgo-de-Santiago-Tepopula-sera-iluminada.jpeg","contentUrl":"https:\/\/volcanes.net\/wp-content\/uploads\/2022\/11\/La-calle-Hidalgo-de-Santiago-Tepopula-sera-iluminada.jpeg","width":1280,"height":720},{"@type":"BreadcrumbList","@id":"https:\/\/volcanes.net\/?p=13238#breadcrumb","itemListElement":[{"@type":"ListItem","position":1,"name":"Portada","item":"https:\/\/volcanes.net\/"},{"@type":"ListItem","position":2,"name":"La calle Hidalgo de Santiago Tepopula ser\u00e1 iluminada"}]},{"@type":"WebSite","@id":"https:\/\/volcanes.net\/#website","url":"https:\/\/volcanes.net\/","name":"Volcanes.Net","description":"Periodismo Profesional","publisher":{"@id":"https:\/\/volcanes.net\/#organization"},"potentialAction":[{"@type":"SearchAction","target":{"@type":"EntryPoint","urlTemplate":"https:\/\/volcanes.net\/?s={search_term_string}"},"query-input":{"@type":"PropertyValueSpecification","valueRequired":true,"valueName":"search_term_string"}}],"inLanguage":"es"},{"@type":"Organization","@id":"https:\/\/volcanes.net\/#organization","name":"Grupo Volcanes","url":"https:\/\/volcanes.net\/","logo":{"@type":"ImageObject","inLanguage":"es","@id":"https:\/\/volcanes.net\/#\/schema\/logo\/image\/","url":"http:\/\/volcanes.net\/wp-content\/uploads\/2017\/12\/Avatar2.jpg","contentUrl":"http:\/\/volcanes.net\/wp-content\/uploads\/2017\/12\/Avatar2.jpg","width":378,"height":378,"caption":"Grupo Volcanes"},"image":{"@id":"https:\/\/volcanes.net\/#\/schema\/logo\/image\/"},"sameAs":["https:\/\/www.facebook.com\/volcanes.net\/"]},{"@type":"Person","@id":"https:\/\/volcanes.net\/#\/schema\/person\/a851dc341d56a2915a80936acca8dc6d","name":"Grupo Volcanes","image":{"@type":"ImageObject","inLanguage":"es","@id":"https:\/\/volcanes.net\/#\/schema\/person\/image\/","url":"https:\/\/secure.gravatar.com\/avatar\/00d1a47c371c721e30bacc47ac096981?s=96&d=mm&r=g","contentUrl":"https:\/\/secure.gravatar.com\/avatar\/00d1a47c371c721e30bacc47ac096981?s=96&d=mm&r=g","caption":"Grupo Volcanes"}}]}},"_links":{"self":[{"href":"https:\/\/volcanes.net\/index.php?rest_route=\/wp\/v2\/posts\/13238"}],"collection":[{"href":"https:\/\/volcanes.net\/index.php?rest_route=\/wp\/v2\/posts"}],"about":[{"href":"https:\/\/volcanes.net\/index.php?rest_route=\/wp\/v2\/types\/post"}],"author":[{"embeddable":true,"href":"https:\/\/volcanes.net\/index.php?rest_route=\/wp\/v2\/users\/10"}],"replies":[{"embeddable":true,"href":"https:\/\/volcanes.net\/index.php?rest_route=%2Fwp%2Fv2%2Fcomments&post=13238"}],"version-history":[{"count":1,"href":"https:\/\/volcanes.net\/index.php?rest_route=\/wp\/v2\/posts\/13238\/revisions"}],"predecessor-version":[{"id":13240,"href":"https:\/\/volcanes.net\/index.php?rest_route=\/wp\/v2\/posts\/13238\/revisions\/13240"}],"wp:featuredmedia":[{"embeddable":true,"href":"https:\/\/volcanes.net\/index.php?rest_route=\/wp\/v2\/media\/13239"}],"wp:attachment":[{"href":"https:\/\/volcanes.net\/index.php?rest_route=%2Fwp%2Fv2%2Fmedia&parent=13238"}],"wp:term":[{"taxonomy":"category","embeddable":true,"href":"https:\/\/volcanes.net\/index.php?rest_route=%2Fwp%2Fv2%2Fcategories&post=13238"},{"taxonomy":"post_tag","embeddable":true,"href":"https:\/\/volcanes.net\/index.php?rest_route=%2Fwp%2Fv2%2Ftags&post=13238"}],"curies":[{"name":"wp","href":"https:\/\/api.w.org\/{rel}","templated":true}]}}