{"id":1324,"date":"2018-02-21T03:06:08","date_gmt":"2018-02-21T03:06:08","guid":{"rendered":"http:\/\/volcanes.net\/?p=1324"},"modified":"2018-02-21T03:07:15","modified_gmt":"2018-02-21T03:07:15","slug":"santo-mexicano-vivio-exiliado-en-la-zona-volcanes","status":"publish","type":"post","link":"https:\/\/volcanes.net\/?p=1324","title":{"rendered":"Santo mexicano vivi\u00f3 exiliado en la Zona Volcanes"},"content":{"rendered":"<div style=\"margin-top: 0px; margin-bottom: 0px;\" class=\"sharethis-inline-share-buttons\" ><\/div><p>En la hermosa regi\u00f3n de los volcanes que corresponde al Estado de M\u00e9xico se encuentra el poblado de San Vicente Chimalhuac\u00e1n perteneciente al municipio de Ozumba, aqu\u00ed en este pueblo vivi\u00f3 exiliado unos meses San Rafael Guizar y Valencia, primer obispo mexicano e hispanoamericano canonizado por la Iglesia cat\u00f3lica.<br \/>\nMuri\u00f3 San Rafael siendo obispo de Jalapa, catedral donde sus restos fueron sepultados, al cabo de los a\u00f1os su cuerpo fue exhumado y San Rafael se encontraba incorruptible, por lo que muchos lugare\u00f1os le mostraron desde ese momento su veneraci\u00f3n.<br \/>\nSan Rafael durante las batallas de la Revoluci\u00f3n Mexicana, disfrazado de vendedor, actu\u00f3, de manera oculta, como sacerdote ayudando a los soldados moribundos y d\u00e1ndoles los auxilios espirituales de la Iglesia.<br \/>\nRafael Gu\u00edzar y Valencia fue originario Cotija Michoac\u00e1n lugar caracter\u00edstico por ser de este pueblo muchos jerarcas de la iglesia cat\u00f3lica. Perteneciendo a la di\u00f3cesis de Zamora, M\u00e9xico, naci\u00f3 el 26 de abril de 1878.<br \/>\nYa como Obispo de Jalapa sufri\u00f3 diversas persecuciones, esto debido a que el Gobernador de Veracruz en ese entonces se enfrent\u00f3 a la iglesia cat\u00f3lica.<br \/>\nSan Rafael Guizar y Valencia durante la persecuci\u00f3n de que fue objeto, permaneci\u00f3 algunos meses en la comunidad de San Vicente Chimalhuac\u00e1n, a quien los lugare\u00f1os de manera afable le llaman Chimal.<br \/>\nEl cl\u00e9rigo permaneci\u00f3 en el anonimato en el rancho El Para\u00edso, propiedad en esos tiempos de familiares del santo mexicano provenientes del Estado de Michoac\u00e1n, el rancho al estar alejado de la urbanizaci\u00f3n era un lugar apropiado para no ser encontrado por el gobierno que en ese tiempo lanz\u00f3 la persecuci\u00f3n a la iglesia cat\u00f3lica, durante los a\u00f1os 1926 y 1929<br \/>\nDurante los meses que permaneci\u00f3 en la comunidad de Chimal \u00fanicamente hablaba con los vecinos de los terrenos que se encontraban a un lado del rancho, quienes lo conoc\u00edan como el &#8220;padrecito&#8221;.<br \/>\nSan Rafael, disfrutaba de paseo a caballo por las tierras de este conocido rancho, as\u00ed lo mencionaron vecinos, que en su momento platicaron con \u00e9l.<br \/>\nEl rancho se encuentra al sureste de la comunidad de Chimal en Ozumba, Estado de M\u00e9xico y en los tiempos de exilio del Santo Mexicano produc\u00eda Pera de todas las variedades, incluida &#8220;la paraiso&#8221; que destaca por su dulzura, fue tal la producci\u00f3n de pera por parte del rancho que los lugare\u00f1os de este poblado iniciaron con la siembra de este fruto, por lo que se instituy\u00f3 en este poblado la feria de la Pera.<br \/>\nActualmente al p\u00e1rroco de la comunidad le ha llegado m\u00e1s informaci\u00f3n que sustentan que San Rafael Guizar y Valencia vivi\u00f3 parte de su exilio en San Vicente Chimalhuac\u00e1n<\/p>\n","protected":false},"excerpt":{"rendered":"<p>En la hermosa regi\u00f3n de los volcanes que corresponde al Estado de M\u00e9xico se encuentra<\/p>\n","protected":false},"author":1,"featured_media":1325,"comment_status":"open","ping_status":"open","sticky":false,"template":"","format":"standard","meta":{"footnotes":""},"categories":[1],"tags":[7,80,57,15,14,16,81,46],"class_list":["post-1324","post","type-post","status-publish","format-standard","has-post-thumbnail","hentry","category-municipales","tag-amecameca","tag-atlautla","tag-ayapango","tag-ecatzingo","tag-ozumba","tag-tepetlixpa","tag-tlalmanalco","tag-volcanes"],"yoast_head":"<!-- This site is optimized with the Yoast SEO plugin v25.3 - https:\/\/yoast.com\/wordpress\/plugins\/seo\/ -->\n<title>Santo mexicano vivi\u00f3 exiliado en la Zona Volcanes - Volcanes<\/title>\n<meta name=\"robots\" content=\"index, follow, max-snippet:-1, max-image-preview:large, max-video-preview:-1\" \/>\n<link rel=\"canonical\" href=\"https:\/\/volcanes.net\/?p=1324\" \/>\n<meta property=\"og:locale\" content=\"es_MX\" \/>\n<meta property=\"og:type\" content=\"article\" \/>\n<meta property=\"og:title\" content=\"Santo mexicano vivi\u00f3 exiliado en la Zona Volcanes - Volcanes\" \/>\n<meta property=\"og:description\" content=\"En la hermosa regi\u00f3n de los volcanes que corresponde al Estado de M\u00e9xico se encuentra\" \/>\n<meta property=\"og:url\" content=\"https:\/\/volcanes.net\/?p=1324\" \/>\n<meta property=\"og:site_name\" content=\"Volcanes\" \/>\n<meta property=\"article:publisher\" content=\"https:\/\/www.facebook.com\/volcanes.net\/\" \/>\n<meta property=\"article:published_time\" content=\"2018-02-21T03:06:08+00:00\" \/>\n<meta property=\"article:modified_time\" content=\"2018-02-21T03:07:15+00:00\" \/>\n<meta property=\"og:image\" content=\"https:\/\/volcanes.net\/wp-content\/uploads\/2018\/02\/ae4b9bff8a2bedd8afcb7f0134ed3496-san-rafael-religious-images.jpg\" \/>\n\t<meta property=\"og:image:width\" content=\"236\" \/>\n\t<meta property=\"og:image:height\" content=\"353\" \/>\n\t<meta property=\"og:image:type\" content=\"image\/jpeg\" \/>\n<meta name=\"author\" content=\"admin\" \/>\n<meta name=\"twitter:card\" content=\"summary_large_image\" \/>\n<meta name=\"twitter:label1\" content=\"Escrito por\" \/>\n\t<meta name=\"twitter:data1\" content=\"admin\" \/>\n\t<meta name=\"twitter:label2\" content=\"Tiempo de lectura\" \/>\n\t<meta name=\"twitter:data2\" content=\"2 minutos\" \/>\n<script type=\"application\/ld+json\" class=\"yoast-schema-graph\">{\"@context\":\"https:\/\/schema.org\",\"@graph\":[{\"@type\":\"Article\",\"@id\":\"https:\/\/volcanes.net\/?p=1324#article\",\"isPartOf\":{\"@id\":\"https:\/\/volcanes.net\/?p=1324\"},\"author\":{\"name\":\"admin\",\"@id\":\"https:\/\/volcanes.net\/#\/schema\/person\/4bf0f383940966a4abd53f5048c0e6b9\"},\"headline\":\"Santo mexicano vivi\u00f3 exiliado en la Zona Volcanes\",\"datePublished\":\"2018-02-21T03:06:08+00:00\",\"dateModified\":\"2018-02-21T03:07:15+00:00\",\"mainEntityOfPage\":{\"@id\":\"https:\/\/volcanes.net\/?p=1324\"},\"wordCount\":472,\"commentCount\":0,\"publisher\":{\"@id\":\"https:\/\/volcanes.net\/#organization\"},\"image\":{\"@id\":\"https:\/\/volcanes.net\/?p=1324#primaryimage\"},\"thumbnailUrl\":\"https:\/\/volcanes.net\/wp-content\/uploads\/2018\/02\/ae4b9bff8a2bedd8afcb7f0134ed3496-san-rafael-religious-images.jpg\",\"keywords\":[\"Amecameca\",\"Atlautla\",\"Ayapango\",\"Ecatzingo\",\"Ozumba\",\"Tepetlixpa\",\"Tlalmanalco\",\"Volcanes\"],\"articleSection\":[\"Municipales\"],\"inLanguage\":\"es\",\"potentialAction\":[{\"@type\":\"CommentAction\",\"name\":\"Comment\",\"target\":[\"https:\/\/volcanes.net\/?p=1324#respond\"]}]},{\"@type\":\"WebPage\",\"@id\":\"https:\/\/volcanes.net\/?p=1324\",\"url\":\"https:\/\/volcanes.net\/?p=1324\",\"name\":\"Santo mexicano vivi\u00f3 exiliado en la Zona Volcanes - Volcanes\",\"isPartOf\":{\"@id\":\"https:\/\/volcanes.net\/#website\"},\"primaryImageOfPage\":{\"@id\":\"https:\/\/volcanes.net\/?p=1324#primaryimage\"},\"image\":{\"@id\":\"https:\/\/volcanes.net\/?p=1324#primaryimage\"},\"thumbnailUrl\":\"https:\/\/volcanes.net\/wp-content\/uploads\/2018\/02\/ae4b9bff8a2bedd8afcb7f0134ed3496-san-rafael-religious-images.jpg\",\"datePublished\":\"2018-02-21T03:06:08+00:00\",\"dateModified\":\"2018-02-21T03:07:15+00:00\",\"breadcrumb\":{\"@id\":\"https:\/\/volcanes.net\/?p=1324#breadcrumb\"},\"inLanguage\":\"es\",\"potentialAction\":[{\"@type\":\"ReadAction\",\"target\":[\"https:\/\/volcanes.net\/?p=1324\"]}]},{\"@type\":\"ImageObject\",\"inLanguage\":\"es\",\"@id\":\"https:\/\/volcanes.net\/?p=1324#primaryimage\",\"url\":\"https:\/\/volcanes.net\/wp-content\/uploads\/2018\/02\/ae4b9bff8a2bedd8afcb7f0134ed3496-san-rafael-religious-images.jpg\",\"contentUrl\":\"https:\/\/volcanes.net\/wp-content\/uploads\/2018\/02\/ae4b9bff8a2bedd8afcb7f0134ed3496-san-rafael-religious-images.jpg\",\"width\":236,\"height\":353},{\"@type\":\"BreadcrumbList\",\"@id\":\"https:\/\/volcanes.net\/?p=1324#breadcrumb\",\"itemListElement\":[{\"@type\":\"ListItem\",\"position\":1,\"name\":\"Portada\",\"item\":\"https:\/\/volcanes.net\/\"},{\"@type\":\"ListItem\",\"position\":2,\"name\":\"Santo mexicano vivi\u00f3 exiliado en la Zona Volcanes\"}]},{\"@type\":\"WebSite\",\"@id\":\"https:\/\/volcanes.net\/#website\",\"url\":\"https:\/\/volcanes.net\/\",\"name\":\"Volcanes.Net\",\"description\":\"Periodismo Profesional\",\"publisher\":{\"@id\":\"https:\/\/volcanes.net\/#organization\"},\"potentialAction\":[{\"@type\":\"SearchAction\",\"target\":{\"@type\":\"EntryPoint\",\"urlTemplate\":\"https:\/\/volcanes.net\/?s={search_term_string}\"},\"query-input\":{\"@type\":\"PropertyValueSpecification\",\"valueRequired\":true,\"valueName\":\"search_term_string\"}}],\"inLanguage\":\"es\"},{\"@type\":\"Organization\",\"@id\":\"https:\/\/volcanes.net\/#organization\",\"name\":\"Grupo Volcanes\",\"url\":\"https:\/\/volcanes.net\/\",\"logo\":{\"@type\":\"ImageObject\",\"inLanguage\":\"es\",\"@id\":\"https:\/\/volcanes.net\/#\/schema\/logo\/image\/\",\"url\":\"http:\/\/volcanes.net\/wp-content\/uploads\/2017\/12\/Avatar2.jpg\",\"contentUrl\":\"http:\/\/volcanes.net\/wp-content\/uploads\/2017\/12\/Avatar2.jpg\",\"width\":378,\"height\":378,\"caption\":\"Grupo Volcanes\"},\"image\":{\"@id\":\"https:\/\/volcanes.net\/#\/schema\/logo\/image\/\"},\"sameAs\":[\"https:\/\/www.facebook.com\/volcanes.net\/\"]},{\"@type\":\"Person\",\"@id\":\"https:\/\/volcanes.net\/#\/schema\/person\/4bf0f383940966a4abd53f5048c0e6b9\",\"name\":\"admin\",\"image\":{\"@type\":\"ImageObject\",\"inLanguage\":\"es\",\"@id\":\"https:\/\/volcanes.net\/#\/schema\/person\/image\/\",\"url\":\"https:\/\/secure.gravatar.com\/avatar\/ca004e6cba8462b8cb7abc86e382930c?s=96&d=mm&r=g\",\"contentUrl\":\"https:\/\/secure.gravatar.com\/avatar\/ca004e6cba8462b8cb7abc86e382930c?s=96&d=mm&r=g\",\"caption\":\"admin\"}}]}<\/script>\n<!-- \/ Yoast SEO plugin. -->","yoast_head_json":{"title":"Santo mexicano vivi\u00f3 exiliado en la Zona Volcanes - Volcanes","robots":{"index":"index","follow":"follow","max-snippet":"max-snippet:-1","max-image-preview":"max-image-preview:large","max-video-preview":"max-video-preview:-1"},"canonical":"https:\/\/volcanes.net\/?p=1324","og_locale":"es_MX","og_type":"article","og_title":"Santo mexicano vivi\u00f3 exiliado en la Zona Volcanes - Volcanes","og_description":"En la hermosa regi\u00f3n de los volcanes que corresponde al Estado de M\u00e9xico se encuentra","og_url":"https:\/\/volcanes.net\/?p=1324","og_site_name":"Volcanes","article_publisher":"https:\/\/www.facebook.com\/volcanes.net\/","article_published_time":"2018-02-21T03:06:08+00:00","article_modified_time":"2018-02-21T03:07:15+00:00","og_image":[{"width":236,"height":353,"url":"https:\/\/volcanes.net\/wp-content\/uploads\/2018\/02\/ae4b9bff8a2bedd8afcb7f0134ed3496-san-rafael-religious-images.jpg","type":"image\/jpeg"}],"author":"admin","twitter_card":"summary_large_image","twitter_misc":{"Escrito por":"admin","Tiempo de lectura":"2 minutos"},"schema":{"@context":"https:\/\/schema.org","@graph":[{"@type":"Article","@id":"https:\/\/volcanes.net\/?p=1324#article","isPartOf":{"@id":"https:\/\/volcanes.net\/?p=1324"},"author":{"name":"admin","@id":"https:\/\/volcanes.net\/#\/schema\/person\/4bf0f383940966a4abd53f5048c0e6b9"},"headline":"Santo mexicano vivi\u00f3 exiliado en la Zona Volcanes","datePublished":"2018-02-21T03:06:08+00:00","dateModified":"2018-02-21T03:07:15+00:00","mainEntityOfPage":{"@id":"https:\/\/volcanes.net\/?p=1324"},"wordCount":472,"commentCount":0,"publisher":{"@id":"https:\/\/volcanes.net\/#organization"},"image":{"@id":"https:\/\/volcanes.net\/?p=1324#primaryimage"},"thumbnailUrl":"https:\/\/volcanes.net\/wp-content\/uploads\/2018\/02\/ae4b9bff8a2bedd8afcb7f0134ed3496-san-rafael-religious-images.jpg","keywords":["Amecameca","Atlautla","Ayapango","Ecatzingo","Ozumba","Tepetlixpa","Tlalmanalco","Volcanes"],"articleSection":["Municipales"],"inLanguage":"es","potentialAction":[{"@type":"CommentAction","name":"Comment","target":["https:\/\/volcanes.net\/?p=1324#respond"]}]},{"@type":"WebPage","@id":"https:\/\/volcanes.net\/?p=1324","url":"https:\/\/volcanes.net\/?p=1324","name":"Santo mexicano vivi\u00f3 exiliado en la Zona Volcanes - Volcanes","isPartOf":{"@id":"https:\/\/volcanes.net\/#website"},"primaryImageOfPage":{"@id":"https:\/\/volcanes.net\/?p=1324#primaryimage"},"image":{"@id":"https:\/\/volcanes.net\/?p=1324#primaryimage"},"thumbnailUrl":"https:\/\/volcanes.net\/wp-content\/uploads\/2018\/02\/ae4b9bff8a2bedd8afcb7f0134ed3496-san-rafael-religious-images.jpg","datePublished":"2018-02-21T03:06:08+00:00","dateModified":"2018-02-21T03:07:15+00:00","breadcrumb":{"@id":"https:\/\/volcanes.net\/?p=1324#breadcrumb"},"inLanguage":"es","potentialAction":[{"@type":"ReadAction","target":["https:\/\/volcanes.net\/?p=1324"]}]},{"@type":"ImageObject","inLanguage":"es","@id":"https:\/\/volcanes.net\/?p=1324#primaryimage","url":"https:\/\/volcanes.net\/wp-content\/uploads\/2018\/02\/ae4b9bff8a2bedd8afcb7f0134ed3496-san-rafael-religious-images.jpg","contentUrl":"https:\/\/volcanes.net\/wp-content\/uploads\/2018\/02\/ae4b9bff8a2bedd8afcb7f0134ed3496-san-rafael-religious-images.jpg","width":236,"height":353},{"@type":"BreadcrumbList","@id":"https:\/\/volcanes.net\/?p=1324#breadcrumb","itemListElement":[{"@type":"ListItem","position":1,"name":"Portada","item":"https:\/\/volcanes.net\/"},{"@type":"ListItem","position":2,"name":"Santo mexicano vivi\u00f3 exiliado en la Zona Volcanes"}]},{"@type":"WebSite","@id":"https:\/\/volcanes.net\/#website","url":"https:\/\/volcanes.net\/","name":"Volcanes.Net","description":"Periodismo Profesional","publisher":{"@id":"https:\/\/volcanes.net\/#organization"},"potentialAction":[{"@type":"SearchAction","target":{"@type":"EntryPoint","urlTemplate":"https:\/\/volcanes.net\/?s={search_term_string}"},"query-input":{"@type":"PropertyValueSpecification","valueRequired":true,"valueName":"search_term_string"}}],"inLanguage":"es"},{"@type":"Organization","@id":"https:\/\/volcanes.net\/#organization","name":"Grupo Volcanes","url":"https:\/\/volcanes.net\/","logo":{"@type":"ImageObject","inLanguage":"es","@id":"https:\/\/volcanes.net\/#\/schema\/logo\/image\/","url":"http:\/\/volcanes.net\/wp-content\/uploads\/2017\/12\/Avatar2.jpg","contentUrl":"http:\/\/volcanes.net\/wp-content\/uploads\/2017\/12\/Avatar2.jpg","width":378,"height":378,"caption":"Grupo Volcanes"},"image":{"@id":"https:\/\/volcanes.net\/#\/schema\/logo\/image\/"},"sameAs":["https:\/\/www.facebook.com\/volcanes.net\/"]},{"@type":"Person","@id":"https:\/\/volcanes.net\/#\/schema\/person\/4bf0f383940966a4abd53f5048c0e6b9","name":"admin","image":{"@type":"ImageObject","inLanguage":"es","@id":"https:\/\/volcanes.net\/#\/schema\/person\/image\/","url":"https:\/\/secure.gravatar.com\/avatar\/ca004e6cba8462b8cb7abc86e382930c?s=96&d=mm&r=g","contentUrl":"https:\/\/secure.gravatar.com\/avatar\/ca004e6cba8462b8cb7abc86e382930c?s=96&d=mm&r=g","caption":"admin"}}]}},"_links":{"self":[{"href":"https:\/\/volcanes.net\/index.php?rest_route=\/wp\/v2\/posts\/1324"}],"collection":[{"href":"https:\/\/volcanes.net\/index.php?rest_route=\/wp\/v2\/posts"}],"about":[{"href":"https:\/\/volcanes.net\/index.php?rest_route=\/wp\/v2\/types\/post"}],"author":[{"embeddable":true,"href":"https:\/\/volcanes.net\/index.php?rest_route=\/wp\/v2\/users\/1"}],"replies":[{"embeddable":true,"href":"https:\/\/volcanes.net\/index.php?rest_route=%2Fwp%2Fv2%2Fcomments&post=1324"}],"version-history":[{"count":3,"href":"https:\/\/volcanes.net\/index.php?rest_route=\/wp\/v2\/posts\/1324\/revisions"}],"predecessor-version":[{"id":1330,"href":"https:\/\/volcanes.net\/index.php?rest_route=\/wp\/v2\/posts\/1324\/revisions\/1330"}],"wp:featuredmedia":[{"embeddable":true,"href":"https:\/\/volcanes.net\/index.php?rest_route=\/wp\/v2\/media\/1325"}],"wp:attachment":[{"href":"https:\/\/volcanes.net\/index.php?rest_route=%2Fwp%2Fv2%2Fmedia&parent=1324"}],"wp:term":[{"taxonomy":"category","embeddable":true,"href":"https:\/\/volcanes.net\/index.php?rest_route=%2Fwp%2Fv2%2Fcategories&post=1324"},{"taxonomy":"post_tag","embeddable":true,"href":"https:\/\/volcanes.net\/index.php?rest_route=%2Fwp%2Fv2%2Ftags&post=1324"}],"curies":[{"name":"wp","href":"https:\/\/api.w.org\/{rel}","templated":true}]}}