{"id":13248,"date":"2022-11-08T13:50:10","date_gmt":"2022-11-08T19:50:10","guid":{"rendered":"http:\/\/volcanes.net\/?p=13248"},"modified":"2022-11-08T13:39:58","modified_gmt":"2022-11-08T19:39:58","slug":"anuncia-gobernador-aumento-de-hasta-el-100-para-maestros-en-bcs-a-partir-de-enero","status":"publish","type":"post","link":"https:\/\/volcanes.net\/?p=13248","title":{"rendered":"Anuncia gobernador aumento de hasta el 100% para maestros en BCS a partir de enero"},"content":{"rendered":"<div style=\"margin-top: 0px; margin-bottom: 0px;\" class=\"sharethis-inline-share-buttons\" ><\/div><p>El gobernador V\u00edctor Castro Cos\u00edo anunci\u00f3 incrementos salariales para profesores en la entidad y reiter\u00f3 su inter\u00e9s por continuar la ruta de trabajo que permita la regularizaci\u00f3n en las prestaciones laborales del sector educativo en Baja California Sur<\/p>\n<div class=\"MobileFullEntry__header\">\n<div class=\"MobileFullEntry__metadata\">\n<div id=\"BCOyPxBmC\/7yE\/Wx3SxkHNdq0KfKHE+jNc1tWNqB\/Ig=_184585740bf:367bed1:4fb599db_entryBody\" class=\"entryBody content MobileFullEntry__body\" title=\"\">\n<div>\n<p>El anunci\u00f3 se da a casi dos semanas de iniciado el paro de labores en todas las escuelas del nivel b\u00e1sico en la entidad.<\/p>\n<p>En rueda de prensa y acompa\u00f1ado de titulares del gabinete legal y ampliado, Castro Cos\u00edo dijo que los mil 582 trabajadores en estas categor\u00edas, con m\u00e1s de cinco a\u00f1os de servicio, recibir\u00e1n a partir del mes de enero entrante, un incremento salarial del 100%, en tanto que quienes tengan una antig\u00fcedad menor a los cinco a\u00f1os, recibir\u00e1n un ajuste del 60% a partir del mes de marzo.<\/p>\n<p>Puntualiz\u00f3 que no corresponde a la instancia estatal-y no se tiene la capacidad financiera-, la creaci\u00f3n de plazas; sin embargo, insisti\u00f3 en que continuar\u00e1 trabajando con el apoyo del gobierno de la Rep\u00fablica para que en el sector de la educaci\u00f3n se d\u00e9 la justicia laboral.<\/p>\n<p>En ese sentido, apel\u00f3 a la solidaridad del magisterio para retornar a las aulas en tanto se contin\u00faa trabajando para avanzar en la atenci\u00f3n a sus demandas.<\/p>\n<\/div>\n<\/div>\n<\/div>\n<\/div>\n","protected":false},"excerpt":{"rendered":"<p>El gobernador V\u00edctor Castro Cos\u00edo anunci\u00f3 incrementos salariales para profesores en la entidad y reiter\u00f3<\/p>\n","protected":false},"author":10,"featured_media":13249,"comment_status":"open","ping_status":"open","sticky":false,"template":"","format":"standard","meta":{"footnotes":""},"categories":[1],"tags":[],"class_list":["post-13248","post","type-post","status-publish","format-standard","has-post-thumbnail","hentry","category-municipales"],"yoast_head":"<!-- This site is optimized with the Yoast SEO plugin v25.3 - https:\/\/yoast.com\/wordpress\/plugins\/seo\/ -->\n<title>Anuncia gobernador aumento de hasta el 100% para maestros en BCS a partir de enero - Volcanes<\/title>\n<meta name=\"robots\" content=\"index, follow, max-snippet:-1, max-image-preview:large, max-video-preview:-1\" \/>\n<link rel=\"canonical\" href=\"https:\/\/volcanes.net\/?p=13248\" \/>\n<meta property=\"og:locale\" content=\"es_MX\" \/>\n<meta property=\"og:type\" content=\"article\" \/>\n<meta property=\"og:title\" content=\"Anuncia gobernador aumento de hasta el 100% para maestros en BCS a partir de enero - Volcanes\" \/>\n<meta property=\"og:description\" content=\"El gobernador V\u00edctor Castro Cos\u00edo anunci\u00f3 incrementos salariales para profesores en la entidad y reiter\u00f3\" \/>\n<meta property=\"og:url\" content=\"https:\/\/volcanes.net\/?p=13248\" \/>\n<meta property=\"og:site_name\" content=\"Volcanes\" \/>\n<meta property=\"article:publisher\" content=\"https:\/\/www.facebook.com\/volcanes.net\/\" \/>\n<meta property=\"article:published_time\" content=\"2022-11-08T19:50:10+00:00\" \/>\n<meta property=\"og:image\" content=\"https:\/\/volcanes.net\/wp-content\/uploads\/2022\/11\/zFaXuUzFYZ33NwZPStE1jUqXy7VE10nZxYT5difcTJQiN7miuXnPt4P3bx2j1vmRdHdy3LBYHSctdHtymwlWb0_8Q-4IxdqG47B9qK8s0.jpg\" \/>\n\t<meta property=\"og:image:width\" content=\"1280\" \/>\n\t<meta property=\"og:image:height\" content=\"853\" \/>\n\t<meta property=\"og:image:type\" content=\"image\/jpeg\" \/>\n<meta name=\"author\" content=\"Grupo Volcanes\" \/>\n<meta name=\"twitter:card\" content=\"summary_large_image\" \/>\n<meta name=\"twitter:label1\" content=\"Escrito por\" \/>\n\t<meta name=\"twitter:data1\" content=\"Grupo Volcanes\" \/>\n\t<meta name=\"twitter:label2\" content=\"Tiempo de lectura\" \/>\n\t<meta name=\"twitter:data2\" content=\"1 minuto\" \/>\n<script type=\"application\/ld+json\" class=\"yoast-schema-graph\">{\"@context\":\"https:\/\/schema.org\",\"@graph\":[{\"@type\":\"Article\",\"@id\":\"https:\/\/volcanes.net\/?p=13248#article\",\"isPartOf\":{\"@id\":\"https:\/\/volcanes.net\/?p=13248\"},\"author\":{\"name\":\"Grupo Volcanes\",\"@id\":\"https:\/\/volcanes.net\/#\/schema\/person\/a851dc341d56a2915a80936acca8dc6d\"},\"headline\":\"Anuncia gobernador aumento de hasta el 100% para maestros en BCS a partir de enero\",\"datePublished\":\"2022-11-08T19:50:10+00:00\",\"mainEntityOfPage\":{\"@id\":\"https:\/\/volcanes.net\/?p=13248\"},\"wordCount\":232,\"commentCount\":0,\"publisher\":{\"@id\":\"https:\/\/volcanes.net\/#organization\"},\"image\":{\"@id\":\"https:\/\/volcanes.net\/?p=13248#primaryimage\"},\"thumbnailUrl\":\"https:\/\/volcanes.net\/wp-content\/uploads\/2022\/11\/zFaXuUzFYZ33NwZPStE1jUqXy7VE10nZxYT5difcTJQiN7miuXnPt4P3bx2j1vmRdHdy3LBYHSctdHtymwlWb0_8Q-4IxdqG47B9qK8s0.jpg\",\"articleSection\":[\"Municipales\"],\"inLanguage\":\"es\",\"potentialAction\":[{\"@type\":\"CommentAction\",\"name\":\"Comment\",\"target\":[\"https:\/\/volcanes.net\/?p=13248#respond\"]}]},{\"@type\":\"WebPage\",\"@id\":\"https:\/\/volcanes.net\/?p=13248\",\"url\":\"https:\/\/volcanes.net\/?p=13248\",\"name\":\"Anuncia gobernador aumento de hasta el 100% para maestros en BCS a partir de enero - Volcanes\",\"isPartOf\":{\"@id\":\"https:\/\/volcanes.net\/#website\"},\"primaryImageOfPage\":{\"@id\":\"https:\/\/volcanes.net\/?p=13248#primaryimage\"},\"image\":{\"@id\":\"https:\/\/volcanes.net\/?p=13248#primaryimage\"},\"thumbnailUrl\":\"https:\/\/volcanes.net\/wp-content\/uploads\/2022\/11\/zFaXuUzFYZ33NwZPStE1jUqXy7VE10nZxYT5difcTJQiN7miuXnPt4P3bx2j1vmRdHdy3LBYHSctdHtymwlWb0_8Q-4IxdqG47B9qK8s0.jpg\",\"datePublished\":\"2022-11-08T19:50:10+00:00\",\"breadcrumb\":{\"@id\":\"https:\/\/volcanes.net\/?p=13248#breadcrumb\"},\"inLanguage\":\"es\",\"potentialAction\":[{\"@type\":\"ReadAction\",\"target\":[\"https:\/\/volcanes.net\/?p=13248\"]}]},{\"@type\":\"ImageObject\",\"inLanguage\":\"es\",\"@id\":\"https:\/\/volcanes.net\/?p=13248#primaryimage\",\"url\":\"https:\/\/volcanes.net\/wp-content\/uploads\/2022\/11\/zFaXuUzFYZ33NwZPStE1jUqXy7VE10nZxYT5difcTJQiN7miuXnPt4P3bx2j1vmRdHdy3LBYHSctdHtymwlWb0_8Q-4IxdqG47B9qK8s0.jpg\",\"contentUrl\":\"https:\/\/volcanes.net\/wp-content\/uploads\/2022\/11\/zFaXuUzFYZ33NwZPStE1jUqXy7VE10nZxYT5difcTJQiN7miuXnPt4P3bx2j1vmRdHdy3LBYHSctdHtymwlWb0_8Q-4IxdqG47B9qK8s0.jpg\",\"width\":1280,\"height\":853},{\"@type\":\"BreadcrumbList\",\"@id\":\"https:\/\/volcanes.net\/?p=13248#breadcrumb\",\"itemListElement\":[{\"@type\":\"ListItem\",\"position\":1,\"name\":\"Portada\",\"item\":\"https:\/\/volcanes.net\/\"},{\"@type\":\"ListItem\",\"position\":2,\"name\":\"Anuncia gobernador aumento de hasta el 100% para maestros en BCS a partir de enero\"}]},{\"@type\":\"WebSite\",\"@id\":\"https:\/\/volcanes.net\/#website\",\"url\":\"https:\/\/volcanes.net\/\",\"name\":\"Volcanes.Net\",\"description\":\"Periodismo Profesional\",\"publisher\":{\"@id\":\"https:\/\/volcanes.net\/#organization\"},\"potentialAction\":[{\"@type\":\"SearchAction\",\"target\":{\"@type\":\"EntryPoint\",\"urlTemplate\":\"https:\/\/volcanes.net\/?s={search_term_string}\"},\"query-input\":{\"@type\":\"PropertyValueSpecification\",\"valueRequired\":true,\"valueName\":\"search_term_string\"}}],\"inLanguage\":\"es\"},{\"@type\":\"Organization\",\"@id\":\"https:\/\/volcanes.net\/#organization\",\"name\":\"Grupo Volcanes\",\"url\":\"https:\/\/volcanes.net\/\",\"logo\":{\"@type\":\"ImageObject\",\"inLanguage\":\"es\",\"@id\":\"https:\/\/volcanes.net\/#\/schema\/logo\/image\/\",\"url\":\"http:\/\/volcanes.net\/wp-content\/uploads\/2017\/12\/Avatar2.jpg\",\"contentUrl\":\"http:\/\/volcanes.net\/wp-content\/uploads\/2017\/12\/Avatar2.jpg\",\"width\":378,\"height\":378,\"caption\":\"Grupo Volcanes\"},\"image\":{\"@id\":\"https:\/\/volcanes.net\/#\/schema\/logo\/image\/\"},\"sameAs\":[\"https:\/\/www.facebook.com\/volcanes.net\/\"]},{\"@type\":\"Person\",\"@id\":\"https:\/\/volcanes.net\/#\/schema\/person\/a851dc341d56a2915a80936acca8dc6d\",\"name\":\"Grupo Volcanes\",\"image\":{\"@type\":\"ImageObject\",\"inLanguage\":\"es\",\"@id\":\"https:\/\/volcanes.net\/#\/schema\/person\/image\/\",\"url\":\"https:\/\/secure.gravatar.com\/avatar\/00d1a47c371c721e30bacc47ac096981?s=96&d=mm&r=g\",\"contentUrl\":\"https:\/\/secure.gravatar.com\/avatar\/00d1a47c371c721e30bacc47ac096981?s=96&d=mm&r=g\",\"caption\":\"Grupo Volcanes\"}}]}<\/script>\n<!-- \/ Yoast SEO plugin. -->","yoast_head_json":{"title":"Anuncia gobernador aumento de hasta el 100% para maestros en BCS a partir de enero - Volcanes","robots":{"index":"index","follow":"follow","max-snippet":"max-snippet:-1","max-image-preview":"max-image-preview:large","max-video-preview":"max-video-preview:-1"},"canonical":"https:\/\/volcanes.net\/?p=13248","og_locale":"es_MX","og_type":"article","og_title":"Anuncia gobernador aumento de hasta el 100% para maestros en BCS a partir de enero - Volcanes","og_description":"El gobernador V\u00edctor Castro Cos\u00edo anunci\u00f3 incrementos salariales para profesores en la entidad y reiter\u00f3","og_url":"https:\/\/volcanes.net\/?p=13248","og_site_name":"Volcanes","article_publisher":"https:\/\/www.facebook.com\/volcanes.net\/","article_published_time":"2022-11-08T19:50:10+00:00","og_image":[{"width":1280,"height":853,"url":"https:\/\/volcanes.net\/wp-content\/uploads\/2022\/11\/zFaXuUzFYZ33NwZPStE1jUqXy7VE10nZxYT5difcTJQiN7miuXnPt4P3bx2j1vmRdHdy3LBYHSctdHtymwlWb0_8Q-4IxdqG47B9qK8s0.jpg","type":"image\/jpeg"}],"author":"Grupo Volcanes","twitter_card":"summary_large_image","twitter_misc":{"Escrito por":"Grupo Volcanes","Tiempo de lectura":"1 minuto"},"schema":{"@context":"https:\/\/schema.org","@graph":[{"@type":"Article","@id":"https:\/\/volcanes.net\/?p=13248#article","isPartOf":{"@id":"https:\/\/volcanes.net\/?p=13248"},"author":{"name":"Grupo Volcanes","@id":"https:\/\/volcanes.net\/#\/schema\/person\/a851dc341d56a2915a80936acca8dc6d"},"headline":"Anuncia gobernador aumento de hasta el 100% para maestros en BCS a partir de enero","datePublished":"2022-11-08T19:50:10+00:00","mainEntityOfPage":{"@id":"https:\/\/volcanes.net\/?p=13248"},"wordCount":232,"commentCount":0,"publisher":{"@id":"https:\/\/volcanes.net\/#organization"},"image":{"@id":"https:\/\/volcanes.net\/?p=13248#primaryimage"},"thumbnailUrl":"https:\/\/volcanes.net\/wp-content\/uploads\/2022\/11\/zFaXuUzFYZ33NwZPStE1jUqXy7VE10nZxYT5difcTJQiN7miuXnPt4P3bx2j1vmRdHdy3LBYHSctdHtymwlWb0_8Q-4IxdqG47B9qK8s0.jpg","articleSection":["Municipales"],"inLanguage":"es","potentialAction":[{"@type":"CommentAction","name":"Comment","target":["https:\/\/volcanes.net\/?p=13248#respond"]}]},{"@type":"WebPage","@id":"https:\/\/volcanes.net\/?p=13248","url":"https:\/\/volcanes.net\/?p=13248","name":"Anuncia gobernador aumento de hasta el 100% para maestros en BCS a partir de enero - Volcanes","isPartOf":{"@id":"https:\/\/volcanes.net\/#website"},"primaryImageOfPage":{"@id":"https:\/\/volcanes.net\/?p=13248#primaryimage"},"image":{"@id":"https:\/\/volcanes.net\/?p=13248#primaryimage"},"thumbnailUrl":"https:\/\/volcanes.net\/wp-content\/uploads\/2022\/11\/zFaXuUzFYZ33NwZPStE1jUqXy7VE10nZxYT5difcTJQiN7miuXnPt4P3bx2j1vmRdHdy3LBYHSctdHtymwlWb0_8Q-4IxdqG47B9qK8s0.jpg","datePublished":"2022-11-08T19:50:10+00:00","breadcrumb":{"@id":"https:\/\/volcanes.net\/?p=13248#breadcrumb"},"inLanguage":"es","potentialAction":[{"@type":"ReadAction","target":["https:\/\/volcanes.net\/?p=13248"]}]},{"@type":"ImageObject","inLanguage":"es","@id":"https:\/\/volcanes.net\/?p=13248#primaryimage","url":"https:\/\/volcanes.net\/wp-content\/uploads\/2022\/11\/zFaXuUzFYZ33NwZPStE1jUqXy7VE10nZxYT5difcTJQiN7miuXnPt4P3bx2j1vmRdHdy3LBYHSctdHtymwlWb0_8Q-4IxdqG47B9qK8s0.jpg","contentUrl":"https:\/\/volcanes.net\/wp-content\/uploads\/2022\/11\/zFaXuUzFYZ33NwZPStE1jUqXy7VE10nZxYT5difcTJQiN7miuXnPt4P3bx2j1vmRdHdy3LBYHSctdHtymwlWb0_8Q-4IxdqG47B9qK8s0.jpg","width":1280,"height":853},{"@type":"BreadcrumbList","@id":"https:\/\/volcanes.net\/?p=13248#breadcrumb","itemListElement":[{"@type":"ListItem","position":1,"name":"Portada","item":"https:\/\/volcanes.net\/"},{"@type":"ListItem","position":2,"name":"Anuncia gobernador aumento de hasta el 100% para maestros en BCS a partir de enero"}]},{"@type":"WebSite","@id":"https:\/\/volcanes.net\/#website","url":"https:\/\/volcanes.net\/","name":"Volcanes.Net","description":"Periodismo Profesional","publisher":{"@id":"https:\/\/volcanes.net\/#organization"},"potentialAction":[{"@type":"SearchAction","target":{"@type":"EntryPoint","urlTemplate":"https:\/\/volcanes.net\/?s={search_term_string}"},"query-input":{"@type":"PropertyValueSpecification","valueRequired":true,"valueName":"search_term_string"}}],"inLanguage":"es"},{"@type":"Organization","@id":"https:\/\/volcanes.net\/#organization","name":"Grupo Volcanes","url":"https:\/\/volcanes.net\/","logo":{"@type":"ImageObject","inLanguage":"es","@id":"https:\/\/volcanes.net\/#\/schema\/logo\/image\/","url":"http:\/\/volcanes.net\/wp-content\/uploads\/2017\/12\/Avatar2.jpg","contentUrl":"http:\/\/volcanes.net\/wp-content\/uploads\/2017\/12\/Avatar2.jpg","width":378,"height":378,"caption":"Grupo Volcanes"},"image":{"@id":"https:\/\/volcanes.net\/#\/schema\/logo\/image\/"},"sameAs":["https:\/\/www.facebook.com\/volcanes.net\/"]},{"@type":"Person","@id":"https:\/\/volcanes.net\/#\/schema\/person\/a851dc341d56a2915a80936acca8dc6d","name":"Grupo Volcanes","image":{"@type":"ImageObject","inLanguage":"es","@id":"https:\/\/volcanes.net\/#\/schema\/person\/image\/","url":"https:\/\/secure.gravatar.com\/avatar\/00d1a47c371c721e30bacc47ac096981?s=96&d=mm&r=g","contentUrl":"https:\/\/secure.gravatar.com\/avatar\/00d1a47c371c721e30bacc47ac096981?s=96&d=mm&r=g","caption":"Grupo Volcanes"}}]}},"_links":{"self":[{"href":"https:\/\/volcanes.net\/index.php?rest_route=\/wp\/v2\/posts\/13248"}],"collection":[{"href":"https:\/\/volcanes.net\/index.php?rest_route=\/wp\/v2\/posts"}],"about":[{"href":"https:\/\/volcanes.net\/index.php?rest_route=\/wp\/v2\/types\/post"}],"author":[{"embeddable":true,"href":"https:\/\/volcanes.net\/index.php?rest_route=\/wp\/v2\/users\/10"}],"replies":[{"embeddable":true,"href":"https:\/\/volcanes.net\/index.php?rest_route=%2Fwp%2Fv2%2Fcomments&post=13248"}],"version-history":[{"count":1,"href":"https:\/\/volcanes.net\/index.php?rest_route=\/wp\/v2\/posts\/13248\/revisions"}],"predecessor-version":[{"id":13250,"href":"https:\/\/volcanes.net\/index.php?rest_route=\/wp\/v2\/posts\/13248\/revisions\/13250"}],"wp:featuredmedia":[{"embeddable":true,"href":"https:\/\/volcanes.net\/index.php?rest_route=\/wp\/v2\/media\/13249"}],"wp:attachment":[{"href":"https:\/\/volcanes.net\/index.php?rest_route=%2Fwp%2Fv2%2Fmedia&parent=13248"}],"wp:term":[{"taxonomy":"category","embeddable":true,"href":"https:\/\/volcanes.net\/index.php?rest_route=%2Fwp%2Fv2%2Fcategories&post=13248"},{"taxonomy":"post_tag","embeddable":true,"href":"https:\/\/volcanes.net\/index.php?rest_route=%2Fwp%2Fv2%2Ftags&post=13248"}],"curies":[{"name":"wp","href":"https:\/\/api.w.org\/{rel}","templated":true}]}}