{"id":13259,"date":"2022-11-08T15:47:32","date_gmt":"2022-11-08T21:47:32","guid":{"rendered":"http:\/\/volcanes.net\/?p=13259"},"modified":"2022-11-08T15:47:32","modified_gmt":"2022-11-08T21:47:32","slug":"dan-prision-preventiva-oficiosa-a-rautel-n-por-feminicidio-de-ariadna","status":"publish","type":"post","link":"https:\/\/volcanes.net\/?p=13259","title":{"rendered":"Dan prisi\u00f3n preventiva oficiosa a Rautel \u00abN\u00bb por feminicidio de Ariadna"},"content":{"rendered":"<div style=\"margin-top: 0px; margin-bottom: 0px;\" class=\"sharethis-inline-share-buttons\" ><\/div><p>Un juez de control de la Ciudad de M\u00e9xico le dict\u00f3 prisi\u00f3n preventiva a Rautel N, presunto implicado en el feminicidio de Ariadna Fernanda.\u00a0 Hace unos momentos concluy\u00f3 la primera audiencia contra Rautel en la que se le dict\u00f3 la medida cautelar y se concedi\u00f3 a la defensa la duplicidad del termino.\u00a0 El empresario arrib\u00f3 -la madrugada de este martes- a la Ciudad de M\u00e9xico proveniente de Monterrey, Nuevo Le\u00f3n ante cuyas autoridades se entreg\u00f3 luego de enterarse de que se le buscaba por la muerte de la joven de 27 a\u00f1os.\u00a0 Horas antes la jefa de Gobierno de la capital, Claudia Sheinbaum cuestion\u00f3 el actuar de Fiscal de Morelos -entidad en la que fue localizado el cuerpo de Ariadna Fernanda-, Uriel Carmona:\u00a0 \u201cEstoy convencida de que si no hubiera intervenido la Fiscal\u00eda General de Justicia de la Ciudad de M\u00e9xico, el feminicido de Ariadna hubiera quedado impune. Seguir\u00e9 tocando el tema, porque ning\u00fan Fiscal en nuestro pa\u00eds puede volver a culpar a una mujer de su propia muerte\u201d.\u00a0 Por su parte, en su conferencia matutina el presidente L\u00f3pez Obrador pidi\u00f3 que la Fiscal\u00eda General de la Rep\u00fablica (FGR) atraiga e investigue el caso:\u00a0 \u201cMi recomendaci\u00f3n es que el asunto lo atraiga la Fiscal\u00eda General con un enfoque de derechos humanos, para que se resuelva esto lo m\u00e1s pronto posible. Ya nada m\u00e1s es que se atraigan todos los informes de las fiscal\u00edas y que la fiscal\u00eda general se haga cargo\u201d.\u00a0 Y, en la madrugada de este 8 de noviembre Rautel N arrib\u00f3 a la Ciudad de M\u00e9xico proveniente de Monterrey, Nuevo Le\u00f3n luego de que un d\u00eda antes se entregara a las autoridades de aquella entidad con el argumento de que se enter\u00f3 por los medios de que se le buscaba por el feminicidio de la joven.\u00a0 El cuerpo de Ariadna Fernanda fue localizado el 31 de octubre a un costado de la carretera La Pera-Cuautla luego de que la joven desapareciera un d\u00eda antes en la colonia Condesa de la Ciudad de M\u00e9xico.\u00a0 Al respeto de su muerte, la Fiscal\u00eda de Morelos inform\u00f3 que la necropsia revel\u00f3 que habr\u00eda muerto por una grave intoxicaci\u00f3n pero la Fiscal\u00eda capitalina indic\u00f3 que su deceso fue por un trauma m\u00faltiple mortal.<\/p>\n","protected":false},"excerpt":{"rendered":"<p>Un juez de control de la Ciudad de M\u00e9xico le dict\u00f3 prisi\u00f3n preventiva a Rautel<\/p>\n","protected":false},"author":10,"featured_media":13260,"comment_status":"open","ping_status":"open","sticky":false,"template":"","format":"standard","meta":{"footnotes":""},"categories":[1],"tags":[],"class_list":["post-13259","post","type-post","status-publish","format-standard","has-post-thumbnail","hentry","category-municipales"],"yoast_head":"<!-- This site is optimized with the Yoast SEO plugin v25.3 - https:\/\/yoast.com\/wordpress\/plugins\/seo\/ -->\n<title>Dan prisi\u00f3n preventiva oficiosa a Rautel \u00abN\u00bb por feminicidio de Ariadna - Volcanes<\/title>\n<meta name=\"robots\" content=\"index, follow, max-snippet:-1, max-image-preview:large, max-video-preview:-1\" \/>\n<link rel=\"canonical\" href=\"https:\/\/volcanes.net\/?p=13259\" \/>\n<meta property=\"og:locale\" content=\"es_MX\" \/>\n<meta property=\"og:type\" content=\"article\" \/>\n<meta property=\"og:title\" content=\"Dan prisi\u00f3n preventiva oficiosa a Rautel \u00abN\u00bb por feminicidio de Ariadna - Volcanes\" \/>\n<meta property=\"og:description\" content=\"Un juez de control de la Ciudad de M\u00e9xico le dict\u00f3 prisi\u00f3n preventiva a Rautel\" \/>\n<meta property=\"og:url\" content=\"https:\/\/volcanes.net\/?p=13259\" \/>\n<meta property=\"og:site_name\" content=\"Volcanes\" \/>\n<meta property=\"article:publisher\" content=\"https:\/\/www.facebook.com\/volcanes.net\/\" \/>\n<meta property=\"article:published_time\" content=\"2022-11-08T21:47:32+00:00\" \/>\n<meta property=\"og:image\" content=\"https:\/\/volcanes.net\/wp-content\/uploads\/2022\/11\/rautel-n-2.jpg\" \/>\n\t<meta property=\"og:image:width\" content=\"551\" \/>\n\t<meta property=\"og:image:height\" content=\"369\" \/>\n\t<meta property=\"og:image:type\" content=\"image\/jpeg\" \/>\n<meta name=\"author\" content=\"Grupo Volcanes\" \/>\n<meta name=\"twitter:card\" content=\"summary_large_image\" \/>\n<meta name=\"twitter:label1\" content=\"Escrito por\" \/>\n\t<meta name=\"twitter:data1\" content=\"Grupo Volcanes\" \/>\n\t<meta name=\"twitter:label2\" content=\"Tiempo de lectura\" \/>\n\t<meta name=\"twitter:data2\" content=\"2 minutos\" \/>\n<script type=\"application\/ld+json\" class=\"yoast-schema-graph\">{\"@context\":\"https:\/\/schema.org\",\"@graph\":[{\"@type\":\"Article\",\"@id\":\"https:\/\/volcanes.net\/?p=13259#article\",\"isPartOf\":{\"@id\":\"https:\/\/volcanes.net\/?p=13259\"},\"author\":{\"name\":\"Grupo Volcanes\",\"@id\":\"https:\/\/volcanes.net\/#\/schema\/person\/a851dc341d56a2915a80936acca8dc6d\"},\"headline\":\"Dan prisi\u00f3n preventiva oficiosa a Rautel \u00abN\u00bb por feminicidio de Ariadna\",\"datePublished\":\"2022-11-08T21:47:32+00:00\",\"mainEntityOfPage\":{\"@id\":\"https:\/\/volcanes.net\/?p=13259\"},\"wordCount\":407,\"commentCount\":0,\"publisher\":{\"@id\":\"https:\/\/volcanes.net\/#organization\"},\"image\":{\"@id\":\"https:\/\/volcanes.net\/?p=13259#primaryimage\"},\"thumbnailUrl\":\"https:\/\/volcanes.net\/wp-content\/uploads\/2022\/11\/rautel-n-2.jpg\",\"articleSection\":[\"Municipales\"],\"inLanguage\":\"es\",\"potentialAction\":[{\"@type\":\"CommentAction\",\"name\":\"Comment\",\"target\":[\"https:\/\/volcanes.net\/?p=13259#respond\"]}]},{\"@type\":\"WebPage\",\"@id\":\"https:\/\/volcanes.net\/?p=13259\",\"url\":\"https:\/\/volcanes.net\/?p=13259\",\"name\":\"Dan prisi\u00f3n preventiva oficiosa a Rautel \u00abN\u00bb por feminicidio de Ariadna - Volcanes\",\"isPartOf\":{\"@id\":\"https:\/\/volcanes.net\/#website\"},\"primaryImageOfPage\":{\"@id\":\"https:\/\/volcanes.net\/?p=13259#primaryimage\"},\"image\":{\"@id\":\"https:\/\/volcanes.net\/?p=13259#primaryimage\"},\"thumbnailUrl\":\"https:\/\/volcanes.net\/wp-content\/uploads\/2022\/11\/rautel-n-2.jpg\",\"datePublished\":\"2022-11-08T21:47:32+00:00\",\"breadcrumb\":{\"@id\":\"https:\/\/volcanes.net\/?p=13259#breadcrumb\"},\"inLanguage\":\"es\",\"potentialAction\":[{\"@type\":\"ReadAction\",\"target\":[\"https:\/\/volcanes.net\/?p=13259\"]}]},{\"@type\":\"ImageObject\",\"inLanguage\":\"es\",\"@id\":\"https:\/\/volcanes.net\/?p=13259#primaryimage\",\"url\":\"https:\/\/volcanes.net\/wp-content\/uploads\/2022\/11\/rautel-n-2.jpg\",\"contentUrl\":\"https:\/\/volcanes.net\/wp-content\/uploads\/2022\/11\/rautel-n-2.jpg\",\"width\":551,\"height\":369},{\"@type\":\"BreadcrumbList\",\"@id\":\"https:\/\/volcanes.net\/?p=13259#breadcrumb\",\"itemListElement\":[{\"@type\":\"ListItem\",\"position\":1,\"name\":\"Portada\",\"item\":\"https:\/\/volcanes.net\/\"},{\"@type\":\"ListItem\",\"position\":2,\"name\":\"Dan prisi\u00f3n preventiva oficiosa a Rautel \u00abN\u00bb por feminicidio de Ariadna\"}]},{\"@type\":\"WebSite\",\"@id\":\"https:\/\/volcanes.net\/#website\",\"url\":\"https:\/\/volcanes.net\/\",\"name\":\"Volcanes.Net\",\"description\":\"Periodismo Profesional\",\"publisher\":{\"@id\":\"https:\/\/volcanes.net\/#organization\"},\"potentialAction\":[{\"@type\":\"SearchAction\",\"target\":{\"@type\":\"EntryPoint\",\"urlTemplate\":\"https:\/\/volcanes.net\/?s={search_term_string}\"},\"query-input\":{\"@type\":\"PropertyValueSpecification\",\"valueRequired\":true,\"valueName\":\"search_term_string\"}}],\"inLanguage\":\"es\"},{\"@type\":\"Organization\",\"@id\":\"https:\/\/volcanes.net\/#organization\",\"name\":\"Grupo Volcanes\",\"url\":\"https:\/\/volcanes.net\/\",\"logo\":{\"@type\":\"ImageObject\",\"inLanguage\":\"es\",\"@id\":\"https:\/\/volcanes.net\/#\/schema\/logo\/image\/\",\"url\":\"http:\/\/volcanes.net\/wp-content\/uploads\/2017\/12\/Avatar2.jpg\",\"contentUrl\":\"http:\/\/volcanes.net\/wp-content\/uploads\/2017\/12\/Avatar2.jpg\",\"width\":378,\"height\":378,\"caption\":\"Grupo Volcanes\"},\"image\":{\"@id\":\"https:\/\/volcanes.net\/#\/schema\/logo\/image\/\"},\"sameAs\":[\"https:\/\/www.facebook.com\/volcanes.net\/\"]},{\"@type\":\"Person\",\"@id\":\"https:\/\/volcanes.net\/#\/schema\/person\/a851dc341d56a2915a80936acca8dc6d\",\"name\":\"Grupo Volcanes\",\"image\":{\"@type\":\"ImageObject\",\"inLanguage\":\"es\",\"@id\":\"https:\/\/volcanes.net\/#\/schema\/person\/image\/\",\"url\":\"https:\/\/secure.gravatar.com\/avatar\/00d1a47c371c721e30bacc47ac096981?s=96&d=mm&r=g\",\"contentUrl\":\"https:\/\/secure.gravatar.com\/avatar\/00d1a47c371c721e30bacc47ac096981?s=96&d=mm&r=g\",\"caption\":\"Grupo Volcanes\"}}]}<\/script>\n<!-- \/ Yoast SEO plugin. -->","yoast_head_json":{"title":"Dan prisi\u00f3n preventiva oficiosa a Rautel \u00abN\u00bb por feminicidio de Ariadna - Volcanes","robots":{"index":"index","follow":"follow","max-snippet":"max-snippet:-1","max-image-preview":"max-image-preview:large","max-video-preview":"max-video-preview:-1"},"canonical":"https:\/\/volcanes.net\/?p=13259","og_locale":"es_MX","og_type":"article","og_title":"Dan prisi\u00f3n preventiva oficiosa a Rautel \u00abN\u00bb por feminicidio de Ariadna - Volcanes","og_description":"Un juez de control de la Ciudad de M\u00e9xico le dict\u00f3 prisi\u00f3n preventiva a Rautel","og_url":"https:\/\/volcanes.net\/?p=13259","og_site_name":"Volcanes","article_publisher":"https:\/\/www.facebook.com\/volcanes.net\/","article_published_time":"2022-11-08T21:47:32+00:00","og_image":[{"width":551,"height":369,"url":"https:\/\/volcanes.net\/wp-content\/uploads\/2022\/11\/rautel-n-2.jpg","type":"image\/jpeg"}],"author":"Grupo Volcanes","twitter_card":"summary_large_image","twitter_misc":{"Escrito por":"Grupo Volcanes","Tiempo de lectura":"2 minutos"},"schema":{"@context":"https:\/\/schema.org","@graph":[{"@type":"Article","@id":"https:\/\/volcanes.net\/?p=13259#article","isPartOf":{"@id":"https:\/\/volcanes.net\/?p=13259"},"author":{"name":"Grupo Volcanes","@id":"https:\/\/volcanes.net\/#\/schema\/person\/a851dc341d56a2915a80936acca8dc6d"},"headline":"Dan prisi\u00f3n preventiva oficiosa a Rautel \u00abN\u00bb por feminicidio de Ariadna","datePublished":"2022-11-08T21:47:32+00:00","mainEntityOfPage":{"@id":"https:\/\/volcanes.net\/?p=13259"},"wordCount":407,"commentCount":0,"publisher":{"@id":"https:\/\/volcanes.net\/#organization"},"image":{"@id":"https:\/\/volcanes.net\/?p=13259#primaryimage"},"thumbnailUrl":"https:\/\/volcanes.net\/wp-content\/uploads\/2022\/11\/rautel-n-2.jpg","articleSection":["Municipales"],"inLanguage":"es","potentialAction":[{"@type":"CommentAction","name":"Comment","target":["https:\/\/volcanes.net\/?p=13259#respond"]}]},{"@type":"WebPage","@id":"https:\/\/volcanes.net\/?p=13259","url":"https:\/\/volcanes.net\/?p=13259","name":"Dan prisi\u00f3n preventiva oficiosa a Rautel \u00abN\u00bb por feminicidio de Ariadna - Volcanes","isPartOf":{"@id":"https:\/\/volcanes.net\/#website"},"primaryImageOfPage":{"@id":"https:\/\/volcanes.net\/?p=13259#primaryimage"},"image":{"@id":"https:\/\/volcanes.net\/?p=13259#primaryimage"},"thumbnailUrl":"https:\/\/volcanes.net\/wp-content\/uploads\/2022\/11\/rautel-n-2.jpg","datePublished":"2022-11-08T21:47:32+00:00","breadcrumb":{"@id":"https:\/\/volcanes.net\/?p=13259#breadcrumb"},"inLanguage":"es","potentialAction":[{"@type":"ReadAction","target":["https:\/\/volcanes.net\/?p=13259"]}]},{"@type":"ImageObject","inLanguage":"es","@id":"https:\/\/volcanes.net\/?p=13259#primaryimage","url":"https:\/\/volcanes.net\/wp-content\/uploads\/2022\/11\/rautel-n-2.jpg","contentUrl":"https:\/\/volcanes.net\/wp-content\/uploads\/2022\/11\/rautel-n-2.jpg","width":551,"height":369},{"@type":"BreadcrumbList","@id":"https:\/\/volcanes.net\/?p=13259#breadcrumb","itemListElement":[{"@type":"ListItem","position":1,"name":"Portada","item":"https:\/\/volcanes.net\/"},{"@type":"ListItem","position":2,"name":"Dan prisi\u00f3n preventiva oficiosa a Rautel \u00abN\u00bb por feminicidio de Ariadna"}]},{"@type":"WebSite","@id":"https:\/\/volcanes.net\/#website","url":"https:\/\/volcanes.net\/","name":"Volcanes.Net","description":"Periodismo Profesional","publisher":{"@id":"https:\/\/volcanes.net\/#organization"},"potentialAction":[{"@type":"SearchAction","target":{"@type":"EntryPoint","urlTemplate":"https:\/\/volcanes.net\/?s={search_term_string}"},"query-input":{"@type":"PropertyValueSpecification","valueRequired":true,"valueName":"search_term_string"}}],"inLanguage":"es"},{"@type":"Organization","@id":"https:\/\/volcanes.net\/#organization","name":"Grupo Volcanes","url":"https:\/\/volcanes.net\/","logo":{"@type":"ImageObject","inLanguage":"es","@id":"https:\/\/volcanes.net\/#\/schema\/logo\/image\/","url":"http:\/\/volcanes.net\/wp-content\/uploads\/2017\/12\/Avatar2.jpg","contentUrl":"http:\/\/volcanes.net\/wp-content\/uploads\/2017\/12\/Avatar2.jpg","width":378,"height":378,"caption":"Grupo Volcanes"},"image":{"@id":"https:\/\/volcanes.net\/#\/schema\/logo\/image\/"},"sameAs":["https:\/\/www.facebook.com\/volcanes.net\/"]},{"@type":"Person","@id":"https:\/\/volcanes.net\/#\/schema\/person\/a851dc341d56a2915a80936acca8dc6d","name":"Grupo Volcanes","image":{"@type":"ImageObject","inLanguage":"es","@id":"https:\/\/volcanes.net\/#\/schema\/person\/image\/","url":"https:\/\/secure.gravatar.com\/avatar\/00d1a47c371c721e30bacc47ac096981?s=96&d=mm&r=g","contentUrl":"https:\/\/secure.gravatar.com\/avatar\/00d1a47c371c721e30bacc47ac096981?s=96&d=mm&r=g","caption":"Grupo Volcanes"}}]}},"_links":{"self":[{"href":"https:\/\/volcanes.net\/index.php?rest_route=\/wp\/v2\/posts\/13259"}],"collection":[{"href":"https:\/\/volcanes.net\/index.php?rest_route=\/wp\/v2\/posts"}],"about":[{"href":"https:\/\/volcanes.net\/index.php?rest_route=\/wp\/v2\/types\/post"}],"author":[{"embeddable":true,"href":"https:\/\/volcanes.net\/index.php?rest_route=\/wp\/v2\/users\/10"}],"replies":[{"embeddable":true,"href":"https:\/\/volcanes.net\/index.php?rest_route=%2Fwp%2Fv2%2Fcomments&post=13259"}],"version-history":[{"count":2,"href":"https:\/\/volcanes.net\/index.php?rest_route=\/wp\/v2\/posts\/13259\/revisions"}],"predecessor-version":[{"id":13262,"href":"https:\/\/volcanes.net\/index.php?rest_route=\/wp\/v2\/posts\/13259\/revisions\/13262"}],"wp:featuredmedia":[{"embeddable":true,"href":"https:\/\/volcanes.net\/index.php?rest_route=\/wp\/v2\/media\/13260"}],"wp:attachment":[{"href":"https:\/\/volcanes.net\/index.php?rest_route=%2Fwp%2Fv2%2Fmedia&parent=13259"}],"wp:term":[{"taxonomy":"category","embeddable":true,"href":"https:\/\/volcanes.net\/index.php?rest_route=%2Fwp%2Fv2%2Fcategories&post=13259"},{"taxonomy":"post_tag","embeddable":true,"href":"https:\/\/volcanes.net\/index.php?rest_route=%2Fwp%2Fv2%2Ftags&post=13259"}],"curies":[{"name":"wp","href":"https:\/\/api.w.org\/{rel}","templated":true}]}}