{"id":13263,"date":"2022-11-08T16:00:33","date_gmt":"2022-11-08T22:00:33","guid":{"rendered":"http:\/\/volcanes.net\/?p=13263"},"modified":"2022-11-08T15:49:37","modified_gmt":"2022-11-08T21:49:37","slug":"sheinbaum-habla-con-papa-de-nino-ahogado-en-colegio-williams-y-brinda-apoyo","status":"publish","type":"post","link":"https:\/\/volcanes.net\/?p=13263","title":{"rendered":"Sheinbaum habla con pap\u00e1 de ni\u00f1o ahogado en Colegio Williams y brinda apoyo"},"content":{"rendered":"<div style=\"margin-top: 0px; margin-bottom: 0px;\" class=\"sharethis-inline-share-buttons\" ><\/div><p>Leonardo \u00c1lvarez pap\u00e1 de Abner, el ni\u00f1o que muri\u00f3 ahogado al interior del Colegio Williams se\u00f1al\u00f3, \u00abestamos viendo que las autoridades est\u00e1n en lo correcto, que est\u00e1n trabajando, se hizo la declaratoria all\u00e1 en la fiscal\u00eda de Magdalena Contreras, esperamos que el caso avance conforme a derecho\u201d.<\/p>\n<p>\u201cNo queremos que una escuela tan grande como est\u00e1 corrompa al sistema, esperamos que las leyes en M\u00e9xico hayan cambiado y que la muerte de mi hijo no quede impune. Yo esperar\u00eda que la escuela estuviera clausurada, c\u00f3mo es posible que sigan dando clases como si nada y espero que los responsables paguen, desde los directivos y tambi\u00e9n el due\u00f1o que lo \u00fanico que les interesa es hincharse los bolsillos. queremos a la gente que estuvo involucrada desde arriba hasta abajo paguen\u201d, a\u00f1adi\u00f3.<\/p>\n<p>El director dice que est\u00e1n aportando lo necesario, pero \u201chabr\u00eda que ver la carpeta para ver qu\u00e9 es lo que realmente aport\u00f3. Los directivos llegaron hasta que fue imposible no venir. Hablamos con el que se dice ser el director porque no nos mostr\u00f3 ninguna credencial y se comprometi\u00f3 a aportar las pruebas y dice que ya aport\u00f3 las im\u00e1genes de las c\u00e1maras. Pero vino una fiscal y dice que no tiene conocimiento todav\u00eda de las grabaciones\u201d.<\/p>\n<p>Se supo que la investigaci\u00f3n corresponde a Magdalena Contreras porque ah\u00ed fueron los hechos.<\/p>\n<p>El pap\u00e1 del peque\u00f1o de 6 a\u00f1os\u00a0<strong>revel\u00f3 que tuvo una llamada con la jefa de Gobierno de la Ciudad de M\u00e9xico, Claudia Sheinbaum y \u201cmostr\u00f3 su apoyo y solidaridad,\u00a0<\/strong>quer\u00eda saber qu\u00e9 fue lo que pas\u00f3 me comentaba que estaba con la fiscal en ese momento y me dijo que iban a revisar los tr\u00e1mites y la investigaci\u00f3n correspondiente\u201d.<\/p>\n<p>A\u00f1adi\u00f3 que las autoridades iban a hablar con la gente de la escuela para esclarecer y le reiter\u00f3 su apoyo.<\/p>\n<p>El pap\u00e1 del menor finaliz\u00f3 al decir que lo \u00fanico que dijeron los directivos es que las maestras reportaron que no iba a haber nataci\u00f3n porque los filtros se da\u00f1aron, pero \u201cla historia es distinta, yo conf\u00edo en que se haga lo correcto\u00bb.<\/p>\n","protected":false},"excerpt":{"rendered":"<p>Leonardo \u00c1lvarez pap\u00e1 de Abner, el ni\u00f1o que muri\u00f3 ahogado al interior del Colegio Williams<\/p>\n","protected":false},"author":10,"featured_media":13264,"comment_status":"open","ping_status":"open","sticky":false,"template":"","format":"standard","meta":{"footnotes":""},"categories":[1],"tags":[],"class_list":["post-13263","post","type-post","status-publish","format-standard","has-post-thumbnail","hentry","category-municipales"],"yoast_head":"<!-- This site is optimized with the Yoast SEO plugin v25.3 - https:\/\/yoast.com\/wordpress\/plugins\/seo\/ -->\n<title>Sheinbaum habla con pap\u00e1 de ni\u00f1o ahogado en Colegio Williams y brinda apoyo - Volcanes<\/title>\n<meta name=\"robots\" content=\"index, follow, max-snippet:-1, max-image-preview:large, max-video-preview:-1\" \/>\n<link rel=\"canonical\" href=\"https:\/\/volcanes.net\/?p=13263\" \/>\n<meta property=\"og:locale\" content=\"es_MX\" \/>\n<meta property=\"og:type\" content=\"article\" \/>\n<meta property=\"og:title\" content=\"Sheinbaum habla con pap\u00e1 de ni\u00f1o ahogado en Colegio Williams y brinda apoyo - Volcanes\" \/>\n<meta property=\"og:description\" content=\"Leonardo \u00c1lvarez pap\u00e1 de Abner, el ni\u00f1o que muri\u00f3 ahogado al interior del Colegio Williams\" \/>\n<meta property=\"og:url\" content=\"https:\/\/volcanes.net\/?p=13263\" \/>\n<meta property=\"og:site_name\" content=\"Volcanes\" \/>\n<meta property=\"article:publisher\" content=\"https:\/\/www.facebook.com\/volcanes.net\/\" \/>\n<meta property=\"article:published_time\" content=\"2022-11-08T22:00:33+00:00\" \/>\n<meta property=\"og:image\" content=\"https:\/\/volcanes.net\/wp-content\/uploads\/2022\/11\/padres-abner.jpg\" \/>\n\t<meta property=\"og:image:width\" content=\"552\" \/>\n\t<meta property=\"og:image:height\" content=\"368\" \/>\n\t<meta property=\"og:image:type\" content=\"image\/jpeg\" \/>\n<meta name=\"author\" content=\"Grupo Volcanes\" \/>\n<meta name=\"twitter:card\" content=\"summary_large_image\" \/>\n<meta name=\"twitter:label1\" content=\"Escrito por\" \/>\n\t<meta name=\"twitter:data1\" content=\"Grupo Volcanes\" \/>\n\t<meta name=\"twitter:label2\" content=\"Tiempo de lectura\" \/>\n\t<meta name=\"twitter:data2\" content=\"2 minutos\" \/>\n<script type=\"application\/ld+json\" class=\"yoast-schema-graph\">{\"@context\":\"https:\/\/schema.org\",\"@graph\":[{\"@type\":\"Article\",\"@id\":\"https:\/\/volcanes.net\/?p=13263#article\",\"isPartOf\":{\"@id\":\"https:\/\/volcanes.net\/?p=13263\"},\"author\":{\"name\":\"Grupo Volcanes\",\"@id\":\"https:\/\/volcanes.net\/#\/schema\/person\/a851dc341d56a2915a80936acca8dc6d\"},\"headline\":\"Sheinbaum habla con pap\u00e1 de ni\u00f1o ahogado en Colegio Williams y brinda apoyo\",\"datePublished\":\"2022-11-08T22:00:33+00:00\",\"mainEntityOfPage\":{\"@id\":\"https:\/\/volcanes.net\/?p=13263\"},\"wordCount\":384,\"commentCount\":0,\"publisher\":{\"@id\":\"https:\/\/volcanes.net\/#organization\"},\"image\":{\"@id\":\"https:\/\/volcanes.net\/?p=13263#primaryimage\"},\"thumbnailUrl\":\"https:\/\/volcanes.net\/wp-content\/uploads\/2022\/11\/padres-abner.jpg\",\"articleSection\":[\"Municipales\"],\"inLanguage\":\"es\",\"potentialAction\":[{\"@type\":\"CommentAction\",\"name\":\"Comment\",\"target\":[\"https:\/\/volcanes.net\/?p=13263#respond\"]}]},{\"@type\":\"WebPage\",\"@id\":\"https:\/\/volcanes.net\/?p=13263\",\"url\":\"https:\/\/volcanes.net\/?p=13263\",\"name\":\"Sheinbaum habla con pap\u00e1 de ni\u00f1o ahogado en Colegio Williams y brinda apoyo - Volcanes\",\"isPartOf\":{\"@id\":\"https:\/\/volcanes.net\/#website\"},\"primaryImageOfPage\":{\"@id\":\"https:\/\/volcanes.net\/?p=13263#primaryimage\"},\"image\":{\"@id\":\"https:\/\/volcanes.net\/?p=13263#primaryimage\"},\"thumbnailUrl\":\"https:\/\/volcanes.net\/wp-content\/uploads\/2022\/11\/padres-abner.jpg\",\"datePublished\":\"2022-11-08T22:00:33+00:00\",\"breadcrumb\":{\"@id\":\"https:\/\/volcanes.net\/?p=13263#breadcrumb\"},\"inLanguage\":\"es\",\"potentialAction\":[{\"@type\":\"ReadAction\",\"target\":[\"https:\/\/volcanes.net\/?p=13263\"]}]},{\"@type\":\"ImageObject\",\"inLanguage\":\"es\",\"@id\":\"https:\/\/volcanes.net\/?p=13263#primaryimage\",\"url\":\"https:\/\/volcanes.net\/wp-content\/uploads\/2022\/11\/padres-abner.jpg\",\"contentUrl\":\"https:\/\/volcanes.net\/wp-content\/uploads\/2022\/11\/padres-abner.jpg\",\"width\":552,\"height\":368},{\"@type\":\"BreadcrumbList\",\"@id\":\"https:\/\/volcanes.net\/?p=13263#breadcrumb\",\"itemListElement\":[{\"@type\":\"ListItem\",\"position\":1,\"name\":\"Portada\",\"item\":\"https:\/\/volcanes.net\/\"},{\"@type\":\"ListItem\",\"position\":2,\"name\":\"Sheinbaum habla con pap\u00e1 de ni\u00f1o ahogado en Colegio Williams y brinda apoyo\"}]},{\"@type\":\"WebSite\",\"@id\":\"https:\/\/volcanes.net\/#website\",\"url\":\"https:\/\/volcanes.net\/\",\"name\":\"Volcanes.Net\",\"description\":\"Periodismo Profesional\",\"publisher\":{\"@id\":\"https:\/\/volcanes.net\/#organization\"},\"potentialAction\":[{\"@type\":\"SearchAction\",\"target\":{\"@type\":\"EntryPoint\",\"urlTemplate\":\"https:\/\/volcanes.net\/?s={search_term_string}\"},\"query-input\":{\"@type\":\"PropertyValueSpecification\",\"valueRequired\":true,\"valueName\":\"search_term_string\"}}],\"inLanguage\":\"es\"},{\"@type\":\"Organization\",\"@id\":\"https:\/\/volcanes.net\/#organization\",\"name\":\"Grupo Volcanes\",\"url\":\"https:\/\/volcanes.net\/\",\"logo\":{\"@type\":\"ImageObject\",\"inLanguage\":\"es\",\"@id\":\"https:\/\/volcanes.net\/#\/schema\/logo\/image\/\",\"url\":\"http:\/\/volcanes.net\/wp-content\/uploads\/2017\/12\/Avatar2.jpg\",\"contentUrl\":\"http:\/\/volcanes.net\/wp-content\/uploads\/2017\/12\/Avatar2.jpg\",\"width\":378,\"height\":378,\"caption\":\"Grupo Volcanes\"},\"image\":{\"@id\":\"https:\/\/volcanes.net\/#\/schema\/logo\/image\/\"},\"sameAs\":[\"https:\/\/www.facebook.com\/volcanes.net\/\"]},{\"@type\":\"Person\",\"@id\":\"https:\/\/volcanes.net\/#\/schema\/person\/a851dc341d56a2915a80936acca8dc6d\",\"name\":\"Grupo Volcanes\",\"image\":{\"@type\":\"ImageObject\",\"inLanguage\":\"es\",\"@id\":\"https:\/\/volcanes.net\/#\/schema\/person\/image\/\",\"url\":\"https:\/\/secure.gravatar.com\/avatar\/00d1a47c371c721e30bacc47ac096981?s=96&d=mm&r=g\",\"contentUrl\":\"https:\/\/secure.gravatar.com\/avatar\/00d1a47c371c721e30bacc47ac096981?s=96&d=mm&r=g\",\"caption\":\"Grupo Volcanes\"}}]}<\/script>\n<!-- \/ Yoast SEO plugin. -->","yoast_head_json":{"title":"Sheinbaum habla con pap\u00e1 de ni\u00f1o ahogado en Colegio Williams y brinda apoyo - Volcanes","robots":{"index":"index","follow":"follow","max-snippet":"max-snippet:-1","max-image-preview":"max-image-preview:large","max-video-preview":"max-video-preview:-1"},"canonical":"https:\/\/volcanes.net\/?p=13263","og_locale":"es_MX","og_type":"article","og_title":"Sheinbaum habla con pap\u00e1 de ni\u00f1o ahogado en Colegio Williams y brinda apoyo - Volcanes","og_description":"Leonardo \u00c1lvarez pap\u00e1 de Abner, el ni\u00f1o que muri\u00f3 ahogado al interior del Colegio Williams","og_url":"https:\/\/volcanes.net\/?p=13263","og_site_name":"Volcanes","article_publisher":"https:\/\/www.facebook.com\/volcanes.net\/","article_published_time":"2022-11-08T22:00:33+00:00","og_image":[{"width":552,"height":368,"url":"https:\/\/volcanes.net\/wp-content\/uploads\/2022\/11\/padres-abner.jpg","type":"image\/jpeg"}],"author":"Grupo Volcanes","twitter_card":"summary_large_image","twitter_misc":{"Escrito por":"Grupo Volcanes","Tiempo de lectura":"2 minutos"},"schema":{"@context":"https:\/\/schema.org","@graph":[{"@type":"Article","@id":"https:\/\/volcanes.net\/?p=13263#article","isPartOf":{"@id":"https:\/\/volcanes.net\/?p=13263"},"author":{"name":"Grupo Volcanes","@id":"https:\/\/volcanes.net\/#\/schema\/person\/a851dc341d56a2915a80936acca8dc6d"},"headline":"Sheinbaum habla con pap\u00e1 de ni\u00f1o ahogado en Colegio Williams y brinda apoyo","datePublished":"2022-11-08T22:00:33+00:00","mainEntityOfPage":{"@id":"https:\/\/volcanes.net\/?p=13263"},"wordCount":384,"commentCount":0,"publisher":{"@id":"https:\/\/volcanes.net\/#organization"},"image":{"@id":"https:\/\/volcanes.net\/?p=13263#primaryimage"},"thumbnailUrl":"https:\/\/volcanes.net\/wp-content\/uploads\/2022\/11\/padres-abner.jpg","articleSection":["Municipales"],"inLanguage":"es","potentialAction":[{"@type":"CommentAction","name":"Comment","target":["https:\/\/volcanes.net\/?p=13263#respond"]}]},{"@type":"WebPage","@id":"https:\/\/volcanes.net\/?p=13263","url":"https:\/\/volcanes.net\/?p=13263","name":"Sheinbaum habla con pap\u00e1 de ni\u00f1o ahogado en Colegio Williams y brinda apoyo - Volcanes","isPartOf":{"@id":"https:\/\/volcanes.net\/#website"},"primaryImageOfPage":{"@id":"https:\/\/volcanes.net\/?p=13263#primaryimage"},"image":{"@id":"https:\/\/volcanes.net\/?p=13263#primaryimage"},"thumbnailUrl":"https:\/\/volcanes.net\/wp-content\/uploads\/2022\/11\/padres-abner.jpg","datePublished":"2022-11-08T22:00:33+00:00","breadcrumb":{"@id":"https:\/\/volcanes.net\/?p=13263#breadcrumb"},"inLanguage":"es","potentialAction":[{"@type":"ReadAction","target":["https:\/\/volcanes.net\/?p=13263"]}]},{"@type":"ImageObject","inLanguage":"es","@id":"https:\/\/volcanes.net\/?p=13263#primaryimage","url":"https:\/\/volcanes.net\/wp-content\/uploads\/2022\/11\/padres-abner.jpg","contentUrl":"https:\/\/volcanes.net\/wp-content\/uploads\/2022\/11\/padres-abner.jpg","width":552,"height":368},{"@type":"BreadcrumbList","@id":"https:\/\/volcanes.net\/?p=13263#breadcrumb","itemListElement":[{"@type":"ListItem","position":1,"name":"Portada","item":"https:\/\/volcanes.net\/"},{"@type":"ListItem","position":2,"name":"Sheinbaum habla con pap\u00e1 de ni\u00f1o ahogado en Colegio Williams y brinda apoyo"}]},{"@type":"WebSite","@id":"https:\/\/volcanes.net\/#website","url":"https:\/\/volcanes.net\/","name":"Volcanes.Net","description":"Periodismo Profesional","publisher":{"@id":"https:\/\/volcanes.net\/#organization"},"potentialAction":[{"@type":"SearchAction","target":{"@type":"EntryPoint","urlTemplate":"https:\/\/volcanes.net\/?s={search_term_string}"},"query-input":{"@type":"PropertyValueSpecification","valueRequired":true,"valueName":"search_term_string"}}],"inLanguage":"es"},{"@type":"Organization","@id":"https:\/\/volcanes.net\/#organization","name":"Grupo Volcanes","url":"https:\/\/volcanes.net\/","logo":{"@type":"ImageObject","inLanguage":"es","@id":"https:\/\/volcanes.net\/#\/schema\/logo\/image\/","url":"http:\/\/volcanes.net\/wp-content\/uploads\/2017\/12\/Avatar2.jpg","contentUrl":"http:\/\/volcanes.net\/wp-content\/uploads\/2017\/12\/Avatar2.jpg","width":378,"height":378,"caption":"Grupo Volcanes"},"image":{"@id":"https:\/\/volcanes.net\/#\/schema\/logo\/image\/"},"sameAs":["https:\/\/www.facebook.com\/volcanes.net\/"]},{"@type":"Person","@id":"https:\/\/volcanes.net\/#\/schema\/person\/a851dc341d56a2915a80936acca8dc6d","name":"Grupo Volcanes","image":{"@type":"ImageObject","inLanguage":"es","@id":"https:\/\/volcanes.net\/#\/schema\/person\/image\/","url":"https:\/\/secure.gravatar.com\/avatar\/00d1a47c371c721e30bacc47ac096981?s=96&d=mm&r=g","contentUrl":"https:\/\/secure.gravatar.com\/avatar\/00d1a47c371c721e30bacc47ac096981?s=96&d=mm&r=g","caption":"Grupo Volcanes"}}]}},"_links":{"self":[{"href":"https:\/\/volcanes.net\/index.php?rest_route=\/wp\/v2\/posts\/13263"}],"collection":[{"href":"https:\/\/volcanes.net\/index.php?rest_route=\/wp\/v2\/posts"}],"about":[{"href":"https:\/\/volcanes.net\/index.php?rest_route=\/wp\/v2\/types\/post"}],"author":[{"embeddable":true,"href":"https:\/\/volcanes.net\/index.php?rest_route=\/wp\/v2\/users\/10"}],"replies":[{"embeddable":true,"href":"https:\/\/volcanes.net\/index.php?rest_route=%2Fwp%2Fv2%2Fcomments&post=13263"}],"version-history":[{"count":2,"href":"https:\/\/volcanes.net\/index.php?rest_route=\/wp\/v2\/posts\/13263\/revisions"}],"predecessor-version":[{"id":13266,"href":"https:\/\/volcanes.net\/index.php?rest_route=\/wp\/v2\/posts\/13263\/revisions\/13266"}],"wp:featuredmedia":[{"embeddable":true,"href":"https:\/\/volcanes.net\/index.php?rest_route=\/wp\/v2\/media\/13264"}],"wp:attachment":[{"href":"https:\/\/volcanes.net\/index.php?rest_route=%2Fwp%2Fv2%2Fmedia&parent=13263"}],"wp:term":[{"taxonomy":"category","embeddable":true,"href":"https:\/\/volcanes.net\/index.php?rest_route=%2Fwp%2Fv2%2Fcategories&post=13263"},{"taxonomy":"post_tag","embeddable":true,"href":"https:\/\/volcanes.net\/index.php?rest_route=%2Fwp%2Fv2%2Ftags&post=13263"}],"curies":[{"name":"wp","href":"https:\/\/api.w.org\/{rel}","templated":true}]}}